{"id":5719,"date":"2024-01-07T08:28:30","date_gmt":"2024-01-07T08:28:30","guid":{"rendered":"https:\/\/www.amanien.info\/news\/?p=5719"},"modified":"2024-01-07T08:28:30","modified_gmt":"2024-01-07T08:28:30","slug":"preparation-de-la-can-2023-la-cote-divoire-etrille-la-sierra-leone-5-1","status":"publish","type":"post","link":"https:\/\/www.amanien.info\/news\/preparation-de-la-can-2023-la-cote-divoire-etrille-la-sierra-leone-5-1\/","title":{"rendered":"Pr\u00e9paration de la CAN 2023 :\u00a0 la C\u00f4te d&rsquo;Ivoire \u00e9trille la Sierra Leone (5-1)\u00a0"},"content":{"rendered":"<div style=\"text-align: right;\"><span style=\"text-transform: initial;\">Dans le cadre de la pr\u00e9paration de la 34\u00e8 \u00e9dition de la Coupe d&rsquo;Afrique des nations (CAN), les\u00a0 El\u00e9phants de C\u00f4te d&rsquo;Ivoire ont disput\u00e9 , ce samedi 06 janvier 2024, un match amical face aux \u00abLeones Stars\u00bb de la Sierra Leone, au stade Laurent Pokou de la cit\u00e9 baln\u00e9aire, San-Pedro(Sud-Ouest de la la C\u00f4te d&rsquo;Ivoire).<\/span><\/div>\n<div><\/div>\n<div><\/div>\n<div><\/div>\n<div>Sur un corner bien ex\u00e9cut\u00e9, le d\u00e9fenseur central ivoirien Ousmane Diomand\u00e9 ouvre la marque \u00e0 la 19\u00e8me minute sur un coup de t\u00eate bien ajust\u00e9(1-0).<\/div>\n<div><\/div>\n<div>Puis sur une passe de Jean-Philippe Krasso, le capitaine des El\u00e9phants de C\u00f4te d&rsquo;Ivoire, Franck Kessi\u00e9 fait le break en inscrivant un but sur un geste acrobatique \u00e0 la 35 \u00e8me minute(2-0).<\/div>\n<div><\/div>\n<div>A la suite, les pachydermes continuent de \u00ab\u00a0pousser\u00a0\u00bb et creusent l&rsquo;\u00e9cart sur une passe d\u00e9cisive du Box to Box, Seko Fofana pour Jonathan Bamba, qui ouvre son pied et laisse le portier Sierra L\u00e9onais, Donald Kamara sans d\u00e9fense \u00e0 la 37 \u00e8me minute(3-0).<\/div>\n<div><\/div>\n<div><\/div>\n<div>Gonfl\u00e9s \u00e0 bloc , au retour des vestiaires, avec 3 remplacements dont Willy Boly, Odilon Kossonou et Badra Ali Sangar\u00e9, les poulains de Jean-Louis Gasset vont corser l&rsquo;addition d\u00e8s la 47\u00e8me minute avec un but de J\u00e9r\u00e9mie Boga sur un coup franc magnifiquement ex\u00e9cut\u00e9.<\/div>\n<div>4-0 d\u00e9sormais sur le tableau d&rsquo;affichage en faveur des pachydermes.<\/div>\n<div><\/div>\n<div><\/div>\n<div><\/div>\n<div>Entr\u00e9 en jeu pour sa premi\u00e8re s\u00e9lection,\u00a0 Lazare Amani, inscrit son premier but(5-0, 83\u00e8 minute) sur un \u00ab\u00a0bisou\u00a0\u00bb de Karim Konat\u00e9.<\/div>\n<div><\/div>\n<div><\/div>\n<div>Moins concentr\u00e9e et sereine, la d\u00e9fense ivoirienne va, \u00e0 la 85e minute, laisser les \u00ab\u00a0Leones Stars\u00a0\u00bbr\u00e9duire le score sur un but du num\u00e9ro 10, Rodney Michael, qui sauve l&rsquo;honneur(5-1).<\/div>\n<div><\/div>\n<div><\/div>\n<div>Avant, donc le coup d&rsquo;envoi de la comp\u00e9tition la plus prestigieuse du continent africain, qu&rsquo;est la CAN, la C\u00f4te d&rsquo;Ivoire rassure \u00e0 l&rsquo;issue de ce test.<\/div>\n<div><\/div>\n<div>Pour rappel, la CAN Total \u00c9nergies 2023 se d\u00e9roulera du 13 janvier au 11 f\u00e9vrier prochain, avec un C\u00f4te d&rsquo;Ivoire # Guin\u00e9e Bissau, le samedi \u00e0 20h00, heure locale, au Stade Alassane Ouattara d&rsquo;Ebimp\u00e9.<\/div>\n<div><\/div>\n<div><\/div>\n<div><b>Sunday<\/b>\u00a0<b>Alain\u00a0<\/b><\/div>\n<div><\/div>\n","protected":false},"excerpt":{"rendered":"<p>Dans le cadre de la pr\u00e9paration de la 34\u00e8 \u00e9dition de la Coupe d&rsquo;Afrique des nations (CAN), les\u00a0 El\u00e9phants de C\u00f4te d&rsquo;Ivoire ont disput\u00e9 , ce samedi 06 janvier 2024, un match amical face aux \u00abLeones Stars\u00bb de la Sierra Leone, au stade Laurent Pokou de la cit\u00e9 baln\u00e9aire, San-Pedro(Sud-Ouest de la la C\u00f4te d&rsquo;Ivoire). [&hellip;]<\/p>\n","protected":false},"author":2,"featured_media":5724,"comment_status":"closed","ping_status":"closed","sticky":false,"template":"","format":"standard","meta":{"_acf_changed":false,"footnotes":""},"categories":[4],"tags":[],"class_list":["post-5719","post","type-post","status-publish","format-standard","has-post-thumbnail","hentry","category-sport"],"acf":[],"yoast_head":"<!-- This site is optimized with the Yoast SEO plugin v27.5 - https:\/\/yoast.com\/product\/yoast-seo-wordpress\/ -->\n<title>Pr\u00e9paration de la CAN 2023 :\u00a0 la C\u00f4te d&#039;Ivoire \u00e9trille la Sierra Leone (5-1)\u00a0 - Amanien| L&#039;actualit\u00e9 Ivoirienne et Internationale<\/title>\n<meta name=\"robots\" content=\"index, follow, max-snippet:-1, max-image-preview:large, max-video-preview:-1\" \/>\n<link rel=\"canonical\" href=\"https:\/\/www.amanien.info\/news\/preparation-de-la-can-2023-la-cote-divoire-etrille-la-sierra-leone-5-1\/\" \/>\n<meta property=\"og:locale\" content=\"fr_FR\" \/>\n<meta property=\"og:type\" content=\"article\" \/>\n<meta property=\"og:title\" content=\"Pr\u00e9paration de la CAN 2023 :\u00a0 la C\u00f4te d&#039;Ivoire \u00e9trille la Sierra Leone (5-1)\u00a0 - Amanien| L&#039;actualit\u00e9 Ivoirienne et Internationale\" \/>\n<meta property=\"og:description\" content=\"Dans le cadre de la pr\u00e9paration de la 34\u00e8 \u00e9dition de la Coupe d&rsquo;Afrique des nations (CAN), les\u00a0 El\u00e9phants de C\u00f4te d&rsquo;Ivoire ont disput\u00e9 , ce samedi 06 janvier 2024, un match amical face aux \u00abLeones Stars\u00bb de la Sierra Leone, au stade Laurent Pokou de la cit\u00e9 baln\u00e9aire, San-Pedro(Sud-Ouest de la la C\u00f4te d&rsquo;Ivoire). [&hellip;]\" \/>\n<meta property=\"og:url\" content=\"https:\/\/www.amanien.info\/news\/preparation-de-la-can-2023-la-cote-divoire-etrille-la-sierra-leone-5-1\/\" \/>\n<meta property=\"og:site_name\" content=\"Amanien| L&#039;actualit\u00e9 Ivoirienne et Internationale\" \/>\n<meta property=\"article:published_time\" content=\"2024-01-07T08:28:30+00:00\" \/>\n<meta property=\"og:image\" content=\"https:\/\/www.amanien.info\/news\/wp-content\/uploads\/2024\/01\/IMG-20231226-WA0010-3.jpg\" \/>\n\t<meta property=\"og:image:width\" content=\"650\" \/>\n\t<meta property=\"og:image:height\" content=\"415\" \/>\n\t<meta property=\"og:image:type\" content=\"image\/jpeg\" \/>\n<meta name=\"author\" content=\"Germain Ndri\" \/>\n<meta name=\"twitter:card\" content=\"summary_large_image\" \/>\n<meta name=\"twitter:label1\" content=\"\u00c9crit par\" \/>\n\t<meta name=\"twitter:data1\" content=\"Germain Ndri\" \/>\n\t<meta name=\"twitter:label2\" content=\"Dur\u00e9e de lecture estim\u00e9e\" \/>\n\t<meta name=\"twitter:data2\" content=\"2 minutes\" \/>\n<script type=\"application\/ld+json\" class=\"yoast-schema-graph\">{\"@context\":\"https:\\\/\\\/schema.org\",\"@graph\":[{\"@type\":\"Article\",\"@id\":\"https:\\\/\\\/www.amanien.info\\\/news\\\/preparation-de-la-can-2023-la-cote-divoire-etrille-la-sierra-leone-5-1\\\/#article\",\"isPartOf\":{\"@id\":\"https:\\\/\\\/www.amanien.info\\\/news\\\/preparation-de-la-can-2023-la-cote-divoire-etrille-la-sierra-leone-5-1\\\/\"},\"author\":{\"name\":\"Germain Ndri\",\"@id\":\"https:\\\/\\\/www.amanien.info\\\/news\\\/#\\\/schema\\\/person\\\/b21093345753a1a98242d505bd894f42\"},\"headline\":\"Pr\u00e9paration de la CAN 2023 :\u00a0 la C\u00f4te d&rsquo;Ivoire \u00e9trille la Sierra Leone (5-1)\u00a0\",\"datePublished\":\"2024-01-07T08:28:30+00:00\",\"mainEntityOfPage\":{\"@id\":\"https:\\\/\\\/www.amanien.info\\\/news\\\/preparation-de-la-can-2023-la-cote-divoire-etrille-la-sierra-leone-5-1\\\/\"},\"wordCount\":367,\"image\":{\"@id\":\"https:\\\/\\\/www.amanien.info\\\/news\\\/preparation-de-la-can-2023-la-cote-divoire-etrille-la-sierra-leone-5-1\\\/#primaryimage\"},\"thumbnailUrl\":\"https:\\\/\\\/www.amanien.info\\\/news\\\/wp-content\\\/uploads\\\/2024\\\/01\\\/IMG-20231226-WA0010-3.jpg\",\"articleSection\":[\"Sport\"],\"inLanguage\":\"fr-FR\"},{\"@type\":\"WebPage\",\"@id\":\"https:\\\/\\\/www.amanien.info\\\/news\\\/preparation-de-la-can-2023-la-cote-divoire-etrille-la-sierra-leone-5-1\\\/\",\"url\":\"https:\\\/\\\/www.amanien.info\\\/news\\\/preparation-de-la-can-2023-la-cote-divoire-etrille-la-sierra-leone-5-1\\\/\",\"name\":\"Pr\u00e9paration de la CAN 2023 :\u00a0 la C\u00f4te d'Ivoire \u00e9trille la Sierra Leone (5-1)\u00a0 - Amanien| L&#039;actualit\u00e9 Ivoirienne et Internationale\",\"isPartOf\":{\"@id\":\"https:\\\/\\\/www.amanien.info\\\/news\\\/#website\"},\"primaryImageOfPage\":{\"@id\":\"https:\\\/\\\/www.amanien.info\\\/news\\\/preparation-de-la-can-2023-la-cote-divoire-etrille-la-sierra-leone-5-1\\\/#primaryimage\"},\"image\":{\"@id\":\"https:\\\/\\\/www.amanien.info\\\/news\\\/preparation-de-la-can-2023-la-cote-divoire-etrille-la-sierra-leone-5-1\\\/#primaryimage\"},\"thumbnailUrl\":\"https:\\\/\\\/www.amanien.info\\\/news\\\/wp-content\\\/uploads\\\/2024\\\/01\\\/IMG-20231226-WA0010-3.jpg\",\"datePublished\":\"2024-01-07T08:28:30+00:00\",\"author\":{\"@id\":\"https:\\\/\\\/www.amanien.info\\\/news\\\/#\\\/schema\\\/person\\\/b21093345753a1a98242d505bd894f42\"},\"breadcrumb\":{\"@id\":\"https:\\\/\\\/www.amanien.info\\\/news\\\/preparation-de-la-can-2023-la-cote-divoire-etrille-la-sierra-leone-5-1\\\/#breadcrumb\"},\"inLanguage\":\"fr-FR\",\"potentialAction\":[{\"@type\":\"ReadAction\",\"target\":[\"https:\\\/\\\/www.amanien.info\\\/news\\\/preparation-de-la-can-2023-la-cote-divoire-etrille-la-sierra-leone-5-1\\\/\"]}]},{\"@type\":\"ImageObject\",\"inLanguage\":\"fr-FR\",\"@id\":\"https:\\\/\\\/www.amanien.info\\\/news\\\/preparation-de-la-can-2023-la-cote-divoire-etrille-la-sierra-leone-5-1\\\/#primaryimage\",\"url\":\"https:\\\/\\\/www.amanien.info\\\/news\\\/wp-content\\\/uploads\\\/2024\\\/01\\\/IMG-20231226-WA0010-3.jpg\",\"contentUrl\":\"https:\\\/\\\/www.amanien.info\\\/news\\\/wp-content\\\/uploads\\\/2024\\\/01\\\/IMG-20231226-WA0010-3.jpg\",\"width\":650,\"height\":415},{\"@type\":\"BreadcrumbList\",\"@id\":\"https:\\\/\\\/www.amanien.info\\\/news\\\/preparation-de-la-can-2023-la-cote-divoire-etrille-la-sierra-leone-5-1\\\/#breadcrumb\",\"itemListElement\":[{\"@type\":\"ListItem\",\"position\":1,\"name\":\"Accueil\",\"item\":\"https:\\\/\\\/www.amanien.info\\\/news\\\/\"},{\"@type\":\"ListItem\",\"position\":2,\"name\":\"Pr\u00e9paration de la CAN 2023 :\u00a0 la C\u00f4te d&rsquo;Ivoire \u00e9trille la Sierra Leone (5-1)\u00a0\"}]},{\"@type\":\"WebSite\",\"@id\":\"https:\\\/\\\/www.amanien.info\\\/news\\\/#website\",\"url\":\"https:\\\/\\\/www.amanien.info\\\/news\\\/\",\"name\":\"Amanien| L&#039;actualit\u00e9 Ivoirienne et Internationale\",\"description\":\"L&#039;actualit\u00e9 Ivoirienne et Internationale\",\"potentialAction\":[{\"@type\":\"SearchAction\",\"target\":{\"@type\":\"EntryPoint\",\"urlTemplate\":\"https:\\\/\\\/www.amanien.info\\\/news\\\/?s={search_term_string}\"},\"query-input\":{\"@type\":\"PropertyValueSpecification\",\"valueRequired\":true,\"valueName\":\"search_term_string\"}}],\"inLanguage\":\"fr-FR\"},{\"@type\":\"Person\",\"@id\":\"https:\\\/\\\/www.amanien.info\\\/news\\\/#\\\/schema\\\/person\\\/b21093345753a1a98242d505bd894f42\",\"name\":\"Germain Ndri\",\"url\":\"https:\\\/\\\/www.amanien.info\\\/news\\\/author\\\/amanien-infos\\\/\"}]}<\/script>\n<!-- \/ Yoast SEO plugin. -->","yoast_head_json":{"title":"Pr\u00e9paration de la CAN 2023 :\u00a0 la C\u00f4te d'Ivoire \u00e9trille la Sierra Leone (5-1)\u00a0 - Amanien| L&#039;actualit\u00e9 Ivoirienne et Internationale","robots":{"index":"index","follow":"follow","max-snippet":"max-snippet:-1","max-image-preview":"max-image-preview:large","max-video-preview":"max-video-preview:-1"},"canonical":"https:\/\/www.amanien.info\/news\/preparation-de-la-can-2023-la-cote-divoire-etrille-la-sierra-leone-5-1\/","og_locale":"fr_FR","og_type":"article","og_title":"Pr\u00e9paration de la CAN 2023 :\u00a0 la C\u00f4te d'Ivoire \u00e9trille la Sierra Leone (5-1)\u00a0 - Amanien| L&#039;actualit\u00e9 Ivoirienne et Internationale","og_description":"Dans le cadre de la pr\u00e9paration de la 34\u00e8 \u00e9dition de la Coupe d&rsquo;Afrique des nations (CAN), les\u00a0 El\u00e9phants de C\u00f4te d&rsquo;Ivoire ont disput\u00e9 , ce samedi 06 janvier 2024, un match amical face aux \u00abLeones Stars\u00bb de la Sierra Leone, au stade Laurent Pokou de la cit\u00e9 baln\u00e9aire, San-Pedro(Sud-Ouest de la la C\u00f4te d&rsquo;Ivoire). [&hellip;]","og_url":"https:\/\/www.amanien.info\/news\/preparation-de-la-can-2023-la-cote-divoire-etrille-la-sierra-leone-5-1\/","og_site_name":"Amanien| L&#039;actualit\u00e9 Ivoirienne et Internationale","article_published_time":"2024-01-07T08:28:30+00:00","og_image":[{"width":650,"height":415,"url":"https:\/\/www.amanien.info\/news\/wp-content\/uploads\/2024\/01\/IMG-20231226-WA0010-3.jpg","type":"image\/jpeg"}],"author":"Germain Ndri","twitter_card":"summary_large_image","twitter_misc":{"\u00c9crit par":"Germain Ndri","Dur\u00e9e de lecture estim\u00e9e":"2 minutes"},"schema":{"@context":"https:\/\/schema.org","@graph":[{"@type":"Article","@id":"https:\/\/www.amanien.info\/news\/preparation-de-la-can-2023-la-cote-divoire-etrille-la-sierra-leone-5-1\/#article","isPartOf":{"@id":"https:\/\/www.amanien.info\/news\/preparation-de-la-can-2023-la-cote-divoire-etrille-la-sierra-leone-5-1\/"},"author":{"name":"Germain Ndri","@id":"https:\/\/www.amanien.info\/news\/#\/schema\/person\/b21093345753a1a98242d505bd894f42"},"headline":"Pr\u00e9paration de la CAN 2023 :\u00a0 la C\u00f4te d&rsquo;Ivoire \u00e9trille la Sierra Leone (5-1)\u00a0","datePublished":"2024-01-07T08:28:30+00:00","mainEntityOfPage":{"@id":"https:\/\/www.amanien.info\/news\/preparation-de-la-can-2023-la-cote-divoire-etrille-la-sierra-leone-5-1\/"},"wordCount":367,"image":{"@id":"https:\/\/www.amanien.info\/news\/preparation-de-la-can-2023-la-cote-divoire-etrille-la-sierra-leone-5-1\/#primaryimage"},"thumbnailUrl":"https:\/\/www.amanien.info\/news\/wp-content\/uploads\/2024\/01\/IMG-20231226-WA0010-3.jpg","articleSection":["Sport"],"inLanguage":"fr-FR"},{"@type":"WebPage","@id":"https:\/\/www.amanien.info\/news\/preparation-de-la-can-2023-la-cote-divoire-etrille-la-sierra-leone-5-1\/","url":"https:\/\/www.amanien.info\/news\/preparation-de-la-can-2023-la-cote-divoire-etrille-la-sierra-leone-5-1\/","name":"Pr\u00e9paration de la CAN 2023 :\u00a0 la C\u00f4te d'Ivoire \u00e9trille la Sierra Leone (5-1)\u00a0 - Amanien| L&#039;actualit\u00e9 Ivoirienne et Internationale","isPartOf":{"@id":"https:\/\/www.amanien.info\/news\/#website"},"primaryImageOfPage":{"@id":"https:\/\/www.amanien.info\/news\/preparation-de-la-can-2023-la-cote-divoire-etrille-la-sierra-leone-5-1\/#primaryimage"},"image":{"@id":"https:\/\/www.amanien.info\/news\/preparation-de-la-can-2023-la-cote-divoire-etrille-la-sierra-leone-5-1\/#primaryimage"},"thumbnailUrl":"https:\/\/www.amanien.info\/news\/wp-content\/uploads\/2024\/01\/IMG-20231226-WA0010-3.jpg","datePublished":"2024-01-07T08:28:30+00:00","author":{"@id":"https:\/\/www.amanien.info\/news\/#\/schema\/person\/b21093345753a1a98242d505bd894f42"},"breadcrumb":{"@id":"https:\/\/www.amanien.info\/news\/preparation-de-la-can-2023-la-cote-divoire-etrille-la-sierra-leone-5-1\/#breadcrumb"},"inLanguage":"fr-FR","potentialAction":[{"@type":"ReadAction","target":["https:\/\/www.amanien.info\/news\/preparation-de-la-can-2023-la-cote-divoire-etrille-la-sierra-leone-5-1\/"]}]},{"@type":"ImageObject","inLanguage":"fr-FR","@id":"https:\/\/www.amanien.info\/news\/preparation-de-la-can-2023-la-cote-divoire-etrille-la-sierra-leone-5-1\/#primaryimage","url":"https:\/\/www.amanien.info\/news\/wp-content\/uploads\/2024\/01\/IMG-20231226-WA0010-3.jpg","contentUrl":"https:\/\/www.amanien.info\/news\/wp-content\/uploads\/2024\/01\/IMG-20231226-WA0010-3.jpg","width":650,"height":415},{"@type":"BreadcrumbList","@id":"https:\/\/www.amanien.info\/news\/preparation-de-la-can-2023-la-cote-divoire-etrille-la-sierra-leone-5-1\/#breadcrumb","itemListElement":[{"@type":"ListItem","position":1,"name":"Accueil","item":"https:\/\/www.amanien.info\/news\/"},{"@type":"ListItem","position":2,"name":"Pr\u00e9paration de la CAN 2023 :\u00a0 la C\u00f4te d&rsquo;Ivoire \u00e9trille la Sierra Leone (5-1)\u00a0"}]},{"@type":"WebSite","@id":"https:\/\/www.amanien.info\/news\/#website","url":"https:\/\/www.amanien.info\/news\/","name":"Amanien| L&#039;actualit\u00e9 Ivoirienne et Internationale","description":"L&#039;actualit\u00e9 Ivoirienne et Internationale","potentialAction":[{"@type":"SearchAction","target":{"@type":"EntryPoint","urlTemplate":"https:\/\/www.amanien.info\/news\/?s={search_term_string}"},"query-input":{"@type":"PropertyValueSpecification","valueRequired":true,"valueName":"search_term_string"}}],"inLanguage":"fr-FR"},{"@type":"Person","@id":"https:\/\/www.amanien.info\/news\/#\/schema\/person\/b21093345753a1a98242d505bd894f42","name":"Germain Ndri","url":"https:\/\/www.amanien.info\/news\/author\/amanien-infos\/"}]}},"_links":{"self":[{"href":"https:\/\/www.amanien.info\/news\/wp-json\/wp\/v2\/posts\/5719","targetHints":{"allow":["GET"]}}],"collection":[{"href":"https:\/\/www.amanien.info\/news\/wp-json\/wp\/v2\/posts"}],"about":[{"href":"https:\/\/www.amanien.info\/news\/wp-json\/wp\/v2\/types\/post"}],"author":[{"embeddable":true,"href":"https:\/\/www.amanien.info\/news\/wp-json\/wp\/v2\/users\/2"}],"replies":[{"embeddable":true,"href":"https:\/\/www.amanien.info\/news\/wp-json\/wp\/v2\/comments?post=5719"}],"version-history":[{"count":1,"href":"https:\/\/www.amanien.info\/news\/wp-json\/wp\/v2\/posts\/5719\/revisions"}],"predecessor-version":[{"id":5725,"href":"https:\/\/www.amanien.info\/news\/wp-json\/wp\/v2\/posts\/5719\/revisions\/5725"}],"wp:featuredmedia":[{"embeddable":true,"href":"https:\/\/www.amanien.info\/news\/wp-json\/wp\/v2\/media\/5724"}],"wp:attachment":[{"href":"https:\/\/www.amanien.info\/news\/wp-json\/wp\/v2\/media?parent=5719"}],"wp:term":[{"taxonomy":"category","embeddable":true,"href":"https:\/\/www.amanien.info\/news\/wp-json\/wp\/v2\/categories?post=5719"},{"taxonomy":"post_tag","embeddable":true,"href":"https:\/\/www.amanien.info\/news\/wp-json\/wp\/v2\/tags?post=5719"}],"curies":[{"name":"wp","href":"https:\/\/api.w.org\/{rel}","templated":true}]}}