{"id":5684,"date":"2023-12-24T17:44:10","date_gmt":"2023-12-24T17:44:10","guid":{"rendered":"https:\/\/www.amanien.info\/news\/?p=5684"},"modified":"2023-12-24T17:44:10","modified_gmt":"2023-12-24T17:44:10","slug":"3e-edition-de-la-journee-du-merite-sportif-plus-de-100-acteurs-du-mouvement-sportifs-distingues","status":"publish","type":"post","link":"https:\/\/www.amanien.info\/news\/3e-edition-de-la-journee-du-merite-sportif-plus-de-100-acteurs-du-mouvement-sportifs-distingues\/","title":{"rendered":"3\u00e8 \u00e9dition de la Journ\u00e9e du m\u00e9rite sportif: Plus de 100 acteurs du mouvement sportifs distingu\u00e9s"},"content":{"rendered":"<div><span style=\"text-transform: initial;\">La troisi\u00e8me \u00e9dition de la Journ\u00e9e du m\u00e9rite sportif s&rsquo;est d\u00e9roul\u00e9e, vendredi 22 d\u00e9cembre 2023, au Sofitel H\u00f4tel Ivoire d&rsquo;Abidjan-Cocody, en pr\u00e9sence du Ministre d\u00e9l\u00e9gu\u00e9 aupr\u00e8s du Premier Ministre charg\u00e9 des Sports et du Cadre de vie, Silas Metch Adj\u00e9 et de plusieurs acteurs du mouvement sportifs ivoiriens.\u00a0<\/span><\/div>\n<div><\/div>\n<div><\/div>\n<div>A cette occasion, 124 acteurs du mouvement sportifs ont \u00e9t\u00e9 d\u00e9cor\u00e9s dont 100 personnalit\u00e9s et 24 autres honor\u00e9es pour leur contribution en faveur du sport.<\/div>\n<div><\/div>\n<div><\/div>\n<div>Elles ont, selon le Pr\u00e9sident du comit\u00e9 d&rsquo;organisation et Directeur G\u00e9n\u00e9ral des sports, Bertin KOFFI, \u00e9t\u00e9 s\u00e9lectionn\u00e9es \u00e0 l\u2019issue d\u2019un processus d\u2019identification et de s\u00e9lection men\u00e9e avec la plus objectivit\u00e9 par le comit\u00e9 de s\u00e9lection.<\/div>\n<div><\/div>\n<div><\/div>\n<div><\/div>\n<div>Parmi ces 100 personnes d\u00e9cor\u00e9es, 10 ont \u00e9t\u00e9 faites commandeurs, 09 officiers et 81 chevaliers assorties d\u2019un parchemin et d\u2019une m\u00e9daille. Quant aux 24 laur\u00e9ats, chacun a re\u00e7u un parchemin et un troph\u00e9e.<\/div>\n<div><\/div>\n<div>Aussi des prix sp\u00e9ciaux ont-ils \u00e9t\u00e9 d\u00e9cern\u00e9s \u00e0 des acteurs du mouvement par le Ministre Metch. Il s\u2019agit notamment de Roger Ou\u00e9gnin, Asalfo (Traor\u00e9 Salif), Eug\u00e8ne Kakou, Y\u00e9o Martial, Jacques Anouma, etc.<\/div>\n<div><\/div>\n<div><\/div>\n<div><\/div>\n<div>Le Ministre d\u00e9l\u00e9gu\u00e9 a expliqu\u00e9 l\u2019importance de la remise d\u2019un insigne du fait de la solennit\u00e9 de l\u2018\u00e9v\u00e8nement avec toute l\u2019\u00e9motion qui l\u2019entoure.<\/div>\n<div>Il a \u00e9galement f\u00e9licit\u00e9 les laur\u00e9ats pour les services rendus \u00e0 la nation.<\/div>\n<div>\u00ab\u00a0Une remise d\u2019un insigne constitue toujours un moment particulier et solennel qui suscite aussi beaucoup d\u2019\u00e9motions. Je voudrais donc vous r\u00e9it\u00e9rer mes remerciements que vous donnez \u00e0 chacun d\u2019entre nous. Merci pour votre humilit\u00e9. Merci pour ce que vous avez fait pour la C\u00f4te d\u2019Ivoire\u00a0\u00bb, a soutenu le Ministre d\u00e9l\u00e9gu\u00e9 Metch \u00e0 l\u2019endroit des r\u00e9cipiendaires.<\/div>\n<div><\/div>\n<div><\/div>\n<div><\/div>\n<div>Le Porte-parole des laur\u00e9ats, par ailleurs Pr\u00e9sident de la F\u00e9d\u00e9ration ivoirienne de Handball, Aboubacar Karabou\u00e9 a remerci\u00e9 le minist\u00e8re des sports pour le choix port\u00e9 sur eux comme laur\u00e9ats de la 3\u00e8 \u00e9dition de la journ\u00e9e du m\u00e9rite sportif.<\/div>\n<div><\/div>\n<div><\/div>\n<div><\/div>\n<div>Cette m\u00e9daille incarne la reconnaissance collective de leurs efforts, de leurs sacrifices et de leur d\u00e9vouement, a-t-il indiqu\u00e9.<\/div>\n<div><\/div>\n<div>Puis de promettre : \u00ab\u00a0Cette distinction est une source de motivation suppl\u00e9mentaire pour continuer \u00e0 d\u00e9fendre les valeurs du sport et inspirer ses acteurs. Nous nous engageons \u00e0 porter cette m\u00e9daille avec fiert\u00e9 et \u00e0 la faire briller \u00e0 travers nos actions et nos engagements futurs\u00a0\u00bb, a-t-il dit.<\/div>\n<div><\/div>\n<div><\/div>\n<div>Cette 3\u00e8 \u00e9dition a \u00e9t\u00e9 marqu\u00e9 par deux panels dans la journ\u00e9e sur les th\u00e8mes, \u00a0\u00bb La transformation digitale dans les f\u00e9d\u00e9rations\u00a0\u00bb et \u00ab\u00a0Le d\u00e9veloppement \u00e9conomique \u00e0 travers le sports\u00a0\u00bb<\/div>\n<div><\/div>\n<div><\/div>\n<div>Pour rappel, l&rsquo;ordre du m\u00e9rite sportif a \u00e9t\u00e9 institu\u00e9 en 1967. Il vise \u00e0 r\u00e9compenser les sportifs ivoiriens les plus m\u00e9ritants.<\/div>\n<div><\/div>\n<div><\/div>\n<div><b>S.A.<\/b><\/div>\n","protected":false},"excerpt":{"rendered":"<p>La troisi\u00e8me \u00e9dition de la Journ\u00e9e du m\u00e9rite sportif s&rsquo;est d\u00e9roul\u00e9e, vendredi 22 d\u00e9cembre 2023, au Sofitel H\u00f4tel Ivoire d&rsquo;Abidjan-Cocody, en pr\u00e9sence du Ministre d\u00e9l\u00e9gu\u00e9 aupr\u00e8s du Premier Ministre charg\u00e9 des Sports et du Cadre de vie, Silas Metch Adj\u00e9 et de plusieurs acteurs du mouvement sportifs ivoiriens.\u00a0 A cette occasion, 124 acteurs du mouvement [&hellip;]<\/p>\n","protected":false},"author":2,"featured_media":5686,"comment_status":"closed","ping_status":"closed","sticky":false,"template":"","format":"standard","meta":{"_acf_changed":false,"footnotes":""},"categories":[],"tags":[12],"class_list":["post-5684","post","type-post","status-publish","format-standard","has-post-thumbnail","hentry","tag-societe"],"acf":[],"yoast_head":"<!-- This site is optimized with the Yoast SEO plugin v27.5 - https:\/\/yoast.com\/product\/yoast-seo-wordpress\/ -->\n<title>3\u00e8 \u00e9dition de la Journ\u00e9e du m\u00e9rite sportif: Plus de 100 acteurs du mouvement sportifs distingu\u00e9s - Amanien| L&#039;actualit\u00e9 Ivoirienne et Internationale<\/title>\n<meta name=\"robots\" content=\"index, follow, max-snippet:-1, max-image-preview:large, max-video-preview:-1\" \/>\n<link rel=\"canonical\" href=\"https:\/\/www.amanien.info\/news\/3e-edition-de-la-journee-du-merite-sportif-plus-de-100-acteurs-du-mouvement-sportifs-distingues\/\" \/>\n<meta property=\"og:locale\" content=\"fr_FR\" \/>\n<meta property=\"og:type\" content=\"article\" \/>\n<meta property=\"og:title\" content=\"3\u00e8 \u00e9dition de la Journ\u00e9e du m\u00e9rite sportif: Plus de 100 acteurs du mouvement sportifs distingu\u00e9s - Amanien| L&#039;actualit\u00e9 Ivoirienne et Internationale\" \/>\n<meta property=\"og:description\" content=\"La troisi\u00e8me \u00e9dition de la Journ\u00e9e du m\u00e9rite sportif s&rsquo;est d\u00e9roul\u00e9e, vendredi 22 d\u00e9cembre 2023, au Sofitel H\u00f4tel Ivoire d&rsquo;Abidjan-Cocody, en pr\u00e9sence du Ministre d\u00e9l\u00e9gu\u00e9 aupr\u00e8s du Premier Ministre charg\u00e9 des Sports et du Cadre de vie, Silas Metch Adj\u00e9 et de plusieurs acteurs du mouvement sportifs ivoiriens.\u00a0 A cette occasion, 124 acteurs du mouvement [&hellip;]\" \/>\n<meta property=\"og:url\" content=\"https:\/\/www.amanien.info\/news\/3e-edition-de-la-journee-du-merite-sportif-plus-de-100-acteurs-du-mouvement-sportifs-distingues\/\" \/>\n<meta property=\"og:site_name\" content=\"Amanien| L&#039;actualit\u00e9 Ivoirienne et Internationale\" \/>\n<meta property=\"article:published_time\" content=\"2023-12-24T17:44:10+00:00\" \/>\n<meta property=\"og:image\" content=\"https:\/\/www.amanien.info\/news\/wp-content\/uploads\/2023\/12\/rencontre-avec-le-mouvement-sportif-ivoirien-le-ministre-adje-silas-metch-s_e8c4gymbqwt.jpg\" \/>\n\t<meta property=\"og:image:width\" content=\"900\" \/>\n\t<meta property=\"og:image:height\" content=\"559\" \/>\n\t<meta property=\"og:image:type\" content=\"image\/jpeg\" \/>\n<meta name=\"author\" content=\"Germain Ndri\" \/>\n<meta name=\"twitter:card\" content=\"summary_large_image\" \/>\n<meta name=\"twitter:label1\" content=\"\u00c9crit par\" \/>\n\t<meta name=\"twitter:data1\" content=\"Germain Ndri\" \/>\n\t<meta name=\"twitter:label2\" content=\"Dur\u00e9e de lecture estim\u00e9e\" \/>\n\t<meta name=\"twitter:data2\" content=\"3 minutes\" \/>\n<script type=\"application\/ld+json\" class=\"yoast-schema-graph\">{\"@context\":\"https:\\\/\\\/schema.org\",\"@graph\":[{\"@type\":\"Article\",\"@id\":\"https:\\\/\\\/www.amanien.info\\\/news\\\/3e-edition-de-la-journee-du-merite-sportif-plus-de-100-acteurs-du-mouvement-sportifs-distingues\\\/#article\",\"isPartOf\":{\"@id\":\"https:\\\/\\\/www.amanien.info\\\/news\\\/3e-edition-de-la-journee-du-merite-sportif-plus-de-100-acteurs-du-mouvement-sportifs-distingues\\\/\"},\"author\":{\"name\":\"Germain Ndri\",\"@id\":\"https:\\\/\\\/www.amanien.info\\\/news\\\/#\\\/schema\\\/person\\\/b21093345753a1a98242d505bd894f42\"},\"headline\":\"3\u00e8 \u00e9dition de la Journ\u00e9e du m\u00e9rite sportif: Plus de 100 acteurs du mouvement sportifs distingu\u00e9s\",\"datePublished\":\"2023-12-24T17:44:10+00:00\",\"mainEntityOfPage\":{\"@id\":\"https:\\\/\\\/www.amanien.info\\\/news\\\/3e-edition-de-la-journee-du-merite-sportif-plus-de-100-acteurs-du-mouvement-sportifs-distingues\\\/\"},\"wordCount\":500,\"image\":{\"@id\":\"https:\\\/\\\/www.amanien.info\\\/news\\\/3e-edition-de-la-journee-du-merite-sportif-plus-de-100-acteurs-du-mouvement-sportifs-distingues\\\/#primaryimage\"},\"thumbnailUrl\":\"https:\\\/\\\/www.amanien.info\\\/news\\\/wp-content\\\/uploads\\\/2023\\\/12\\\/rencontre-avec-le-mouvement-sportif-ivoirien-le-ministre-adje-silas-metch-s_e8c4gymbqwt.jpg\",\"keywords\":[\"Soci\u00e9t\u00e9\"],\"inLanguage\":\"fr-FR\"},{\"@type\":\"WebPage\",\"@id\":\"https:\\\/\\\/www.amanien.info\\\/news\\\/3e-edition-de-la-journee-du-merite-sportif-plus-de-100-acteurs-du-mouvement-sportifs-distingues\\\/\",\"url\":\"https:\\\/\\\/www.amanien.info\\\/news\\\/3e-edition-de-la-journee-du-merite-sportif-plus-de-100-acteurs-du-mouvement-sportifs-distingues\\\/\",\"name\":\"3\u00e8 \u00e9dition de la Journ\u00e9e du m\u00e9rite sportif: Plus de 100 acteurs du mouvement sportifs distingu\u00e9s - Amanien| L&#039;actualit\u00e9 Ivoirienne et Internationale\",\"isPartOf\":{\"@id\":\"https:\\\/\\\/www.amanien.info\\\/news\\\/#website\"},\"primaryImageOfPage\":{\"@id\":\"https:\\\/\\\/www.amanien.info\\\/news\\\/3e-edition-de-la-journee-du-merite-sportif-plus-de-100-acteurs-du-mouvement-sportifs-distingues\\\/#primaryimage\"},\"image\":{\"@id\":\"https:\\\/\\\/www.amanien.info\\\/news\\\/3e-edition-de-la-journee-du-merite-sportif-plus-de-100-acteurs-du-mouvement-sportifs-distingues\\\/#primaryimage\"},\"thumbnailUrl\":\"https:\\\/\\\/www.amanien.info\\\/news\\\/wp-content\\\/uploads\\\/2023\\\/12\\\/rencontre-avec-le-mouvement-sportif-ivoirien-le-ministre-adje-silas-metch-s_e8c4gymbqwt.jpg\",\"datePublished\":\"2023-12-24T17:44:10+00:00\",\"author\":{\"@id\":\"https:\\\/\\\/www.amanien.info\\\/news\\\/#\\\/schema\\\/person\\\/b21093345753a1a98242d505bd894f42\"},\"breadcrumb\":{\"@id\":\"https:\\\/\\\/www.amanien.info\\\/news\\\/3e-edition-de-la-journee-du-merite-sportif-plus-de-100-acteurs-du-mouvement-sportifs-distingues\\\/#breadcrumb\"},\"inLanguage\":\"fr-FR\",\"potentialAction\":[{\"@type\":\"ReadAction\",\"target\":[\"https:\\\/\\\/www.amanien.info\\\/news\\\/3e-edition-de-la-journee-du-merite-sportif-plus-de-100-acteurs-du-mouvement-sportifs-distingues\\\/\"]}]},{\"@type\":\"ImageObject\",\"inLanguage\":\"fr-FR\",\"@id\":\"https:\\\/\\\/www.amanien.info\\\/news\\\/3e-edition-de-la-journee-du-merite-sportif-plus-de-100-acteurs-du-mouvement-sportifs-distingues\\\/#primaryimage\",\"url\":\"https:\\\/\\\/www.amanien.info\\\/news\\\/wp-content\\\/uploads\\\/2023\\\/12\\\/rencontre-avec-le-mouvement-sportif-ivoirien-le-ministre-adje-silas-metch-s_e8c4gymbqwt.jpg\",\"contentUrl\":\"https:\\\/\\\/www.amanien.info\\\/news\\\/wp-content\\\/uploads\\\/2023\\\/12\\\/rencontre-avec-le-mouvement-sportif-ivoirien-le-ministre-adje-silas-metch-s_e8c4gymbqwt.jpg\",\"width\":900,\"height\":559},{\"@type\":\"BreadcrumbList\",\"@id\":\"https:\\\/\\\/www.amanien.info\\\/news\\\/3e-edition-de-la-journee-du-merite-sportif-plus-de-100-acteurs-du-mouvement-sportifs-distingues\\\/#breadcrumb\",\"itemListElement\":[{\"@type\":\"ListItem\",\"position\":1,\"name\":\"Accueil\",\"item\":\"https:\\\/\\\/www.amanien.info\\\/news\\\/\"},{\"@type\":\"ListItem\",\"position\":2,\"name\":\"3\u00e8 \u00e9dition de la Journ\u00e9e du m\u00e9rite sportif: Plus de 100 acteurs du mouvement sportifs distingu\u00e9s\"}]},{\"@type\":\"WebSite\",\"@id\":\"https:\\\/\\\/www.amanien.info\\\/news\\\/#website\",\"url\":\"https:\\\/\\\/www.amanien.info\\\/news\\\/\",\"name\":\"Amanien| L&#039;actualit\u00e9 Ivoirienne et Internationale\",\"description\":\"L&#039;actualit\u00e9 Ivoirienne et Internationale\",\"potentialAction\":[{\"@type\":\"SearchAction\",\"target\":{\"@type\":\"EntryPoint\",\"urlTemplate\":\"https:\\\/\\\/www.amanien.info\\\/news\\\/?s={search_term_string}\"},\"query-input\":{\"@type\":\"PropertyValueSpecification\",\"valueRequired\":true,\"valueName\":\"search_term_string\"}}],\"inLanguage\":\"fr-FR\"},{\"@type\":\"Person\",\"@id\":\"https:\\\/\\\/www.amanien.info\\\/news\\\/#\\\/schema\\\/person\\\/b21093345753a1a98242d505bd894f42\",\"name\":\"Germain Ndri\",\"url\":\"https:\\\/\\\/www.amanien.info\\\/news\\\/author\\\/amanien-infos\\\/\"}]}<\/script>\n<!-- \/ Yoast SEO plugin. -->","yoast_head_json":{"title":"3\u00e8 \u00e9dition de la Journ\u00e9e du m\u00e9rite sportif: Plus de 100 acteurs du mouvement sportifs distingu\u00e9s - Amanien| L&#039;actualit\u00e9 Ivoirienne et Internationale","robots":{"index":"index","follow":"follow","max-snippet":"max-snippet:-1","max-image-preview":"max-image-preview:large","max-video-preview":"max-video-preview:-1"},"canonical":"https:\/\/www.amanien.info\/news\/3e-edition-de-la-journee-du-merite-sportif-plus-de-100-acteurs-du-mouvement-sportifs-distingues\/","og_locale":"fr_FR","og_type":"article","og_title":"3\u00e8 \u00e9dition de la Journ\u00e9e du m\u00e9rite sportif: Plus de 100 acteurs du mouvement sportifs distingu\u00e9s - Amanien| L&#039;actualit\u00e9 Ivoirienne et Internationale","og_description":"La troisi\u00e8me \u00e9dition de la Journ\u00e9e du m\u00e9rite sportif s&rsquo;est d\u00e9roul\u00e9e, vendredi 22 d\u00e9cembre 2023, au Sofitel H\u00f4tel Ivoire d&rsquo;Abidjan-Cocody, en pr\u00e9sence du Ministre d\u00e9l\u00e9gu\u00e9 aupr\u00e8s du Premier Ministre charg\u00e9 des Sports et du Cadre de vie, Silas Metch Adj\u00e9 et de plusieurs acteurs du mouvement sportifs ivoiriens.\u00a0 A cette occasion, 124 acteurs du mouvement [&hellip;]","og_url":"https:\/\/www.amanien.info\/news\/3e-edition-de-la-journee-du-merite-sportif-plus-de-100-acteurs-du-mouvement-sportifs-distingues\/","og_site_name":"Amanien| L&#039;actualit\u00e9 Ivoirienne et Internationale","article_published_time":"2023-12-24T17:44:10+00:00","og_image":[{"width":900,"height":559,"url":"https:\/\/www.amanien.info\/news\/wp-content\/uploads\/2023\/12\/rencontre-avec-le-mouvement-sportif-ivoirien-le-ministre-adje-silas-metch-s_e8c4gymbqwt.jpg","type":"image\/jpeg"}],"author":"Germain Ndri","twitter_card":"summary_large_image","twitter_misc":{"\u00c9crit par":"Germain Ndri","Dur\u00e9e de lecture estim\u00e9e":"3 minutes"},"schema":{"@context":"https:\/\/schema.org","@graph":[{"@type":"Article","@id":"https:\/\/www.amanien.info\/news\/3e-edition-de-la-journee-du-merite-sportif-plus-de-100-acteurs-du-mouvement-sportifs-distingues\/#article","isPartOf":{"@id":"https:\/\/www.amanien.info\/news\/3e-edition-de-la-journee-du-merite-sportif-plus-de-100-acteurs-du-mouvement-sportifs-distingues\/"},"author":{"name":"Germain Ndri","@id":"https:\/\/www.amanien.info\/news\/#\/schema\/person\/b21093345753a1a98242d505bd894f42"},"headline":"3\u00e8 \u00e9dition de la Journ\u00e9e du m\u00e9rite sportif: Plus de 100 acteurs du mouvement sportifs distingu\u00e9s","datePublished":"2023-12-24T17:44:10+00:00","mainEntityOfPage":{"@id":"https:\/\/www.amanien.info\/news\/3e-edition-de-la-journee-du-merite-sportif-plus-de-100-acteurs-du-mouvement-sportifs-distingues\/"},"wordCount":500,"image":{"@id":"https:\/\/www.amanien.info\/news\/3e-edition-de-la-journee-du-merite-sportif-plus-de-100-acteurs-du-mouvement-sportifs-distingues\/#primaryimage"},"thumbnailUrl":"https:\/\/www.amanien.info\/news\/wp-content\/uploads\/2023\/12\/rencontre-avec-le-mouvement-sportif-ivoirien-le-ministre-adje-silas-metch-s_e8c4gymbqwt.jpg","keywords":["Soci\u00e9t\u00e9"],"inLanguage":"fr-FR"},{"@type":"WebPage","@id":"https:\/\/www.amanien.info\/news\/3e-edition-de-la-journee-du-merite-sportif-plus-de-100-acteurs-du-mouvement-sportifs-distingues\/","url":"https:\/\/www.amanien.info\/news\/3e-edition-de-la-journee-du-merite-sportif-plus-de-100-acteurs-du-mouvement-sportifs-distingues\/","name":"3\u00e8 \u00e9dition de la Journ\u00e9e du m\u00e9rite sportif: Plus de 100 acteurs du mouvement sportifs distingu\u00e9s - Amanien| L&#039;actualit\u00e9 Ivoirienne et Internationale","isPartOf":{"@id":"https:\/\/www.amanien.info\/news\/#website"},"primaryImageOfPage":{"@id":"https:\/\/www.amanien.info\/news\/3e-edition-de-la-journee-du-merite-sportif-plus-de-100-acteurs-du-mouvement-sportifs-distingues\/#primaryimage"},"image":{"@id":"https:\/\/www.amanien.info\/news\/3e-edition-de-la-journee-du-merite-sportif-plus-de-100-acteurs-du-mouvement-sportifs-distingues\/#primaryimage"},"thumbnailUrl":"https:\/\/www.amanien.info\/news\/wp-content\/uploads\/2023\/12\/rencontre-avec-le-mouvement-sportif-ivoirien-le-ministre-adje-silas-metch-s_e8c4gymbqwt.jpg","datePublished":"2023-12-24T17:44:10+00:00","author":{"@id":"https:\/\/www.amanien.info\/news\/#\/schema\/person\/b21093345753a1a98242d505bd894f42"},"breadcrumb":{"@id":"https:\/\/www.amanien.info\/news\/3e-edition-de-la-journee-du-merite-sportif-plus-de-100-acteurs-du-mouvement-sportifs-distingues\/#breadcrumb"},"inLanguage":"fr-FR","potentialAction":[{"@type":"ReadAction","target":["https:\/\/www.amanien.info\/news\/3e-edition-de-la-journee-du-merite-sportif-plus-de-100-acteurs-du-mouvement-sportifs-distingues\/"]}]},{"@type":"ImageObject","inLanguage":"fr-FR","@id":"https:\/\/www.amanien.info\/news\/3e-edition-de-la-journee-du-merite-sportif-plus-de-100-acteurs-du-mouvement-sportifs-distingues\/#primaryimage","url":"https:\/\/www.amanien.info\/news\/wp-content\/uploads\/2023\/12\/rencontre-avec-le-mouvement-sportif-ivoirien-le-ministre-adje-silas-metch-s_e8c4gymbqwt.jpg","contentUrl":"https:\/\/www.amanien.info\/news\/wp-content\/uploads\/2023\/12\/rencontre-avec-le-mouvement-sportif-ivoirien-le-ministre-adje-silas-metch-s_e8c4gymbqwt.jpg","width":900,"height":559},{"@type":"BreadcrumbList","@id":"https:\/\/www.amanien.info\/news\/3e-edition-de-la-journee-du-merite-sportif-plus-de-100-acteurs-du-mouvement-sportifs-distingues\/#breadcrumb","itemListElement":[{"@type":"ListItem","position":1,"name":"Accueil","item":"https:\/\/www.amanien.info\/news\/"},{"@type":"ListItem","position":2,"name":"3\u00e8 \u00e9dition de la Journ\u00e9e du m\u00e9rite sportif: Plus de 100 acteurs du mouvement sportifs distingu\u00e9s"}]},{"@type":"WebSite","@id":"https:\/\/www.amanien.info\/news\/#website","url":"https:\/\/www.amanien.info\/news\/","name":"Amanien| L&#039;actualit\u00e9 Ivoirienne et Internationale","description":"L&#039;actualit\u00e9 Ivoirienne et Internationale","potentialAction":[{"@type":"SearchAction","target":{"@type":"EntryPoint","urlTemplate":"https:\/\/www.amanien.info\/news\/?s={search_term_string}"},"query-input":{"@type":"PropertyValueSpecification","valueRequired":true,"valueName":"search_term_string"}}],"inLanguage":"fr-FR"},{"@type":"Person","@id":"https:\/\/www.amanien.info\/news\/#\/schema\/person\/b21093345753a1a98242d505bd894f42","name":"Germain Ndri","url":"https:\/\/www.amanien.info\/news\/author\/amanien-infos\/"}]}},"_links":{"self":[{"href":"https:\/\/www.amanien.info\/news\/wp-json\/wp\/v2\/posts\/5684","targetHints":{"allow":["GET"]}}],"collection":[{"href":"https:\/\/www.amanien.info\/news\/wp-json\/wp\/v2\/posts"}],"about":[{"href":"https:\/\/www.amanien.info\/news\/wp-json\/wp\/v2\/types\/post"}],"author":[{"embeddable":true,"href":"https:\/\/www.amanien.info\/news\/wp-json\/wp\/v2\/users\/2"}],"replies":[{"embeddable":true,"href":"https:\/\/www.amanien.info\/news\/wp-json\/wp\/v2\/comments?post=5684"}],"version-history":[{"count":1,"href":"https:\/\/www.amanien.info\/news\/wp-json\/wp\/v2\/posts\/5684\/revisions"}],"predecessor-version":[{"id":5687,"href":"https:\/\/www.amanien.info\/news\/wp-json\/wp\/v2\/posts\/5684\/revisions\/5687"}],"wp:featuredmedia":[{"embeddable":true,"href":"https:\/\/www.amanien.info\/news\/wp-json\/wp\/v2\/media\/5686"}],"wp:attachment":[{"href":"https:\/\/www.amanien.info\/news\/wp-json\/wp\/v2\/media?parent=5684"}],"wp:term":[{"taxonomy":"category","embeddable":true,"href":"https:\/\/www.amanien.info\/news\/wp-json\/wp\/v2\/categories?post=5684"},{"taxonomy":"post_tag","embeddable":true,"href":"https:\/\/www.amanien.info\/news\/wp-json\/wp\/v2\/tags?post=5684"}],"curies":[{"name":"wp","href":"https:\/\/api.w.org\/{rel}","templated":true}]}}