{"id":5673,"date":"2023-12-22T11:06:43","date_gmt":"2023-12-22T11:06:43","guid":{"rendered":"https:\/\/www.amanien.info\/news\/?p=5673"},"modified":"2023-12-22T11:06:43","modified_gmt":"2023-12-22T11:06:43","slug":"3e-edition-du-forum-africain-des-villes-durables-foravid-2023-plusieurs-prix-decernes","status":"publish","type":"post","link":"https:\/\/www.amanien.info\/news\/3e-edition-du-forum-africain-des-villes-durables-foravid-2023-plusieurs-prix-decernes\/","title":{"rendered":"3\u00e8 \u00e9dition du Forum Africain des Villes Durables (FORAVID 2023) : Plusieurs Prix d\u00e9cern\u00e9s"},"content":{"rendered":"<div><span style=\"text-transform: initial;\">La troisi\u00e8me \u00e9dition du Forum Africain des Villes Durables(FORAVID 2023) s&rsquo;est tenue, mercredi 20 d\u00e9cembre 2023, dans la Cit\u00e9 des affaires, Plateau (Abidjan), autour du th\u00e8me : <\/span><b style=\"text-transform: initial;\">\u00ab\u00a0Innovations pour l&rsquo;attractivit\u00e9 des territoires\u00a0\u00bb<\/b><span style=\"text-transform: initial;\">.\u00a0<\/span><\/div>\n<div><\/div>\n<div>A l&rsquo;issue de cette \u00e9dition 2023, 24 Prix ont \u00e9t\u00e9 d\u00e9cern\u00e9s \u00e0 des personnalit\u00e9s, entreprises et administrations r\u00e9parties en 18 cat\u00e9gories, 03 Prix sp\u00e9ciaux, 02 Prix d&rsquo;honneur et 01 Super Prix. &lt;&lt;<i>Tous ces acteurs que nous avons c\u00e9l\u00e9br\u00e9s,\u00a0 aujourd&rsquo;hui, sont des acteurs qui participent au d\u00e9veloppement local. Le FORAVID Awards met en lumi\u00e8re leurs efforts et la qualit\u00e9 de leur travail pour l&rsquo;attractivit\u00e9 des territoires. Pour nous, il \u00e9tait important de les c\u00e9l\u00e9brer\u00a0\u00bb<\/i>, a indiqu\u00e9 l&rsquo;initiateur et Pr\u00e9sident de l&rsquo;ONG AMISTAD, Brice Delagno.<\/div>\n<div><i>\u00a0<\/i><\/div>\n<div><i>\u00a0<\/i><\/div>\n<div>Il a \u00e9galement ajout\u00e9 que trois (03) recommandations ont \u00e9t\u00e9 faites au cours de cette troisi\u00e8me \u00e9dition. A savoir, la mise en place d&rsquo;un dispositif pouvant permettre la promotion des innovations dans les territoires mais \u00e9galement l&rsquo;accompagnement des \u00e9lus locaux dans le d\u00e9veloppement de l&rsquo;\u00e9conomie locale, la mobilisation des ressources du financement innovant et la collaboration avec les acteurs du d\u00e9veloppement durable.<\/div>\n<div>Aux dires du Pr\u00e9sident de l&rsquo;ONG AMISTAD, \u00a0\u00bb il est important de mettre en place un m\u00e9canisme pour que toutes les structures (secteur priv\u00e9, soci\u00e9t\u00e9 civile, associations, coop\u00e9ratives, etc) puissent collaborer pour le d\u00e9veloppement du territoire. A travers ces structures, nous allons \u00e9tablir un plan d&rsquo;actions qui va donc d\u00e9boucher sur les objectifs concrets que nous allons mettre en \u0153uvre\u00a0\u00bb, a-t-il dit.\u00a0<i>\u00a0<\/i><\/div>\n<div><\/div>\n<div><\/div>\n<div>Ci-dessous la liste compl\u00e8te des 24 Prix d\u00e9cern\u00e9s aux personnalit\u00e9s, entreprises et administrations :<\/div>\n<div><\/div>\n<div><\/div>\n<div><b>Cat\u00e9gorie<\/b>\u00a0<b>A<\/b>\u00a0<b>(18)<\/b><\/div>\n<div><\/div>\n<div>Meilleur Dispositif\/Programme National : AGENCE EMPLOI JEUNES (AEJ)<\/div>\n<div><\/div>\n<div>Meilleur Op\u00e9rateur Immobilier : ORIBAT<\/div>\n<div><\/div>\n<div>Meilleur Paiement Marchand : WAVE<\/div>\n<div><\/div>\n<div>Meilleur Programme T\u00e9l\u00e9vision\/Radio : A+ IVOIRE<\/div>\n<div><\/div>\n<div>Meilleur D\u00e9put\u00e9 de la Nation : TIEMOKO ASSALE (Tiassal\u00e9)<\/div>\n<div><\/div>\n<div>Meilleur Maire : EHOUO JACQUES (Plateau)<\/div>\n<div><\/div>\n<div>Meilleure Microfinance : ADVANS<\/div>\n<div><\/div>\n<div>Meilleure Station-service D&rsquo;hydrocarbures : SHELL DE VIVO ENERGY<\/div>\n<div><\/div>\n<div>Meilleure Agence De Coop\u00e9ration Internationale : AFD(Agence Fran\u00e7aise de D\u00e9veloppement)<\/div>\n<div><\/div>\n<div>Meilleure Ambassade\/Mission Diplomatique : Ambassade du Royaume du Maroc en C\u00f4te d&rsquo;Ivoire<\/div>\n<div><\/div>\n<div>Meilleure Application Pour VTC: YANGO<\/div>\n<div><\/div>\n<div>Meilleure Banque : BANK OF AFRICA<\/div>\n<div><\/div>\n<div>Meilleure Compagnie d&rsquo;assurances : NSIA Assurances<\/div>\n<div><\/div>\n<div>Meilleure Compagnie de Transport Inter-urbain : UTB (Union des Transporteurs de Bouak\u00e9)<\/div>\n<div><\/div>\n<div>Meilleure ONG : ONEF (Organisation Nationale pour l&rsquo;Enfant, la Femme et la Famille)<\/div>\n<div><\/div>\n<div>Meilleure Politique RSE : Fondation Magic System<\/div>\n<div><\/div>\n<div>Meilleure Ville Touristique : Commune de Yamoussoukro<\/div>\n<div><\/div>\n<div>Prix Meilleure Innovation Du Secteur Priv\u00e9 : VOLTARES SENEGAL<\/div>\n<div><\/div>\n<div><\/div>\n<div><b>B-Prix<\/b>\u00a0<b>sp\u00e9ciaux<\/b>\u00a0<b>(3)<\/b>\u00a0:<\/div>\n<div><\/div>\n<div>Prix Sp\u00e9cial, Coop\u00e9ration Sud-sud\u00a0 : Ambassade du Royaume du Maroc\u00a0 en C\u00f4te d&rsquo;Ivoire,<\/div>\n<div><\/div>\n<div>Prix Sp\u00e9cial, Coop\u00e9ration Sud-sud . : Direction de la coop\u00e9ration D\u00e9centralis\u00e9e (Minist\u00e8re des collectivit\u00e9s territoriales, de l&rsquo;am\u00e9nagement et du d\u00e9veloppement des territoires du S\u00e9n\u00e9gal),<\/div>\n<div><\/div>\n<div>Prix Sp\u00e9cial Service Public<\/div>\n<div>\u00a0ONEP( Office National de l&rsquo;Eau Potable)<\/div>\n<div><\/div>\n<div><b>C-Prix<\/b>\u00a0<b>d&rsquo;Honneur<\/b>\u00a0<b>(2)<\/b><\/div>\n<div><\/div>\n<div>Prix d&rsquo;Honneur, Meilleure Innovation Du Secteur Public : M. ASSAHORE KONAN JACQUES, Ministre de l&rsquo;Environnement, du D\u00e9veloppement Durable et de la Transition \u00c9cologique<\/div>\n<div><\/div>\n<div>Prix d&rsquo;Honneur, Meilleure Innovation Du Secteur Priv\u00e9 : QUIPUX AFRIQUE<\/div>\n<div><\/div>\n<div><b>D-SUPER<\/b>\u00a0<b>PRIX<\/b>\u00a0<b>FORAVID<\/b>\u00a0<b>2023 des collectivit\u00e9s territoriales(01) :\u00a0<\/b><\/div>\n<div><\/div>\n<div>Mme GOUDOU RAYMONDE COFFI, Ministre-Gouverneure Du District Des Lacs.<\/div>\n<div><\/div>\n<div><\/div>\n<div><\/div>\n<div><\/div>\n<div><\/div>\n<div><b>S.A.<\/b><\/div>\n","protected":false},"excerpt":{"rendered":"<p>La troisi\u00e8me \u00e9dition du Forum Africain des Villes Durables(FORAVID 2023) s&rsquo;est tenue, mercredi 20 d\u00e9cembre 2023, dans la Cit\u00e9 des affaires, Plateau (Abidjan), autour du th\u00e8me : \u00ab\u00a0Innovations pour l&rsquo;attractivit\u00e9 des territoires\u00a0\u00bb.\u00a0 A l&rsquo;issue de cette \u00e9dition 2023, 24 Prix ont \u00e9t\u00e9 d\u00e9cern\u00e9s \u00e0 des personnalit\u00e9s, entreprises et administrations r\u00e9parties en 18 cat\u00e9gories, 03 Prix [&hellip;]<\/p>\n","protected":false},"author":2,"featured_media":5682,"comment_status":"closed","ping_status":"closed","sticky":false,"template":"","format":"standard","meta":{"_acf_changed":false,"footnotes":""},"categories":[1],"tags":[],"class_list":["post-5673","post","type-post","status-publish","format-standard","has-post-thumbnail","hentry","category-national"],"acf":[],"yoast_head":"<!-- This site is optimized with the Yoast SEO plugin v27.5 - https:\/\/yoast.com\/product\/yoast-seo-wordpress\/ -->\n<title>3\u00e8 \u00e9dition du Forum Africain des Villes Durables (FORAVID 2023) : Plusieurs Prix d\u00e9cern\u00e9s - Amanien| L&#039;actualit\u00e9 Ivoirienne et Internationale<\/title>\n<meta name=\"robots\" content=\"index, follow, max-snippet:-1, max-image-preview:large, max-video-preview:-1\" \/>\n<link rel=\"canonical\" href=\"https:\/\/www.amanien.info\/news\/3e-edition-du-forum-africain-des-villes-durables-foravid-2023-plusieurs-prix-decernes\/\" \/>\n<meta property=\"og:locale\" content=\"fr_FR\" \/>\n<meta property=\"og:type\" content=\"article\" \/>\n<meta property=\"og:title\" content=\"3\u00e8 \u00e9dition du Forum Africain des Villes Durables (FORAVID 2023) : Plusieurs Prix d\u00e9cern\u00e9s - Amanien| L&#039;actualit\u00e9 Ivoirienne et Internationale\" \/>\n<meta property=\"og:description\" content=\"La troisi\u00e8me \u00e9dition du Forum Africain des Villes Durables(FORAVID 2023) s&rsquo;est tenue, mercredi 20 d\u00e9cembre 2023, dans la Cit\u00e9 des affaires, Plateau (Abidjan), autour du th\u00e8me : \u00ab\u00a0Innovations pour l&rsquo;attractivit\u00e9 des territoires\u00a0\u00bb.\u00a0 A l&rsquo;issue de cette \u00e9dition 2023, 24 Prix ont \u00e9t\u00e9 d\u00e9cern\u00e9s \u00e0 des personnalit\u00e9s, entreprises et administrations r\u00e9parties en 18 cat\u00e9gories, 03 Prix [&hellip;]\" \/>\n<meta property=\"og:url\" content=\"https:\/\/www.amanien.info\/news\/3e-edition-du-forum-africain-des-villes-durables-foravid-2023-plusieurs-prix-decernes\/\" \/>\n<meta property=\"og:site_name\" content=\"Amanien| L&#039;actualit\u00e9 Ivoirienne et Internationale\" \/>\n<meta property=\"article:published_time\" content=\"2023-12-22T11:06:43+00:00\" \/>\n<meta property=\"og:image\" content=\"https:\/\/www.amanien.info\/news\/wp-content\/uploads\/2023\/12\/imagia.jpg\" \/>\n\t<meta property=\"og:image:width\" content=\"720\" \/>\n\t<meta property=\"og:image:height\" content=\"480\" \/>\n\t<meta property=\"og:image:type\" content=\"image\/jpeg\" \/>\n<meta name=\"author\" content=\"Germain Ndri\" \/>\n<meta name=\"twitter:card\" content=\"summary_large_image\" \/>\n<meta name=\"twitter:label1\" content=\"\u00c9crit par\" \/>\n\t<meta name=\"twitter:data1\" content=\"Germain Ndri\" \/>\n\t<meta name=\"twitter:label2\" content=\"Dur\u00e9e de lecture estim\u00e9e\" \/>\n\t<meta name=\"twitter:data2\" content=\"3 minutes\" \/>\n<script type=\"application\/ld+json\" class=\"yoast-schema-graph\">{\"@context\":\"https:\\\/\\\/schema.org\",\"@graph\":[{\"@type\":\"Article\",\"@id\":\"https:\\\/\\\/www.amanien.info\\\/news\\\/3e-edition-du-forum-africain-des-villes-durables-foravid-2023-plusieurs-prix-decernes\\\/#article\",\"isPartOf\":{\"@id\":\"https:\\\/\\\/www.amanien.info\\\/news\\\/3e-edition-du-forum-africain-des-villes-durables-foravid-2023-plusieurs-prix-decernes\\\/\"},\"author\":{\"name\":\"Germain Ndri\",\"@id\":\"https:\\\/\\\/www.amanien.info\\\/news\\\/#\\\/schema\\\/person\\\/b21093345753a1a98242d505bd894f42\"},\"headline\":\"3\u00e8 \u00e9dition du Forum Africain des Villes Durables (FORAVID 2023) : Plusieurs Prix d\u00e9cern\u00e9s\",\"datePublished\":\"2023-12-22T11:06:43+00:00\",\"mainEntityOfPage\":{\"@id\":\"https:\\\/\\\/www.amanien.info\\\/news\\\/3e-edition-du-forum-africain-des-villes-durables-foravid-2023-plusieurs-prix-decernes\\\/\"},\"wordCount\":558,\"image\":{\"@id\":\"https:\\\/\\\/www.amanien.info\\\/news\\\/3e-edition-du-forum-africain-des-villes-durables-foravid-2023-plusieurs-prix-decernes\\\/#primaryimage\"},\"thumbnailUrl\":\"https:\\\/\\\/www.amanien.info\\\/news\\\/wp-content\\\/uploads\\\/2023\\\/12\\\/imagia.jpg\",\"articleSection\":[\"National\"],\"inLanguage\":\"fr-FR\"},{\"@type\":\"WebPage\",\"@id\":\"https:\\\/\\\/www.amanien.info\\\/news\\\/3e-edition-du-forum-africain-des-villes-durables-foravid-2023-plusieurs-prix-decernes\\\/\",\"url\":\"https:\\\/\\\/www.amanien.info\\\/news\\\/3e-edition-du-forum-africain-des-villes-durables-foravid-2023-plusieurs-prix-decernes\\\/\",\"name\":\"3\u00e8 \u00e9dition du Forum Africain des Villes Durables (FORAVID 2023) : Plusieurs Prix d\u00e9cern\u00e9s - Amanien| L&#039;actualit\u00e9 Ivoirienne et Internationale\",\"isPartOf\":{\"@id\":\"https:\\\/\\\/www.amanien.info\\\/news\\\/#website\"},\"primaryImageOfPage\":{\"@id\":\"https:\\\/\\\/www.amanien.info\\\/news\\\/3e-edition-du-forum-africain-des-villes-durables-foravid-2023-plusieurs-prix-decernes\\\/#primaryimage\"},\"image\":{\"@id\":\"https:\\\/\\\/www.amanien.info\\\/news\\\/3e-edition-du-forum-africain-des-villes-durables-foravid-2023-plusieurs-prix-decernes\\\/#primaryimage\"},\"thumbnailUrl\":\"https:\\\/\\\/www.amanien.info\\\/news\\\/wp-content\\\/uploads\\\/2023\\\/12\\\/imagia.jpg\",\"datePublished\":\"2023-12-22T11:06:43+00:00\",\"author\":{\"@id\":\"https:\\\/\\\/www.amanien.info\\\/news\\\/#\\\/schema\\\/person\\\/b21093345753a1a98242d505bd894f42\"},\"breadcrumb\":{\"@id\":\"https:\\\/\\\/www.amanien.info\\\/news\\\/3e-edition-du-forum-africain-des-villes-durables-foravid-2023-plusieurs-prix-decernes\\\/#breadcrumb\"},\"inLanguage\":\"fr-FR\",\"potentialAction\":[{\"@type\":\"ReadAction\",\"target\":[\"https:\\\/\\\/www.amanien.info\\\/news\\\/3e-edition-du-forum-africain-des-villes-durables-foravid-2023-plusieurs-prix-decernes\\\/\"]}]},{\"@type\":\"ImageObject\",\"inLanguage\":\"fr-FR\",\"@id\":\"https:\\\/\\\/www.amanien.info\\\/news\\\/3e-edition-du-forum-africain-des-villes-durables-foravid-2023-plusieurs-prix-decernes\\\/#primaryimage\",\"url\":\"https:\\\/\\\/www.amanien.info\\\/news\\\/wp-content\\\/uploads\\\/2023\\\/12\\\/imagia.jpg\",\"contentUrl\":\"https:\\\/\\\/www.amanien.info\\\/news\\\/wp-content\\\/uploads\\\/2023\\\/12\\\/imagia.jpg\",\"width\":720,\"height\":480},{\"@type\":\"BreadcrumbList\",\"@id\":\"https:\\\/\\\/www.amanien.info\\\/news\\\/3e-edition-du-forum-africain-des-villes-durables-foravid-2023-plusieurs-prix-decernes\\\/#breadcrumb\",\"itemListElement\":[{\"@type\":\"ListItem\",\"position\":1,\"name\":\"Accueil\",\"item\":\"https:\\\/\\\/www.amanien.info\\\/news\\\/\"},{\"@type\":\"ListItem\",\"position\":2,\"name\":\"3\u00e8 \u00e9dition du Forum Africain des Villes Durables (FORAVID 2023) : Plusieurs Prix d\u00e9cern\u00e9s\"}]},{\"@type\":\"WebSite\",\"@id\":\"https:\\\/\\\/www.amanien.info\\\/news\\\/#website\",\"url\":\"https:\\\/\\\/www.amanien.info\\\/news\\\/\",\"name\":\"Amanien| L&#039;actualit\u00e9 Ivoirienne et Internationale\",\"description\":\"L&#039;actualit\u00e9 Ivoirienne et Internationale\",\"potentialAction\":[{\"@type\":\"SearchAction\",\"target\":{\"@type\":\"EntryPoint\",\"urlTemplate\":\"https:\\\/\\\/www.amanien.info\\\/news\\\/?s={search_term_string}\"},\"query-input\":{\"@type\":\"PropertyValueSpecification\",\"valueRequired\":true,\"valueName\":\"search_term_string\"}}],\"inLanguage\":\"fr-FR\"},{\"@type\":\"Person\",\"@id\":\"https:\\\/\\\/www.amanien.info\\\/news\\\/#\\\/schema\\\/person\\\/b21093345753a1a98242d505bd894f42\",\"name\":\"Germain Ndri\",\"url\":\"https:\\\/\\\/www.amanien.info\\\/news\\\/author\\\/amanien-infos\\\/\"}]}<\/script>\n<!-- \/ Yoast SEO plugin. -->","yoast_head_json":{"title":"3\u00e8 \u00e9dition du Forum Africain des Villes Durables (FORAVID 2023) : Plusieurs Prix d\u00e9cern\u00e9s - Amanien| L&#039;actualit\u00e9 Ivoirienne et Internationale","robots":{"index":"index","follow":"follow","max-snippet":"max-snippet:-1","max-image-preview":"max-image-preview:large","max-video-preview":"max-video-preview:-1"},"canonical":"https:\/\/www.amanien.info\/news\/3e-edition-du-forum-africain-des-villes-durables-foravid-2023-plusieurs-prix-decernes\/","og_locale":"fr_FR","og_type":"article","og_title":"3\u00e8 \u00e9dition du Forum Africain des Villes Durables (FORAVID 2023) : Plusieurs Prix d\u00e9cern\u00e9s - Amanien| L&#039;actualit\u00e9 Ivoirienne et Internationale","og_description":"La troisi\u00e8me \u00e9dition du Forum Africain des Villes Durables(FORAVID 2023) s&rsquo;est tenue, mercredi 20 d\u00e9cembre 2023, dans la Cit\u00e9 des affaires, Plateau (Abidjan), autour du th\u00e8me : \u00ab\u00a0Innovations pour l&rsquo;attractivit\u00e9 des territoires\u00a0\u00bb.\u00a0 A l&rsquo;issue de cette \u00e9dition 2023, 24 Prix ont \u00e9t\u00e9 d\u00e9cern\u00e9s \u00e0 des personnalit\u00e9s, entreprises et administrations r\u00e9parties en 18 cat\u00e9gories, 03 Prix [&hellip;]","og_url":"https:\/\/www.amanien.info\/news\/3e-edition-du-forum-africain-des-villes-durables-foravid-2023-plusieurs-prix-decernes\/","og_site_name":"Amanien| L&#039;actualit\u00e9 Ivoirienne et Internationale","article_published_time":"2023-12-22T11:06:43+00:00","og_image":[{"width":720,"height":480,"url":"https:\/\/www.amanien.info\/news\/wp-content\/uploads\/2023\/12\/imagia.jpg","type":"image\/jpeg"}],"author":"Germain Ndri","twitter_card":"summary_large_image","twitter_misc":{"\u00c9crit par":"Germain Ndri","Dur\u00e9e de lecture estim\u00e9e":"3 minutes"},"schema":{"@context":"https:\/\/schema.org","@graph":[{"@type":"Article","@id":"https:\/\/www.amanien.info\/news\/3e-edition-du-forum-africain-des-villes-durables-foravid-2023-plusieurs-prix-decernes\/#article","isPartOf":{"@id":"https:\/\/www.amanien.info\/news\/3e-edition-du-forum-africain-des-villes-durables-foravid-2023-plusieurs-prix-decernes\/"},"author":{"name":"Germain Ndri","@id":"https:\/\/www.amanien.info\/news\/#\/schema\/person\/b21093345753a1a98242d505bd894f42"},"headline":"3\u00e8 \u00e9dition du Forum Africain des Villes Durables (FORAVID 2023) : Plusieurs Prix d\u00e9cern\u00e9s","datePublished":"2023-12-22T11:06:43+00:00","mainEntityOfPage":{"@id":"https:\/\/www.amanien.info\/news\/3e-edition-du-forum-africain-des-villes-durables-foravid-2023-plusieurs-prix-decernes\/"},"wordCount":558,"image":{"@id":"https:\/\/www.amanien.info\/news\/3e-edition-du-forum-africain-des-villes-durables-foravid-2023-plusieurs-prix-decernes\/#primaryimage"},"thumbnailUrl":"https:\/\/www.amanien.info\/news\/wp-content\/uploads\/2023\/12\/imagia.jpg","articleSection":["National"],"inLanguage":"fr-FR"},{"@type":"WebPage","@id":"https:\/\/www.amanien.info\/news\/3e-edition-du-forum-africain-des-villes-durables-foravid-2023-plusieurs-prix-decernes\/","url":"https:\/\/www.amanien.info\/news\/3e-edition-du-forum-africain-des-villes-durables-foravid-2023-plusieurs-prix-decernes\/","name":"3\u00e8 \u00e9dition du Forum Africain des Villes Durables (FORAVID 2023) : Plusieurs Prix d\u00e9cern\u00e9s - Amanien| L&#039;actualit\u00e9 Ivoirienne et Internationale","isPartOf":{"@id":"https:\/\/www.amanien.info\/news\/#website"},"primaryImageOfPage":{"@id":"https:\/\/www.amanien.info\/news\/3e-edition-du-forum-africain-des-villes-durables-foravid-2023-plusieurs-prix-decernes\/#primaryimage"},"image":{"@id":"https:\/\/www.amanien.info\/news\/3e-edition-du-forum-africain-des-villes-durables-foravid-2023-plusieurs-prix-decernes\/#primaryimage"},"thumbnailUrl":"https:\/\/www.amanien.info\/news\/wp-content\/uploads\/2023\/12\/imagia.jpg","datePublished":"2023-12-22T11:06:43+00:00","author":{"@id":"https:\/\/www.amanien.info\/news\/#\/schema\/person\/b21093345753a1a98242d505bd894f42"},"breadcrumb":{"@id":"https:\/\/www.amanien.info\/news\/3e-edition-du-forum-africain-des-villes-durables-foravid-2023-plusieurs-prix-decernes\/#breadcrumb"},"inLanguage":"fr-FR","potentialAction":[{"@type":"ReadAction","target":["https:\/\/www.amanien.info\/news\/3e-edition-du-forum-africain-des-villes-durables-foravid-2023-plusieurs-prix-decernes\/"]}]},{"@type":"ImageObject","inLanguage":"fr-FR","@id":"https:\/\/www.amanien.info\/news\/3e-edition-du-forum-africain-des-villes-durables-foravid-2023-plusieurs-prix-decernes\/#primaryimage","url":"https:\/\/www.amanien.info\/news\/wp-content\/uploads\/2023\/12\/imagia.jpg","contentUrl":"https:\/\/www.amanien.info\/news\/wp-content\/uploads\/2023\/12\/imagia.jpg","width":720,"height":480},{"@type":"BreadcrumbList","@id":"https:\/\/www.amanien.info\/news\/3e-edition-du-forum-africain-des-villes-durables-foravid-2023-plusieurs-prix-decernes\/#breadcrumb","itemListElement":[{"@type":"ListItem","position":1,"name":"Accueil","item":"https:\/\/www.amanien.info\/news\/"},{"@type":"ListItem","position":2,"name":"3\u00e8 \u00e9dition du Forum Africain des Villes Durables (FORAVID 2023) : Plusieurs Prix d\u00e9cern\u00e9s"}]},{"@type":"WebSite","@id":"https:\/\/www.amanien.info\/news\/#website","url":"https:\/\/www.amanien.info\/news\/","name":"Amanien| L&#039;actualit\u00e9 Ivoirienne et Internationale","description":"L&#039;actualit\u00e9 Ivoirienne et Internationale","potentialAction":[{"@type":"SearchAction","target":{"@type":"EntryPoint","urlTemplate":"https:\/\/www.amanien.info\/news\/?s={search_term_string}"},"query-input":{"@type":"PropertyValueSpecification","valueRequired":true,"valueName":"search_term_string"}}],"inLanguage":"fr-FR"},{"@type":"Person","@id":"https:\/\/www.amanien.info\/news\/#\/schema\/person\/b21093345753a1a98242d505bd894f42","name":"Germain Ndri","url":"https:\/\/www.amanien.info\/news\/author\/amanien-infos\/"}]}},"_links":{"self":[{"href":"https:\/\/www.amanien.info\/news\/wp-json\/wp\/v2\/posts\/5673","targetHints":{"allow":["GET"]}}],"collection":[{"href":"https:\/\/www.amanien.info\/news\/wp-json\/wp\/v2\/posts"}],"about":[{"href":"https:\/\/www.amanien.info\/news\/wp-json\/wp\/v2\/types\/post"}],"author":[{"embeddable":true,"href":"https:\/\/www.amanien.info\/news\/wp-json\/wp\/v2\/users\/2"}],"replies":[{"embeddable":true,"href":"https:\/\/www.amanien.info\/news\/wp-json\/wp\/v2\/comments?post=5673"}],"version-history":[{"count":1,"href":"https:\/\/www.amanien.info\/news\/wp-json\/wp\/v2\/posts\/5673\/revisions"}],"predecessor-version":[{"id":5683,"href":"https:\/\/www.amanien.info\/news\/wp-json\/wp\/v2\/posts\/5673\/revisions\/5683"}],"wp:featuredmedia":[{"embeddable":true,"href":"https:\/\/www.amanien.info\/news\/wp-json\/wp\/v2\/media\/5682"}],"wp:attachment":[{"href":"https:\/\/www.amanien.info\/news\/wp-json\/wp\/v2\/media?parent=5673"}],"wp:term":[{"taxonomy":"category","embeddable":true,"href":"https:\/\/www.amanien.info\/news\/wp-json\/wp\/v2\/categories?post=5673"},{"taxonomy":"post_tag","embeddable":true,"href":"https:\/\/www.amanien.info\/news\/wp-json\/wp\/v2\/tags?post=5673"}],"curies":[{"name":"wp","href":"https:\/\/api.w.org\/{rel}","templated":true}]}}