{"id":5665,"date":"2023-12-17T09:08:59","date_gmt":"2023-12-17T09:08:59","guid":{"rendered":"https:\/\/www.amanien.info\/news\/?p=5665"},"modified":"2023-12-17T09:08:59","modified_gmt":"2023-12-17T09:08:59","slug":"litterature-marie-laure-ngoran-dedicace-son-premier-livre-le-combat-dune-heroine-et-si-cetait-une-histoire-vraie","status":"publish","type":"post","link":"https:\/\/www.amanien.info\/news\/litterature-marie-laure-ngoran-dedicace-son-premier-livre-le-combat-dune-heroine-et-si-cetait-une-histoire-vraie\/","title":{"rendered":"Litt\u00e9rature : Marie Laure N&rsquo;Goran d\u00e9dicace son premier livre \u00ab\u00a0Le combat d&rsquo;une h\u00e9ro\u00efne, et si c&rsquo;\u00e9tait une histoire vraie\u00a0\u00bb"},"content":{"rendered":"<p>&nbsp;<\/p>\n<div><span style=\"text-transform: initial;\">La Journaliste- pr\u00e9sentatrice t\u00e9l\u00e9 et \u00e9crivaine, Marie Laure N&rsquo;Goran a proc\u00e9d\u00e9, vendredi 15 d\u00e9cembre 2023, dans les locaux de la Radiodiffusion T\u00e9l\u00e9vision Ivoirienne (RTI), \u00e0 la d\u00e9dicace de son tout premier ouvrage intitul\u00e9 \u00ab\u00a0Le combat d&rsquo;une h\u00e9ro\u00efne, et si c&rsquo;\u00e9tait une histoire vraie\u00a0\u00bb. C&rsquo;\u00e9tait en pr\u00e9sence de plusieurs Journalistes et invit\u00e9s.\u00a0<\/span><\/div>\n<div><\/div>\n<div><\/div>\n<div>\u00c9crit dans un style accessible, \u00ab\u00a0Le combat d&rsquo;une h\u00e9ro\u00efne, et si c&rsquo;\u00e9tait une histoire vraie\u00a0\u00bb, est un ouvrage de 91 pages dans lequel l&rsquo;Auteure Marie Laure N&rsquo;Goran aborde des th\u00e8mes tels que la r\u00e9silience, le courage, la d\u00e9termination.\u00a0<i>\u00ab\u00a0J&rsquo;ai voulu partager dans mon ouvrage le message de r\u00e9silience, de courage, de d\u00e9termination, d&rsquo;audace ; dire aux lecteurs que quelles que soient les turbulences de la vie, il faut qu&rsquo;on note qu&rsquo;on va toujours les d\u00e9passer. Il faut rester accrocher \u00e0 son r\u00eave\u00a0\u00bb,\u00a0<\/i>a fait savoir l&rsquo;auteure, tout en encourageant chacun \u00ab\u00a0\u00e0 r\u00eaver, \u00e0 se lever , \u00e0 oser et \u00e0 r\u00e9veiller le champion qui est en soi\u00a0\u00bb, a-t-elle dit.<\/div>\n<div><\/div>\n<div>Pour la journaliste-pr\u00e9sentatrice t\u00e9l\u00e9, il faut toujours esp\u00e9rer. \u00ab\u00a0Il y a toujours solution \u00e0 tout probl\u00e8me\u00a0\u00bb, a-t-elle exhort\u00e9.<\/div>\n<div>Non sans manquer d&rsquo;inviter ses coll\u00e8gues Journalistes \u00e0 \u00e9crire des \u0153uvres.<\/div>\n<div><\/div>\n<div>En cette histoire d&rsquo;Ore\u00e9(le personnage principal), selon elle, chacun se retrouve. C&rsquo;est une histoire imagin\u00e9e, qui se base sur certains faits r\u00e9els et relate l&rsquo;itin\u00e9raire de cette jeune fille, en l&rsquo;occurrence Or\u00e9e, qui a \u00e9t\u00e9 martyris\u00e9e, viol\u00e9e, m\u00e9pris\u00e9e, et qui parvient malgr\u00e9 tout, \u00e0 se hisser au sommet de l&rsquo;\u00e9chelle.<\/div>\n<div><\/div>\n<div>Cette histoire, selon l&rsquo;\u00e9diteur Moussa Traor\u00e9,\u00a0 enseigne que malgr\u00e9 les \u00e9cueils et les vicissitudes de la vie, il ne faut jamais baisser les bras, car \u00ab\u00a0au bout de l&rsquo;effort, se trouve la r\u00e9compense\u00a0\u00bb.<\/div>\n<div><\/div>\n<div><\/div>\n<div>Pour rappel, Marie Laure N&rsquo;Goran est Journaliste-pr\u00e9sentatrice t\u00e9l\u00e9 exp\u00e9riment\u00e9e depuis 2013 sur la premi\u00e8re cha\u00eene RTI1. Elle est dipl\u00f4m\u00e9e de l&rsquo;Institut des Sciences et Techniques de Communication (ISTC) et de l&rsquo;Universit\u00e9 Alassane Ouattara de Bouak\u00e9 en Sciences Juridiques, Administratives et de Gestion.<\/div>\n<div><\/div>\n<div><\/div>\n<div><\/div>\n<div><b>S.A.<\/b><\/div>\n","protected":false},"excerpt":{"rendered":"<p>&nbsp; La Journaliste- pr\u00e9sentatrice t\u00e9l\u00e9 et \u00e9crivaine, Marie Laure N&rsquo;Goran a proc\u00e9d\u00e9, vendredi 15 d\u00e9cembre 2023, dans les locaux de la Radiodiffusion T\u00e9l\u00e9vision Ivoirienne (RTI), \u00e0 la d\u00e9dicace de son tout premier ouvrage intitul\u00e9 \u00ab\u00a0Le combat d&rsquo;une h\u00e9ro\u00efne, et si c&rsquo;\u00e9tait une histoire vraie\u00a0\u00bb. C&rsquo;\u00e9tait en pr\u00e9sence de plusieurs Journalistes et invit\u00e9s.\u00a0 \u00c9crit dans un [&hellip;]<\/p>\n","protected":false},"author":2,"featured_media":5666,"comment_status":"closed","ping_status":"closed","sticky":false,"template":"","format":"standard","meta":{"_acf_changed":false,"footnotes":""},"categories":[3],"tags":[],"class_list":["post-5665","post","type-post","status-publish","format-standard","has-post-thumbnail","hentry","category-culture"],"acf":[],"yoast_head":"<!-- This site is optimized with the Yoast SEO plugin v27.5 - https:\/\/yoast.com\/product\/yoast-seo-wordpress\/ -->\n<title>Litt\u00e9rature : Marie Laure N&#039;Goran d\u00e9dicace son premier livre &quot;Le combat d&#039;une h\u00e9ro\u00efne, et si c&#039;\u00e9tait une histoire vraie&quot; - Amanien| L&#039;actualit\u00e9 Ivoirienne et Internationale<\/title>\n<meta name=\"robots\" content=\"index, follow, max-snippet:-1, max-image-preview:large, max-video-preview:-1\" \/>\n<link rel=\"canonical\" href=\"https:\/\/www.amanien.info\/news\/litterature-marie-laure-ngoran-dedicace-son-premier-livre-le-combat-dune-heroine-et-si-cetait-une-histoire-vraie\/\" \/>\n<meta property=\"og:locale\" content=\"fr_FR\" \/>\n<meta property=\"og:type\" content=\"article\" \/>\n<meta property=\"og:title\" content=\"Litt\u00e9rature : Marie Laure N&#039;Goran d\u00e9dicace son premier livre &quot;Le combat d&#039;une h\u00e9ro\u00efne, et si c&#039;\u00e9tait une histoire vraie&quot; - Amanien| L&#039;actualit\u00e9 Ivoirienne et Internationale\" \/>\n<meta property=\"og:description\" content=\"&nbsp; La Journaliste- pr\u00e9sentatrice t\u00e9l\u00e9 et \u00e9crivaine, Marie Laure N&rsquo;Goran a proc\u00e9d\u00e9, vendredi 15 d\u00e9cembre 2023, dans les locaux de la Radiodiffusion T\u00e9l\u00e9vision Ivoirienne (RTI), \u00e0 la d\u00e9dicace de son tout premier ouvrage intitul\u00e9 \u00ab\u00a0Le combat d&rsquo;une h\u00e9ro\u00efne, et si c&rsquo;\u00e9tait une histoire vraie\u00a0\u00bb. C&rsquo;\u00e9tait en pr\u00e9sence de plusieurs Journalistes et invit\u00e9s.\u00a0 \u00c9crit dans un [&hellip;]\" \/>\n<meta property=\"og:url\" content=\"https:\/\/www.amanien.info\/news\/litterature-marie-laure-ngoran-dedicace-son-premier-livre-le-combat-dune-heroine-et-si-cetait-une-histoire-vraie\/\" \/>\n<meta property=\"og:site_name\" content=\"Amanien| L&#039;actualit\u00e9 Ivoirienne et Internationale\" \/>\n<meta property=\"article:published_time\" content=\"2023-12-17T09:08:59+00:00\" \/>\n<meta property=\"og:image\" content=\"https:\/\/www.amanien.info\/news\/wp-content\/uploads\/2023\/12\/litterature-dedicace-de-louvrage-le-combat-d-une-heroine-et-si-c-etait-une-_ko5s838qdxq-1.jpg\" \/>\n\t<meta property=\"og:image:width\" content=\"1000\" \/>\n\t<meta property=\"og:image:height\" content=\"666\" \/>\n\t<meta property=\"og:image:type\" content=\"image\/jpeg\" \/>\n<meta name=\"author\" content=\"Germain Ndri\" \/>\n<meta name=\"twitter:card\" content=\"summary_large_image\" \/>\n<meta name=\"twitter:label1\" content=\"\u00c9crit par\" \/>\n\t<meta name=\"twitter:data1\" content=\"Germain Ndri\" \/>\n\t<meta name=\"twitter:label2\" content=\"Dur\u00e9e de lecture estim\u00e9e\" \/>\n\t<meta name=\"twitter:data2\" content=\"2 minutes\" \/>\n<script type=\"application\/ld+json\" class=\"yoast-schema-graph\">{\"@context\":\"https:\\\/\\\/schema.org\",\"@graph\":[{\"@type\":\"Article\",\"@id\":\"https:\\\/\\\/www.amanien.info\\\/news\\\/litterature-marie-laure-ngoran-dedicace-son-premier-livre-le-combat-dune-heroine-et-si-cetait-une-histoire-vraie\\\/#article\",\"isPartOf\":{\"@id\":\"https:\\\/\\\/www.amanien.info\\\/news\\\/litterature-marie-laure-ngoran-dedicace-son-premier-livre-le-combat-dune-heroine-et-si-cetait-une-histoire-vraie\\\/\"},\"author\":{\"name\":\"Germain Ndri\",\"@id\":\"https:\\\/\\\/www.amanien.info\\\/news\\\/#\\\/schema\\\/person\\\/b21093345753a1a98242d505bd894f42\"},\"headline\":\"Litt\u00e9rature : Marie Laure N&rsquo;Goran d\u00e9dicace son premier livre \u00ab\u00a0Le combat d&rsquo;une h\u00e9ro\u00efne, et si c&rsquo;\u00e9tait une histoire vraie\u00a0\u00bb\",\"datePublished\":\"2023-12-17T09:08:59+00:00\",\"mainEntityOfPage\":{\"@id\":\"https:\\\/\\\/www.amanien.info\\\/news\\\/litterature-marie-laure-ngoran-dedicace-son-premier-livre-le-combat-dune-heroine-et-si-cetait-une-histoire-vraie\\\/\"},\"wordCount\":396,\"image\":{\"@id\":\"https:\\\/\\\/www.amanien.info\\\/news\\\/litterature-marie-laure-ngoran-dedicace-son-premier-livre-le-combat-dune-heroine-et-si-cetait-une-histoire-vraie\\\/#primaryimage\"},\"thumbnailUrl\":\"https:\\\/\\\/www.amanien.info\\\/news\\\/wp-content\\\/uploads\\\/2023\\\/12\\\/litterature-dedicace-de-louvrage-le-combat-d-une-heroine-et-si-c-etait-une-_ko5s838qdxq-1.jpg\",\"articleSection\":[\"Culture\"],\"inLanguage\":\"fr-FR\"},{\"@type\":\"WebPage\",\"@id\":\"https:\\\/\\\/www.amanien.info\\\/news\\\/litterature-marie-laure-ngoran-dedicace-son-premier-livre-le-combat-dune-heroine-et-si-cetait-une-histoire-vraie\\\/\",\"url\":\"https:\\\/\\\/www.amanien.info\\\/news\\\/litterature-marie-laure-ngoran-dedicace-son-premier-livre-le-combat-dune-heroine-et-si-cetait-une-histoire-vraie\\\/\",\"name\":\"Litt\u00e9rature : Marie Laure N'Goran d\u00e9dicace son premier livre \\\"Le combat d'une h\u00e9ro\u00efne, et si c'\u00e9tait une histoire vraie\\\" - Amanien| L&#039;actualit\u00e9 Ivoirienne et Internationale\",\"isPartOf\":{\"@id\":\"https:\\\/\\\/www.amanien.info\\\/news\\\/#website\"},\"primaryImageOfPage\":{\"@id\":\"https:\\\/\\\/www.amanien.info\\\/news\\\/litterature-marie-laure-ngoran-dedicace-son-premier-livre-le-combat-dune-heroine-et-si-cetait-une-histoire-vraie\\\/#primaryimage\"},\"image\":{\"@id\":\"https:\\\/\\\/www.amanien.info\\\/news\\\/litterature-marie-laure-ngoran-dedicace-son-premier-livre-le-combat-dune-heroine-et-si-cetait-une-histoire-vraie\\\/#primaryimage\"},\"thumbnailUrl\":\"https:\\\/\\\/www.amanien.info\\\/news\\\/wp-content\\\/uploads\\\/2023\\\/12\\\/litterature-dedicace-de-louvrage-le-combat-d-une-heroine-et-si-c-etait-une-_ko5s838qdxq-1.jpg\",\"datePublished\":\"2023-12-17T09:08:59+00:00\",\"author\":{\"@id\":\"https:\\\/\\\/www.amanien.info\\\/news\\\/#\\\/schema\\\/person\\\/b21093345753a1a98242d505bd894f42\"},\"breadcrumb\":{\"@id\":\"https:\\\/\\\/www.amanien.info\\\/news\\\/litterature-marie-laure-ngoran-dedicace-son-premier-livre-le-combat-dune-heroine-et-si-cetait-une-histoire-vraie\\\/#breadcrumb\"},\"inLanguage\":\"fr-FR\",\"potentialAction\":[{\"@type\":\"ReadAction\",\"target\":[\"https:\\\/\\\/www.amanien.info\\\/news\\\/litterature-marie-laure-ngoran-dedicace-son-premier-livre-le-combat-dune-heroine-et-si-cetait-une-histoire-vraie\\\/\"]}]},{\"@type\":\"ImageObject\",\"inLanguage\":\"fr-FR\",\"@id\":\"https:\\\/\\\/www.amanien.info\\\/news\\\/litterature-marie-laure-ngoran-dedicace-son-premier-livre-le-combat-dune-heroine-et-si-cetait-une-histoire-vraie\\\/#primaryimage\",\"url\":\"https:\\\/\\\/www.amanien.info\\\/news\\\/wp-content\\\/uploads\\\/2023\\\/12\\\/litterature-dedicace-de-louvrage-le-combat-d-une-heroine-et-si-c-etait-une-_ko5s838qdxq-1.jpg\",\"contentUrl\":\"https:\\\/\\\/www.amanien.info\\\/news\\\/wp-content\\\/uploads\\\/2023\\\/12\\\/litterature-dedicace-de-louvrage-le-combat-d-une-heroine-et-si-c-etait-une-_ko5s838qdxq-1.jpg\",\"width\":1000,\"height\":666},{\"@type\":\"BreadcrumbList\",\"@id\":\"https:\\\/\\\/www.amanien.info\\\/news\\\/litterature-marie-laure-ngoran-dedicace-son-premier-livre-le-combat-dune-heroine-et-si-cetait-une-histoire-vraie\\\/#breadcrumb\",\"itemListElement\":[{\"@type\":\"ListItem\",\"position\":1,\"name\":\"Accueil\",\"item\":\"https:\\\/\\\/www.amanien.info\\\/news\\\/\"},{\"@type\":\"ListItem\",\"position\":2,\"name\":\"Litt\u00e9rature : Marie Laure N&rsquo;Goran d\u00e9dicace son premier livre \u00ab\u00a0Le combat d&rsquo;une h\u00e9ro\u00efne, et si c&rsquo;\u00e9tait une histoire vraie\u00a0\u00bb\"}]},{\"@type\":\"WebSite\",\"@id\":\"https:\\\/\\\/www.amanien.info\\\/news\\\/#website\",\"url\":\"https:\\\/\\\/www.amanien.info\\\/news\\\/\",\"name\":\"Amanien| L&#039;actualit\u00e9 Ivoirienne et Internationale\",\"description\":\"L&#039;actualit\u00e9 Ivoirienne et Internationale\",\"potentialAction\":[{\"@type\":\"SearchAction\",\"target\":{\"@type\":\"EntryPoint\",\"urlTemplate\":\"https:\\\/\\\/www.amanien.info\\\/news\\\/?s={search_term_string}\"},\"query-input\":{\"@type\":\"PropertyValueSpecification\",\"valueRequired\":true,\"valueName\":\"search_term_string\"}}],\"inLanguage\":\"fr-FR\"},{\"@type\":\"Person\",\"@id\":\"https:\\\/\\\/www.amanien.info\\\/news\\\/#\\\/schema\\\/person\\\/b21093345753a1a98242d505bd894f42\",\"name\":\"Germain Ndri\",\"url\":\"https:\\\/\\\/www.amanien.info\\\/news\\\/author\\\/amanien-infos\\\/\"}]}<\/script>\n<!-- \/ Yoast SEO plugin. -->","yoast_head_json":{"title":"Litt\u00e9rature : Marie Laure N'Goran d\u00e9dicace son premier livre \"Le combat d'une h\u00e9ro\u00efne, et si c'\u00e9tait une histoire vraie\" - Amanien| L&#039;actualit\u00e9 Ivoirienne et Internationale","robots":{"index":"index","follow":"follow","max-snippet":"max-snippet:-1","max-image-preview":"max-image-preview:large","max-video-preview":"max-video-preview:-1"},"canonical":"https:\/\/www.amanien.info\/news\/litterature-marie-laure-ngoran-dedicace-son-premier-livre-le-combat-dune-heroine-et-si-cetait-une-histoire-vraie\/","og_locale":"fr_FR","og_type":"article","og_title":"Litt\u00e9rature : Marie Laure N'Goran d\u00e9dicace son premier livre \"Le combat d'une h\u00e9ro\u00efne, et si c'\u00e9tait une histoire vraie\" - Amanien| L&#039;actualit\u00e9 Ivoirienne et Internationale","og_description":"&nbsp; La Journaliste- pr\u00e9sentatrice t\u00e9l\u00e9 et \u00e9crivaine, Marie Laure N&rsquo;Goran a proc\u00e9d\u00e9, vendredi 15 d\u00e9cembre 2023, dans les locaux de la Radiodiffusion T\u00e9l\u00e9vision Ivoirienne (RTI), \u00e0 la d\u00e9dicace de son tout premier ouvrage intitul\u00e9 \u00ab\u00a0Le combat d&rsquo;une h\u00e9ro\u00efne, et si c&rsquo;\u00e9tait une histoire vraie\u00a0\u00bb. C&rsquo;\u00e9tait en pr\u00e9sence de plusieurs Journalistes et invit\u00e9s.\u00a0 \u00c9crit dans un [&hellip;]","og_url":"https:\/\/www.amanien.info\/news\/litterature-marie-laure-ngoran-dedicace-son-premier-livre-le-combat-dune-heroine-et-si-cetait-une-histoire-vraie\/","og_site_name":"Amanien| L&#039;actualit\u00e9 Ivoirienne et Internationale","article_published_time":"2023-12-17T09:08:59+00:00","og_image":[{"width":1000,"height":666,"url":"https:\/\/www.amanien.info\/news\/wp-content\/uploads\/2023\/12\/litterature-dedicace-de-louvrage-le-combat-d-une-heroine-et-si-c-etait-une-_ko5s838qdxq-1.jpg","type":"image\/jpeg"}],"author":"Germain Ndri","twitter_card":"summary_large_image","twitter_misc":{"\u00c9crit par":"Germain Ndri","Dur\u00e9e de lecture estim\u00e9e":"2 minutes"},"schema":{"@context":"https:\/\/schema.org","@graph":[{"@type":"Article","@id":"https:\/\/www.amanien.info\/news\/litterature-marie-laure-ngoran-dedicace-son-premier-livre-le-combat-dune-heroine-et-si-cetait-une-histoire-vraie\/#article","isPartOf":{"@id":"https:\/\/www.amanien.info\/news\/litterature-marie-laure-ngoran-dedicace-son-premier-livre-le-combat-dune-heroine-et-si-cetait-une-histoire-vraie\/"},"author":{"name":"Germain Ndri","@id":"https:\/\/www.amanien.info\/news\/#\/schema\/person\/b21093345753a1a98242d505bd894f42"},"headline":"Litt\u00e9rature : Marie Laure N&rsquo;Goran d\u00e9dicace son premier livre \u00ab\u00a0Le combat d&rsquo;une h\u00e9ro\u00efne, et si c&rsquo;\u00e9tait une histoire vraie\u00a0\u00bb","datePublished":"2023-12-17T09:08:59+00:00","mainEntityOfPage":{"@id":"https:\/\/www.amanien.info\/news\/litterature-marie-laure-ngoran-dedicace-son-premier-livre-le-combat-dune-heroine-et-si-cetait-une-histoire-vraie\/"},"wordCount":396,"image":{"@id":"https:\/\/www.amanien.info\/news\/litterature-marie-laure-ngoran-dedicace-son-premier-livre-le-combat-dune-heroine-et-si-cetait-une-histoire-vraie\/#primaryimage"},"thumbnailUrl":"https:\/\/www.amanien.info\/news\/wp-content\/uploads\/2023\/12\/litterature-dedicace-de-louvrage-le-combat-d-une-heroine-et-si-c-etait-une-_ko5s838qdxq-1.jpg","articleSection":["Culture"],"inLanguage":"fr-FR"},{"@type":"WebPage","@id":"https:\/\/www.amanien.info\/news\/litterature-marie-laure-ngoran-dedicace-son-premier-livre-le-combat-dune-heroine-et-si-cetait-une-histoire-vraie\/","url":"https:\/\/www.amanien.info\/news\/litterature-marie-laure-ngoran-dedicace-son-premier-livre-le-combat-dune-heroine-et-si-cetait-une-histoire-vraie\/","name":"Litt\u00e9rature : Marie Laure N'Goran d\u00e9dicace son premier livre \"Le combat d'une h\u00e9ro\u00efne, et si c'\u00e9tait une histoire vraie\" - Amanien| L&#039;actualit\u00e9 Ivoirienne et Internationale","isPartOf":{"@id":"https:\/\/www.amanien.info\/news\/#website"},"primaryImageOfPage":{"@id":"https:\/\/www.amanien.info\/news\/litterature-marie-laure-ngoran-dedicace-son-premier-livre-le-combat-dune-heroine-et-si-cetait-une-histoire-vraie\/#primaryimage"},"image":{"@id":"https:\/\/www.amanien.info\/news\/litterature-marie-laure-ngoran-dedicace-son-premier-livre-le-combat-dune-heroine-et-si-cetait-une-histoire-vraie\/#primaryimage"},"thumbnailUrl":"https:\/\/www.amanien.info\/news\/wp-content\/uploads\/2023\/12\/litterature-dedicace-de-louvrage-le-combat-d-une-heroine-et-si-c-etait-une-_ko5s838qdxq-1.jpg","datePublished":"2023-12-17T09:08:59+00:00","author":{"@id":"https:\/\/www.amanien.info\/news\/#\/schema\/person\/b21093345753a1a98242d505bd894f42"},"breadcrumb":{"@id":"https:\/\/www.amanien.info\/news\/litterature-marie-laure-ngoran-dedicace-son-premier-livre-le-combat-dune-heroine-et-si-cetait-une-histoire-vraie\/#breadcrumb"},"inLanguage":"fr-FR","potentialAction":[{"@type":"ReadAction","target":["https:\/\/www.amanien.info\/news\/litterature-marie-laure-ngoran-dedicace-son-premier-livre-le-combat-dune-heroine-et-si-cetait-une-histoire-vraie\/"]}]},{"@type":"ImageObject","inLanguage":"fr-FR","@id":"https:\/\/www.amanien.info\/news\/litterature-marie-laure-ngoran-dedicace-son-premier-livre-le-combat-dune-heroine-et-si-cetait-une-histoire-vraie\/#primaryimage","url":"https:\/\/www.amanien.info\/news\/wp-content\/uploads\/2023\/12\/litterature-dedicace-de-louvrage-le-combat-d-une-heroine-et-si-c-etait-une-_ko5s838qdxq-1.jpg","contentUrl":"https:\/\/www.amanien.info\/news\/wp-content\/uploads\/2023\/12\/litterature-dedicace-de-louvrage-le-combat-d-une-heroine-et-si-c-etait-une-_ko5s838qdxq-1.jpg","width":1000,"height":666},{"@type":"BreadcrumbList","@id":"https:\/\/www.amanien.info\/news\/litterature-marie-laure-ngoran-dedicace-son-premier-livre-le-combat-dune-heroine-et-si-cetait-une-histoire-vraie\/#breadcrumb","itemListElement":[{"@type":"ListItem","position":1,"name":"Accueil","item":"https:\/\/www.amanien.info\/news\/"},{"@type":"ListItem","position":2,"name":"Litt\u00e9rature : Marie Laure N&rsquo;Goran d\u00e9dicace son premier livre \u00ab\u00a0Le combat d&rsquo;une h\u00e9ro\u00efne, et si c&rsquo;\u00e9tait une histoire vraie\u00a0\u00bb"}]},{"@type":"WebSite","@id":"https:\/\/www.amanien.info\/news\/#website","url":"https:\/\/www.amanien.info\/news\/","name":"Amanien| L&#039;actualit\u00e9 Ivoirienne et Internationale","description":"L&#039;actualit\u00e9 Ivoirienne et Internationale","potentialAction":[{"@type":"SearchAction","target":{"@type":"EntryPoint","urlTemplate":"https:\/\/www.amanien.info\/news\/?s={search_term_string}"},"query-input":{"@type":"PropertyValueSpecification","valueRequired":true,"valueName":"search_term_string"}}],"inLanguage":"fr-FR"},{"@type":"Person","@id":"https:\/\/www.amanien.info\/news\/#\/schema\/person\/b21093345753a1a98242d505bd894f42","name":"Germain Ndri","url":"https:\/\/www.amanien.info\/news\/author\/amanien-infos\/"}]}},"_links":{"self":[{"href":"https:\/\/www.amanien.info\/news\/wp-json\/wp\/v2\/posts\/5665","targetHints":{"allow":["GET"]}}],"collection":[{"href":"https:\/\/www.amanien.info\/news\/wp-json\/wp\/v2\/posts"}],"about":[{"href":"https:\/\/www.amanien.info\/news\/wp-json\/wp\/v2\/types\/post"}],"author":[{"embeddable":true,"href":"https:\/\/www.amanien.info\/news\/wp-json\/wp\/v2\/users\/2"}],"replies":[{"embeddable":true,"href":"https:\/\/www.amanien.info\/news\/wp-json\/wp\/v2\/comments?post=5665"}],"version-history":[{"count":1,"href":"https:\/\/www.amanien.info\/news\/wp-json\/wp\/v2\/posts\/5665\/revisions"}],"predecessor-version":[{"id":5667,"href":"https:\/\/www.amanien.info\/news\/wp-json\/wp\/v2\/posts\/5665\/revisions\/5667"}],"wp:featuredmedia":[{"embeddable":true,"href":"https:\/\/www.amanien.info\/news\/wp-json\/wp\/v2\/media\/5666"}],"wp:attachment":[{"href":"https:\/\/www.amanien.info\/news\/wp-json\/wp\/v2\/media?parent=5665"}],"wp:term":[{"taxonomy":"category","embeddable":true,"href":"https:\/\/www.amanien.info\/news\/wp-json\/wp\/v2\/categories?post=5665"},{"taxonomy":"post_tag","embeddable":true,"href":"https:\/\/www.amanien.info\/news\/wp-json\/wp\/v2\/tags?post=5665"}],"curies":[{"name":"wp","href":"https:\/\/api.w.org\/{rel}","templated":true}]}}