{"id":5660,"date":"2023-12-16T15:27:37","date_gmt":"2023-12-16T15:27:37","guid":{"rendered":"https:\/\/www.amanien.info\/news\/?p=5660"},"modified":"2023-12-16T15:27:37","modified_gmt":"2023-12-16T15:27:37","slug":"report-du-8e-ce-du-pdci-isac-adi-dc-du-candidat-mkgguikahue-nest-ni-de-pres-ni-de-loin-implique-dans-cette-situation","status":"publish","type":"post","link":"https:\/\/www.amanien.info\/news\/report-du-8e-ce-du-pdci-isac-adi-dc-du-candidat-mkgguikahue-nest-ni-de-pres-ni-de-loin-implique-dans-cette-situation\/","title":{"rendered":"Report du 8e CE du PDCI\/Isac Adi, DC du candidat MKG:\u00abGuikahu\u00e9 n&rsquo;est ni de pr\u00e8s ni de loin impliqu\u00e9 dans cette situation\u00bb"},"content":{"rendered":"<div><span style=\"text-transform: initial;\">Dans un ficher audio attribu\u00e9 \u00e0 Radio France Internationale (RFI) et largement diffus\u00e9 sur les plateformes des r\u00e9seaux sociaux, l&rsquo;on a tent\u00e9 d&rsquo;associer le nom du Pr Maurice Kakou Guikahu\u00e9 \u00e0 cette plainte des militants du PDCI-RDA qui a conduit au report du 8emne Congr\u00e8s extraordinaire qui devrait se tenir ce samedi 16 d\u00e9cembre 2023.<\/span><\/div>\n<div><\/div>\n<div>Isac ADI, Directeur de campagne du candidat Maurice Kakou Guikahu\u00e9 a, dans une communiqu\u00e9 transmis \u00e0 Amanien.info , fait cette pr\u00e9cision. Son candidat n&rsquo;est ni de pr\u00e8s ni de loin impliqu\u00e9 dans cette situation.<\/div>\n<div><\/div>\n<div>\u00a0\u00ab\u00a0S&rsquo;appr\u00eatait \u00e0 se rendre, avec sa d\u00e9l\u00e9gation, au Sofitel Hotel Ivoire afin de prendre part au 8\u00e8me congr\u00e8s extraordinaire du PDCI- RDA, il (Maurice KaKou Guikahu\u00e9) a \u00e9t\u00e9 inform\u00e9 par son \u00e9quipe de protocole sur place, de la suspension dudit congr\u00e8s, et ce en ex\u00e9cution d&rsquo;une d\u00e9cision de justice\u00a0\u00bb, dit le communiqu\u00e9.<\/div>\n<div><\/div>\n<div>Face \u00e0 cette situation, poursuit-il, \u00ab\u00a0des personnes ont vite fait d&rsquo;attribuer cet \u00e9tat de fait au Professeur Maurice KAKOU GUIKAHUE\u00a0\u00bb.<\/div>\n<div><\/div>\n<div>Le Directeur de campagne du Pr Maurice KAKOU GUIKAHUE, a \u00e9galement exprim\u00e9 son indignation\u00a0 et\u00a0 d\u00e9menti formellement ces all\u00e9gations.<\/div>\n<div><\/div>\n<div><\/div>\n<div>Il a, par ailleurs, r\u00e9affirm\u00e9 la position constante du Pr Maurice KAKOU GUIKAHUE, \u00ab\u00a0de ne jamais porter plainte contre le PDCI- RDA, telle qu&rsquo;exprim\u00e9e dans sa d\u00e9claration du 11 d\u00e9cembre 2023 et celle de son conseil juridique du 13 d\u00e9cembre 2023\u00a0\u00bb, a-t-il conclu.<\/div>\n<div><\/div>\n<div>Pour rappel, le 8\u00e8 congr\u00e8s extraordinaire du parti septuag\u00e9naire, PDCI-RDA \u00e9tait pr\u00e9vu se tenir ce samedi 16 d\u00e9cembre 2023, au bord de la lagune Ebri\u00e9.<\/div>\n<div><\/div>\n<div><\/div>\n<div><b>S.A<\/b>.<\/div>\n","protected":false},"excerpt":{"rendered":"<p>Dans un ficher audio attribu\u00e9 \u00e0 Radio France Internationale (RFI) et largement diffus\u00e9 sur les plateformes des r\u00e9seaux sociaux, l&rsquo;on a tent\u00e9 d&rsquo;associer le nom du Pr Maurice Kakou Guikahu\u00e9 \u00e0 cette plainte des militants du PDCI-RDA qui a conduit au report du 8emne Congr\u00e8s extraordinaire qui devrait se tenir ce samedi 16 d\u00e9cembre 2023. [&hellip;]<\/p>\n","protected":false},"author":2,"featured_media":5663,"comment_status":"closed","ping_status":"closed","sticky":false,"template":"","format":"standard","meta":{"_acf_changed":false,"footnotes":""},"categories":[],"tags":[],"class_list":["post-5660","post","type-post","status-publish","format-standard","has-post-thumbnail","hentry"],"acf":[],"yoast_head":"<!-- This site is optimized with the Yoast SEO plugin v27.5 - https:\/\/yoast.com\/product\/yoast-seo-wordpress\/ -->\n<title>Report du 8e CE du PDCI\/Isac Adi, DC du candidat MKG:\u00abGuikahu\u00e9 n&#039;est ni de pr\u00e8s ni de loin impliqu\u00e9 dans cette situation\u00bb - Amanien| L&#039;actualit\u00e9 Ivoirienne et Internationale<\/title>\n<meta name=\"robots\" content=\"index, follow, max-snippet:-1, max-image-preview:large, max-video-preview:-1\" \/>\n<link rel=\"canonical\" href=\"https:\/\/www.amanien.info\/news\/report-du-8e-ce-du-pdci-isac-adi-dc-du-candidat-mkgguikahue-nest-ni-de-pres-ni-de-loin-implique-dans-cette-situation\/\" \/>\n<meta property=\"og:locale\" content=\"fr_FR\" \/>\n<meta property=\"og:type\" content=\"article\" \/>\n<meta property=\"og:title\" content=\"Report du 8e CE du PDCI\/Isac Adi, DC du candidat MKG:\u00abGuikahu\u00e9 n&#039;est ni de pr\u00e8s ni de loin impliqu\u00e9 dans cette situation\u00bb - Amanien| L&#039;actualit\u00e9 Ivoirienne et Internationale\" \/>\n<meta property=\"og:description\" content=\"Dans un ficher audio attribu\u00e9 \u00e0 Radio France Internationale (RFI) et largement diffus\u00e9 sur les plateformes des r\u00e9seaux sociaux, l&rsquo;on a tent\u00e9 d&rsquo;associer le nom du Pr Maurice Kakou Guikahu\u00e9 \u00e0 cette plainte des militants du PDCI-RDA qui a conduit au report du 8emne Congr\u00e8s extraordinaire qui devrait se tenir ce samedi 16 d\u00e9cembre 2023. [&hellip;]\" \/>\n<meta property=\"og:url\" content=\"https:\/\/www.amanien.info\/news\/report-du-8e-ce-du-pdci-isac-adi-dc-du-candidat-mkgguikahue-nest-ni-de-pres-ni-de-loin-implique-dans-cette-situation\/\" \/>\n<meta property=\"og:site_name\" content=\"Amanien| L&#039;actualit\u00e9 Ivoirienne et Internationale\" \/>\n<meta property=\"article:published_time\" content=\"2023-12-16T15:27:37+00:00\" \/>\n<meta property=\"og:image\" content=\"https:\/\/www.amanien.info\/news\/wp-content\/uploads\/2023\/12\/Maurice-Kakou-Guikahue-secretaire-executif-du-Pdci-Rda-696x392-4.jpg\" \/>\n\t<meta property=\"og:image:width\" content=\"696\" \/>\n\t<meta property=\"og:image:height\" content=\"392\" \/>\n\t<meta property=\"og:image:type\" content=\"image\/jpeg\" \/>\n<meta name=\"author\" content=\"Germain Ndri\" \/>\n<meta name=\"twitter:card\" content=\"summary_large_image\" \/>\n<meta name=\"twitter:label1\" content=\"\u00c9crit par\" \/>\n\t<meta name=\"twitter:data1\" content=\"Germain Ndri\" \/>\n\t<meta name=\"twitter:label2\" content=\"Dur\u00e9e de lecture estim\u00e9e\" \/>\n\t<meta name=\"twitter:data2\" content=\"2 minutes\" \/>\n<script type=\"application\/ld+json\" class=\"yoast-schema-graph\">{\"@context\":\"https:\\\/\\\/schema.org\",\"@graph\":[{\"@type\":\"Article\",\"@id\":\"https:\\\/\\\/www.amanien.info\\\/news\\\/report-du-8e-ce-du-pdci-isac-adi-dc-du-candidat-mkgguikahue-nest-ni-de-pres-ni-de-loin-implique-dans-cette-situation\\\/#article\",\"isPartOf\":{\"@id\":\"https:\\\/\\\/www.amanien.info\\\/news\\\/report-du-8e-ce-du-pdci-isac-adi-dc-du-candidat-mkgguikahue-nest-ni-de-pres-ni-de-loin-implique-dans-cette-situation\\\/\"},\"author\":{\"name\":\"Germain Ndri\",\"@id\":\"https:\\\/\\\/www.amanien.info\\\/news\\\/#\\\/schema\\\/person\\\/b21093345753a1a98242d505bd894f42\"},\"headline\":\"Report du 8e CE du PDCI\\\/Isac Adi, DC du candidat MKG:\u00abGuikahu\u00e9 n&rsquo;est ni de pr\u00e8s ni de loin impliqu\u00e9 dans cette situation\u00bb\",\"datePublished\":\"2023-12-16T15:27:37+00:00\",\"mainEntityOfPage\":{\"@id\":\"https:\\\/\\\/www.amanien.info\\\/news\\\/report-du-8e-ce-du-pdci-isac-adi-dc-du-candidat-mkgguikahue-nest-ni-de-pres-ni-de-loin-implique-dans-cette-situation\\\/\"},\"wordCount\":292,\"image\":{\"@id\":\"https:\\\/\\\/www.amanien.info\\\/news\\\/report-du-8e-ce-du-pdci-isac-adi-dc-du-candidat-mkgguikahue-nest-ni-de-pres-ni-de-loin-implique-dans-cette-situation\\\/#primaryimage\"},\"thumbnailUrl\":\"https:\\\/\\\/www.amanien.info\\\/news\\\/wp-content\\\/uploads\\\/2023\\\/12\\\/Maurice-Kakou-Guikahue-secretaire-executif-du-Pdci-Rda-696x392-4.jpg\",\"inLanguage\":\"fr-FR\"},{\"@type\":\"WebPage\",\"@id\":\"https:\\\/\\\/www.amanien.info\\\/news\\\/report-du-8e-ce-du-pdci-isac-adi-dc-du-candidat-mkgguikahue-nest-ni-de-pres-ni-de-loin-implique-dans-cette-situation\\\/\",\"url\":\"https:\\\/\\\/www.amanien.info\\\/news\\\/report-du-8e-ce-du-pdci-isac-adi-dc-du-candidat-mkgguikahue-nest-ni-de-pres-ni-de-loin-implique-dans-cette-situation\\\/\",\"name\":\"Report du 8e CE du PDCI\\\/Isac Adi, DC du candidat MKG:\u00abGuikahu\u00e9 n'est ni de pr\u00e8s ni de loin impliqu\u00e9 dans cette situation\u00bb - Amanien| L&#039;actualit\u00e9 Ivoirienne et Internationale\",\"isPartOf\":{\"@id\":\"https:\\\/\\\/www.amanien.info\\\/news\\\/#website\"},\"primaryImageOfPage\":{\"@id\":\"https:\\\/\\\/www.amanien.info\\\/news\\\/report-du-8e-ce-du-pdci-isac-adi-dc-du-candidat-mkgguikahue-nest-ni-de-pres-ni-de-loin-implique-dans-cette-situation\\\/#primaryimage\"},\"image\":{\"@id\":\"https:\\\/\\\/www.amanien.info\\\/news\\\/report-du-8e-ce-du-pdci-isac-adi-dc-du-candidat-mkgguikahue-nest-ni-de-pres-ni-de-loin-implique-dans-cette-situation\\\/#primaryimage\"},\"thumbnailUrl\":\"https:\\\/\\\/www.amanien.info\\\/news\\\/wp-content\\\/uploads\\\/2023\\\/12\\\/Maurice-Kakou-Guikahue-secretaire-executif-du-Pdci-Rda-696x392-4.jpg\",\"datePublished\":\"2023-12-16T15:27:37+00:00\",\"author\":{\"@id\":\"https:\\\/\\\/www.amanien.info\\\/news\\\/#\\\/schema\\\/person\\\/b21093345753a1a98242d505bd894f42\"},\"breadcrumb\":{\"@id\":\"https:\\\/\\\/www.amanien.info\\\/news\\\/report-du-8e-ce-du-pdci-isac-adi-dc-du-candidat-mkgguikahue-nest-ni-de-pres-ni-de-loin-implique-dans-cette-situation\\\/#breadcrumb\"},\"inLanguage\":\"fr-FR\",\"potentialAction\":[{\"@type\":\"ReadAction\",\"target\":[\"https:\\\/\\\/www.amanien.info\\\/news\\\/report-du-8e-ce-du-pdci-isac-adi-dc-du-candidat-mkgguikahue-nest-ni-de-pres-ni-de-loin-implique-dans-cette-situation\\\/\"]}]},{\"@type\":\"ImageObject\",\"inLanguage\":\"fr-FR\",\"@id\":\"https:\\\/\\\/www.amanien.info\\\/news\\\/report-du-8e-ce-du-pdci-isac-adi-dc-du-candidat-mkgguikahue-nest-ni-de-pres-ni-de-loin-implique-dans-cette-situation\\\/#primaryimage\",\"url\":\"https:\\\/\\\/www.amanien.info\\\/news\\\/wp-content\\\/uploads\\\/2023\\\/12\\\/Maurice-Kakou-Guikahue-secretaire-executif-du-Pdci-Rda-696x392-4.jpg\",\"contentUrl\":\"https:\\\/\\\/www.amanien.info\\\/news\\\/wp-content\\\/uploads\\\/2023\\\/12\\\/Maurice-Kakou-Guikahue-secretaire-executif-du-Pdci-Rda-696x392-4.jpg\",\"width\":696,\"height\":392},{\"@type\":\"BreadcrumbList\",\"@id\":\"https:\\\/\\\/www.amanien.info\\\/news\\\/report-du-8e-ce-du-pdci-isac-adi-dc-du-candidat-mkgguikahue-nest-ni-de-pres-ni-de-loin-implique-dans-cette-situation\\\/#breadcrumb\",\"itemListElement\":[{\"@type\":\"ListItem\",\"position\":1,\"name\":\"Accueil\",\"item\":\"https:\\\/\\\/www.amanien.info\\\/news\\\/\"},{\"@type\":\"ListItem\",\"position\":2,\"name\":\"Report du 8e CE du PDCI\\\/Isac Adi, DC du candidat MKG:\u00abGuikahu\u00e9 n&rsquo;est ni de pr\u00e8s ni de loin impliqu\u00e9 dans cette situation\u00bb\"}]},{\"@type\":\"WebSite\",\"@id\":\"https:\\\/\\\/www.amanien.info\\\/news\\\/#website\",\"url\":\"https:\\\/\\\/www.amanien.info\\\/news\\\/\",\"name\":\"Amanien| L&#039;actualit\u00e9 Ivoirienne et Internationale\",\"description\":\"L&#039;actualit\u00e9 Ivoirienne et Internationale\",\"potentialAction\":[{\"@type\":\"SearchAction\",\"target\":{\"@type\":\"EntryPoint\",\"urlTemplate\":\"https:\\\/\\\/www.amanien.info\\\/news\\\/?s={search_term_string}\"},\"query-input\":{\"@type\":\"PropertyValueSpecification\",\"valueRequired\":true,\"valueName\":\"search_term_string\"}}],\"inLanguage\":\"fr-FR\"},{\"@type\":\"Person\",\"@id\":\"https:\\\/\\\/www.amanien.info\\\/news\\\/#\\\/schema\\\/person\\\/b21093345753a1a98242d505bd894f42\",\"name\":\"Germain Ndri\",\"url\":\"https:\\\/\\\/www.amanien.info\\\/news\\\/author\\\/amanien-infos\\\/\"}]}<\/script>\n<!-- \/ Yoast SEO plugin. -->","yoast_head_json":{"title":"Report du 8e CE du PDCI\/Isac Adi, DC du candidat MKG:\u00abGuikahu\u00e9 n'est ni de pr\u00e8s ni de loin impliqu\u00e9 dans cette situation\u00bb - Amanien| L&#039;actualit\u00e9 Ivoirienne et Internationale","robots":{"index":"index","follow":"follow","max-snippet":"max-snippet:-1","max-image-preview":"max-image-preview:large","max-video-preview":"max-video-preview:-1"},"canonical":"https:\/\/www.amanien.info\/news\/report-du-8e-ce-du-pdci-isac-adi-dc-du-candidat-mkgguikahue-nest-ni-de-pres-ni-de-loin-implique-dans-cette-situation\/","og_locale":"fr_FR","og_type":"article","og_title":"Report du 8e CE du PDCI\/Isac Adi, DC du candidat MKG:\u00abGuikahu\u00e9 n'est ni de pr\u00e8s ni de loin impliqu\u00e9 dans cette situation\u00bb - Amanien| L&#039;actualit\u00e9 Ivoirienne et Internationale","og_description":"Dans un ficher audio attribu\u00e9 \u00e0 Radio France Internationale (RFI) et largement diffus\u00e9 sur les plateformes des r\u00e9seaux sociaux, l&rsquo;on a tent\u00e9 d&rsquo;associer le nom du Pr Maurice Kakou Guikahu\u00e9 \u00e0 cette plainte des militants du PDCI-RDA qui a conduit au report du 8emne Congr\u00e8s extraordinaire qui devrait se tenir ce samedi 16 d\u00e9cembre 2023. [&hellip;]","og_url":"https:\/\/www.amanien.info\/news\/report-du-8e-ce-du-pdci-isac-adi-dc-du-candidat-mkgguikahue-nest-ni-de-pres-ni-de-loin-implique-dans-cette-situation\/","og_site_name":"Amanien| L&#039;actualit\u00e9 Ivoirienne et Internationale","article_published_time":"2023-12-16T15:27:37+00:00","og_image":[{"width":696,"height":392,"url":"https:\/\/www.amanien.info\/news\/wp-content\/uploads\/2023\/12\/Maurice-Kakou-Guikahue-secretaire-executif-du-Pdci-Rda-696x392-4.jpg","type":"image\/jpeg"}],"author":"Germain Ndri","twitter_card":"summary_large_image","twitter_misc":{"\u00c9crit par":"Germain Ndri","Dur\u00e9e de lecture estim\u00e9e":"2 minutes"},"schema":{"@context":"https:\/\/schema.org","@graph":[{"@type":"Article","@id":"https:\/\/www.amanien.info\/news\/report-du-8e-ce-du-pdci-isac-adi-dc-du-candidat-mkgguikahue-nest-ni-de-pres-ni-de-loin-implique-dans-cette-situation\/#article","isPartOf":{"@id":"https:\/\/www.amanien.info\/news\/report-du-8e-ce-du-pdci-isac-adi-dc-du-candidat-mkgguikahue-nest-ni-de-pres-ni-de-loin-implique-dans-cette-situation\/"},"author":{"name":"Germain Ndri","@id":"https:\/\/www.amanien.info\/news\/#\/schema\/person\/b21093345753a1a98242d505bd894f42"},"headline":"Report du 8e CE du PDCI\/Isac Adi, DC du candidat MKG:\u00abGuikahu\u00e9 n&rsquo;est ni de pr\u00e8s ni de loin impliqu\u00e9 dans cette situation\u00bb","datePublished":"2023-12-16T15:27:37+00:00","mainEntityOfPage":{"@id":"https:\/\/www.amanien.info\/news\/report-du-8e-ce-du-pdci-isac-adi-dc-du-candidat-mkgguikahue-nest-ni-de-pres-ni-de-loin-implique-dans-cette-situation\/"},"wordCount":292,"image":{"@id":"https:\/\/www.amanien.info\/news\/report-du-8e-ce-du-pdci-isac-adi-dc-du-candidat-mkgguikahue-nest-ni-de-pres-ni-de-loin-implique-dans-cette-situation\/#primaryimage"},"thumbnailUrl":"https:\/\/www.amanien.info\/news\/wp-content\/uploads\/2023\/12\/Maurice-Kakou-Guikahue-secretaire-executif-du-Pdci-Rda-696x392-4.jpg","inLanguage":"fr-FR"},{"@type":"WebPage","@id":"https:\/\/www.amanien.info\/news\/report-du-8e-ce-du-pdci-isac-adi-dc-du-candidat-mkgguikahue-nest-ni-de-pres-ni-de-loin-implique-dans-cette-situation\/","url":"https:\/\/www.amanien.info\/news\/report-du-8e-ce-du-pdci-isac-adi-dc-du-candidat-mkgguikahue-nest-ni-de-pres-ni-de-loin-implique-dans-cette-situation\/","name":"Report du 8e CE du PDCI\/Isac Adi, DC du candidat MKG:\u00abGuikahu\u00e9 n'est ni de pr\u00e8s ni de loin impliqu\u00e9 dans cette situation\u00bb - Amanien| L&#039;actualit\u00e9 Ivoirienne et Internationale","isPartOf":{"@id":"https:\/\/www.amanien.info\/news\/#website"},"primaryImageOfPage":{"@id":"https:\/\/www.amanien.info\/news\/report-du-8e-ce-du-pdci-isac-adi-dc-du-candidat-mkgguikahue-nest-ni-de-pres-ni-de-loin-implique-dans-cette-situation\/#primaryimage"},"image":{"@id":"https:\/\/www.amanien.info\/news\/report-du-8e-ce-du-pdci-isac-adi-dc-du-candidat-mkgguikahue-nest-ni-de-pres-ni-de-loin-implique-dans-cette-situation\/#primaryimage"},"thumbnailUrl":"https:\/\/www.amanien.info\/news\/wp-content\/uploads\/2023\/12\/Maurice-Kakou-Guikahue-secretaire-executif-du-Pdci-Rda-696x392-4.jpg","datePublished":"2023-12-16T15:27:37+00:00","author":{"@id":"https:\/\/www.amanien.info\/news\/#\/schema\/person\/b21093345753a1a98242d505bd894f42"},"breadcrumb":{"@id":"https:\/\/www.amanien.info\/news\/report-du-8e-ce-du-pdci-isac-adi-dc-du-candidat-mkgguikahue-nest-ni-de-pres-ni-de-loin-implique-dans-cette-situation\/#breadcrumb"},"inLanguage":"fr-FR","potentialAction":[{"@type":"ReadAction","target":["https:\/\/www.amanien.info\/news\/report-du-8e-ce-du-pdci-isac-adi-dc-du-candidat-mkgguikahue-nest-ni-de-pres-ni-de-loin-implique-dans-cette-situation\/"]}]},{"@type":"ImageObject","inLanguage":"fr-FR","@id":"https:\/\/www.amanien.info\/news\/report-du-8e-ce-du-pdci-isac-adi-dc-du-candidat-mkgguikahue-nest-ni-de-pres-ni-de-loin-implique-dans-cette-situation\/#primaryimage","url":"https:\/\/www.amanien.info\/news\/wp-content\/uploads\/2023\/12\/Maurice-Kakou-Guikahue-secretaire-executif-du-Pdci-Rda-696x392-4.jpg","contentUrl":"https:\/\/www.amanien.info\/news\/wp-content\/uploads\/2023\/12\/Maurice-Kakou-Guikahue-secretaire-executif-du-Pdci-Rda-696x392-4.jpg","width":696,"height":392},{"@type":"BreadcrumbList","@id":"https:\/\/www.amanien.info\/news\/report-du-8e-ce-du-pdci-isac-adi-dc-du-candidat-mkgguikahue-nest-ni-de-pres-ni-de-loin-implique-dans-cette-situation\/#breadcrumb","itemListElement":[{"@type":"ListItem","position":1,"name":"Accueil","item":"https:\/\/www.amanien.info\/news\/"},{"@type":"ListItem","position":2,"name":"Report du 8e CE du PDCI\/Isac Adi, DC du candidat MKG:\u00abGuikahu\u00e9 n&rsquo;est ni de pr\u00e8s ni de loin impliqu\u00e9 dans cette situation\u00bb"}]},{"@type":"WebSite","@id":"https:\/\/www.amanien.info\/news\/#website","url":"https:\/\/www.amanien.info\/news\/","name":"Amanien| L&#039;actualit\u00e9 Ivoirienne et Internationale","description":"L&#039;actualit\u00e9 Ivoirienne et Internationale","potentialAction":[{"@type":"SearchAction","target":{"@type":"EntryPoint","urlTemplate":"https:\/\/www.amanien.info\/news\/?s={search_term_string}"},"query-input":{"@type":"PropertyValueSpecification","valueRequired":true,"valueName":"search_term_string"}}],"inLanguage":"fr-FR"},{"@type":"Person","@id":"https:\/\/www.amanien.info\/news\/#\/schema\/person\/b21093345753a1a98242d505bd894f42","name":"Germain Ndri","url":"https:\/\/www.amanien.info\/news\/author\/amanien-infos\/"}]}},"_links":{"self":[{"href":"https:\/\/www.amanien.info\/news\/wp-json\/wp\/v2\/posts\/5660","targetHints":{"allow":["GET"]}}],"collection":[{"href":"https:\/\/www.amanien.info\/news\/wp-json\/wp\/v2\/posts"}],"about":[{"href":"https:\/\/www.amanien.info\/news\/wp-json\/wp\/v2\/types\/post"}],"author":[{"embeddable":true,"href":"https:\/\/www.amanien.info\/news\/wp-json\/wp\/v2\/users\/2"}],"replies":[{"embeddable":true,"href":"https:\/\/www.amanien.info\/news\/wp-json\/wp\/v2\/comments?post=5660"}],"version-history":[{"count":1,"href":"https:\/\/www.amanien.info\/news\/wp-json\/wp\/v2\/posts\/5660\/revisions"}],"predecessor-version":[{"id":5664,"href":"https:\/\/www.amanien.info\/news\/wp-json\/wp\/v2\/posts\/5660\/revisions\/5664"}],"wp:featuredmedia":[{"embeddable":true,"href":"https:\/\/www.amanien.info\/news\/wp-json\/wp\/v2\/media\/5663"}],"wp:attachment":[{"href":"https:\/\/www.amanien.info\/news\/wp-json\/wp\/v2\/media?parent=5660"}],"wp:term":[{"taxonomy":"category","embeddable":true,"href":"https:\/\/www.amanien.info\/news\/wp-json\/wp\/v2\/categories?post=5660"},{"taxonomy":"post_tag","embeddable":true,"href":"https:\/\/www.amanien.info\/news\/wp-json\/wp\/v2\/tags?post=5660"}],"curies":[{"name":"wp","href":"https:\/\/api.w.org\/{rel}","templated":true}]}}