{"id":5644,"date":"2023-12-11T19:47:40","date_gmt":"2023-12-11T19:47:40","guid":{"rendered":"https:\/\/www.amanien.info\/news\/?p=5644"},"modified":"2023-12-11T19:47:40","modified_gmt":"2023-12-11T19:47:40","slug":"yopougon-le-maire-adama-bictogo-sensibilise-les-eleves-contre-les-conges-anticipes","status":"publish","type":"post","link":"https:\/\/www.amanien.info\/news\/yopougon-le-maire-adama-bictogo-sensibilise-les-eleves-contre-les-conges-anticipes\/","title":{"rendered":"Yopougon : le maire Adama Bictogo sensibilise les \u00e9l\u00e8ves contre les cong\u00e9s anticip\u00e9s"},"content":{"rendered":"<div style=\"text-align: center;\"><span style=\"text-transform: initial;\">Le Maire\u00a0 de la Commune de Yopougon, Adama Bictogo a pr\u00e9sid\u00e9, lundi 11 d\u00e9cembre, la c\u00e9r\u00e9monie de salut aux couleurs au Lyc\u00e9e Municipal Pierre Gadi\u00e9, le premier lyc\u00e9e public de Yopougon, fond\u00e9 en 1986. L&rsquo;\u00e9tablissement a \u00e9t\u00e9 rebaptis\u00e9 du nom du tout premier maire de la commune.\u00a0<\/span><\/div>\n<div><\/div>\n<div>Le premier magistrat de la plus grande commune de C\u00f4te d&rsquo;Ivoire\u00a0 a invit\u00e9 les \u00e9l\u00e8ves au civisme, au travail et au respect du calendrier scolaire. \u00ab Je suis heureux de venir poser ici cet acte r\u00e9publicain, cet acte de citoyennet\u00e9, qui exprime tout le sens de la R\u00e9publique et de la fraternit\u00e9 entre Ivoiriens. C&rsquo;est ce drapeau qui doit vous r\u00e9veiller chaque matin \u00bb, a-t-il d\u00e9clar\u00e9 aux milliers d&rsquo;\u00e9l\u00e8ves rassembl\u00e9s autour du drapeau dans la cour principale de cet \u00e9tablissement public.<\/div>\n<div><\/div>\n<div>\u00ab Ce drapeau r\u00e9sume notre id\u00e9al commun : Union, Discipline et Travail. Et traduit surtout la volont\u00e9 d\u2019\u0153uvrer ensemble \u00e0 la construction de notre pays. Vous devez \u00eatre fiers d&rsquo;\u00eatre Ivoiriens \u00bb, a ajout\u00e9 le maire Adama Bictogo, implorant les \u00e9l\u00e8ves \u00e0 ne pas anticiper les cong\u00e9s. \u00ab Il n&rsquo;y aura pas de cong\u00e9s anticip\u00e9s \u00e0 Yopougon ! \u00bb, a tranch\u00e9 le maire sous les ovations nourries de \u00ab ses \u00bb enfants.<\/div>\n<div><\/div>\n<div>Puis, le maire Adama Bictogo a annonc\u00e9 quelques bonnes nouvelles aux enseignants et aux \u00e9l\u00e8ves du lyc\u00e9e Pierre Gadi\u00e9. Le lyc\u00e9e, qui sera bient\u00f4t dot\u00e9 de nouvelles latrines, recevra \u00e9galement 700 tables-bancs d&rsquo;ici \u00e0 la fin d\u00e9cembre. Enfin, les travaux de r\u00e9habilitation de dix salles de classe d\u00e9marreront d\u00e8s ce lundi 11 d\u00e9cembre.<\/div>\n<div><\/div>\n<div>Au chapitre des r\u00e9jouissances, le 20 d\u00e9cembre prochain, un arbre de No\u00ebl sera install\u00e9 au sein du lyc\u00e9e. En plus de f\u00eater la naissance du Christ, les meilleurs \u00e9l\u00e8ves de l&rsquo;\u00e9cole seront c\u00e9l\u00e9br\u00e9s et r\u00e9compens\u00e9s.<\/div>\n<div><\/div>\n<div><\/div>\n<div><b>S.A. avec Sercom<\/b><\/div>\n","protected":false},"excerpt":{"rendered":"<p>Le Maire\u00a0 de la Commune de Yopougon, Adama Bictogo a pr\u00e9sid\u00e9, lundi 11 d\u00e9cembre, la c\u00e9r\u00e9monie de salut aux couleurs au Lyc\u00e9e Municipal Pierre Gadi\u00e9, le premier lyc\u00e9e public de Yopougon, fond\u00e9 en 1986. L&rsquo;\u00e9tablissement a \u00e9t\u00e9 rebaptis\u00e9 du nom du tout premier maire de la commune.\u00a0 Le premier magistrat de la plus grande commune [&hellip;]<\/p>\n","protected":false},"author":2,"featured_media":5645,"comment_status":"closed","ping_status":"closed","sticky":false,"template":"","format":"standard","meta":{"_acf_changed":false,"footnotes":""},"categories":[],"tags":[],"class_list":["post-5644","post","type-post","status-publish","format-standard","has-post-thumbnail","hentry"],"acf":[],"yoast_head":"<!-- This site is optimized with the Yoast SEO plugin v27.5 - https:\/\/yoast.com\/product\/yoast-seo-wordpress\/ -->\n<title>Yopougon : le maire Adama Bictogo sensibilise les \u00e9l\u00e8ves contre les cong\u00e9s anticip\u00e9s - Amanien| L&#039;actualit\u00e9 Ivoirienne et Internationale<\/title>\n<meta name=\"robots\" content=\"index, follow, max-snippet:-1, max-image-preview:large, max-video-preview:-1\" \/>\n<link rel=\"canonical\" href=\"https:\/\/www.amanien.info\/news\/yopougon-le-maire-adama-bictogo-sensibilise-les-eleves-contre-les-conges-anticipes\/\" \/>\n<meta property=\"og:locale\" content=\"fr_FR\" \/>\n<meta property=\"og:type\" content=\"article\" \/>\n<meta property=\"og:title\" content=\"Yopougon : le maire Adama Bictogo sensibilise les \u00e9l\u00e8ves contre les cong\u00e9s anticip\u00e9s - Amanien| L&#039;actualit\u00e9 Ivoirienne et Internationale\" \/>\n<meta property=\"og:description\" content=\"Le Maire\u00a0 de la Commune de Yopougon, Adama Bictogo a pr\u00e9sid\u00e9, lundi 11 d\u00e9cembre, la c\u00e9r\u00e9monie de salut aux couleurs au Lyc\u00e9e Municipal Pierre Gadi\u00e9, le premier lyc\u00e9e public de Yopougon, fond\u00e9 en 1986. L&rsquo;\u00e9tablissement a \u00e9t\u00e9 rebaptis\u00e9 du nom du tout premier maire de la commune.\u00a0 Le premier magistrat de la plus grande commune [&hellip;]\" \/>\n<meta property=\"og:url\" content=\"https:\/\/www.amanien.info\/news\/yopougon-le-maire-adama-bictogo-sensibilise-les-eleves-contre-les-conges-anticipes\/\" \/>\n<meta property=\"og:site_name\" content=\"Amanien| L&#039;actualit\u00e9 Ivoirienne et Internationale\" \/>\n<meta property=\"article:published_time\" content=\"2023-12-11T19:47:40+00:00\" \/>\n<meta property=\"og:image\" content=\"https:\/\/www.amanien.info\/news\/wp-content\/uploads\/2023\/12\/bictogo-a-yop-eleves-65772dab74edb034114448.jpg\" \/>\n\t<meta property=\"og:image:width\" content=\"1280\" \/>\n\t<meta property=\"og:image:height\" content=\"853\" \/>\n\t<meta property=\"og:image:type\" content=\"image\/jpeg\" \/>\n<meta name=\"author\" content=\"Germain Ndri\" \/>\n<meta name=\"twitter:card\" content=\"summary_large_image\" \/>\n<meta name=\"twitter:label1\" content=\"\u00c9crit par\" \/>\n\t<meta name=\"twitter:data1\" content=\"Germain Ndri\" \/>\n\t<meta name=\"twitter:label2\" content=\"Dur\u00e9e de lecture estim\u00e9e\" \/>\n\t<meta name=\"twitter:data2\" content=\"2 minutes\" \/>\n<script type=\"application\/ld+json\" class=\"yoast-schema-graph\">{\"@context\":\"https:\\\/\\\/schema.org\",\"@graph\":[{\"@type\":\"Article\",\"@id\":\"https:\\\/\\\/www.amanien.info\\\/news\\\/yopougon-le-maire-adama-bictogo-sensibilise-les-eleves-contre-les-conges-anticipes\\\/#article\",\"isPartOf\":{\"@id\":\"https:\\\/\\\/www.amanien.info\\\/news\\\/yopougon-le-maire-adama-bictogo-sensibilise-les-eleves-contre-les-conges-anticipes\\\/\"},\"author\":{\"name\":\"Germain Ndri\",\"@id\":\"https:\\\/\\\/www.amanien.info\\\/news\\\/#\\\/schema\\\/person\\\/b21093345753a1a98242d505bd894f42\"},\"headline\":\"Yopougon : le maire Adama Bictogo sensibilise les \u00e9l\u00e8ves contre les cong\u00e9s anticip\u00e9s\",\"datePublished\":\"2023-12-11T19:47:40+00:00\",\"mainEntityOfPage\":{\"@id\":\"https:\\\/\\\/www.amanien.info\\\/news\\\/yopougon-le-maire-adama-bictogo-sensibilise-les-eleves-contre-les-conges-anticipes\\\/\"},\"wordCount\":337,\"image\":{\"@id\":\"https:\\\/\\\/www.amanien.info\\\/news\\\/yopougon-le-maire-adama-bictogo-sensibilise-les-eleves-contre-les-conges-anticipes\\\/#primaryimage\"},\"thumbnailUrl\":\"https:\\\/\\\/www.amanien.info\\\/news\\\/wp-content\\\/uploads\\\/2023\\\/12\\\/bictogo-a-yop-eleves-65772dab74edb034114448.jpg\",\"inLanguage\":\"fr-FR\"},{\"@type\":\"WebPage\",\"@id\":\"https:\\\/\\\/www.amanien.info\\\/news\\\/yopougon-le-maire-adama-bictogo-sensibilise-les-eleves-contre-les-conges-anticipes\\\/\",\"url\":\"https:\\\/\\\/www.amanien.info\\\/news\\\/yopougon-le-maire-adama-bictogo-sensibilise-les-eleves-contre-les-conges-anticipes\\\/\",\"name\":\"Yopougon : le maire Adama Bictogo sensibilise les \u00e9l\u00e8ves contre les cong\u00e9s anticip\u00e9s - Amanien| L&#039;actualit\u00e9 Ivoirienne et Internationale\",\"isPartOf\":{\"@id\":\"https:\\\/\\\/www.amanien.info\\\/news\\\/#website\"},\"primaryImageOfPage\":{\"@id\":\"https:\\\/\\\/www.amanien.info\\\/news\\\/yopougon-le-maire-adama-bictogo-sensibilise-les-eleves-contre-les-conges-anticipes\\\/#primaryimage\"},\"image\":{\"@id\":\"https:\\\/\\\/www.amanien.info\\\/news\\\/yopougon-le-maire-adama-bictogo-sensibilise-les-eleves-contre-les-conges-anticipes\\\/#primaryimage\"},\"thumbnailUrl\":\"https:\\\/\\\/www.amanien.info\\\/news\\\/wp-content\\\/uploads\\\/2023\\\/12\\\/bictogo-a-yop-eleves-65772dab74edb034114448.jpg\",\"datePublished\":\"2023-12-11T19:47:40+00:00\",\"author\":{\"@id\":\"https:\\\/\\\/www.amanien.info\\\/news\\\/#\\\/schema\\\/person\\\/b21093345753a1a98242d505bd894f42\"},\"breadcrumb\":{\"@id\":\"https:\\\/\\\/www.amanien.info\\\/news\\\/yopougon-le-maire-adama-bictogo-sensibilise-les-eleves-contre-les-conges-anticipes\\\/#breadcrumb\"},\"inLanguage\":\"fr-FR\",\"potentialAction\":[{\"@type\":\"ReadAction\",\"target\":[\"https:\\\/\\\/www.amanien.info\\\/news\\\/yopougon-le-maire-adama-bictogo-sensibilise-les-eleves-contre-les-conges-anticipes\\\/\"]}]},{\"@type\":\"ImageObject\",\"inLanguage\":\"fr-FR\",\"@id\":\"https:\\\/\\\/www.amanien.info\\\/news\\\/yopougon-le-maire-adama-bictogo-sensibilise-les-eleves-contre-les-conges-anticipes\\\/#primaryimage\",\"url\":\"https:\\\/\\\/www.amanien.info\\\/news\\\/wp-content\\\/uploads\\\/2023\\\/12\\\/bictogo-a-yop-eleves-65772dab74edb034114448.jpg\",\"contentUrl\":\"https:\\\/\\\/www.amanien.info\\\/news\\\/wp-content\\\/uploads\\\/2023\\\/12\\\/bictogo-a-yop-eleves-65772dab74edb034114448.jpg\",\"width\":1280,\"height\":853},{\"@type\":\"BreadcrumbList\",\"@id\":\"https:\\\/\\\/www.amanien.info\\\/news\\\/yopougon-le-maire-adama-bictogo-sensibilise-les-eleves-contre-les-conges-anticipes\\\/#breadcrumb\",\"itemListElement\":[{\"@type\":\"ListItem\",\"position\":1,\"name\":\"Accueil\",\"item\":\"https:\\\/\\\/www.amanien.info\\\/news\\\/\"},{\"@type\":\"ListItem\",\"position\":2,\"name\":\"Yopougon : le maire Adama Bictogo sensibilise les \u00e9l\u00e8ves contre les cong\u00e9s anticip\u00e9s\"}]},{\"@type\":\"WebSite\",\"@id\":\"https:\\\/\\\/www.amanien.info\\\/news\\\/#website\",\"url\":\"https:\\\/\\\/www.amanien.info\\\/news\\\/\",\"name\":\"Amanien| L&#039;actualit\u00e9 Ivoirienne et Internationale\",\"description\":\"L&#039;actualit\u00e9 Ivoirienne et Internationale\",\"potentialAction\":[{\"@type\":\"SearchAction\",\"target\":{\"@type\":\"EntryPoint\",\"urlTemplate\":\"https:\\\/\\\/www.amanien.info\\\/news\\\/?s={search_term_string}\"},\"query-input\":{\"@type\":\"PropertyValueSpecification\",\"valueRequired\":true,\"valueName\":\"search_term_string\"}}],\"inLanguage\":\"fr-FR\"},{\"@type\":\"Person\",\"@id\":\"https:\\\/\\\/www.amanien.info\\\/news\\\/#\\\/schema\\\/person\\\/b21093345753a1a98242d505bd894f42\",\"name\":\"Germain Ndri\",\"url\":\"https:\\\/\\\/www.amanien.info\\\/news\\\/author\\\/amanien-infos\\\/\"}]}<\/script>\n<!-- \/ Yoast SEO plugin. -->","yoast_head_json":{"title":"Yopougon : le maire Adama Bictogo sensibilise les \u00e9l\u00e8ves contre les cong\u00e9s anticip\u00e9s - Amanien| L&#039;actualit\u00e9 Ivoirienne et Internationale","robots":{"index":"index","follow":"follow","max-snippet":"max-snippet:-1","max-image-preview":"max-image-preview:large","max-video-preview":"max-video-preview:-1"},"canonical":"https:\/\/www.amanien.info\/news\/yopougon-le-maire-adama-bictogo-sensibilise-les-eleves-contre-les-conges-anticipes\/","og_locale":"fr_FR","og_type":"article","og_title":"Yopougon : le maire Adama Bictogo sensibilise les \u00e9l\u00e8ves contre les cong\u00e9s anticip\u00e9s - Amanien| L&#039;actualit\u00e9 Ivoirienne et Internationale","og_description":"Le Maire\u00a0 de la Commune de Yopougon, Adama Bictogo a pr\u00e9sid\u00e9, lundi 11 d\u00e9cembre, la c\u00e9r\u00e9monie de salut aux couleurs au Lyc\u00e9e Municipal Pierre Gadi\u00e9, le premier lyc\u00e9e public de Yopougon, fond\u00e9 en 1986. L&rsquo;\u00e9tablissement a \u00e9t\u00e9 rebaptis\u00e9 du nom du tout premier maire de la commune.\u00a0 Le premier magistrat de la plus grande commune [&hellip;]","og_url":"https:\/\/www.amanien.info\/news\/yopougon-le-maire-adama-bictogo-sensibilise-les-eleves-contre-les-conges-anticipes\/","og_site_name":"Amanien| L&#039;actualit\u00e9 Ivoirienne et Internationale","article_published_time":"2023-12-11T19:47:40+00:00","og_image":[{"width":1280,"height":853,"url":"https:\/\/www.amanien.info\/news\/wp-content\/uploads\/2023\/12\/bictogo-a-yop-eleves-65772dab74edb034114448.jpg","type":"image\/jpeg"}],"author":"Germain Ndri","twitter_card":"summary_large_image","twitter_misc":{"\u00c9crit par":"Germain Ndri","Dur\u00e9e de lecture estim\u00e9e":"2 minutes"},"schema":{"@context":"https:\/\/schema.org","@graph":[{"@type":"Article","@id":"https:\/\/www.amanien.info\/news\/yopougon-le-maire-adama-bictogo-sensibilise-les-eleves-contre-les-conges-anticipes\/#article","isPartOf":{"@id":"https:\/\/www.amanien.info\/news\/yopougon-le-maire-adama-bictogo-sensibilise-les-eleves-contre-les-conges-anticipes\/"},"author":{"name":"Germain Ndri","@id":"https:\/\/www.amanien.info\/news\/#\/schema\/person\/b21093345753a1a98242d505bd894f42"},"headline":"Yopougon : le maire Adama Bictogo sensibilise les \u00e9l\u00e8ves contre les cong\u00e9s anticip\u00e9s","datePublished":"2023-12-11T19:47:40+00:00","mainEntityOfPage":{"@id":"https:\/\/www.amanien.info\/news\/yopougon-le-maire-adama-bictogo-sensibilise-les-eleves-contre-les-conges-anticipes\/"},"wordCount":337,"image":{"@id":"https:\/\/www.amanien.info\/news\/yopougon-le-maire-adama-bictogo-sensibilise-les-eleves-contre-les-conges-anticipes\/#primaryimage"},"thumbnailUrl":"https:\/\/www.amanien.info\/news\/wp-content\/uploads\/2023\/12\/bictogo-a-yop-eleves-65772dab74edb034114448.jpg","inLanguage":"fr-FR"},{"@type":"WebPage","@id":"https:\/\/www.amanien.info\/news\/yopougon-le-maire-adama-bictogo-sensibilise-les-eleves-contre-les-conges-anticipes\/","url":"https:\/\/www.amanien.info\/news\/yopougon-le-maire-adama-bictogo-sensibilise-les-eleves-contre-les-conges-anticipes\/","name":"Yopougon : le maire Adama Bictogo sensibilise les \u00e9l\u00e8ves contre les cong\u00e9s anticip\u00e9s - Amanien| L&#039;actualit\u00e9 Ivoirienne et Internationale","isPartOf":{"@id":"https:\/\/www.amanien.info\/news\/#website"},"primaryImageOfPage":{"@id":"https:\/\/www.amanien.info\/news\/yopougon-le-maire-adama-bictogo-sensibilise-les-eleves-contre-les-conges-anticipes\/#primaryimage"},"image":{"@id":"https:\/\/www.amanien.info\/news\/yopougon-le-maire-adama-bictogo-sensibilise-les-eleves-contre-les-conges-anticipes\/#primaryimage"},"thumbnailUrl":"https:\/\/www.amanien.info\/news\/wp-content\/uploads\/2023\/12\/bictogo-a-yop-eleves-65772dab74edb034114448.jpg","datePublished":"2023-12-11T19:47:40+00:00","author":{"@id":"https:\/\/www.amanien.info\/news\/#\/schema\/person\/b21093345753a1a98242d505bd894f42"},"breadcrumb":{"@id":"https:\/\/www.amanien.info\/news\/yopougon-le-maire-adama-bictogo-sensibilise-les-eleves-contre-les-conges-anticipes\/#breadcrumb"},"inLanguage":"fr-FR","potentialAction":[{"@type":"ReadAction","target":["https:\/\/www.amanien.info\/news\/yopougon-le-maire-adama-bictogo-sensibilise-les-eleves-contre-les-conges-anticipes\/"]}]},{"@type":"ImageObject","inLanguage":"fr-FR","@id":"https:\/\/www.amanien.info\/news\/yopougon-le-maire-adama-bictogo-sensibilise-les-eleves-contre-les-conges-anticipes\/#primaryimage","url":"https:\/\/www.amanien.info\/news\/wp-content\/uploads\/2023\/12\/bictogo-a-yop-eleves-65772dab74edb034114448.jpg","contentUrl":"https:\/\/www.amanien.info\/news\/wp-content\/uploads\/2023\/12\/bictogo-a-yop-eleves-65772dab74edb034114448.jpg","width":1280,"height":853},{"@type":"BreadcrumbList","@id":"https:\/\/www.amanien.info\/news\/yopougon-le-maire-adama-bictogo-sensibilise-les-eleves-contre-les-conges-anticipes\/#breadcrumb","itemListElement":[{"@type":"ListItem","position":1,"name":"Accueil","item":"https:\/\/www.amanien.info\/news\/"},{"@type":"ListItem","position":2,"name":"Yopougon : le maire Adama Bictogo sensibilise les \u00e9l\u00e8ves contre les cong\u00e9s anticip\u00e9s"}]},{"@type":"WebSite","@id":"https:\/\/www.amanien.info\/news\/#website","url":"https:\/\/www.amanien.info\/news\/","name":"Amanien| L&#039;actualit\u00e9 Ivoirienne et Internationale","description":"L&#039;actualit\u00e9 Ivoirienne et Internationale","potentialAction":[{"@type":"SearchAction","target":{"@type":"EntryPoint","urlTemplate":"https:\/\/www.amanien.info\/news\/?s={search_term_string}"},"query-input":{"@type":"PropertyValueSpecification","valueRequired":true,"valueName":"search_term_string"}}],"inLanguage":"fr-FR"},{"@type":"Person","@id":"https:\/\/www.amanien.info\/news\/#\/schema\/person\/b21093345753a1a98242d505bd894f42","name":"Germain Ndri","url":"https:\/\/www.amanien.info\/news\/author\/amanien-infos\/"}]}},"_links":{"self":[{"href":"https:\/\/www.amanien.info\/news\/wp-json\/wp\/v2\/posts\/5644","targetHints":{"allow":["GET"]}}],"collection":[{"href":"https:\/\/www.amanien.info\/news\/wp-json\/wp\/v2\/posts"}],"about":[{"href":"https:\/\/www.amanien.info\/news\/wp-json\/wp\/v2\/types\/post"}],"author":[{"embeddable":true,"href":"https:\/\/www.amanien.info\/news\/wp-json\/wp\/v2\/users\/2"}],"replies":[{"embeddable":true,"href":"https:\/\/www.amanien.info\/news\/wp-json\/wp\/v2\/comments?post=5644"}],"version-history":[{"count":1,"href":"https:\/\/www.amanien.info\/news\/wp-json\/wp\/v2\/posts\/5644\/revisions"}],"predecessor-version":[{"id":5646,"href":"https:\/\/www.amanien.info\/news\/wp-json\/wp\/v2\/posts\/5644\/revisions\/5646"}],"wp:featuredmedia":[{"embeddable":true,"href":"https:\/\/www.amanien.info\/news\/wp-json\/wp\/v2\/media\/5645"}],"wp:attachment":[{"href":"https:\/\/www.amanien.info\/news\/wp-json\/wp\/v2\/media?parent=5644"}],"wp:term":[{"taxonomy":"category","embeddable":true,"href":"https:\/\/www.amanien.info\/news\/wp-json\/wp\/v2\/categories?post=5644"},{"taxonomy":"post_tag","embeddable":true,"href":"https:\/\/www.amanien.info\/news\/wp-json\/wp\/v2\/tags?post=5644"}],"curies":[{"name":"wp","href":"https:\/\/api.w.org\/{rel}","templated":true}]}}