{"id":5621,"date":"2023-12-09T11:24:07","date_gmt":"2023-12-09T11:24:07","guid":{"rendered":"https:\/\/www.amanien.info\/news\/?p=5621"},"modified":"2023-12-09T11:24:07","modified_gmt":"2023-12-09T11:24:07","slug":"transports-les-chauffeurs-de-vtc-invites-a-la-declaration-a-la-cnps-et-a-limmatriculation-a-la-cnmci","status":"publish","type":"post","link":"https:\/\/www.amanien.info\/news\/transports-les-chauffeurs-de-vtc-invites-a-la-declaration-a-la-cnps-et-a-limmatriculation-a-la-cnmci\/","title":{"rendered":"Transports\/ Les chauffeurs de VTC invit\u00e9s \u00e0 la d\u00e9claration \u00e0 la CNPS et \u00e0 l&rsquo;immatriculation \u00e0 la CNMCI\u00a0"},"content":{"rendered":"<div><span style=\"text-transform: initial;\">Les acteurs du secteur de Voiture avec Chauffeur (VTC), les chauffeurs de VTC, les membres et sympathisants du Syndicat National des Chauffeurs de VTC de C\u00f4te d&rsquo;Ivoire (SYNACVTCCI) ont \u00e9t\u00e9 sensibilis\u00e9s, mardi, sur l&rsquo;importance de la d\u00e9claration \u00e0 la CNPS (Caisse Nationale de Pr\u00e9voyance Sociale) et \u00e0 la Chambre Nationale de M\u00e9tiers de C\u00f4te d&rsquo;Ivoire (CNMCI), au cours d&rsquo;une visite du Pr\u00e9sident de la CNMCI, Bamba K. Mory, au si\u00e8ge technique du SYNACVTCCI, sis \u00e0 Cocody\u2013Angr\u00e9.\u00a0<\/span><\/div>\n<div>\n<div><\/div>\n<div>S&rsquo;adressant aux acteurs du secteur de VTC, en particulier les chauffeurs VTC, le patron de la CNMCI a indiqu\u00e9 la n\u00e9cessit\u00e9 de l&rsquo;immatriculation. &lt;&lt;C&rsquo;est tr\u00e8s important d&rsquo;immatriculer les chauffeurs. Car, cette innovation mettra fin \u00e0 l&rsquo;ins\u00e9curit\u00e9. Aujourd&rsquo;hui, tout le monde est devenu chauffeur de VTC. Nous voulons, donc, faire de la conduite un m\u00e9tier. C&rsquo;est pourquoi, nous avons entrepris des r\u00e9formes&gt;&gt;, a-t-il expliqu\u00e9, ajoutant que la priorit\u00e9 est mise sur la d\u00e9claration \u00e0 la CNPS et l&rsquo;immatriculation \u00e0 la CNMCI, une \u00e9tape cruciale\u00a0 permettant aux chauffeurs de VTC de b\u00e9n\u00e9ficier ainsi de la s\u00e9curit\u00e9 sociale.<\/div>\n<div><\/div>\n<div>Abondant dans le m\u00eame sens, le Secr\u00e9taire G\u00e9n\u00e9ral du SYNACVTCCI, Boka N&rsquo;Takp\u00e9 Jules, a indiqu\u00e9 que cette \u00e9tape est importante pour tous les acteurs de VTC de C\u00f4te d&rsquo;Ivoire ; car, \u00ab\u00a0elle va de la cr\u00e9dibilit\u00e9 du pays qui abritera la CAN 2023 dans quelques jours\u00a0\u00bb. \u00ab\u00a0Le non-respect des instructions entra\u00eenera des sanctions, a-t-il pr\u00e9venu, invitant les chauffeurs de VTC \u00e0 se mettre dans la droite ligne des formalit\u00e9s. \u00ab\u00a0Vous\u00a0<i>devez avoir des cartes de la chambre pour pouvoir vous permettre d&rsquo;exercer ais\u00e9ment votre m\u00e9tier \u00ab\u00a0<\/i>, a exhort\u00e9 le Secr\u00e9taire G\u00e9n\u00e9ral du SYNACVTCCI.<\/div>\n<div>Faisant savoir que le secteur emploie plus de 20 000 taxis et 40 000 chauffeurs de VTC.<\/div>\n<div><\/div>\n<div>Poursuivant, M. Boka a soutenu que la formalisation permettra aux chauffeurs de VTC d&rsquo;\u00eatre prot\u00e9g\u00e9s juridiquement et socialement et d&rsquo;\u00eatre accompagn\u00e9s par la CNMCI.\u00a0<i>\u00ab\u00a0Si nous avons la carte, la chambre doit nous accompagner. Elle doit nous accompagner dans le financement. L&rsquo;Etat accompagne la chambre \u00e0 pouvoir nous accompagner. Donc, si nous nous approchons de la Chambre, nous pouvons avoir cet accompagnement\u00a0\u00bb,\u00a0<\/i>a-t-il fait savoir.<\/div>\n<div>Notons que cette op\u00e9ration d&rsquo;enr\u00f4lement co\u00fbte 18 500 de nos francs, dont les frais de l&rsquo;immatriculation \u00e0 10 000 F, les frais de l&rsquo;obtention de la carte de m\u00e9tier \u00e0 5 000 F\/an renouvelable et\u00a0 les frais du service technique \u00e0 3 500 F. Ce processus d&rsquo;enr\u00f4lement est simple et fluide au niveau du service technique du SYNACVTCCI.<\/div>\n<div><\/div>\n<div>Afin d&rsquo;am\u00e9liorer ce secteur pourvoyeur d&#8217;emplois, le Minist\u00e8re de la jeunesse, de l&rsquo;insertion professionnelle et du service civique va offrir 500 taxis.<\/div>\n<\/div>\n","protected":false},"excerpt":{"rendered":"<p>Les acteurs du secteur de Voiture avec Chauffeur (VTC), les chauffeurs de VTC, les membres et sympathisants du Syndicat National des Chauffeurs de VTC de C\u00f4te d&rsquo;Ivoire (SYNACVTCCI) ont \u00e9t\u00e9 sensibilis\u00e9s, mardi, sur l&rsquo;importance de la d\u00e9claration \u00e0 la CNPS (Caisse Nationale de Pr\u00e9voyance Sociale) et \u00e0 la Chambre Nationale de M\u00e9tiers de C\u00f4te d&rsquo;Ivoire [&hellip;]<\/p>\n","protected":false},"author":2,"featured_media":5632,"comment_status":"closed","ping_status":"closed","sticky":false,"template":"","format":"standard","meta":{"_acf_changed":false,"footnotes":""},"categories":[5],"tags":[],"class_list":["post-5621","post","type-post","status-publish","format-standard","has-post-thumbnail","hentry","category-economie"],"acf":[],"yoast_head":"<!-- This site is optimized with the Yoast SEO plugin v27.5 - https:\/\/yoast.com\/product\/yoast-seo-wordpress\/ -->\n<title>Transports\/ Les chauffeurs de VTC invit\u00e9s \u00e0 la d\u00e9claration \u00e0 la CNPS et \u00e0 l&#039;immatriculation \u00e0 la CNMCI\u00a0 - Amanien| L&#039;actualit\u00e9 Ivoirienne et Internationale<\/title>\n<meta name=\"robots\" content=\"index, follow, max-snippet:-1, max-image-preview:large, max-video-preview:-1\" \/>\n<link rel=\"canonical\" href=\"https:\/\/www.amanien.info\/news\/transports-les-chauffeurs-de-vtc-invites-a-la-declaration-a-la-cnps-et-a-limmatriculation-a-la-cnmci\/\" \/>\n<meta property=\"og:locale\" content=\"fr_FR\" \/>\n<meta property=\"og:type\" content=\"article\" \/>\n<meta property=\"og:title\" content=\"Transports\/ Les chauffeurs de VTC invit\u00e9s \u00e0 la d\u00e9claration \u00e0 la CNPS et \u00e0 l&#039;immatriculation \u00e0 la CNMCI\u00a0 - Amanien| L&#039;actualit\u00e9 Ivoirienne et Internationale\" \/>\n<meta property=\"og:description\" content=\"Les acteurs du secteur de Voiture avec Chauffeur (VTC), les chauffeurs de VTC, les membres et sympathisants du Syndicat National des Chauffeurs de VTC de C\u00f4te d&rsquo;Ivoire (SYNACVTCCI) ont \u00e9t\u00e9 sensibilis\u00e9s, mardi, sur l&rsquo;importance de la d\u00e9claration \u00e0 la CNPS (Caisse Nationale de Pr\u00e9voyance Sociale) et \u00e0 la Chambre Nationale de M\u00e9tiers de C\u00f4te d&rsquo;Ivoire [&hellip;]\" \/>\n<meta property=\"og:url\" content=\"https:\/\/www.amanien.info\/news\/transports-les-chauffeurs-de-vtc-invites-a-la-declaration-a-la-cnps-et-a-limmatriculation-a-la-cnmci\/\" \/>\n<meta property=\"og:site_name\" content=\"Amanien| L&#039;actualit\u00e9 Ivoirienne et Internationale\" \/>\n<meta property=\"article:published_time\" content=\"2023-12-09T11:24:07+00:00\" \/>\n<meta property=\"og:image\" content=\"https:\/\/www.amanien.info\/news\/wp-content\/uploads\/2023\/12\/IMG-20231206-WA0056-1.jpg\" \/>\n\t<meta property=\"og:image:width\" content=\"1280\" \/>\n\t<meta property=\"og:image:height\" content=\"960\" \/>\n\t<meta property=\"og:image:type\" content=\"image\/jpeg\" \/>\n<meta name=\"author\" content=\"Germain Ndri\" \/>\n<meta name=\"twitter:card\" content=\"summary_large_image\" \/>\n<meta name=\"twitter:label1\" content=\"\u00c9crit par\" \/>\n\t<meta name=\"twitter:data1\" content=\"Germain Ndri\" \/>\n\t<meta name=\"twitter:label2\" content=\"Dur\u00e9e de lecture estim\u00e9e\" \/>\n\t<meta name=\"twitter:data2\" content=\"2 minutes\" \/>\n<script type=\"application\/ld+json\" class=\"yoast-schema-graph\">{\"@context\":\"https:\\\/\\\/schema.org\",\"@graph\":[{\"@type\":\"Article\",\"@id\":\"https:\\\/\\\/www.amanien.info\\\/news\\\/transports-les-chauffeurs-de-vtc-invites-a-la-declaration-a-la-cnps-et-a-limmatriculation-a-la-cnmci\\\/#article\",\"isPartOf\":{\"@id\":\"https:\\\/\\\/www.amanien.info\\\/news\\\/transports-les-chauffeurs-de-vtc-invites-a-la-declaration-a-la-cnps-et-a-limmatriculation-a-la-cnmci\\\/\"},\"author\":{\"name\":\"Germain Ndri\",\"@id\":\"https:\\\/\\\/www.amanien.info\\\/news\\\/#\\\/schema\\\/person\\\/b21093345753a1a98242d505bd894f42\"},\"headline\":\"Transports\\\/ Les chauffeurs de VTC invit\u00e9s \u00e0 la d\u00e9claration \u00e0 la CNPS et \u00e0 l&rsquo;immatriculation \u00e0 la CNMCI\u00a0\",\"datePublished\":\"2023-12-09T11:24:07+00:00\",\"mainEntityOfPage\":{\"@id\":\"https:\\\/\\\/www.amanien.info\\\/news\\\/transports-les-chauffeurs-de-vtc-invites-a-la-declaration-a-la-cnps-et-a-limmatriculation-a-la-cnmci\\\/\"},\"wordCount\":488,\"image\":{\"@id\":\"https:\\\/\\\/www.amanien.info\\\/news\\\/transports-les-chauffeurs-de-vtc-invites-a-la-declaration-a-la-cnps-et-a-limmatriculation-a-la-cnmci\\\/#primaryimage\"},\"thumbnailUrl\":\"https:\\\/\\\/www.amanien.info\\\/news\\\/wp-content\\\/uploads\\\/2023\\\/12\\\/IMG-20231206-WA0056-1.jpg\",\"articleSection\":[\"Economie\"],\"inLanguage\":\"fr-FR\"},{\"@type\":\"WebPage\",\"@id\":\"https:\\\/\\\/www.amanien.info\\\/news\\\/transports-les-chauffeurs-de-vtc-invites-a-la-declaration-a-la-cnps-et-a-limmatriculation-a-la-cnmci\\\/\",\"url\":\"https:\\\/\\\/www.amanien.info\\\/news\\\/transports-les-chauffeurs-de-vtc-invites-a-la-declaration-a-la-cnps-et-a-limmatriculation-a-la-cnmci\\\/\",\"name\":\"Transports\\\/ Les chauffeurs de VTC invit\u00e9s \u00e0 la d\u00e9claration \u00e0 la CNPS et \u00e0 l'immatriculation \u00e0 la CNMCI\u00a0 - Amanien| L&#039;actualit\u00e9 Ivoirienne et Internationale\",\"isPartOf\":{\"@id\":\"https:\\\/\\\/www.amanien.info\\\/news\\\/#website\"},\"primaryImageOfPage\":{\"@id\":\"https:\\\/\\\/www.amanien.info\\\/news\\\/transports-les-chauffeurs-de-vtc-invites-a-la-declaration-a-la-cnps-et-a-limmatriculation-a-la-cnmci\\\/#primaryimage\"},\"image\":{\"@id\":\"https:\\\/\\\/www.amanien.info\\\/news\\\/transports-les-chauffeurs-de-vtc-invites-a-la-declaration-a-la-cnps-et-a-limmatriculation-a-la-cnmci\\\/#primaryimage\"},\"thumbnailUrl\":\"https:\\\/\\\/www.amanien.info\\\/news\\\/wp-content\\\/uploads\\\/2023\\\/12\\\/IMG-20231206-WA0056-1.jpg\",\"datePublished\":\"2023-12-09T11:24:07+00:00\",\"author\":{\"@id\":\"https:\\\/\\\/www.amanien.info\\\/news\\\/#\\\/schema\\\/person\\\/b21093345753a1a98242d505bd894f42\"},\"breadcrumb\":{\"@id\":\"https:\\\/\\\/www.amanien.info\\\/news\\\/transports-les-chauffeurs-de-vtc-invites-a-la-declaration-a-la-cnps-et-a-limmatriculation-a-la-cnmci\\\/#breadcrumb\"},\"inLanguage\":\"fr-FR\",\"potentialAction\":[{\"@type\":\"ReadAction\",\"target\":[\"https:\\\/\\\/www.amanien.info\\\/news\\\/transports-les-chauffeurs-de-vtc-invites-a-la-declaration-a-la-cnps-et-a-limmatriculation-a-la-cnmci\\\/\"]}]},{\"@type\":\"ImageObject\",\"inLanguage\":\"fr-FR\",\"@id\":\"https:\\\/\\\/www.amanien.info\\\/news\\\/transports-les-chauffeurs-de-vtc-invites-a-la-declaration-a-la-cnps-et-a-limmatriculation-a-la-cnmci\\\/#primaryimage\",\"url\":\"https:\\\/\\\/www.amanien.info\\\/news\\\/wp-content\\\/uploads\\\/2023\\\/12\\\/IMG-20231206-WA0056-1.jpg\",\"contentUrl\":\"https:\\\/\\\/www.amanien.info\\\/news\\\/wp-content\\\/uploads\\\/2023\\\/12\\\/IMG-20231206-WA0056-1.jpg\",\"width\":1280,\"height\":960},{\"@type\":\"BreadcrumbList\",\"@id\":\"https:\\\/\\\/www.amanien.info\\\/news\\\/transports-les-chauffeurs-de-vtc-invites-a-la-declaration-a-la-cnps-et-a-limmatriculation-a-la-cnmci\\\/#breadcrumb\",\"itemListElement\":[{\"@type\":\"ListItem\",\"position\":1,\"name\":\"Accueil\",\"item\":\"https:\\\/\\\/www.amanien.info\\\/news\\\/\"},{\"@type\":\"ListItem\",\"position\":2,\"name\":\"Transports\\\/ Les chauffeurs de VTC invit\u00e9s \u00e0 la d\u00e9claration \u00e0 la CNPS et \u00e0 l&rsquo;immatriculation \u00e0 la CNMCI\u00a0\"}]},{\"@type\":\"WebSite\",\"@id\":\"https:\\\/\\\/www.amanien.info\\\/news\\\/#website\",\"url\":\"https:\\\/\\\/www.amanien.info\\\/news\\\/\",\"name\":\"Amanien| L&#039;actualit\u00e9 Ivoirienne et Internationale\",\"description\":\"L&#039;actualit\u00e9 Ivoirienne et Internationale\",\"potentialAction\":[{\"@type\":\"SearchAction\",\"target\":{\"@type\":\"EntryPoint\",\"urlTemplate\":\"https:\\\/\\\/www.amanien.info\\\/news\\\/?s={search_term_string}\"},\"query-input\":{\"@type\":\"PropertyValueSpecification\",\"valueRequired\":true,\"valueName\":\"search_term_string\"}}],\"inLanguage\":\"fr-FR\"},{\"@type\":\"Person\",\"@id\":\"https:\\\/\\\/www.amanien.info\\\/news\\\/#\\\/schema\\\/person\\\/b21093345753a1a98242d505bd894f42\",\"name\":\"Germain Ndri\",\"url\":\"https:\\\/\\\/www.amanien.info\\\/news\\\/author\\\/amanien-infos\\\/\"}]}<\/script>\n<!-- \/ Yoast SEO plugin. -->","yoast_head_json":{"title":"Transports\/ Les chauffeurs de VTC invit\u00e9s \u00e0 la d\u00e9claration \u00e0 la CNPS et \u00e0 l'immatriculation \u00e0 la CNMCI\u00a0 - Amanien| L&#039;actualit\u00e9 Ivoirienne et Internationale","robots":{"index":"index","follow":"follow","max-snippet":"max-snippet:-1","max-image-preview":"max-image-preview:large","max-video-preview":"max-video-preview:-1"},"canonical":"https:\/\/www.amanien.info\/news\/transports-les-chauffeurs-de-vtc-invites-a-la-declaration-a-la-cnps-et-a-limmatriculation-a-la-cnmci\/","og_locale":"fr_FR","og_type":"article","og_title":"Transports\/ Les chauffeurs de VTC invit\u00e9s \u00e0 la d\u00e9claration \u00e0 la CNPS et \u00e0 l'immatriculation \u00e0 la CNMCI\u00a0 - Amanien| L&#039;actualit\u00e9 Ivoirienne et Internationale","og_description":"Les acteurs du secteur de Voiture avec Chauffeur (VTC), les chauffeurs de VTC, les membres et sympathisants du Syndicat National des Chauffeurs de VTC de C\u00f4te d&rsquo;Ivoire (SYNACVTCCI) ont \u00e9t\u00e9 sensibilis\u00e9s, mardi, sur l&rsquo;importance de la d\u00e9claration \u00e0 la CNPS (Caisse Nationale de Pr\u00e9voyance Sociale) et \u00e0 la Chambre Nationale de M\u00e9tiers de C\u00f4te d&rsquo;Ivoire [&hellip;]","og_url":"https:\/\/www.amanien.info\/news\/transports-les-chauffeurs-de-vtc-invites-a-la-declaration-a-la-cnps-et-a-limmatriculation-a-la-cnmci\/","og_site_name":"Amanien| L&#039;actualit\u00e9 Ivoirienne et Internationale","article_published_time":"2023-12-09T11:24:07+00:00","og_image":[{"width":1280,"height":960,"url":"https:\/\/www.amanien.info\/news\/wp-content\/uploads\/2023\/12\/IMG-20231206-WA0056-1.jpg","type":"image\/jpeg"}],"author":"Germain Ndri","twitter_card":"summary_large_image","twitter_misc":{"\u00c9crit par":"Germain Ndri","Dur\u00e9e de lecture estim\u00e9e":"2 minutes"},"schema":{"@context":"https:\/\/schema.org","@graph":[{"@type":"Article","@id":"https:\/\/www.amanien.info\/news\/transports-les-chauffeurs-de-vtc-invites-a-la-declaration-a-la-cnps-et-a-limmatriculation-a-la-cnmci\/#article","isPartOf":{"@id":"https:\/\/www.amanien.info\/news\/transports-les-chauffeurs-de-vtc-invites-a-la-declaration-a-la-cnps-et-a-limmatriculation-a-la-cnmci\/"},"author":{"name":"Germain Ndri","@id":"https:\/\/www.amanien.info\/news\/#\/schema\/person\/b21093345753a1a98242d505bd894f42"},"headline":"Transports\/ Les chauffeurs de VTC invit\u00e9s \u00e0 la d\u00e9claration \u00e0 la CNPS et \u00e0 l&rsquo;immatriculation \u00e0 la CNMCI\u00a0","datePublished":"2023-12-09T11:24:07+00:00","mainEntityOfPage":{"@id":"https:\/\/www.amanien.info\/news\/transports-les-chauffeurs-de-vtc-invites-a-la-declaration-a-la-cnps-et-a-limmatriculation-a-la-cnmci\/"},"wordCount":488,"image":{"@id":"https:\/\/www.amanien.info\/news\/transports-les-chauffeurs-de-vtc-invites-a-la-declaration-a-la-cnps-et-a-limmatriculation-a-la-cnmci\/#primaryimage"},"thumbnailUrl":"https:\/\/www.amanien.info\/news\/wp-content\/uploads\/2023\/12\/IMG-20231206-WA0056-1.jpg","articleSection":["Economie"],"inLanguage":"fr-FR"},{"@type":"WebPage","@id":"https:\/\/www.amanien.info\/news\/transports-les-chauffeurs-de-vtc-invites-a-la-declaration-a-la-cnps-et-a-limmatriculation-a-la-cnmci\/","url":"https:\/\/www.amanien.info\/news\/transports-les-chauffeurs-de-vtc-invites-a-la-declaration-a-la-cnps-et-a-limmatriculation-a-la-cnmci\/","name":"Transports\/ Les chauffeurs de VTC invit\u00e9s \u00e0 la d\u00e9claration \u00e0 la CNPS et \u00e0 l'immatriculation \u00e0 la CNMCI\u00a0 - Amanien| L&#039;actualit\u00e9 Ivoirienne et Internationale","isPartOf":{"@id":"https:\/\/www.amanien.info\/news\/#website"},"primaryImageOfPage":{"@id":"https:\/\/www.amanien.info\/news\/transports-les-chauffeurs-de-vtc-invites-a-la-declaration-a-la-cnps-et-a-limmatriculation-a-la-cnmci\/#primaryimage"},"image":{"@id":"https:\/\/www.amanien.info\/news\/transports-les-chauffeurs-de-vtc-invites-a-la-declaration-a-la-cnps-et-a-limmatriculation-a-la-cnmci\/#primaryimage"},"thumbnailUrl":"https:\/\/www.amanien.info\/news\/wp-content\/uploads\/2023\/12\/IMG-20231206-WA0056-1.jpg","datePublished":"2023-12-09T11:24:07+00:00","author":{"@id":"https:\/\/www.amanien.info\/news\/#\/schema\/person\/b21093345753a1a98242d505bd894f42"},"breadcrumb":{"@id":"https:\/\/www.amanien.info\/news\/transports-les-chauffeurs-de-vtc-invites-a-la-declaration-a-la-cnps-et-a-limmatriculation-a-la-cnmci\/#breadcrumb"},"inLanguage":"fr-FR","potentialAction":[{"@type":"ReadAction","target":["https:\/\/www.amanien.info\/news\/transports-les-chauffeurs-de-vtc-invites-a-la-declaration-a-la-cnps-et-a-limmatriculation-a-la-cnmci\/"]}]},{"@type":"ImageObject","inLanguage":"fr-FR","@id":"https:\/\/www.amanien.info\/news\/transports-les-chauffeurs-de-vtc-invites-a-la-declaration-a-la-cnps-et-a-limmatriculation-a-la-cnmci\/#primaryimage","url":"https:\/\/www.amanien.info\/news\/wp-content\/uploads\/2023\/12\/IMG-20231206-WA0056-1.jpg","contentUrl":"https:\/\/www.amanien.info\/news\/wp-content\/uploads\/2023\/12\/IMG-20231206-WA0056-1.jpg","width":1280,"height":960},{"@type":"BreadcrumbList","@id":"https:\/\/www.amanien.info\/news\/transports-les-chauffeurs-de-vtc-invites-a-la-declaration-a-la-cnps-et-a-limmatriculation-a-la-cnmci\/#breadcrumb","itemListElement":[{"@type":"ListItem","position":1,"name":"Accueil","item":"https:\/\/www.amanien.info\/news\/"},{"@type":"ListItem","position":2,"name":"Transports\/ Les chauffeurs de VTC invit\u00e9s \u00e0 la d\u00e9claration \u00e0 la CNPS et \u00e0 l&rsquo;immatriculation \u00e0 la CNMCI\u00a0"}]},{"@type":"WebSite","@id":"https:\/\/www.amanien.info\/news\/#website","url":"https:\/\/www.amanien.info\/news\/","name":"Amanien| L&#039;actualit\u00e9 Ivoirienne et Internationale","description":"L&#039;actualit\u00e9 Ivoirienne et Internationale","potentialAction":[{"@type":"SearchAction","target":{"@type":"EntryPoint","urlTemplate":"https:\/\/www.amanien.info\/news\/?s={search_term_string}"},"query-input":{"@type":"PropertyValueSpecification","valueRequired":true,"valueName":"search_term_string"}}],"inLanguage":"fr-FR"},{"@type":"Person","@id":"https:\/\/www.amanien.info\/news\/#\/schema\/person\/b21093345753a1a98242d505bd894f42","name":"Germain Ndri","url":"https:\/\/www.amanien.info\/news\/author\/amanien-infos\/"}]}},"_links":{"self":[{"href":"https:\/\/www.amanien.info\/news\/wp-json\/wp\/v2\/posts\/5621","targetHints":{"allow":["GET"]}}],"collection":[{"href":"https:\/\/www.amanien.info\/news\/wp-json\/wp\/v2\/posts"}],"about":[{"href":"https:\/\/www.amanien.info\/news\/wp-json\/wp\/v2\/types\/post"}],"author":[{"embeddable":true,"href":"https:\/\/www.amanien.info\/news\/wp-json\/wp\/v2\/users\/2"}],"replies":[{"embeddable":true,"href":"https:\/\/www.amanien.info\/news\/wp-json\/wp\/v2\/comments?post=5621"}],"version-history":[{"count":1,"href":"https:\/\/www.amanien.info\/news\/wp-json\/wp\/v2\/posts\/5621\/revisions"}],"predecessor-version":[{"id":5633,"href":"https:\/\/www.amanien.info\/news\/wp-json\/wp\/v2\/posts\/5621\/revisions\/5633"}],"wp:featuredmedia":[{"embeddable":true,"href":"https:\/\/www.amanien.info\/news\/wp-json\/wp\/v2\/media\/5632"}],"wp:attachment":[{"href":"https:\/\/www.amanien.info\/news\/wp-json\/wp\/v2\/media?parent=5621"}],"wp:term":[{"taxonomy":"category","embeddable":true,"href":"https:\/\/www.amanien.info\/news\/wp-json\/wp\/v2\/categories?post=5621"},{"taxonomy":"post_tag","embeddable":true,"href":"https:\/\/www.amanien.info\/news\/wp-json\/wp\/v2\/tags?post=5621"}],"curies":[{"name":"wp","href":"https:\/\/api.w.org\/{rel}","templated":true}]}}