{"id":4854,"date":"2023-09-19T17:30:14","date_gmt":"2023-09-19T17:30:14","guid":{"rendered":"https:\/\/www.amanien.info\/news\/?p=4854"},"modified":"2023-09-19T17:30:14","modified_gmt":"2023-09-19T17:30:14","slug":"enseignement-superieur-lancement-a-abidjan-de-la-formation-des-enseignants-chercheurs-de-luniversite-de-bondoukou","status":"publish","type":"post","link":"https:\/\/www.amanien.info\/news\/enseignement-superieur-lancement-a-abidjan-de-la-formation-des-enseignants-chercheurs-de-luniversite-de-bondoukou\/","title":{"rendered":"Enseignement sup\u00e9rieur : Lancement \u00e0 Abidjan de la formation des enseignants chercheurs de l&rsquo;Universit\u00e9 de Bondoukou"},"content":{"rendered":"<div>La c\u00e9r\u00e9monie de lancement du personnel enseignants chercheurs de l&rsquo;universit\u00e9 de Bondoukou (Nord-Est ivoirien) a eu lieu, le lundi 18 septembre 2023, au Centre Africain de Management et de perfectionnement des cadres (CAMPC) sis \u00e0 l&rsquo;universit\u00e9 F\u00e9lix Houphou\u00ebt Boigny d&rsquo;Abidjan-Cocody.<\/div>\n<div>L&rsquo;objectif de cette formation est de permettre aux enseignants chercheurs d&rsquo;\u00eatre plus outill\u00e9s pour la rentr\u00e9e universitaire prochaine dans cette universit\u00e9 qui ouvrira ses portes cette ann\u00e9e.<\/div>\n<div><\/div>\n<div><\/div>\n<div>\u00ab\u00a0C&rsquo;est un honneur d&rsquo;accueillir cet important programme qui est une formation \u00e0 la p\u00e9dagogie, \u00e0 la d\u00e9ontologie et \u00e0 l&rsquo;usage des TIC qui va se faire en pr\u00e9sentiel au sein du centre pendant deux semaines et qui va permettre aux enseignants d&rsquo;\u00eatre op\u00e9rationnels quand ils se retrouveront au sein de leur universit\u00e9\u00a0\u00bb, a indiqu\u00e9 le Directeur G\u00e9n\u00e9ral du CAMPC, Joseph Kaudjhis.<\/div>\n<div><\/div>\n<div><\/div>\n<div>\u00ab\u00a0Cette formation est une condition indispensable avant de pouvoir pratiquer l&rsquo;enseignement\u00a0\u00bb, a soulign\u00e9 le Pr Koffi Gnagne, la repr\u00e9sentante et Conseill\u00e8re du Ministre de l&rsquo;Enseignement sup\u00e9rieur et de la recherche scientifique \u00e0 cette c\u00e9r\u00e9monie.<\/div>\n<div><\/div>\n<div>Pour \u00eatre plus op\u00e9rationnels une fois sur le terrain, \u00ab\u00a0il faut que les formateurs, les enseignants eux-m\u00eames soient form\u00e9s \u00e0 l&rsquo;enseignement afin d&rsquo;\u00eatre performants et pouvoir dispenser des cours de qualit\u00e9 aux \u00e9tudiants\u00a0\u00bb, a poursuivi le Professeur titulaire d&rsquo;odontologie conservatoire Odonto-stomatologie.<\/div>\n<div><\/div>\n<div>Pour sa part , le Pr\u00e9sident de l&rsquo;Universit\u00e9 de Bondoukou, Pr Djakaridia Ouattara a expliqu\u00e9 que ce programme de formation, qui vient d&rsquo;\u00eatre lanc\u00e9, vise \u00e0 \u00ab\u00a0initier les formateurs \u00e0 l&rsquo;enseignement universitaire notamment, la p\u00e9dagogie active et leur donner toutes les astuces n\u00e9cessaires pour \u00eatre \u00e0 m\u00eame d&rsquo;animer de fa\u00e7on efficace les travaux dirig\u00e9s, les travaux pratiques pour lesquels ils sont destin\u00e9s\u00a0\u00bb.<\/div>\n<div><\/div>\n<div>La construction de cette universit\u00e9 sur une superficie de 305 hectares, note-t-on, a \u00e9t\u00e9 assur\u00e9e par un financement de la Banque islamique de d\u00e9veloppement (BID) pour un montant de plus de 66 milliards FCFA. Les travaux ont \u00e9t\u00e9 lanc\u00e9s en 2019 par le d\u00e9funt Premier ministre ivoirien, Amadou Gon Coulibaly.<\/div>\n<div><\/div>\n<div>D\u2019une capacit\u00e9 de 3 000 \u00e9tudiants, l\u2019Universit\u00e9 de Bondoukou comprendra une r\u00e9sidence de 1 000 chambres d\u2019\u00e9tudiants, 50 logements pour les enseignants et chercheurs ainsi que 5 logements de fonction pour les responsables de l\u2019universit\u00e9.<\/div>\n<div><\/div>\n<div>Elle abritera les fili\u00e8res de l\u2019art, des sciences sociales, des langues, des lettres, de l\u2019architecture, de l\u2019urbanisme et du d\u00e9veloppement durable.<\/div>\n<div><\/div>\n<div>L\u2019Universit\u00e9 de Bondoukou sera la huiti\u00e8me universit\u00e9 publique ivoirienne apr\u00e8s l\u2019Universit\u00e9 F\u00e9lix Houphou\u00ebt-Boigny de Cocody (Sud), l\u2019Universit\u00e9 Nangui Abrogoua d\u2019Abobo Adjam\u00e9 (Sud), l\u2019Universit\u00e9 Alassane Ouattara de Bouak\u00e9 (Centre), l\u2019Universit\u00e9 P\u00e9l\u00e9foro Gon Coulibaly de Korhogo (Nord), l\u2019Universit\u00e9 Jean Lorougnon Gu\u00e9d\u00e9 de Daloa (Centre-Ouest), l\u2019Universit\u00e9 virtuelle de C\u00f4te d\u2019Ivoire (Sud), l\u2019Universit\u00e9 de Man (Ouest) et l\u2019Universit\u00e9 de San-P\u00e9dro (Sud-Ouest).<\/div>\n<div><\/div>\n<div><\/div>\n<div>Elle ouvrira ses portes, le 02 octobre prochain, date de la rentr\u00e9e acad\u00e9mique 2023-2024 en C\u00f4te d&rsquo;Ivoire.<\/div>\n<div><\/div>\n<div><\/div>\n<div><b>S.A.\u00a0<\/b><\/div>\n","protected":false},"excerpt":{"rendered":"<p>La c\u00e9r\u00e9monie de lancement du personnel enseignants chercheurs de l&rsquo;universit\u00e9 de Bondoukou (Nord-Est ivoirien) a eu lieu, le lundi 18 septembre 2023, au Centre Africain de Management et de perfectionnement des cadres (CAMPC) sis \u00e0 l&rsquo;universit\u00e9 F\u00e9lix Houphou\u00ebt Boigny d&rsquo;Abidjan-Cocody. L&rsquo;objectif de cette formation est de permettre aux enseignants chercheurs d&rsquo;\u00eatre plus outill\u00e9s pour la [&hellip;]<\/p>\n","protected":false},"author":2,"featured_media":4857,"comment_status":"closed","ping_status":"closed","sticky":false,"template":"","format":"standard","meta":{"_acf_changed":false,"footnotes":""},"categories":[],"tags":[13],"class_list":["post-4854","post","type-post","status-publish","format-standard","has-post-thumbnail","hentry","tag-education"],"acf":[],"yoast_head":"<!-- This site is optimized with the Yoast SEO plugin v27.5 - https:\/\/yoast.com\/product\/yoast-seo-wordpress\/ -->\n<title>Enseignement sup\u00e9rieur : Lancement \u00e0 Abidjan de la formation des enseignants chercheurs de l&#039;Universit\u00e9 de Bondoukou - Amanien| L&#039;actualit\u00e9 Ivoirienne et Internationale<\/title>\n<meta name=\"robots\" content=\"index, follow, max-snippet:-1, max-image-preview:large, max-video-preview:-1\" \/>\n<link rel=\"canonical\" href=\"https:\/\/www.amanien.info\/news\/enseignement-superieur-lancement-a-abidjan-de-la-formation-des-enseignants-chercheurs-de-luniversite-de-bondoukou\/\" \/>\n<meta property=\"og:locale\" content=\"fr_FR\" \/>\n<meta property=\"og:type\" content=\"article\" \/>\n<meta property=\"og:title\" content=\"Enseignement sup\u00e9rieur : Lancement \u00e0 Abidjan de la formation des enseignants chercheurs de l&#039;Universit\u00e9 de Bondoukou - Amanien| L&#039;actualit\u00e9 Ivoirienne et Internationale\" \/>\n<meta property=\"og:description\" content=\"La c\u00e9r\u00e9monie de lancement du personnel enseignants chercheurs de l&rsquo;universit\u00e9 de Bondoukou (Nord-Est ivoirien) a eu lieu, le lundi 18 septembre 2023, au Centre Africain de Management et de perfectionnement des cadres (CAMPC) sis \u00e0 l&rsquo;universit\u00e9 F\u00e9lix Houphou\u00ebt Boigny d&rsquo;Abidjan-Cocody. L&rsquo;objectif de cette formation est de permettre aux enseignants chercheurs d&rsquo;\u00eatre plus outill\u00e9s pour la [&hellip;]\" \/>\n<meta property=\"og:url\" content=\"https:\/\/www.amanien.info\/news\/enseignement-superieur-lancement-a-abidjan-de-la-formation-des-enseignants-chercheurs-de-luniversite-de-bondoukou\/\" \/>\n<meta property=\"og:site_name\" content=\"Amanien| L&#039;actualit\u00e9 Ivoirienne et Internationale\" \/>\n<meta property=\"article:published_time\" content=\"2023-09-19T17:30:14+00:00\" \/>\n<meta property=\"og:image\" content=\"https:\/\/www.amanien.info\/news\/wp-content\/uploads\/2023\/09\/universite-de-bondoukou-enseignant-6508702139902675827151.jpg\" \/>\n\t<meta property=\"og:image:width\" content=\"1040\" \/>\n\t<meta property=\"og:image:height\" content=\"678\" \/>\n\t<meta property=\"og:image:type\" content=\"image\/jpeg\" \/>\n<meta name=\"author\" content=\"Germain Ndri\" \/>\n<meta name=\"twitter:card\" content=\"summary_large_image\" \/>\n<meta name=\"twitter:label1\" content=\"\u00c9crit par\" \/>\n\t<meta name=\"twitter:data1\" content=\"Germain Ndri\" \/>\n\t<meta name=\"twitter:label2\" content=\"Dur\u00e9e de lecture estim\u00e9e\" \/>\n\t<meta name=\"twitter:data2\" content=\"3 minutes\" \/>\n<script type=\"application\/ld+json\" class=\"yoast-schema-graph\">{\"@context\":\"https:\\\/\\\/schema.org\",\"@graph\":[{\"@type\":\"Article\",\"@id\":\"https:\\\/\\\/www.amanien.info\\\/news\\\/enseignement-superieur-lancement-a-abidjan-de-la-formation-des-enseignants-chercheurs-de-luniversite-de-bondoukou\\\/#article\",\"isPartOf\":{\"@id\":\"https:\\\/\\\/www.amanien.info\\\/news\\\/enseignement-superieur-lancement-a-abidjan-de-la-formation-des-enseignants-chercheurs-de-luniversite-de-bondoukou\\\/\"},\"author\":{\"name\":\"Germain Ndri\",\"@id\":\"https:\\\/\\\/www.amanien.info\\\/news\\\/#\\\/schema\\\/person\\\/b21093345753a1a98242d505bd894f42\"},\"headline\":\"Enseignement sup\u00e9rieur : Lancement \u00e0 Abidjan de la formation des enseignants chercheurs de l&rsquo;Universit\u00e9 de Bondoukou\",\"datePublished\":\"2023-09-19T17:30:14+00:00\",\"mainEntityOfPage\":{\"@id\":\"https:\\\/\\\/www.amanien.info\\\/news\\\/enseignement-superieur-lancement-a-abidjan-de-la-formation-des-enseignants-chercheurs-de-luniversite-de-bondoukou\\\/\"},\"wordCount\":525,\"image\":{\"@id\":\"https:\\\/\\\/www.amanien.info\\\/news\\\/enseignement-superieur-lancement-a-abidjan-de-la-formation-des-enseignants-chercheurs-de-luniversite-de-bondoukou\\\/#primaryimage\"},\"thumbnailUrl\":\"https:\\\/\\\/www.amanien.info\\\/news\\\/wp-content\\\/uploads\\\/2023\\\/09\\\/universite-de-bondoukou-enseignant-6508702139902675827151.jpg\",\"keywords\":[\"Education\"],\"inLanguage\":\"fr-FR\"},{\"@type\":\"WebPage\",\"@id\":\"https:\\\/\\\/www.amanien.info\\\/news\\\/enseignement-superieur-lancement-a-abidjan-de-la-formation-des-enseignants-chercheurs-de-luniversite-de-bondoukou\\\/\",\"url\":\"https:\\\/\\\/www.amanien.info\\\/news\\\/enseignement-superieur-lancement-a-abidjan-de-la-formation-des-enseignants-chercheurs-de-luniversite-de-bondoukou\\\/\",\"name\":\"Enseignement sup\u00e9rieur : Lancement \u00e0 Abidjan de la formation des enseignants chercheurs de l'Universit\u00e9 de Bondoukou - Amanien| L&#039;actualit\u00e9 Ivoirienne et Internationale\",\"isPartOf\":{\"@id\":\"https:\\\/\\\/www.amanien.info\\\/news\\\/#website\"},\"primaryImageOfPage\":{\"@id\":\"https:\\\/\\\/www.amanien.info\\\/news\\\/enseignement-superieur-lancement-a-abidjan-de-la-formation-des-enseignants-chercheurs-de-luniversite-de-bondoukou\\\/#primaryimage\"},\"image\":{\"@id\":\"https:\\\/\\\/www.amanien.info\\\/news\\\/enseignement-superieur-lancement-a-abidjan-de-la-formation-des-enseignants-chercheurs-de-luniversite-de-bondoukou\\\/#primaryimage\"},\"thumbnailUrl\":\"https:\\\/\\\/www.amanien.info\\\/news\\\/wp-content\\\/uploads\\\/2023\\\/09\\\/universite-de-bondoukou-enseignant-6508702139902675827151.jpg\",\"datePublished\":\"2023-09-19T17:30:14+00:00\",\"author\":{\"@id\":\"https:\\\/\\\/www.amanien.info\\\/news\\\/#\\\/schema\\\/person\\\/b21093345753a1a98242d505bd894f42\"},\"breadcrumb\":{\"@id\":\"https:\\\/\\\/www.amanien.info\\\/news\\\/enseignement-superieur-lancement-a-abidjan-de-la-formation-des-enseignants-chercheurs-de-luniversite-de-bondoukou\\\/#breadcrumb\"},\"inLanguage\":\"fr-FR\",\"potentialAction\":[{\"@type\":\"ReadAction\",\"target\":[\"https:\\\/\\\/www.amanien.info\\\/news\\\/enseignement-superieur-lancement-a-abidjan-de-la-formation-des-enseignants-chercheurs-de-luniversite-de-bondoukou\\\/\"]}]},{\"@type\":\"ImageObject\",\"inLanguage\":\"fr-FR\",\"@id\":\"https:\\\/\\\/www.amanien.info\\\/news\\\/enseignement-superieur-lancement-a-abidjan-de-la-formation-des-enseignants-chercheurs-de-luniversite-de-bondoukou\\\/#primaryimage\",\"url\":\"https:\\\/\\\/www.amanien.info\\\/news\\\/wp-content\\\/uploads\\\/2023\\\/09\\\/universite-de-bondoukou-enseignant-6508702139902675827151.jpg\",\"contentUrl\":\"https:\\\/\\\/www.amanien.info\\\/news\\\/wp-content\\\/uploads\\\/2023\\\/09\\\/universite-de-bondoukou-enseignant-6508702139902675827151.jpg\",\"width\":1040,\"height\":678},{\"@type\":\"BreadcrumbList\",\"@id\":\"https:\\\/\\\/www.amanien.info\\\/news\\\/enseignement-superieur-lancement-a-abidjan-de-la-formation-des-enseignants-chercheurs-de-luniversite-de-bondoukou\\\/#breadcrumb\",\"itemListElement\":[{\"@type\":\"ListItem\",\"position\":1,\"name\":\"Accueil\",\"item\":\"https:\\\/\\\/www.amanien.info\\\/news\\\/\"},{\"@type\":\"ListItem\",\"position\":2,\"name\":\"Enseignement sup\u00e9rieur : Lancement \u00e0 Abidjan de la formation des enseignants chercheurs de l&rsquo;Universit\u00e9 de Bondoukou\"}]},{\"@type\":\"WebSite\",\"@id\":\"https:\\\/\\\/www.amanien.info\\\/news\\\/#website\",\"url\":\"https:\\\/\\\/www.amanien.info\\\/news\\\/\",\"name\":\"Amanien| L&#039;actualit\u00e9 Ivoirienne et Internationale\",\"description\":\"L&#039;actualit\u00e9 Ivoirienne et Internationale\",\"potentialAction\":[{\"@type\":\"SearchAction\",\"target\":{\"@type\":\"EntryPoint\",\"urlTemplate\":\"https:\\\/\\\/www.amanien.info\\\/news\\\/?s={search_term_string}\"},\"query-input\":{\"@type\":\"PropertyValueSpecification\",\"valueRequired\":true,\"valueName\":\"search_term_string\"}}],\"inLanguage\":\"fr-FR\"},{\"@type\":\"Person\",\"@id\":\"https:\\\/\\\/www.amanien.info\\\/news\\\/#\\\/schema\\\/person\\\/b21093345753a1a98242d505bd894f42\",\"name\":\"Germain Ndri\",\"url\":\"https:\\\/\\\/www.amanien.info\\\/news\\\/author\\\/amanien-infos\\\/\"}]}<\/script>\n<!-- \/ Yoast SEO plugin. -->","yoast_head_json":{"title":"Enseignement sup\u00e9rieur : Lancement \u00e0 Abidjan de la formation des enseignants chercheurs de l'Universit\u00e9 de Bondoukou - Amanien| L&#039;actualit\u00e9 Ivoirienne et Internationale","robots":{"index":"index","follow":"follow","max-snippet":"max-snippet:-1","max-image-preview":"max-image-preview:large","max-video-preview":"max-video-preview:-1"},"canonical":"https:\/\/www.amanien.info\/news\/enseignement-superieur-lancement-a-abidjan-de-la-formation-des-enseignants-chercheurs-de-luniversite-de-bondoukou\/","og_locale":"fr_FR","og_type":"article","og_title":"Enseignement sup\u00e9rieur : Lancement \u00e0 Abidjan de la formation des enseignants chercheurs de l'Universit\u00e9 de Bondoukou - Amanien| L&#039;actualit\u00e9 Ivoirienne et Internationale","og_description":"La c\u00e9r\u00e9monie de lancement du personnel enseignants chercheurs de l&rsquo;universit\u00e9 de Bondoukou (Nord-Est ivoirien) a eu lieu, le lundi 18 septembre 2023, au Centre Africain de Management et de perfectionnement des cadres (CAMPC) sis \u00e0 l&rsquo;universit\u00e9 F\u00e9lix Houphou\u00ebt Boigny d&rsquo;Abidjan-Cocody. L&rsquo;objectif de cette formation est de permettre aux enseignants chercheurs d&rsquo;\u00eatre plus outill\u00e9s pour la [&hellip;]","og_url":"https:\/\/www.amanien.info\/news\/enseignement-superieur-lancement-a-abidjan-de-la-formation-des-enseignants-chercheurs-de-luniversite-de-bondoukou\/","og_site_name":"Amanien| L&#039;actualit\u00e9 Ivoirienne et Internationale","article_published_time":"2023-09-19T17:30:14+00:00","og_image":[{"width":1040,"height":678,"url":"https:\/\/www.amanien.info\/news\/wp-content\/uploads\/2023\/09\/universite-de-bondoukou-enseignant-6508702139902675827151.jpg","type":"image\/jpeg"}],"author":"Germain Ndri","twitter_card":"summary_large_image","twitter_misc":{"\u00c9crit par":"Germain Ndri","Dur\u00e9e de lecture estim\u00e9e":"3 minutes"},"schema":{"@context":"https:\/\/schema.org","@graph":[{"@type":"Article","@id":"https:\/\/www.amanien.info\/news\/enseignement-superieur-lancement-a-abidjan-de-la-formation-des-enseignants-chercheurs-de-luniversite-de-bondoukou\/#article","isPartOf":{"@id":"https:\/\/www.amanien.info\/news\/enseignement-superieur-lancement-a-abidjan-de-la-formation-des-enseignants-chercheurs-de-luniversite-de-bondoukou\/"},"author":{"name":"Germain Ndri","@id":"https:\/\/www.amanien.info\/news\/#\/schema\/person\/b21093345753a1a98242d505bd894f42"},"headline":"Enseignement sup\u00e9rieur : Lancement \u00e0 Abidjan de la formation des enseignants chercheurs de l&rsquo;Universit\u00e9 de Bondoukou","datePublished":"2023-09-19T17:30:14+00:00","mainEntityOfPage":{"@id":"https:\/\/www.amanien.info\/news\/enseignement-superieur-lancement-a-abidjan-de-la-formation-des-enseignants-chercheurs-de-luniversite-de-bondoukou\/"},"wordCount":525,"image":{"@id":"https:\/\/www.amanien.info\/news\/enseignement-superieur-lancement-a-abidjan-de-la-formation-des-enseignants-chercheurs-de-luniversite-de-bondoukou\/#primaryimage"},"thumbnailUrl":"https:\/\/www.amanien.info\/news\/wp-content\/uploads\/2023\/09\/universite-de-bondoukou-enseignant-6508702139902675827151.jpg","keywords":["Education"],"inLanguage":"fr-FR"},{"@type":"WebPage","@id":"https:\/\/www.amanien.info\/news\/enseignement-superieur-lancement-a-abidjan-de-la-formation-des-enseignants-chercheurs-de-luniversite-de-bondoukou\/","url":"https:\/\/www.amanien.info\/news\/enseignement-superieur-lancement-a-abidjan-de-la-formation-des-enseignants-chercheurs-de-luniversite-de-bondoukou\/","name":"Enseignement sup\u00e9rieur : Lancement \u00e0 Abidjan de la formation des enseignants chercheurs de l'Universit\u00e9 de Bondoukou - Amanien| L&#039;actualit\u00e9 Ivoirienne et Internationale","isPartOf":{"@id":"https:\/\/www.amanien.info\/news\/#website"},"primaryImageOfPage":{"@id":"https:\/\/www.amanien.info\/news\/enseignement-superieur-lancement-a-abidjan-de-la-formation-des-enseignants-chercheurs-de-luniversite-de-bondoukou\/#primaryimage"},"image":{"@id":"https:\/\/www.amanien.info\/news\/enseignement-superieur-lancement-a-abidjan-de-la-formation-des-enseignants-chercheurs-de-luniversite-de-bondoukou\/#primaryimage"},"thumbnailUrl":"https:\/\/www.amanien.info\/news\/wp-content\/uploads\/2023\/09\/universite-de-bondoukou-enseignant-6508702139902675827151.jpg","datePublished":"2023-09-19T17:30:14+00:00","author":{"@id":"https:\/\/www.amanien.info\/news\/#\/schema\/person\/b21093345753a1a98242d505bd894f42"},"breadcrumb":{"@id":"https:\/\/www.amanien.info\/news\/enseignement-superieur-lancement-a-abidjan-de-la-formation-des-enseignants-chercheurs-de-luniversite-de-bondoukou\/#breadcrumb"},"inLanguage":"fr-FR","potentialAction":[{"@type":"ReadAction","target":["https:\/\/www.amanien.info\/news\/enseignement-superieur-lancement-a-abidjan-de-la-formation-des-enseignants-chercheurs-de-luniversite-de-bondoukou\/"]}]},{"@type":"ImageObject","inLanguage":"fr-FR","@id":"https:\/\/www.amanien.info\/news\/enseignement-superieur-lancement-a-abidjan-de-la-formation-des-enseignants-chercheurs-de-luniversite-de-bondoukou\/#primaryimage","url":"https:\/\/www.amanien.info\/news\/wp-content\/uploads\/2023\/09\/universite-de-bondoukou-enseignant-6508702139902675827151.jpg","contentUrl":"https:\/\/www.amanien.info\/news\/wp-content\/uploads\/2023\/09\/universite-de-bondoukou-enseignant-6508702139902675827151.jpg","width":1040,"height":678},{"@type":"BreadcrumbList","@id":"https:\/\/www.amanien.info\/news\/enseignement-superieur-lancement-a-abidjan-de-la-formation-des-enseignants-chercheurs-de-luniversite-de-bondoukou\/#breadcrumb","itemListElement":[{"@type":"ListItem","position":1,"name":"Accueil","item":"https:\/\/www.amanien.info\/news\/"},{"@type":"ListItem","position":2,"name":"Enseignement sup\u00e9rieur : Lancement \u00e0 Abidjan de la formation des enseignants chercheurs de l&rsquo;Universit\u00e9 de Bondoukou"}]},{"@type":"WebSite","@id":"https:\/\/www.amanien.info\/news\/#website","url":"https:\/\/www.amanien.info\/news\/","name":"Amanien| L&#039;actualit\u00e9 Ivoirienne et Internationale","description":"L&#039;actualit\u00e9 Ivoirienne et Internationale","potentialAction":[{"@type":"SearchAction","target":{"@type":"EntryPoint","urlTemplate":"https:\/\/www.amanien.info\/news\/?s={search_term_string}"},"query-input":{"@type":"PropertyValueSpecification","valueRequired":true,"valueName":"search_term_string"}}],"inLanguage":"fr-FR"},{"@type":"Person","@id":"https:\/\/www.amanien.info\/news\/#\/schema\/person\/b21093345753a1a98242d505bd894f42","name":"Germain Ndri","url":"https:\/\/www.amanien.info\/news\/author\/amanien-infos\/"}]}},"_links":{"self":[{"href":"https:\/\/www.amanien.info\/news\/wp-json\/wp\/v2\/posts\/4854","targetHints":{"allow":["GET"]}}],"collection":[{"href":"https:\/\/www.amanien.info\/news\/wp-json\/wp\/v2\/posts"}],"about":[{"href":"https:\/\/www.amanien.info\/news\/wp-json\/wp\/v2\/types\/post"}],"author":[{"embeddable":true,"href":"https:\/\/www.amanien.info\/news\/wp-json\/wp\/v2\/users\/2"}],"replies":[{"embeddable":true,"href":"https:\/\/www.amanien.info\/news\/wp-json\/wp\/v2\/comments?post=4854"}],"version-history":[{"count":1,"href":"https:\/\/www.amanien.info\/news\/wp-json\/wp\/v2\/posts\/4854\/revisions"}],"predecessor-version":[{"id":4858,"href":"https:\/\/www.amanien.info\/news\/wp-json\/wp\/v2\/posts\/4854\/revisions\/4858"}],"wp:featuredmedia":[{"embeddable":true,"href":"https:\/\/www.amanien.info\/news\/wp-json\/wp\/v2\/media\/4857"}],"wp:attachment":[{"href":"https:\/\/www.amanien.info\/news\/wp-json\/wp\/v2\/media?parent=4854"}],"wp:term":[{"taxonomy":"category","embeddable":true,"href":"https:\/\/www.amanien.info\/news\/wp-json\/wp\/v2\/categories?post=4854"},{"taxonomy":"post_tag","embeddable":true,"href":"https:\/\/www.amanien.info\/news\/wp-json\/wp\/v2\/tags?post=4854"}],"curies":[{"name":"wp","href":"https:\/\/api.w.org\/{rel}","templated":true}]}}