{"id":4771,"date":"2023-08-27T15:48:44","date_gmt":"2023-08-27T15:48:44","guid":{"rendered":"https:\/\/www.amanien.info\/news\/?p=4771"},"modified":"2023-08-27T15:48:44","modified_gmt":"2023-08-27T15:48:44","slug":"koumassi-campagne-electorale-pour-les-municipales-cisse-bacongo-candidat-du-rhdp-la-politique-c-est-pour-le-bien-etre-des-populations","status":"publish","type":"post","link":"https:\/\/www.amanien.info\/news\/koumassi-campagne-electorale-pour-les-municipales-cisse-bacongo-candidat-du-rhdp-la-politique-c-est-pour-le-bien-etre-des-populations\/","title":{"rendered":"Koumassi\/ campagne \u00e9lectorale pour les municipales: Ciss\u00e9 Bacongo candidat du RHDP :\u00a0 \u00a0\u00bb la politique c&rsquo; est pour le bien-\u00eatre des populations\u00a0\u00bb\u00a0"},"content":{"rendered":"<div>La c\u00e9r\u00e9monie de lancement de la campagne \u00e9lectorale pour les municipales du 2 septembre 2023, du candidat du\u00a0 Rassemblement des Houphou\u00ebtistes pour la D\u00e9mocratie et la Paix (RHDP) Ibrahim Ciss\u00e9 Bacongo, s&rsquo; est d\u00e9roul\u00e9e le samedi 26 ao\u00fbt au terrain Inc&rsquo; Allah, dans la commune de Koumassi.<\/div>\n<div>Le Maire sortant, qui brigue un second mandat,\u00a0 conduit la liste \u00a0\u00bb Rassemblement et Solidarit\u00e9\u00a0\u00bb.Lors de cette c\u00e9r\u00e9monie, le directeur de campagne du candidat Ciss\u00e9 Bacongo, l&rsquo; honorable Sangar\u00e9 Yacouba, a r\u00e9agi par rapport aux incidents survenus lors de cette c\u00e9r\u00e9monie de lancement de la campagne \u00e9lectorale. Il a demand\u00e9 aux militants de rester calmes et sereins. \u00a0\u00bb Nous allons \u00e9crire une nouvelle page de l&rsquo; histoire de Koumassi\u00a0\u00bb a dit le directeur de campagne. Le\u00a0 Maire Ciss\u00e9 Bacongo, prenant la parole, a rappel\u00e9 qu&rsquo; en politique, il y a certaines valeurs dont l&rsquo; humilit\u00e9.<\/div>\n<div><\/div>\n<div>\u00a0\u00bb En 2018, vous nous avez accord\u00e9 vos suffrages et avez plac\u00e9 votre confiance en notre \u00e9quipe lors des \u00c9lections municipales. Notre slogan \u00ab\u00a0Koumassi autrement, c&rsquo;est possible\u00a0\u00bb a \u00e9t\u00e9 porteur d&rsquo;espoir et de confiance pour toutes les couches sociales. Nous nous \u00e9tions engag\u00e9s \u00e0 vous offrir le meilleur, et ensemble, nous avons donn\u00e9 vie \u00e0 ce slogan. Eu \u00e9gard aux acquis, je sollicite votre confiance renouvel\u00e9e et votre soutien pour un second mandat, afin de poursuivre notre mission et d&rsquo; aller plus loin\u00a0\u00bb a-t-il dit. Avant d&rsquo; ajouter que la premi\u00e8re chose en politique est le respect de la parole donn\u00e9e.<\/div>\n<div>\u00a0\u00bb Ainsi, nous avons travaill\u00e9 sans rel\u00e2che pour honorer cet engagement en nous<br \/>\nattaquant aux d\u00e9fis li\u00e9s \u00e0 l&rsquo;\u00e9ducation, \u00e0 la sant\u00e9, aux infrastructure socioculturelles et sportives, au millieu du transport, de la s\u00e9curit\u00e9 et en apportant des\u00a0\u00a0solutions concr\u00e8tes aux questions du 3\u00e8me \u00e2ge, des femmes, des jeunes, du d\u00e9sordre urbain, des inondations, de l&rsquo;assainissement et du cadre de vie\u00a0\u00bb a soulign\u00e9 Ciss\u00e9 Bacongo.<br \/>\nLe candidat du RHDP a cit\u00e9 certaines de ses r\u00e9alisations dont la construction d&rsquo; une piscine olympique au quartier 05, le bitumage des rues dont celles du quartier Sogephia, du foyer des jeunes et du 3\u00e8me \u00e2ge au quartier Pangolin, la construction du grand march\u00e9 de Koumassi et de la gare routi\u00e8re \u00ab\u00a0Yaya Fofana\u00a0\u00bb et l&rsquo; ouverture d&rsquo; une agence emplois- jeunes dans la commune.<\/div>\n<div><\/div>\n<div>\u00ab\u00a0J&rsquo; aime Koumassi et du lundi au dimanche, je suis \u00e0 Koumassi, sauf quand je suis hors du pays ou dans mon village. Aujourd&rsquo;hui, on est fier de dire partout qu&rsquo; on est de Koumassi. La politique c&rsquo; est rechercher le bien-\u00eatre des populations et c&rsquo;est ce que nous avons fait\u00a0\u00bb a-t-il lanc\u00e9.<\/div>\n<div>\u00a0\u00bb Nous n&rsquo; avons pas fait que des heureux. Des gens ont \u00e9t\u00e9 bless\u00e9s et traumatis\u00e9s. Nous \u00e9tions oblig\u00e9s de le faire. Je demande pardon \u00e0 toutes ces personnes\u00a0\u00bb a-t-il plaid\u00e9.<\/div>\n<div>\u00a0Il a annonc\u00e9 d&rsquo; autres projets pour les quartiers de la commune, ainsi qu&rsquo; un fonds pour permettre aux femmes de mener des activit\u00e9s g\u00e9n\u00e9ratrices de revenus.<\/div>\n<div>C.W<\/div>\n<div><\/div>\n","protected":false},"excerpt":{"rendered":"<p>La c\u00e9r\u00e9monie de lancement de la campagne \u00e9lectorale pour les municipales du 2 septembre 2023, du candidat du\u00a0 Rassemblement des Houphou\u00ebtistes pour la D\u00e9mocratie et la Paix (RHDP) Ibrahim Ciss\u00e9 Bacongo, s&rsquo; est d\u00e9roul\u00e9e le samedi 26 ao\u00fbt au terrain Inc&rsquo; Allah, dans la commune de Koumassi. Le Maire sortant, qui brigue un second mandat,\u00a0 [&hellip;]<\/p>\n","protected":false},"author":2,"featured_media":4772,"comment_status":"closed","ping_status":"closed","sticky":false,"template":"","format":"standard","meta":{"_acf_changed":false,"footnotes":""},"categories":[],"tags":[],"class_list":["post-4771","post","type-post","status-publish","format-standard","has-post-thumbnail","hentry"],"acf":[],"yoast_head":"<!-- This site is optimized with the Yoast SEO plugin v27.5 - https:\/\/yoast.com\/product\/yoast-seo-wordpress\/ -->\n<title>Koumassi\/ campagne \u00e9lectorale pour les municipales: Ciss\u00e9 Bacongo candidat du RHDP :\u00a0 &quot; la politique c&#039; est pour le bien-\u00eatre des populations&quot;\u00a0 - Amanien| L&#039;actualit\u00e9 Ivoirienne et Internationale<\/title>\n<meta name=\"robots\" content=\"index, follow, max-snippet:-1, max-image-preview:large, max-video-preview:-1\" \/>\n<link rel=\"canonical\" href=\"https:\/\/www.amanien.info\/news\/koumassi-campagne-electorale-pour-les-municipales-cisse-bacongo-candidat-du-rhdp-la-politique-c-est-pour-le-bien-etre-des-populations\/\" \/>\n<meta property=\"og:locale\" content=\"fr_FR\" \/>\n<meta property=\"og:type\" content=\"article\" \/>\n<meta property=\"og:title\" content=\"Koumassi\/ campagne \u00e9lectorale pour les municipales: Ciss\u00e9 Bacongo candidat du RHDP :\u00a0 &quot; la politique c&#039; est pour le bien-\u00eatre des populations&quot;\u00a0 - Amanien| L&#039;actualit\u00e9 Ivoirienne et Internationale\" \/>\n<meta property=\"og:description\" content=\"La c\u00e9r\u00e9monie de lancement de la campagne \u00e9lectorale pour les municipales du 2 septembre 2023, du candidat du\u00a0 Rassemblement des Houphou\u00ebtistes pour la D\u00e9mocratie et la Paix (RHDP) Ibrahim Ciss\u00e9 Bacongo, s&rsquo; est d\u00e9roul\u00e9e le samedi 26 ao\u00fbt au terrain Inc&rsquo; Allah, dans la commune de Koumassi. Le Maire sortant, qui brigue un second mandat,\u00a0 [&hellip;]\" \/>\n<meta property=\"og:url\" content=\"https:\/\/www.amanien.info\/news\/koumassi-campagne-electorale-pour-les-municipales-cisse-bacongo-candidat-du-rhdp-la-politique-c-est-pour-le-bien-etre-des-populations\/\" \/>\n<meta property=\"og:site_name\" content=\"Amanien| L&#039;actualit\u00e9 Ivoirienne et Internationale\" \/>\n<meta property=\"article:published_time\" content=\"2023-08-27T15:48:44+00:00\" \/>\n<meta property=\"og:image\" content=\"https:\/\/www.amanien.info\/news\/wp-content\/uploads\/2023\/08\/16931507483582103643608.jpg\" \/>\n\t<meta property=\"og:image:width\" content=\"720\" \/>\n\t<meta property=\"og:image:height\" content=\"480\" \/>\n\t<meta property=\"og:image:type\" content=\"image\/jpeg\" \/>\n<meta name=\"author\" content=\"Germain Ndri\" \/>\n<meta name=\"twitter:card\" content=\"summary_large_image\" \/>\n<meta name=\"twitter:label1\" content=\"\u00c9crit par\" \/>\n\t<meta name=\"twitter:data1\" content=\"Germain Ndri\" \/>\n\t<meta name=\"twitter:label2\" content=\"Dur\u00e9e de lecture estim\u00e9e\" \/>\n\t<meta name=\"twitter:data2\" content=\"3 minutes\" \/>\n<script type=\"application\/ld+json\" class=\"yoast-schema-graph\">{\"@context\":\"https:\\\/\\\/schema.org\",\"@graph\":[{\"@type\":\"Article\",\"@id\":\"https:\\\/\\\/www.amanien.info\\\/news\\\/koumassi-campagne-electorale-pour-les-municipales-cisse-bacongo-candidat-du-rhdp-la-politique-c-est-pour-le-bien-etre-des-populations\\\/#article\",\"isPartOf\":{\"@id\":\"https:\\\/\\\/www.amanien.info\\\/news\\\/koumassi-campagne-electorale-pour-les-municipales-cisse-bacongo-candidat-du-rhdp-la-politique-c-est-pour-le-bien-etre-des-populations\\\/\"},\"author\":{\"name\":\"Germain Ndri\",\"@id\":\"https:\\\/\\\/www.amanien.info\\\/news\\\/#\\\/schema\\\/person\\\/b21093345753a1a98242d505bd894f42\"},\"headline\":\"Koumassi\\\/ campagne \u00e9lectorale pour les municipales: Ciss\u00e9 Bacongo candidat du RHDP :\u00a0 \u00a0\u00bb la politique c&rsquo; est pour le bien-\u00eatre des populations\u00a0\u00bb\u00a0\",\"datePublished\":\"2023-08-27T15:48:44+00:00\",\"mainEntityOfPage\":{\"@id\":\"https:\\\/\\\/www.amanien.info\\\/news\\\/koumassi-campagne-electorale-pour-les-municipales-cisse-bacongo-candidat-du-rhdp-la-politique-c-est-pour-le-bien-etre-des-populations\\\/\"},\"wordCount\":529,\"image\":{\"@id\":\"https:\\\/\\\/www.amanien.info\\\/news\\\/koumassi-campagne-electorale-pour-les-municipales-cisse-bacongo-candidat-du-rhdp-la-politique-c-est-pour-le-bien-etre-des-populations\\\/#primaryimage\"},\"thumbnailUrl\":\"https:\\\/\\\/www.amanien.info\\\/news\\\/wp-content\\\/uploads\\\/2023\\\/08\\\/16931507483582103643608.jpg\",\"inLanguage\":\"fr-FR\"},{\"@type\":\"WebPage\",\"@id\":\"https:\\\/\\\/www.amanien.info\\\/news\\\/koumassi-campagne-electorale-pour-les-municipales-cisse-bacongo-candidat-du-rhdp-la-politique-c-est-pour-le-bien-etre-des-populations\\\/\",\"url\":\"https:\\\/\\\/www.amanien.info\\\/news\\\/koumassi-campagne-electorale-pour-les-municipales-cisse-bacongo-candidat-du-rhdp-la-politique-c-est-pour-le-bien-etre-des-populations\\\/\",\"name\":\"Koumassi\\\/ campagne \u00e9lectorale pour les municipales: Ciss\u00e9 Bacongo candidat du RHDP :\u00a0 \\\" la politique c' est pour le bien-\u00eatre des populations\\\"\u00a0 - Amanien| L&#039;actualit\u00e9 Ivoirienne et Internationale\",\"isPartOf\":{\"@id\":\"https:\\\/\\\/www.amanien.info\\\/news\\\/#website\"},\"primaryImageOfPage\":{\"@id\":\"https:\\\/\\\/www.amanien.info\\\/news\\\/koumassi-campagne-electorale-pour-les-municipales-cisse-bacongo-candidat-du-rhdp-la-politique-c-est-pour-le-bien-etre-des-populations\\\/#primaryimage\"},\"image\":{\"@id\":\"https:\\\/\\\/www.amanien.info\\\/news\\\/koumassi-campagne-electorale-pour-les-municipales-cisse-bacongo-candidat-du-rhdp-la-politique-c-est-pour-le-bien-etre-des-populations\\\/#primaryimage\"},\"thumbnailUrl\":\"https:\\\/\\\/www.amanien.info\\\/news\\\/wp-content\\\/uploads\\\/2023\\\/08\\\/16931507483582103643608.jpg\",\"datePublished\":\"2023-08-27T15:48:44+00:00\",\"author\":{\"@id\":\"https:\\\/\\\/www.amanien.info\\\/news\\\/#\\\/schema\\\/person\\\/b21093345753a1a98242d505bd894f42\"},\"breadcrumb\":{\"@id\":\"https:\\\/\\\/www.amanien.info\\\/news\\\/koumassi-campagne-electorale-pour-les-municipales-cisse-bacongo-candidat-du-rhdp-la-politique-c-est-pour-le-bien-etre-des-populations\\\/#breadcrumb\"},\"inLanguage\":\"fr-FR\",\"potentialAction\":[{\"@type\":\"ReadAction\",\"target\":[\"https:\\\/\\\/www.amanien.info\\\/news\\\/koumassi-campagne-electorale-pour-les-municipales-cisse-bacongo-candidat-du-rhdp-la-politique-c-est-pour-le-bien-etre-des-populations\\\/\"]}]},{\"@type\":\"ImageObject\",\"inLanguage\":\"fr-FR\",\"@id\":\"https:\\\/\\\/www.amanien.info\\\/news\\\/koumassi-campagne-electorale-pour-les-municipales-cisse-bacongo-candidat-du-rhdp-la-politique-c-est-pour-le-bien-etre-des-populations\\\/#primaryimage\",\"url\":\"https:\\\/\\\/www.amanien.info\\\/news\\\/wp-content\\\/uploads\\\/2023\\\/08\\\/16931507483582103643608.jpg\",\"contentUrl\":\"https:\\\/\\\/www.amanien.info\\\/news\\\/wp-content\\\/uploads\\\/2023\\\/08\\\/16931507483582103643608.jpg\",\"width\":720,\"height\":480},{\"@type\":\"BreadcrumbList\",\"@id\":\"https:\\\/\\\/www.amanien.info\\\/news\\\/koumassi-campagne-electorale-pour-les-municipales-cisse-bacongo-candidat-du-rhdp-la-politique-c-est-pour-le-bien-etre-des-populations\\\/#breadcrumb\",\"itemListElement\":[{\"@type\":\"ListItem\",\"position\":1,\"name\":\"Accueil\",\"item\":\"https:\\\/\\\/www.amanien.info\\\/news\\\/\"},{\"@type\":\"ListItem\",\"position\":2,\"name\":\"Koumassi\\\/ campagne \u00e9lectorale pour les municipales: Ciss\u00e9 Bacongo candidat du RHDP :\u00a0 \u00a0\u00bb la politique c&rsquo; est pour le bien-\u00eatre des populations\u00a0\u00bb\u00a0\"}]},{\"@type\":\"WebSite\",\"@id\":\"https:\\\/\\\/www.amanien.info\\\/news\\\/#website\",\"url\":\"https:\\\/\\\/www.amanien.info\\\/news\\\/\",\"name\":\"Amanien| L&#039;actualit\u00e9 Ivoirienne et Internationale\",\"description\":\"L&#039;actualit\u00e9 Ivoirienne et Internationale\",\"potentialAction\":[{\"@type\":\"SearchAction\",\"target\":{\"@type\":\"EntryPoint\",\"urlTemplate\":\"https:\\\/\\\/www.amanien.info\\\/news\\\/?s={search_term_string}\"},\"query-input\":{\"@type\":\"PropertyValueSpecification\",\"valueRequired\":true,\"valueName\":\"search_term_string\"}}],\"inLanguage\":\"fr-FR\"},{\"@type\":\"Person\",\"@id\":\"https:\\\/\\\/www.amanien.info\\\/news\\\/#\\\/schema\\\/person\\\/b21093345753a1a98242d505bd894f42\",\"name\":\"Germain Ndri\",\"url\":\"https:\\\/\\\/www.amanien.info\\\/news\\\/author\\\/amanien-infos\\\/\"}]}<\/script>\n<!-- \/ Yoast SEO plugin. -->","yoast_head_json":{"title":"Koumassi\/ campagne \u00e9lectorale pour les municipales: Ciss\u00e9 Bacongo candidat du RHDP :\u00a0 \" la politique c' est pour le bien-\u00eatre des populations\"\u00a0 - Amanien| L&#039;actualit\u00e9 Ivoirienne et Internationale","robots":{"index":"index","follow":"follow","max-snippet":"max-snippet:-1","max-image-preview":"max-image-preview:large","max-video-preview":"max-video-preview:-1"},"canonical":"https:\/\/www.amanien.info\/news\/koumassi-campagne-electorale-pour-les-municipales-cisse-bacongo-candidat-du-rhdp-la-politique-c-est-pour-le-bien-etre-des-populations\/","og_locale":"fr_FR","og_type":"article","og_title":"Koumassi\/ campagne \u00e9lectorale pour les municipales: Ciss\u00e9 Bacongo candidat du RHDP :\u00a0 \" la politique c' est pour le bien-\u00eatre des populations\"\u00a0 - Amanien| L&#039;actualit\u00e9 Ivoirienne et Internationale","og_description":"La c\u00e9r\u00e9monie de lancement de la campagne \u00e9lectorale pour les municipales du 2 septembre 2023, du candidat du\u00a0 Rassemblement des Houphou\u00ebtistes pour la D\u00e9mocratie et la Paix (RHDP) Ibrahim Ciss\u00e9 Bacongo, s&rsquo; est d\u00e9roul\u00e9e le samedi 26 ao\u00fbt au terrain Inc&rsquo; Allah, dans la commune de Koumassi. Le Maire sortant, qui brigue un second mandat,\u00a0 [&hellip;]","og_url":"https:\/\/www.amanien.info\/news\/koumassi-campagne-electorale-pour-les-municipales-cisse-bacongo-candidat-du-rhdp-la-politique-c-est-pour-le-bien-etre-des-populations\/","og_site_name":"Amanien| L&#039;actualit\u00e9 Ivoirienne et Internationale","article_published_time":"2023-08-27T15:48:44+00:00","og_image":[{"width":720,"height":480,"url":"https:\/\/www.amanien.info\/news\/wp-content\/uploads\/2023\/08\/16931507483582103643608.jpg","type":"image\/jpeg"}],"author":"Germain Ndri","twitter_card":"summary_large_image","twitter_misc":{"\u00c9crit par":"Germain Ndri","Dur\u00e9e de lecture estim\u00e9e":"3 minutes"},"schema":{"@context":"https:\/\/schema.org","@graph":[{"@type":"Article","@id":"https:\/\/www.amanien.info\/news\/koumassi-campagne-electorale-pour-les-municipales-cisse-bacongo-candidat-du-rhdp-la-politique-c-est-pour-le-bien-etre-des-populations\/#article","isPartOf":{"@id":"https:\/\/www.amanien.info\/news\/koumassi-campagne-electorale-pour-les-municipales-cisse-bacongo-candidat-du-rhdp-la-politique-c-est-pour-le-bien-etre-des-populations\/"},"author":{"name":"Germain Ndri","@id":"https:\/\/www.amanien.info\/news\/#\/schema\/person\/b21093345753a1a98242d505bd894f42"},"headline":"Koumassi\/ campagne \u00e9lectorale pour les municipales: Ciss\u00e9 Bacongo candidat du RHDP :\u00a0 \u00a0\u00bb la politique c&rsquo; est pour le bien-\u00eatre des populations\u00a0\u00bb\u00a0","datePublished":"2023-08-27T15:48:44+00:00","mainEntityOfPage":{"@id":"https:\/\/www.amanien.info\/news\/koumassi-campagne-electorale-pour-les-municipales-cisse-bacongo-candidat-du-rhdp-la-politique-c-est-pour-le-bien-etre-des-populations\/"},"wordCount":529,"image":{"@id":"https:\/\/www.amanien.info\/news\/koumassi-campagne-electorale-pour-les-municipales-cisse-bacongo-candidat-du-rhdp-la-politique-c-est-pour-le-bien-etre-des-populations\/#primaryimage"},"thumbnailUrl":"https:\/\/www.amanien.info\/news\/wp-content\/uploads\/2023\/08\/16931507483582103643608.jpg","inLanguage":"fr-FR"},{"@type":"WebPage","@id":"https:\/\/www.amanien.info\/news\/koumassi-campagne-electorale-pour-les-municipales-cisse-bacongo-candidat-du-rhdp-la-politique-c-est-pour-le-bien-etre-des-populations\/","url":"https:\/\/www.amanien.info\/news\/koumassi-campagne-electorale-pour-les-municipales-cisse-bacongo-candidat-du-rhdp-la-politique-c-est-pour-le-bien-etre-des-populations\/","name":"Koumassi\/ campagne \u00e9lectorale pour les municipales: Ciss\u00e9 Bacongo candidat du RHDP :\u00a0 \" la politique c' est pour le bien-\u00eatre des populations\"\u00a0 - Amanien| L&#039;actualit\u00e9 Ivoirienne et Internationale","isPartOf":{"@id":"https:\/\/www.amanien.info\/news\/#website"},"primaryImageOfPage":{"@id":"https:\/\/www.amanien.info\/news\/koumassi-campagne-electorale-pour-les-municipales-cisse-bacongo-candidat-du-rhdp-la-politique-c-est-pour-le-bien-etre-des-populations\/#primaryimage"},"image":{"@id":"https:\/\/www.amanien.info\/news\/koumassi-campagne-electorale-pour-les-municipales-cisse-bacongo-candidat-du-rhdp-la-politique-c-est-pour-le-bien-etre-des-populations\/#primaryimage"},"thumbnailUrl":"https:\/\/www.amanien.info\/news\/wp-content\/uploads\/2023\/08\/16931507483582103643608.jpg","datePublished":"2023-08-27T15:48:44+00:00","author":{"@id":"https:\/\/www.amanien.info\/news\/#\/schema\/person\/b21093345753a1a98242d505bd894f42"},"breadcrumb":{"@id":"https:\/\/www.amanien.info\/news\/koumassi-campagne-electorale-pour-les-municipales-cisse-bacongo-candidat-du-rhdp-la-politique-c-est-pour-le-bien-etre-des-populations\/#breadcrumb"},"inLanguage":"fr-FR","potentialAction":[{"@type":"ReadAction","target":["https:\/\/www.amanien.info\/news\/koumassi-campagne-electorale-pour-les-municipales-cisse-bacongo-candidat-du-rhdp-la-politique-c-est-pour-le-bien-etre-des-populations\/"]}]},{"@type":"ImageObject","inLanguage":"fr-FR","@id":"https:\/\/www.amanien.info\/news\/koumassi-campagne-electorale-pour-les-municipales-cisse-bacongo-candidat-du-rhdp-la-politique-c-est-pour-le-bien-etre-des-populations\/#primaryimage","url":"https:\/\/www.amanien.info\/news\/wp-content\/uploads\/2023\/08\/16931507483582103643608.jpg","contentUrl":"https:\/\/www.amanien.info\/news\/wp-content\/uploads\/2023\/08\/16931507483582103643608.jpg","width":720,"height":480},{"@type":"BreadcrumbList","@id":"https:\/\/www.amanien.info\/news\/koumassi-campagne-electorale-pour-les-municipales-cisse-bacongo-candidat-du-rhdp-la-politique-c-est-pour-le-bien-etre-des-populations\/#breadcrumb","itemListElement":[{"@type":"ListItem","position":1,"name":"Accueil","item":"https:\/\/www.amanien.info\/news\/"},{"@type":"ListItem","position":2,"name":"Koumassi\/ campagne \u00e9lectorale pour les municipales: Ciss\u00e9 Bacongo candidat du RHDP :\u00a0 \u00a0\u00bb la politique c&rsquo; est pour le bien-\u00eatre des populations\u00a0\u00bb\u00a0"}]},{"@type":"WebSite","@id":"https:\/\/www.amanien.info\/news\/#website","url":"https:\/\/www.amanien.info\/news\/","name":"Amanien| L&#039;actualit\u00e9 Ivoirienne et Internationale","description":"L&#039;actualit\u00e9 Ivoirienne et Internationale","potentialAction":[{"@type":"SearchAction","target":{"@type":"EntryPoint","urlTemplate":"https:\/\/www.amanien.info\/news\/?s={search_term_string}"},"query-input":{"@type":"PropertyValueSpecification","valueRequired":true,"valueName":"search_term_string"}}],"inLanguage":"fr-FR"},{"@type":"Person","@id":"https:\/\/www.amanien.info\/news\/#\/schema\/person\/b21093345753a1a98242d505bd894f42","name":"Germain Ndri","url":"https:\/\/www.amanien.info\/news\/author\/amanien-infos\/"}]}},"_links":{"self":[{"href":"https:\/\/www.amanien.info\/news\/wp-json\/wp\/v2\/posts\/4771","targetHints":{"allow":["GET"]}}],"collection":[{"href":"https:\/\/www.amanien.info\/news\/wp-json\/wp\/v2\/posts"}],"about":[{"href":"https:\/\/www.amanien.info\/news\/wp-json\/wp\/v2\/types\/post"}],"author":[{"embeddable":true,"href":"https:\/\/www.amanien.info\/news\/wp-json\/wp\/v2\/users\/2"}],"replies":[{"embeddable":true,"href":"https:\/\/www.amanien.info\/news\/wp-json\/wp\/v2\/comments?post=4771"}],"version-history":[{"count":1,"href":"https:\/\/www.amanien.info\/news\/wp-json\/wp\/v2\/posts\/4771\/revisions"}],"predecessor-version":[{"id":4773,"href":"https:\/\/www.amanien.info\/news\/wp-json\/wp\/v2\/posts\/4771\/revisions\/4773"}],"wp:featuredmedia":[{"embeddable":true,"href":"https:\/\/www.amanien.info\/news\/wp-json\/wp\/v2\/media\/4772"}],"wp:attachment":[{"href":"https:\/\/www.amanien.info\/news\/wp-json\/wp\/v2\/media?parent=4771"}],"wp:term":[{"taxonomy":"category","embeddable":true,"href":"https:\/\/www.amanien.info\/news\/wp-json\/wp\/v2\/categories?post=4771"},{"taxonomy":"post_tag","embeddable":true,"href":"https:\/\/www.amanien.info\/news\/wp-json\/wp\/v2\/tags?post=4771"}],"curies":[{"name":"wp","href":"https:\/\/api.w.org\/{rel}","templated":true}]}}