{"id":4752,"date":"2023-08-21T06:17:24","date_gmt":"2023-08-21T06:17:24","guid":{"rendered":"https:\/\/www.amanien.info\/news\/?p=4752"},"modified":"2023-08-21T06:17:24","modified_gmt":"2023-08-21T06:17:24","slug":"grand-bassam-montee-des-vagues-en-bordure-des-plages-denormes-degats-materiels-causesreportage","status":"publish","type":"post","link":"https:\/\/www.amanien.info\/news\/grand-bassam-montee-des-vagues-en-bordure-des-plages-denormes-degats-materiels-causesreportage\/","title":{"rendered":"Grand-Bassam \/ Mont\u00e9e des vagues en bordure des plages : D&rsquo;\u00e9normes d\u00e9g\u00e2ts mat\u00e9riels caus\u00e9s(reportage)"},"content":{"rendered":"<p>Le ph\u00e9nom\u00e8ne inhabituel survenu r\u00e9cemment sur les plages de la cit\u00e9\u00a0 baln\u00e9aire, Grand-Bassam, avec la mont\u00e9e des vagues au niveau des plages a occasionn\u00e9 de nombreux d\u00e9g\u00e2ts mat\u00e9riels.<\/p>\n<div><\/div>\n<div>En effet, une semaine apr\u00e8s cet \u00ab\u00a0\u00e9v\u00e9nement malheureux\u00a0\u00bb, nous nous sommes rendus sur les lieux pour constater ces d\u00e9g\u00e2ts.<\/div>\n<div><\/div>\n<div><\/div>\n<div>De Azurety, en passant par l&rsquo;h\u00f4tel Etoile du Sud, Warf H\u00f4tel, La paillote, \u00e0 l&#8217;embouchure, le constat est triste.<\/div>\n<div><\/div>\n<div>Destruction massive de mat\u00e9riels de travail, de restaurants, des constructions, des cl\u00f4tures en b\u00e9ton, des paillottes, des tables, des chaises et m\u00eame des h\u00f4tels emport\u00e9s par la puissante mont\u00e9e des vagues. Des cocotiers d\u00e9racin\u00e9s. Des apatames et des hangars ravag\u00e9s. Des barri\u00e8res sous les eaux, etc.\u00a0 Pouvait-on observer et constater le long des plages.<\/div>\n<div><\/div>\n<div>Sous ce choc, M. Ouattara Alhassan, op\u00e9rateur \u00e9conomique, par ailleurs PDG de Warf H\u00f4tel raconte :<i>\u00ab\u00a0Le mardi 08 Ao\u00fbt 2023, on s&rsquo;est r\u00e9veill\u00e9 avec la mont\u00e9e des vagues de la mer d&rsquo;une hauteur qui atteignait les 3,5 m. Tout \u00e9tait parti dans l&rsquo;eau. Cela nous nous a vraiment pein\u00e9s\u00a0\u00bb<\/i>, a-t-il confi\u00e9.<\/div>\n<div><\/div>\n<div>Et d&rsquo;ajouter :\u00a0<i>\u00ab\u00a0Mon coll\u00e8gue a perdu tout son h\u00f4tel en construction. A mon niveau, j&rsquo;ai perdu toutes mes paillotes. J&rsquo;ai des constructions au bord de la mer<\/i>\u00a0qui sont parties. J&rsquo;ai une cl\u00f4ture en b\u00e9ton de plus de 20 m de long qui a \u00e9t\u00e9 emport\u00e9e par les vagues. Du coup, on n&rsquo;a plus de plage aujourd&rsquo;hui\u00a0\u00bb, a-t-il affirm\u00e9.<\/div>\n<div><\/div>\n<div>M\u00eame son de cloche pour M. Yaogo Ousmane alias ONE WAY, Restaurateur, qui a vu ses mat\u00e9riels de travail emport\u00e9s.\u00a0<i>\u00ab\u00a0On a eu des apatames, des chaises, des barri\u00e8res, des tables emport\u00e9s. On a perdu au moins 70 m d&rsquo;espace\u00a0\u00bb<\/i>, a-t-il dit, avec d\u00e9solation et tristesse.<\/div>\n<div><\/div>\n<div>A quelques m\u00e8tres de l\u00e0, c&rsquo;est le m\u00eame constat. M. NENE Bi, 2\u00e8me responsable de l&rsquo;h\u00f4tel \u00ab\u00a0La paillote\u00a0\u00bb a affirm\u00e9 que \u00ab\u00a0m\u00eame si n&rsquo;y a pas eu de perte en vie humaine ; cependant, les d\u00e9g\u00e2ts mat\u00e9riels sont \u00e9normes \u00ab\u00a0. &lt;&lt;<i>On a perdu des plages, des hangars , un espace de 1700 m2. La grande piscine a \u00e9t\u00e9 attaqu\u00e9e par des vagues. Quant \u00e0 la petite piscine, elle a \u00e9t\u00e9 compl\u00e8tement d\u00e9truite. Sur 50 cocotiers que nous avions, il nous reste\u00a0 que 04 cocotiers&gt;&gt;,\u00a0<\/i>a-t-il confi\u00e9.<\/div>\n<div><\/div>\n<div>S&rsquo;inqui\u00e9tant de cette situation alarmante, l&rsquo;op\u00e9rateur \u00e9conomique se demande, ce qui va se passer \u00e0 la longue.<\/div>\n<div><\/div>\n<div><\/div>\n<div><\/div>\n<div>Face \u00e0 la recrudescence de la mar\u00e9e et en vue de pr\u00e9server des vies humaines , les autorit\u00e9s municipales de Grand-Bassam, ont, dans un Arr\u00eat\u00e9 municipal datant du lundi 14 Ao\u00fbt 2023, interdit l&rsquo;acc\u00e8s aux plages de la commune de Grand-Bassam.<\/div>\n<div><\/div>\n<div>Si cette mesure permet d&rsquo;\u00e9viter des noyades et la s\u00e9curit\u00e9 des populations et usagers, toutefois, cela induit une perte \u00e9norme\u00a0 pour les op\u00e9rateurs \u00e9conomiques de la ville historique, Grand-Bassam notamment ceux install\u00e9s en bordure des plages.<\/div>\n<div><\/div>\n<div><\/div>\n<div>Pour cela, les autorit\u00e9s comp\u00e9tentes et le Gouvernement doivent trouver des solutions idoines en vue d&rsquo;endiguer ce ph\u00e9nom\u00e8ne inhabituel et trouver des mesures d&rsquo;accompagnement pour les op\u00e9rateurs \u00e9conomiques (h\u00f4teliers, restaurateurs, etc) install\u00e9s en bordure des plages.<\/div>\n<div><\/div>\n<div><\/div>\n<div><\/div>\n<div><b>S.A.\u00a0<\/b><\/div>\n<div><\/div>\n","protected":false},"excerpt":{"rendered":"<p>Le ph\u00e9nom\u00e8ne inhabituel survenu r\u00e9cemment sur les plages de la cit\u00e9\u00a0 baln\u00e9aire, Grand-Bassam, avec la mont\u00e9e des vagues au niveau des plages a occasionn\u00e9 de nombreux d\u00e9g\u00e2ts mat\u00e9riels. En effet, une semaine apr\u00e8s cet \u00ab\u00a0\u00e9v\u00e9nement malheureux\u00a0\u00bb, nous nous sommes rendus sur les lieux pour constater ces d\u00e9g\u00e2ts. De Azurety, en passant par l&rsquo;h\u00f4tel Etoile du [&hellip;]<\/p>\n","protected":false},"author":2,"featured_media":4753,"comment_status":"closed","ping_status":"closed","sticky":false,"template":"","format":"standard","meta":{"_acf_changed":false,"footnotes":""},"categories":[],"tags":[],"class_list":["post-4752","post","type-post","status-publish","format-standard","has-post-thumbnail","hentry"],"acf":[],"yoast_head":"<!-- This site is optimized with the Yoast SEO plugin v27.5 - https:\/\/yoast.com\/product\/yoast-seo-wordpress\/ -->\n<title>Grand-Bassam \/ Mont\u00e9e des vagues en bordure des plages : D&#039;\u00e9normes d\u00e9g\u00e2ts mat\u00e9riels caus\u00e9s(reportage) - Amanien| L&#039;actualit\u00e9 Ivoirienne et Internationale<\/title>\n<meta name=\"robots\" content=\"index, follow, max-snippet:-1, max-image-preview:large, max-video-preview:-1\" \/>\n<link rel=\"canonical\" href=\"https:\/\/www.amanien.info\/news\/grand-bassam-montee-des-vagues-en-bordure-des-plages-denormes-degats-materiels-causesreportage\/\" \/>\n<meta property=\"og:locale\" content=\"fr_FR\" \/>\n<meta property=\"og:type\" content=\"article\" \/>\n<meta property=\"og:title\" content=\"Grand-Bassam \/ Mont\u00e9e des vagues en bordure des plages : D&#039;\u00e9normes d\u00e9g\u00e2ts mat\u00e9riels caus\u00e9s(reportage) - Amanien| L&#039;actualit\u00e9 Ivoirienne et Internationale\" \/>\n<meta property=\"og:description\" content=\"Le ph\u00e9nom\u00e8ne inhabituel survenu r\u00e9cemment sur les plages de la cit\u00e9\u00a0 baln\u00e9aire, Grand-Bassam, avec la mont\u00e9e des vagues au niveau des plages a occasionn\u00e9 de nombreux d\u00e9g\u00e2ts mat\u00e9riels. En effet, une semaine apr\u00e8s cet \u00ab\u00a0\u00e9v\u00e9nement malheureux\u00a0\u00bb, nous nous sommes rendus sur les lieux pour constater ces d\u00e9g\u00e2ts. De Azurety, en passant par l&rsquo;h\u00f4tel Etoile du [&hellip;]\" \/>\n<meta property=\"og:url\" content=\"https:\/\/www.amanien.info\/news\/grand-bassam-montee-des-vagues-en-bordure-des-plages-denormes-degats-materiels-causesreportage\/\" \/>\n<meta property=\"og:site_name\" content=\"Amanien| L&#039;actualit\u00e9 Ivoirienne et Internationale\" \/>\n<meta property=\"article:published_time\" content=\"2023-08-21T06:17:24+00:00\" \/>\n<meta property=\"og:image\" content=\"https:\/\/www.amanien.info\/news\/wp-content\/uploads\/2023\/08\/IMG-20230819-WA0067.jpg\" \/>\n\t<meta property=\"og:image:width\" content=\"1280\" \/>\n\t<meta property=\"og:image:height\" content=\"853\" \/>\n\t<meta property=\"og:image:type\" content=\"image\/jpeg\" \/>\n<meta name=\"author\" content=\"Germain Ndri\" \/>\n<meta name=\"twitter:card\" content=\"summary_large_image\" \/>\n<meta name=\"twitter:label1\" content=\"\u00c9crit par\" \/>\n\t<meta name=\"twitter:data1\" content=\"Germain Ndri\" \/>\n\t<meta name=\"twitter:label2\" content=\"Dur\u00e9e de lecture estim\u00e9e\" \/>\n\t<meta name=\"twitter:data2\" content=\"3 minutes\" \/>\n<script type=\"application\/ld+json\" class=\"yoast-schema-graph\">{\"@context\":\"https:\\\/\\\/schema.org\",\"@graph\":[{\"@type\":\"Article\",\"@id\":\"https:\\\/\\\/www.amanien.info\\\/news\\\/grand-bassam-montee-des-vagues-en-bordure-des-plages-denormes-degats-materiels-causesreportage\\\/#article\",\"isPartOf\":{\"@id\":\"https:\\\/\\\/www.amanien.info\\\/news\\\/grand-bassam-montee-des-vagues-en-bordure-des-plages-denormes-degats-materiels-causesreportage\\\/\"},\"author\":{\"name\":\"Germain Ndri\",\"@id\":\"https:\\\/\\\/www.amanien.info\\\/news\\\/#\\\/schema\\\/person\\\/b21093345753a1a98242d505bd894f42\"},\"headline\":\"Grand-Bassam \\\/ Mont\u00e9e des vagues en bordure des plages : D&rsquo;\u00e9normes d\u00e9g\u00e2ts mat\u00e9riels caus\u00e9s(reportage)\",\"datePublished\":\"2023-08-21T06:17:24+00:00\",\"mainEntityOfPage\":{\"@id\":\"https:\\\/\\\/www.amanien.info\\\/news\\\/grand-bassam-montee-des-vagues-en-bordure-des-plages-denormes-degats-materiels-causesreportage\\\/\"},\"wordCount\":590,\"image\":{\"@id\":\"https:\\\/\\\/www.amanien.info\\\/news\\\/grand-bassam-montee-des-vagues-en-bordure-des-plages-denormes-degats-materiels-causesreportage\\\/#primaryimage\"},\"thumbnailUrl\":\"https:\\\/\\\/www.amanien.info\\\/news\\\/wp-content\\\/uploads\\\/2023\\\/08\\\/IMG-20230819-WA0067.jpg\",\"inLanguage\":\"fr-FR\"},{\"@type\":\"WebPage\",\"@id\":\"https:\\\/\\\/www.amanien.info\\\/news\\\/grand-bassam-montee-des-vagues-en-bordure-des-plages-denormes-degats-materiels-causesreportage\\\/\",\"url\":\"https:\\\/\\\/www.amanien.info\\\/news\\\/grand-bassam-montee-des-vagues-en-bordure-des-plages-denormes-degats-materiels-causesreportage\\\/\",\"name\":\"Grand-Bassam \\\/ Mont\u00e9e des vagues en bordure des plages : D'\u00e9normes d\u00e9g\u00e2ts mat\u00e9riels caus\u00e9s(reportage) - Amanien| L&#039;actualit\u00e9 Ivoirienne et Internationale\",\"isPartOf\":{\"@id\":\"https:\\\/\\\/www.amanien.info\\\/news\\\/#website\"},\"primaryImageOfPage\":{\"@id\":\"https:\\\/\\\/www.amanien.info\\\/news\\\/grand-bassam-montee-des-vagues-en-bordure-des-plages-denormes-degats-materiels-causesreportage\\\/#primaryimage\"},\"image\":{\"@id\":\"https:\\\/\\\/www.amanien.info\\\/news\\\/grand-bassam-montee-des-vagues-en-bordure-des-plages-denormes-degats-materiels-causesreportage\\\/#primaryimage\"},\"thumbnailUrl\":\"https:\\\/\\\/www.amanien.info\\\/news\\\/wp-content\\\/uploads\\\/2023\\\/08\\\/IMG-20230819-WA0067.jpg\",\"datePublished\":\"2023-08-21T06:17:24+00:00\",\"author\":{\"@id\":\"https:\\\/\\\/www.amanien.info\\\/news\\\/#\\\/schema\\\/person\\\/b21093345753a1a98242d505bd894f42\"},\"breadcrumb\":{\"@id\":\"https:\\\/\\\/www.amanien.info\\\/news\\\/grand-bassam-montee-des-vagues-en-bordure-des-plages-denormes-degats-materiels-causesreportage\\\/#breadcrumb\"},\"inLanguage\":\"fr-FR\",\"potentialAction\":[{\"@type\":\"ReadAction\",\"target\":[\"https:\\\/\\\/www.amanien.info\\\/news\\\/grand-bassam-montee-des-vagues-en-bordure-des-plages-denormes-degats-materiels-causesreportage\\\/\"]}]},{\"@type\":\"ImageObject\",\"inLanguage\":\"fr-FR\",\"@id\":\"https:\\\/\\\/www.amanien.info\\\/news\\\/grand-bassam-montee-des-vagues-en-bordure-des-plages-denormes-degats-materiels-causesreportage\\\/#primaryimage\",\"url\":\"https:\\\/\\\/www.amanien.info\\\/news\\\/wp-content\\\/uploads\\\/2023\\\/08\\\/IMG-20230819-WA0067.jpg\",\"contentUrl\":\"https:\\\/\\\/www.amanien.info\\\/news\\\/wp-content\\\/uploads\\\/2023\\\/08\\\/IMG-20230819-WA0067.jpg\",\"width\":1280,\"height\":853},{\"@type\":\"BreadcrumbList\",\"@id\":\"https:\\\/\\\/www.amanien.info\\\/news\\\/grand-bassam-montee-des-vagues-en-bordure-des-plages-denormes-degats-materiels-causesreportage\\\/#breadcrumb\",\"itemListElement\":[{\"@type\":\"ListItem\",\"position\":1,\"name\":\"Accueil\",\"item\":\"https:\\\/\\\/www.amanien.info\\\/news\\\/\"},{\"@type\":\"ListItem\",\"position\":2,\"name\":\"Grand-Bassam \\\/ Mont\u00e9e des vagues en bordure des plages : D&rsquo;\u00e9normes d\u00e9g\u00e2ts mat\u00e9riels caus\u00e9s(reportage)\"}]},{\"@type\":\"WebSite\",\"@id\":\"https:\\\/\\\/www.amanien.info\\\/news\\\/#website\",\"url\":\"https:\\\/\\\/www.amanien.info\\\/news\\\/\",\"name\":\"Amanien| L&#039;actualit\u00e9 Ivoirienne et Internationale\",\"description\":\"L&#039;actualit\u00e9 Ivoirienne et Internationale\",\"potentialAction\":[{\"@type\":\"SearchAction\",\"target\":{\"@type\":\"EntryPoint\",\"urlTemplate\":\"https:\\\/\\\/www.amanien.info\\\/news\\\/?s={search_term_string}\"},\"query-input\":{\"@type\":\"PropertyValueSpecification\",\"valueRequired\":true,\"valueName\":\"search_term_string\"}}],\"inLanguage\":\"fr-FR\"},{\"@type\":\"Person\",\"@id\":\"https:\\\/\\\/www.amanien.info\\\/news\\\/#\\\/schema\\\/person\\\/b21093345753a1a98242d505bd894f42\",\"name\":\"Germain Ndri\",\"url\":\"https:\\\/\\\/www.amanien.info\\\/news\\\/author\\\/amanien-infos\\\/\"}]}<\/script>\n<!-- \/ Yoast SEO plugin. -->","yoast_head_json":{"title":"Grand-Bassam \/ Mont\u00e9e des vagues en bordure des plages : D'\u00e9normes d\u00e9g\u00e2ts mat\u00e9riels caus\u00e9s(reportage) - Amanien| L&#039;actualit\u00e9 Ivoirienne et Internationale","robots":{"index":"index","follow":"follow","max-snippet":"max-snippet:-1","max-image-preview":"max-image-preview:large","max-video-preview":"max-video-preview:-1"},"canonical":"https:\/\/www.amanien.info\/news\/grand-bassam-montee-des-vagues-en-bordure-des-plages-denormes-degats-materiels-causesreportage\/","og_locale":"fr_FR","og_type":"article","og_title":"Grand-Bassam \/ Mont\u00e9e des vagues en bordure des plages : D'\u00e9normes d\u00e9g\u00e2ts mat\u00e9riels caus\u00e9s(reportage) - Amanien| L&#039;actualit\u00e9 Ivoirienne et Internationale","og_description":"Le ph\u00e9nom\u00e8ne inhabituel survenu r\u00e9cemment sur les plages de la cit\u00e9\u00a0 baln\u00e9aire, Grand-Bassam, avec la mont\u00e9e des vagues au niveau des plages a occasionn\u00e9 de nombreux d\u00e9g\u00e2ts mat\u00e9riels. En effet, une semaine apr\u00e8s cet \u00ab\u00a0\u00e9v\u00e9nement malheureux\u00a0\u00bb, nous nous sommes rendus sur les lieux pour constater ces d\u00e9g\u00e2ts. De Azurety, en passant par l&rsquo;h\u00f4tel Etoile du [&hellip;]","og_url":"https:\/\/www.amanien.info\/news\/grand-bassam-montee-des-vagues-en-bordure-des-plages-denormes-degats-materiels-causesreportage\/","og_site_name":"Amanien| L&#039;actualit\u00e9 Ivoirienne et Internationale","article_published_time":"2023-08-21T06:17:24+00:00","og_image":[{"width":1280,"height":853,"url":"https:\/\/www.amanien.info\/news\/wp-content\/uploads\/2023\/08\/IMG-20230819-WA0067.jpg","type":"image\/jpeg"}],"author":"Germain Ndri","twitter_card":"summary_large_image","twitter_misc":{"\u00c9crit par":"Germain Ndri","Dur\u00e9e de lecture estim\u00e9e":"3 minutes"},"schema":{"@context":"https:\/\/schema.org","@graph":[{"@type":"Article","@id":"https:\/\/www.amanien.info\/news\/grand-bassam-montee-des-vagues-en-bordure-des-plages-denormes-degats-materiels-causesreportage\/#article","isPartOf":{"@id":"https:\/\/www.amanien.info\/news\/grand-bassam-montee-des-vagues-en-bordure-des-plages-denormes-degats-materiels-causesreportage\/"},"author":{"name":"Germain Ndri","@id":"https:\/\/www.amanien.info\/news\/#\/schema\/person\/b21093345753a1a98242d505bd894f42"},"headline":"Grand-Bassam \/ Mont\u00e9e des vagues en bordure des plages : D&rsquo;\u00e9normes d\u00e9g\u00e2ts mat\u00e9riels caus\u00e9s(reportage)","datePublished":"2023-08-21T06:17:24+00:00","mainEntityOfPage":{"@id":"https:\/\/www.amanien.info\/news\/grand-bassam-montee-des-vagues-en-bordure-des-plages-denormes-degats-materiels-causesreportage\/"},"wordCount":590,"image":{"@id":"https:\/\/www.amanien.info\/news\/grand-bassam-montee-des-vagues-en-bordure-des-plages-denormes-degats-materiels-causesreportage\/#primaryimage"},"thumbnailUrl":"https:\/\/www.amanien.info\/news\/wp-content\/uploads\/2023\/08\/IMG-20230819-WA0067.jpg","inLanguage":"fr-FR"},{"@type":"WebPage","@id":"https:\/\/www.amanien.info\/news\/grand-bassam-montee-des-vagues-en-bordure-des-plages-denormes-degats-materiels-causesreportage\/","url":"https:\/\/www.amanien.info\/news\/grand-bassam-montee-des-vagues-en-bordure-des-plages-denormes-degats-materiels-causesreportage\/","name":"Grand-Bassam \/ Mont\u00e9e des vagues en bordure des plages : D'\u00e9normes d\u00e9g\u00e2ts mat\u00e9riels caus\u00e9s(reportage) - Amanien| L&#039;actualit\u00e9 Ivoirienne et Internationale","isPartOf":{"@id":"https:\/\/www.amanien.info\/news\/#website"},"primaryImageOfPage":{"@id":"https:\/\/www.amanien.info\/news\/grand-bassam-montee-des-vagues-en-bordure-des-plages-denormes-degats-materiels-causesreportage\/#primaryimage"},"image":{"@id":"https:\/\/www.amanien.info\/news\/grand-bassam-montee-des-vagues-en-bordure-des-plages-denormes-degats-materiels-causesreportage\/#primaryimage"},"thumbnailUrl":"https:\/\/www.amanien.info\/news\/wp-content\/uploads\/2023\/08\/IMG-20230819-WA0067.jpg","datePublished":"2023-08-21T06:17:24+00:00","author":{"@id":"https:\/\/www.amanien.info\/news\/#\/schema\/person\/b21093345753a1a98242d505bd894f42"},"breadcrumb":{"@id":"https:\/\/www.amanien.info\/news\/grand-bassam-montee-des-vagues-en-bordure-des-plages-denormes-degats-materiels-causesreportage\/#breadcrumb"},"inLanguage":"fr-FR","potentialAction":[{"@type":"ReadAction","target":["https:\/\/www.amanien.info\/news\/grand-bassam-montee-des-vagues-en-bordure-des-plages-denormes-degats-materiels-causesreportage\/"]}]},{"@type":"ImageObject","inLanguage":"fr-FR","@id":"https:\/\/www.amanien.info\/news\/grand-bassam-montee-des-vagues-en-bordure-des-plages-denormes-degats-materiels-causesreportage\/#primaryimage","url":"https:\/\/www.amanien.info\/news\/wp-content\/uploads\/2023\/08\/IMG-20230819-WA0067.jpg","contentUrl":"https:\/\/www.amanien.info\/news\/wp-content\/uploads\/2023\/08\/IMG-20230819-WA0067.jpg","width":1280,"height":853},{"@type":"BreadcrumbList","@id":"https:\/\/www.amanien.info\/news\/grand-bassam-montee-des-vagues-en-bordure-des-plages-denormes-degats-materiels-causesreportage\/#breadcrumb","itemListElement":[{"@type":"ListItem","position":1,"name":"Accueil","item":"https:\/\/www.amanien.info\/news\/"},{"@type":"ListItem","position":2,"name":"Grand-Bassam \/ Mont\u00e9e des vagues en bordure des plages : D&rsquo;\u00e9normes d\u00e9g\u00e2ts mat\u00e9riels caus\u00e9s(reportage)"}]},{"@type":"WebSite","@id":"https:\/\/www.amanien.info\/news\/#website","url":"https:\/\/www.amanien.info\/news\/","name":"Amanien| L&#039;actualit\u00e9 Ivoirienne et Internationale","description":"L&#039;actualit\u00e9 Ivoirienne et Internationale","potentialAction":[{"@type":"SearchAction","target":{"@type":"EntryPoint","urlTemplate":"https:\/\/www.amanien.info\/news\/?s={search_term_string}"},"query-input":{"@type":"PropertyValueSpecification","valueRequired":true,"valueName":"search_term_string"}}],"inLanguage":"fr-FR"},{"@type":"Person","@id":"https:\/\/www.amanien.info\/news\/#\/schema\/person\/b21093345753a1a98242d505bd894f42","name":"Germain Ndri","url":"https:\/\/www.amanien.info\/news\/author\/amanien-infos\/"}]}},"_links":{"self":[{"href":"https:\/\/www.amanien.info\/news\/wp-json\/wp\/v2\/posts\/4752","targetHints":{"allow":["GET"]}}],"collection":[{"href":"https:\/\/www.amanien.info\/news\/wp-json\/wp\/v2\/posts"}],"about":[{"href":"https:\/\/www.amanien.info\/news\/wp-json\/wp\/v2\/types\/post"}],"author":[{"embeddable":true,"href":"https:\/\/www.amanien.info\/news\/wp-json\/wp\/v2\/users\/2"}],"replies":[{"embeddable":true,"href":"https:\/\/www.amanien.info\/news\/wp-json\/wp\/v2\/comments?post=4752"}],"version-history":[{"count":1,"href":"https:\/\/www.amanien.info\/news\/wp-json\/wp\/v2\/posts\/4752\/revisions"}],"predecessor-version":[{"id":4754,"href":"https:\/\/www.amanien.info\/news\/wp-json\/wp\/v2\/posts\/4752\/revisions\/4754"}],"wp:featuredmedia":[{"embeddable":true,"href":"https:\/\/www.amanien.info\/news\/wp-json\/wp\/v2\/media\/4753"}],"wp:attachment":[{"href":"https:\/\/www.amanien.info\/news\/wp-json\/wp\/v2\/media?parent=4752"}],"wp:term":[{"taxonomy":"category","embeddable":true,"href":"https:\/\/www.amanien.info\/news\/wp-json\/wp\/v2\/categories?post=4752"},{"taxonomy":"post_tag","embeddable":true,"href":"https:\/\/www.amanien.info\/news\/wp-json\/wp\/v2\/tags?post=4752"}],"curies":[{"name":"wp","href":"https:\/\/api.w.org\/{rel}","templated":true}]}}