{"id":4684,"date":"2023-08-02T13:27:55","date_gmt":"2023-08-02T13:27:55","guid":{"rendered":"https:\/\/www.amanien.info\/news\/?p=4684"},"modified":"2023-08-02T13:27:55","modified_gmt":"2023-08-02T13:27:55","slug":"deces-du-president-henri-konan-bedie-la-haute-direction-du-pdci-rda-salue-la-memoire-dun-grand-homme-detat-et-de-paix-pour-la-cote-divoire-communique","status":"publish","type":"post","link":"https:\/\/www.amanien.info\/news\/deces-du-president-henri-konan-bedie-la-haute-direction-du-pdci-rda-salue-la-memoire-dun-grand-homme-detat-et-de-paix-pour-la-cote-divoire-communique\/","title":{"rendered":"D\u00e9c\u00e8s du Pr\u00e9sident Henri Konan B\u00e9di\u00e9 :\u00a0 La haute direction du Pdci-Rda salue la m\u00e9moire \u00ab\u00a0d&rsquo;un grand homme d&rsquo;Etat\u00a0\u00bb et de \u00ab\u00a0paix\u00a0\u00bb pour la C\u00f4te d\u2019Ivoire (Communiqu\u00e9)"},"content":{"rendered":"<div>La haute direction du Parti D\u00e9mocratique de C\u00f4te D\u2019Ivoire Rassemblement D\u00e9mocratique Africain (PDCI-RDA) a la profonde douleur de porter \u00e0 la connaissance des militants et militantes du PDCI-RDA, du peuple de C\u00f4te d\u2019Ivoire et du monde entier, le d\u00e9c\u00e8s subit de Son Excellence HENRI KONAN B\u00c9DI\u00c9, Pr\u00e9sident du PDCI-RDA, ancien Pr\u00e9sident de la R\u00e9publique de C\u00f4te d\u2019Ivoire ; D\u00e9c\u00e8s survenu le mardi 1er ao\u00fbt 2023, \u00e0 Abidjan.<\/div>\n<div><\/div>\n<div><\/div>\n<div><\/div>\n<div>En ces heures de grande tristesse, nous nous inclinons avec respect devant la m\u00e9moire de ce Grand Homme d\u2019Etat, qui n\u2019a \u00e9pargn\u00e9 aucun sacrifice pour la paix en C\u00f4te d\u2019Ivoire et pour la Grandeur de notre Nation qu\u2019il a tant aim\u00e9e et servie, et \u00e0 laquelle il a tout donn\u00e9.<\/div>\n<div><\/div>\n<div><\/div>\n<div><\/div>\n<div>Nous adressons nos condol\u00e9ances les plus \u00e9mues \u00e0 madame Henriette BEDIE, \u00e0 la grande famille BEDIE, \u00e0 tous les militantes et militants du PDCI-RDA ainsi qu\u2019\u00e0 tout le peuple de C\u00f4te d\u2019Ivoire.<\/div>\n<div><\/div>\n<div><\/div>\n<div><\/div>\n<div><\/div>\n<div><\/div>\n<div>Fait \u00e0 Abidjan, le 1er Ao\u00fbt 2023<\/div>\n<div><\/div>\n<div>COWPPLI-BONY<\/div>\n<div><\/div>\n<div><\/div>\n<div>Le Doyen d\u2019\u00e2ge des Vice-pr\u00e9sidents du PDCI-RDA.<\/div>\n<div><\/div>\n","protected":false},"excerpt":{"rendered":"<p>La haute direction du Parti D\u00e9mocratique de C\u00f4te D\u2019Ivoire Rassemblement D\u00e9mocratique Africain (PDCI-RDA) a la profonde douleur de porter \u00e0 la connaissance des militants et militantes du PDCI-RDA, du peuple de C\u00f4te d\u2019Ivoire et du monde entier, le d\u00e9c\u00e8s subit de Son Excellence HENRI KONAN B\u00c9DI\u00c9, Pr\u00e9sident du PDCI-RDA, ancien Pr\u00e9sident de la R\u00e9publique de [&hellip;]<\/p>\n","protected":false},"author":2,"featured_media":4685,"comment_status":"closed","ping_status":"closed","sticky":false,"template":"","format":"standard","meta":{"_acf_changed":false,"footnotes":""},"categories":[],"tags":[],"class_list":["post-4684","post","type-post","status-publish","format-standard","has-post-thumbnail","hentry"],"acf":[],"yoast_head":"<!-- This site is optimized with the Yoast SEO plugin v27.5 - https:\/\/yoast.com\/product\/yoast-seo-wordpress\/ -->\n<title>D\u00e9c\u00e8s du Pr\u00e9sident Henri Konan B\u00e9di\u00e9 :\u00a0 La haute direction du Pdci-Rda salue la m\u00e9moire &quot;d&#039;un grand homme d&#039;Etat&quot; et de &quot;paix&quot; pour la C\u00f4te d\u2019Ivoire (Communiqu\u00e9) - Amanien| L&#039;actualit\u00e9 Ivoirienne et Internationale<\/title>\n<meta name=\"robots\" content=\"index, follow, max-snippet:-1, max-image-preview:large, max-video-preview:-1\" \/>\n<link rel=\"canonical\" href=\"https:\/\/www.amanien.info\/news\/deces-du-president-henri-konan-bedie-la-haute-direction-du-pdci-rda-salue-la-memoire-dun-grand-homme-detat-et-de-paix-pour-la-cote-divoire-communique\/\" \/>\n<meta property=\"og:locale\" content=\"fr_FR\" \/>\n<meta property=\"og:type\" content=\"article\" \/>\n<meta property=\"og:title\" content=\"D\u00e9c\u00e8s du Pr\u00e9sident Henri Konan B\u00e9di\u00e9 :\u00a0 La haute direction du Pdci-Rda salue la m\u00e9moire &quot;d&#039;un grand homme d&#039;Etat&quot; et de &quot;paix&quot; pour la C\u00f4te d\u2019Ivoire (Communiqu\u00e9) - Amanien| L&#039;actualit\u00e9 Ivoirienne et Internationale\" \/>\n<meta property=\"og:description\" content=\"La haute direction du Parti D\u00e9mocratique de C\u00f4te D\u2019Ivoire Rassemblement D\u00e9mocratique Africain (PDCI-RDA) a la profonde douleur de porter \u00e0 la connaissance des militants et militantes du PDCI-RDA, du peuple de C\u00f4te d\u2019Ivoire et du monde entier, le d\u00e9c\u00e8s subit de Son Excellence HENRI KONAN B\u00c9DI\u00c9, Pr\u00e9sident du PDCI-RDA, ancien Pr\u00e9sident de la R\u00e9publique de [&hellip;]\" \/>\n<meta property=\"og:url\" content=\"https:\/\/www.amanien.info\/news\/deces-du-president-henri-konan-bedie-la-haute-direction-du-pdci-rda-salue-la-memoire-dun-grand-homme-detat-et-de-paix-pour-la-cote-divoire-communique\/\" \/>\n<meta property=\"og:site_name\" content=\"Amanien| L&#039;actualit\u00e9 Ivoirienne et Internationale\" \/>\n<meta property=\"article:published_time\" content=\"2023-08-02T13:27:55+00:00\" \/>\n<meta property=\"og:image\" content=\"https:\/\/www.amanien.info\/news\/wp-content\/uploads\/2023\/08\/le-message-de-nouvel-an-2023-du-president-du-pdci-rda-henri-konan-bedie_afnxuzy90ug.jpg\" \/>\n\t<meta property=\"og:image:width\" content=\"952\" \/>\n\t<meta property=\"og:image:height\" content=\"687\" \/>\n\t<meta property=\"og:image:type\" content=\"image\/jpeg\" \/>\n<meta name=\"author\" content=\"Germain Ndri\" \/>\n<meta name=\"twitter:card\" content=\"summary_large_image\" \/>\n<meta name=\"twitter:label1\" content=\"\u00c9crit par\" \/>\n\t<meta name=\"twitter:data1\" content=\"Germain Ndri\" \/>\n\t<meta name=\"twitter:label2\" content=\"Dur\u00e9e de lecture estim\u00e9e\" \/>\n\t<meta name=\"twitter:data2\" content=\"1 minute\" \/>\n<script type=\"application\/ld+json\" class=\"yoast-schema-graph\">{\"@context\":\"https:\\\/\\\/schema.org\",\"@graph\":[{\"@type\":\"Article\",\"@id\":\"https:\\\/\\\/www.amanien.info\\\/news\\\/deces-du-president-henri-konan-bedie-la-haute-direction-du-pdci-rda-salue-la-memoire-dun-grand-homme-detat-et-de-paix-pour-la-cote-divoire-communique\\\/#article\",\"isPartOf\":{\"@id\":\"https:\\\/\\\/www.amanien.info\\\/news\\\/deces-du-president-henri-konan-bedie-la-haute-direction-du-pdci-rda-salue-la-memoire-dun-grand-homme-detat-et-de-paix-pour-la-cote-divoire-communique\\\/\"},\"author\":{\"name\":\"Germain Ndri\",\"@id\":\"https:\\\/\\\/www.amanien.info\\\/news\\\/#\\\/schema\\\/person\\\/b21093345753a1a98242d505bd894f42\"},\"headline\":\"D\u00e9c\u00e8s du Pr\u00e9sident Henri Konan B\u00e9di\u00e9 :\u00a0 La haute direction du Pdci-Rda salue la m\u00e9moire \u00ab\u00a0d&rsquo;un grand homme d&rsquo;Etat\u00a0\u00bb et de \u00ab\u00a0paix\u00a0\u00bb pour la C\u00f4te d\u2019Ivoire (Communiqu\u00e9)\",\"datePublished\":\"2023-08-02T13:27:55+00:00\",\"mainEntityOfPage\":{\"@id\":\"https:\\\/\\\/www.amanien.info\\\/news\\\/deces-du-president-henri-konan-bedie-la-haute-direction-du-pdci-rda-salue-la-memoire-dun-grand-homme-detat-et-de-paix-pour-la-cote-divoire-communique\\\/\"},\"wordCount\":219,\"image\":{\"@id\":\"https:\\\/\\\/www.amanien.info\\\/news\\\/deces-du-president-henri-konan-bedie-la-haute-direction-du-pdci-rda-salue-la-memoire-dun-grand-homme-detat-et-de-paix-pour-la-cote-divoire-communique\\\/#primaryimage\"},\"thumbnailUrl\":\"https:\\\/\\\/www.amanien.info\\\/news\\\/wp-content\\\/uploads\\\/2023\\\/08\\\/le-message-de-nouvel-an-2023-du-president-du-pdci-rda-henri-konan-bedie_afnxuzy90ug.jpg\",\"inLanguage\":\"fr-FR\"},{\"@type\":\"WebPage\",\"@id\":\"https:\\\/\\\/www.amanien.info\\\/news\\\/deces-du-president-henri-konan-bedie-la-haute-direction-du-pdci-rda-salue-la-memoire-dun-grand-homme-detat-et-de-paix-pour-la-cote-divoire-communique\\\/\",\"url\":\"https:\\\/\\\/www.amanien.info\\\/news\\\/deces-du-president-henri-konan-bedie-la-haute-direction-du-pdci-rda-salue-la-memoire-dun-grand-homme-detat-et-de-paix-pour-la-cote-divoire-communique\\\/\",\"name\":\"D\u00e9c\u00e8s du Pr\u00e9sident Henri Konan B\u00e9di\u00e9 :\u00a0 La haute direction du Pdci-Rda salue la m\u00e9moire \\\"d'un grand homme d'Etat\\\" et de \\\"paix\\\" pour la C\u00f4te d\u2019Ivoire (Communiqu\u00e9) - Amanien| L&#039;actualit\u00e9 Ivoirienne et Internationale\",\"isPartOf\":{\"@id\":\"https:\\\/\\\/www.amanien.info\\\/news\\\/#website\"},\"primaryImageOfPage\":{\"@id\":\"https:\\\/\\\/www.amanien.info\\\/news\\\/deces-du-president-henri-konan-bedie-la-haute-direction-du-pdci-rda-salue-la-memoire-dun-grand-homme-detat-et-de-paix-pour-la-cote-divoire-communique\\\/#primaryimage\"},\"image\":{\"@id\":\"https:\\\/\\\/www.amanien.info\\\/news\\\/deces-du-president-henri-konan-bedie-la-haute-direction-du-pdci-rda-salue-la-memoire-dun-grand-homme-detat-et-de-paix-pour-la-cote-divoire-communique\\\/#primaryimage\"},\"thumbnailUrl\":\"https:\\\/\\\/www.amanien.info\\\/news\\\/wp-content\\\/uploads\\\/2023\\\/08\\\/le-message-de-nouvel-an-2023-du-president-du-pdci-rda-henri-konan-bedie_afnxuzy90ug.jpg\",\"datePublished\":\"2023-08-02T13:27:55+00:00\",\"author\":{\"@id\":\"https:\\\/\\\/www.amanien.info\\\/news\\\/#\\\/schema\\\/person\\\/b21093345753a1a98242d505bd894f42\"},\"breadcrumb\":{\"@id\":\"https:\\\/\\\/www.amanien.info\\\/news\\\/deces-du-president-henri-konan-bedie-la-haute-direction-du-pdci-rda-salue-la-memoire-dun-grand-homme-detat-et-de-paix-pour-la-cote-divoire-communique\\\/#breadcrumb\"},\"inLanguage\":\"fr-FR\",\"potentialAction\":[{\"@type\":\"ReadAction\",\"target\":[\"https:\\\/\\\/www.amanien.info\\\/news\\\/deces-du-president-henri-konan-bedie-la-haute-direction-du-pdci-rda-salue-la-memoire-dun-grand-homme-detat-et-de-paix-pour-la-cote-divoire-communique\\\/\"]}]},{\"@type\":\"ImageObject\",\"inLanguage\":\"fr-FR\",\"@id\":\"https:\\\/\\\/www.amanien.info\\\/news\\\/deces-du-president-henri-konan-bedie-la-haute-direction-du-pdci-rda-salue-la-memoire-dun-grand-homme-detat-et-de-paix-pour-la-cote-divoire-communique\\\/#primaryimage\",\"url\":\"https:\\\/\\\/www.amanien.info\\\/news\\\/wp-content\\\/uploads\\\/2023\\\/08\\\/le-message-de-nouvel-an-2023-du-president-du-pdci-rda-henri-konan-bedie_afnxuzy90ug.jpg\",\"contentUrl\":\"https:\\\/\\\/www.amanien.info\\\/news\\\/wp-content\\\/uploads\\\/2023\\\/08\\\/le-message-de-nouvel-an-2023-du-president-du-pdci-rda-henri-konan-bedie_afnxuzy90ug.jpg\",\"width\":952,\"height\":687},{\"@type\":\"BreadcrumbList\",\"@id\":\"https:\\\/\\\/www.amanien.info\\\/news\\\/deces-du-president-henri-konan-bedie-la-haute-direction-du-pdci-rda-salue-la-memoire-dun-grand-homme-detat-et-de-paix-pour-la-cote-divoire-communique\\\/#breadcrumb\",\"itemListElement\":[{\"@type\":\"ListItem\",\"position\":1,\"name\":\"Accueil\",\"item\":\"https:\\\/\\\/www.amanien.info\\\/news\\\/\"},{\"@type\":\"ListItem\",\"position\":2,\"name\":\"D\u00e9c\u00e8s du Pr\u00e9sident Henri Konan B\u00e9di\u00e9 :\u00a0 La haute direction du Pdci-Rda salue la m\u00e9moire \u00ab\u00a0d&rsquo;un grand homme d&rsquo;Etat\u00a0\u00bb et de \u00ab\u00a0paix\u00a0\u00bb pour la C\u00f4te d\u2019Ivoire (Communiqu\u00e9)\"}]},{\"@type\":\"WebSite\",\"@id\":\"https:\\\/\\\/www.amanien.info\\\/news\\\/#website\",\"url\":\"https:\\\/\\\/www.amanien.info\\\/news\\\/\",\"name\":\"Amanien| L&#039;actualit\u00e9 Ivoirienne et Internationale\",\"description\":\"L&#039;actualit\u00e9 Ivoirienne et Internationale\",\"potentialAction\":[{\"@type\":\"SearchAction\",\"target\":{\"@type\":\"EntryPoint\",\"urlTemplate\":\"https:\\\/\\\/www.amanien.info\\\/news\\\/?s={search_term_string}\"},\"query-input\":{\"@type\":\"PropertyValueSpecification\",\"valueRequired\":true,\"valueName\":\"search_term_string\"}}],\"inLanguage\":\"fr-FR\"},{\"@type\":\"Person\",\"@id\":\"https:\\\/\\\/www.amanien.info\\\/news\\\/#\\\/schema\\\/person\\\/b21093345753a1a98242d505bd894f42\",\"name\":\"Germain Ndri\",\"url\":\"https:\\\/\\\/www.amanien.info\\\/news\\\/author\\\/amanien-infos\\\/\"}]}<\/script>\n<!-- \/ Yoast SEO plugin. -->","yoast_head_json":{"title":"D\u00e9c\u00e8s du Pr\u00e9sident Henri Konan B\u00e9di\u00e9 :\u00a0 La haute direction du Pdci-Rda salue la m\u00e9moire \"d'un grand homme d'Etat\" et de \"paix\" pour la C\u00f4te d\u2019Ivoire (Communiqu\u00e9) - Amanien| L&#039;actualit\u00e9 Ivoirienne et Internationale","robots":{"index":"index","follow":"follow","max-snippet":"max-snippet:-1","max-image-preview":"max-image-preview:large","max-video-preview":"max-video-preview:-1"},"canonical":"https:\/\/www.amanien.info\/news\/deces-du-president-henri-konan-bedie-la-haute-direction-du-pdci-rda-salue-la-memoire-dun-grand-homme-detat-et-de-paix-pour-la-cote-divoire-communique\/","og_locale":"fr_FR","og_type":"article","og_title":"D\u00e9c\u00e8s du Pr\u00e9sident Henri Konan B\u00e9di\u00e9 :\u00a0 La haute direction du Pdci-Rda salue la m\u00e9moire \"d'un grand homme d'Etat\" et de \"paix\" pour la C\u00f4te d\u2019Ivoire (Communiqu\u00e9) - Amanien| L&#039;actualit\u00e9 Ivoirienne et Internationale","og_description":"La haute direction du Parti D\u00e9mocratique de C\u00f4te D\u2019Ivoire Rassemblement D\u00e9mocratique Africain (PDCI-RDA) a la profonde douleur de porter \u00e0 la connaissance des militants et militantes du PDCI-RDA, du peuple de C\u00f4te d\u2019Ivoire et du monde entier, le d\u00e9c\u00e8s subit de Son Excellence HENRI KONAN B\u00c9DI\u00c9, Pr\u00e9sident du PDCI-RDA, ancien Pr\u00e9sident de la R\u00e9publique de [&hellip;]","og_url":"https:\/\/www.amanien.info\/news\/deces-du-president-henri-konan-bedie-la-haute-direction-du-pdci-rda-salue-la-memoire-dun-grand-homme-detat-et-de-paix-pour-la-cote-divoire-communique\/","og_site_name":"Amanien| L&#039;actualit\u00e9 Ivoirienne et Internationale","article_published_time":"2023-08-02T13:27:55+00:00","og_image":[{"width":952,"height":687,"url":"https:\/\/www.amanien.info\/news\/wp-content\/uploads\/2023\/08\/le-message-de-nouvel-an-2023-du-president-du-pdci-rda-henri-konan-bedie_afnxuzy90ug.jpg","type":"image\/jpeg"}],"author":"Germain Ndri","twitter_card":"summary_large_image","twitter_misc":{"\u00c9crit par":"Germain Ndri","Dur\u00e9e de lecture estim\u00e9e":"1 minute"},"schema":{"@context":"https:\/\/schema.org","@graph":[{"@type":"Article","@id":"https:\/\/www.amanien.info\/news\/deces-du-president-henri-konan-bedie-la-haute-direction-du-pdci-rda-salue-la-memoire-dun-grand-homme-detat-et-de-paix-pour-la-cote-divoire-communique\/#article","isPartOf":{"@id":"https:\/\/www.amanien.info\/news\/deces-du-president-henri-konan-bedie-la-haute-direction-du-pdci-rda-salue-la-memoire-dun-grand-homme-detat-et-de-paix-pour-la-cote-divoire-communique\/"},"author":{"name":"Germain Ndri","@id":"https:\/\/www.amanien.info\/news\/#\/schema\/person\/b21093345753a1a98242d505bd894f42"},"headline":"D\u00e9c\u00e8s du Pr\u00e9sident Henri Konan B\u00e9di\u00e9 :\u00a0 La haute direction du Pdci-Rda salue la m\u00e9moire \u00ab\u00a0d&rsquo;un grand homme d&rsquo;Etat\u00a0\u00bb et de \u00ab\u00a0paix\u00a0\u00bb pour la C\u00f4te d\u2019Ivoire (Communiqu\u00e9)","datePublished":"2023-08-02T13:27:55+00:00","mainEntityOfPage":{"@id":"https:\/\/www.amanien.info\/news\/deces-du-president-henri-konan-bedie-la-haute-direction-du-pdci-rda-salue-la-memoire-dun-grand-homme-detat-et-de-paix-pour-la-cote-divoire-communique\/"},"wordCount":219,"image":{"@id":"https:\/\/www.amanien.info\/news\/deces-du-president-henri-konan-bedie-la-haute-direction-du-pdci-rda-salue-la-memoire-dun-grand-homme-detat-et-de-paix-pour-la-cote-divoire-communique\/#primaryimage"},"thumbnailUrl":"https:\/\/www.amanien.info\/news\/wp-content\/uploads\/2023\/08\/le-message-de-nouvel-an-2023-du-president-du-pdci-rda-henri-konan-bedie_afnxuzy90ug.jpg","inLanguage":"fr-FR"},{"@type":"WebPage","@id":"https:\/\/www.amanien.info\/news\/deces-du-president-henri-konan-bedie-la-haute-direction-du-pdci-rda-salue-la-memoire-dun-grand-homme-detat-et-de-paix-pour-la-cote-divoire-communique\/","url":"https:\/\/www.amanien.info\/news\/deces-du-president-henri-konan-bedie-la-haute-direction-du-pdci-rda-salue-la-memoire-dun-grand-homme-detat-et-de-paix-pour-la-cote-divoire-communique\/","name":"D\u00e9c\u00e8s du Pr\u00e9sident Henri Konan B\u00e9di\u00e9 :\u00a0 La haute direction du Pdci-Rda salue la m\u00e9moire \"d'un grand homme d'Etat\" et de \"paix\" pour la C\u00f4te d\u2019Ivoire (Communiqu\u00e9) - Amanien| L&#039;actualit\u00e9 Ivoirienne et Internationale","isPartOf":{"@id":"https:\/\/www.amanien.info\/news\/#website"},"primaryImageOfPage":{"@id":"https:\/\/www.amanien.info\/news\/deces-du-president-henri-konan-bedie-la-haute-direction-du-pdci-rda-salue-la-memoire-dun-grand-homme-detat-et-de-paix-pour-la-cote-divoire-communique\/#primaryimage"},"image":{"@id":"https:\/\/www.amanien.info\/news\/deces-du-president-henri-konan-bedie-la-haute-direction-du-pdci-rda-salue-la-memoire-dun-grand-homme-detat-et-de-paix-pour-la-cote-divoire-communique\/#primaryimage"},"thumbnailUrl":"https:\/\/www.amanien.info\/news\/wp-content\/uploads\/2023\/08\/le-message-de-nouvel-an-2023-du-president-du-pdci-rda-henri-konan-bedie_afnxuzy90ug.jpg","datePublished":"2023-08-02T13:27:55+00:00","author":{"@id":"https:\/\/www.amanien.info\/news\/#\/schema\/person\/b21093345753a1a98242d505bd894f42"},"breadcrumb":{"@id":"https:\/\/www.amanien.info\/news\/deces-du-president-henri-konan-bedie-la-haute-direction-du-pdci-rda-salue-la-memoire-dun-grand-homme-detat-et-de-paix-pour-la-cote-divoire-communique\/#breadcrumb"},"inLanguage":"fr-FR","potentialAction":[{"@type":"ReadAction","target":["https:\/\/www.amanien.info\/news\/deces-du-president-henri-konan-bedie-la-haute-direction-du-pdci-rda-salue-la-memoire-dun-grand-homme-detat-et-de-paix-pour-la-cote-divoire-communique\/"]}]},{"@type":"ImageObject","inLanguage":"fr-FR","@id":"https:\/\/www.amanien.info\/news\/deces-du-president-henri-konan-bedie-la-haute-direction-du-pdci-rda-salue-la-memoire-dun-grand-homme-detat-et-de-paix-pour-la-cote-divoire-communique\/#primaryimage","url":"https:\/\/www.amanien.info\/news\/wp-content\/uploads\/2023\/08\/le-message-de-nouvel-an-2023-du-president-du-pdci-rda-henri-konan-bedie_afnxuzy90ug.jpg","contentUrl":"https:\/\/www.amanien.info\/news\/wp-content\/uploads\/2023\/08\/le-message-de-nouvel-an-2023-du-president-du-pdci-rda-henri-konan-bedie_afnxuzy90ug.jpg","width":952,"height":687},{"@type":"BreadcrumbList","@id":"https:\/\/www.amanien.info\/news\/deces-du-president-henri-konan-bedie-la-haute-direction-du-pdci-rda-salue-la-memoire-dun-grand-homme-detat-et-de-paix-pour-la-cote-divoire-communique\/#breadcrumb","itemListElement":[{"@type":"ListItem","position":1,"name":"Accueil","item":"https:\/\/www.amanien.info\/news\/"},{"@type":"ListItem","position":2,"name":"D\u00e9c\u00e8s du Pr\u00e9sident Henri Konan B\u00e9di\u00e9 :\u00a0 La haute direction du Pdci-Rda salue la m\u00e9moire \u00ab\u00a0d&rsquo;un grand homme d&rsquo;Etat\u00a0\u00bb et de \u00ab\u00a0paix\u00a0\u00bb pour la C\u00f4te d\u2019Ivoire (Communiqu\u00e9)"}]},{"@type":"WebSite","@id":"https:\/\/www.amanien.info\/news\/#website","url":"https:\/\/www.amanien.info\/news\/","name":"Amanien| L&#039;actualit\u00e9 Ivoirienne et Internationale","description":"L&#039;actualit\u00e9 Ivoirienne et Internationale","potentialAction":[{"@type":"SearchAction","target":{"@type":"EntryPoint","urlTemplate":"https:\/\/www.amanien.info\/news\/?s={search_term_string}"},"query-input":{"@type":"PropertyValueSpecification","valueRequired":true,"valueName":"search_term_string"}}],"inLanguage":"fr-FR"},{"@type":"Person","@id":"https:\/\/www.amanien.info\/news\/#\/schema\/person\/b21093345753a1a98242d505bd894f42","name":"Germain Ndri","url":"https:\/\/www.amanien.info\/news\/author\/amanien-infos\/"}]}},"_links":{"self":[{"href":"https:\/\/www.amanien.info\/news\/wp-json\/wp\/v2\/posts\/4684","targetHints":{"allow":["GET"]}}],"collection":[{"href":"https:\/\/www.amanien.info\/news\/wp-json\/wp\/v2\/posts"}],"about":[{"href":"https:\/\/www.amanien.info\/news\/wp-json\/wp\/v2\/types\/post"}],"author":[{"embeddable":true,"href":"https:\/\/www.amanien.info\/news\/wp-json\/wp\/v2\/users\/2"}],"replies":[{"embeddable":true,"href":"https:\/\/www.amanien.info\/news\/wp-json\/wp\/v2\/comments?post=4684"}],"version-history":[{"count":1,"href":"https:\/\/www.amanien.info\/news\/wp-json\/wp\/v2\/posts\/4684\/revisions"}],"predecessor-version":[{"id":4686,"href":"https:\/\/www.amanien.info\/news\/wp-json\/wp\/v2\/posts\/4684\/revisions\/4686"}],"wp:featuredmedia":[{"embeddable":true,"href":"https:\/\/www.amanien.info\/news\/wp-json\/wp\/v2\/media\/4685"}],"wp:attachment":[{"href":"https:\/\/www.amanien.info\/news\/wp-json\/wp\/v2\/media?parent=4684"}],"wp:term":[{"taxonomy":"category","embeddable":true,"href":"https:\/\/www.amanien.info\/news\/wp-json\/wp\/v2\/categories?post=4684"},{"taxonomy":"post_tag","embeddable":true,"href":"https:\/\/www.amanien.info\/news\/wp-json\/wp\/v2\/tags?post=4684"}],"curies":[{"name":"wp","href":"https:\/\/api.w.org\/{rel}","templated":true}]}}