{"id":4677,"date":"2023-07-31T20:33:09","date_gmt":"2023-07-31T20:33:09","guid":{"rendered":"https:\/\/www.amanien.info\/news\/?p=4677"},"modified":"2023-07-31T20:33:09","modified_gmt":"2023-07-31T20:33:09","slug":"defense-et-protection-des-droits-de-lhomme-presentation-officielle-a-abidjan-de-la-chambre-haute-internationale-pour-la-dignite-humaine-chid-h","status":"publish","type":"post","link":"https:\/\/www.amanien.info\/news\/defense-et-protection-des-droits-de-lhomme-presentation-officielle-a-abidjan-de-la-chambre-haute-internationale-pour-la-dignite-humaine-chid-h\/","title":{"rendered":"D\u00e9fense et protection des droits de l&rsquo;homme : Pr\u00e9sentation officielle \u00e0 Abidjan de la Chambre Haute Internationale pour la Dignit\u00e9 Humaine (CHID-H)\u00a0"},"content":{"rendered":"<blockquote>\n<div>La Chambre Haute Internationale pour la Dignit\u00e9 Humaine (CHID-H) a\u00a0 officiellement annonc\u00e9 sa cr\u00e9ation au cours d\u2019une conf\u00e9rence de presse anim\u00e9e par sa Pr\u00e9sidente, Me Roselyne Aka S\u00e9rikpa, au Conseil National des Droits de l\u2019Homme de C\u00f4te d\u2019Ivoire (CNDH-CI) sis \u00e0 Cocody (Abidjan), le vendredi 28 juillet 2023. Elle avait \u00e0 ses c\u00f4t\u00e9s M. Saturnin Gaudet, SG de la CHID-H et Me Toualy Sylvain, Vice-pr\u00e9sident.<\/div>\n<\/blockquote>\n<div><\/div>\n<div><\/div>\n<div><\/div>\n<div><\/div>\n<div>N\u00e9e de la fusion de passionn\u00e9s de la protection des droits de l\u2019homme, l&rsquo;ONG d\u00e9nomm\u00e9e CHID-H s\u2019engage \u00e0 pr\u00e9server la dignit\u00e9 intrins\u00e8que de chaque \u00eatre humain, conform\u00e9ment \u00e0 la D\u00e9claration Universelle des Droits de l\u2019Homme de 1948, a indiqu\u00e9 la Pr\u00e9sidente Me S\u00e9rikpa.<\/div>\n<div><\/div>\n<div><\/div>\n<div><\/div>\n<div>L&rsquo; avocate, qui avait assur\u00e9 la d\u00e9fense du seigneur de guerre, Amad\u00e9 Ou\u00e9r\u00e9mi, \u00e0 partir de 2021, a donn\u00e9 les raisons qui ont motiv\u00e9 sa volont\u00e9 de poursuivre sa mission de juriste avec une vision renouvel\u00e9e \u00ab\u00a0ax\u00e9e sur le respect absolu de la dignit\u00e9 humaine dans sa valeur intrins\u00e8que et spirituelle\u00a0\u00bb.<\/div>\n<div><\/div>\n<div><\/div>\n<div>A l&rsquo;en croire, les principes de la D\u00e9claration Universelle des Droits de l\u2019Homme sont au c\u0153ur des objectifs de la CHID-H.<\/div>\n<div>Laquelle organisation qui s\u2019engage \u00e0 d\u00e9fendre les droits de l\u2019homme dans le respect des lois et r\u00e9glementations \u00e9tablies par la C\u00f4te d\u2019Ivoire.<\/div>\n<div><\/div>\n<div><\/div>\n<div>De m\u00eame, elle a estim\u00e9 que \u00ab\u00a0la plupart des droits de l\u2019homme bafou\u00e9s, non respect\u00e9s que la C\u00f4te d\u2019Ivoire et les Ivoiriens ont connu, se sont pass\u00e9s en p\u00e9riode \u00e9lectorale. La politique dont on parle tant et qui est la ma\u00eetresse de la violation, du non-respect des droits de l\u2019homme doit \u00eatre repens\u00e9e en Afrique et en C\u00f4te d\u2019Ivoire. Cette politique doit prendre fin\u201d, a-t-elle affirm\u00e9.<\/div>\n<div><\/div>\n<div><\/div>\n<div>Quant \u00e0 lui, Me Sylvain Toualy, Vice-pr\u00e9sident de la CHID-H a soulign\u00e9 l\u2019importance de la recrudescence des organisations de d\u00e9fense des droits de l\u2019homme en C\u00f4te d\u2019Ivoire.<\/div>\n<div>\u201cLa force des organisations de la soci\u00e9t\u00e9 civile, c\u2019est aussi le nombre. Nous sommes dans un pays d\u00e9mocratique et la d\u00e9mocratie c\u2019est aussi la loi du nombre. De ce fait, chaque jour s\u2019il y a naissance d\u2019une organisation de la soci\u00e9t\u00e9 civile qui se pr\u00e9occupe des droits de l\u2019homme et de la dignit\u00e9 humaine, c\u2019est \u00e0 saluer parce que \u00e7a renforce le nombre de citoyens respectant la dignit\u00e9 humaine,\u201d, a-t-il dit.<\/div>\n<div><\/div>\n<div>Les autres membres de la CHID-H ont, par ailleurs, exprim\u00e9 la volont\u00e9 de contribuer de \u00e0 la protection des droits de l&rsquo;homme et \u00e0 la \u00ab\u00a0cr\u00e9ation d&rsquo;un monde juste, \u00e9quitable et digne pour tous les \u00eatres humains\u00a0\u00bb.<\/div>\n<div><\/div>\n<div><\/div>\n<div>Notons que plusieurs personnalit\u00e9s de la soci\u00e9t\u00e9 civile ont pris part \u00e0 cette importante conf\u00e9rence de presse dont Pulch\u00e9rie Gbalet, Pr\u00e9sidente de \u00ab\u00a0Alternative Citoyenne C\u00f4te d\u2019Ivoire\u00a0\u00bb<\/div>\n<div><\/div>\n<div><\/div>\n<div>La CHID-H a \u00e9t\u00e9 cr\u00e9\u00e9e conform\u00e9ment \u00e0 la loi ivoirienne n\u00b060-315 du 21 septembre 1960, relative aux associations. Elle a obtenu son r\u00e9c\u00e9piss\u00e9 de d\u00e9p\u00f4t de dossier d&rsquo;association le 19 juillet 2023.<\/div>\n<div>La CHID-H se pr\u00e9sente comme une organisation internationale, avec des repr\u00e9sentations en France, en Belgique, en Scandinavie et aux \u00c9tats-Unis (Alaska). Son si\u00e8ge social se trouve \u00e0 Abidjan (C\u00f4te d&rsquo;Ivoire).<\/div>\n<div><\/div>\n<div><\/div>\n<div><b>S.A.<\/b><\/div>\n","protected":false},"excerpt":{"rendered":"<p>La Chambre Haute Internationale pour la Dignit\u00e9 Humaine (CHID-H) a\u00a0 officiellement annonc\u00e9 sa cr\u00e9ation au cours d\u2019une conf\u00e9rence de presse anim\u00e9e par sa Pr\u00e9sidente, Me Roselyne Aka S\u00e9rikpa, au Conseil National des Droits de l\u2019Homme de C\u00f4te d\u2019Ivoire (CNDH-CI) sis \u00e0 Cocody (Abidjan), le vendredi 28 juillet 2023. Elle avait \u00e0 ses c\u00f4t\u00e9s M. Saturnin [&hellip;]<\/p>\n","protected":false},"author":2,"featured_media":4682,"comment_status":"closed","ping_status":"closed","sticky":false,"template":"","format":"standard","meta":{"_acf_changed":false,"footnotes":""},"categories":[],"tags":[],"class_list":["post-4677","post","type-post","status-publish","format-standard","has-post-thumbnail","hentry"],"acf":[],"yoast_head":"<!-- This site is optimized with the Yoast SEO plugin v27.5 - https:\/\/yoast.com\/product\/yoast-seo-wordpress\/ -->\n<title>D\u00e9fense et protection des droits de l&#039;homme : Pr\u00e9sentation officielle \u00e0 Abidjan de la Chambre Haute Internationale pour la Dignit\u00e9 Humaine (CHID-H)\u00a0 - Amanien| L&#039;actualit\u00e9 Ivoirienne et Internationale<\/title>\n<meta name=\"robots\" content=\"index, follow, max-snippet:-1, max-image-preview:large, max-video-preview:-1\" \/>\n<link rel=\"canonical\" href=\"https:\/\/www.amanien.info\/news\/defense-et-protection-des-droits-de-lhomme-presentation-officielle-a-abidjan-de-la-chambre-haute-internationale-pour-la-dignite-humaine-chid-h\/\" \/>\n<meta property=\"og:locale\" content=\"fr_FR\" \/>\n<meta property=\"og:type\" content=\"article\" \/>\n<meta property=\"og:title\" content=\"D\u00e9fense et protection des droits de l&#039;homme : Pr\u00e9sentation officielle \u00e0 Abidjan de la Chambre Haute Internationale pour la Dignit\u00e9 Humaine (CHID-H)\u00a0 - Amanien| L&#039;actualit\u00e9 Ivoirienne et Internationale\" \/>\n<meta property=\"og:description\" content=\"La Chambre Haute Internationale pour la Dignit\u00e9 Humaine (CHID-H) a\u00a0 officiellement annonc\u00e9 sa cr\u00e9ation au cours d\u2019une conf\u00e9rence de presse anim\u00e9e par sa Pr\u00e9sidente, Me Roselyne Aka S\u00e9rikpa, au Conseil National des Droits de l\u2019Homme de C\u00f4te d\u2019Ivoire (CNDH-CI) sis \u00e0 Cocody (Abidjan), le vendredi 28 juillet 2023. Elle avait \u00e0 ses c\u00f4t\u00e9s M. Saturnin [&hellip;]\" \/>\n<meta property=\"og:url\" content=\"https:\/\/www.amanien.info\/news\/defense-et-protection-des-droits-de-lhomme-presentation-officielle-a-abidjan-de-la-chambre-haute-internationale-pour-la-dignite-humaine-chid-h\/\" \/>\n<meta property=\"og:site_name\" content=\"Amanien| L&#039;actualit\u00e9 Ivoirienne et Internationale\" \/>\n<meta property=\"article:published_time\" content=\"2023-07-31T20:33:09+00:00\" \/>\n<meta property=\"og:image\" content=\"https:\/\/www.amanien.info\/news\/wp-content\/uploads\/2023\/07\/IMG-20230729-WA0011-1.jpg\" \/>\n\t<meta property=\"og:image:width\" content=\"1008\" \/>\n\t<meta property=\"og:image:height\" content=\"567\" \/>\n\t<meta property=\"og:image:type\" content=\"image\/jpeg\" \/>\n<meta name=\"author\" content=\"Germain Ndri\" \/>\n<meta name=\"twitter:card\" content=\"summary_large_image\" \/>\n<meta name=\"twitter:label1\" content=\"\u00c9crit par\" \/>\n\t<meta name=\"twitter:data1\" content=\"Germain Ndri\" \/>\n\t<meta name=\"twitter:label2\" content=\"Dur\u00e9e de lecture estim\u00e9e\" \/>\n\t<meta name=\"twitter:data2\" content=\"3 minutes\" \/>\n<script type=\"application\/ld+json\" class=\"yoast-schema-graph\">{\"@context\":\"https:\\\/\\\/schema.org\",\"@graph\":[{\"@type\":\"Article\",\"@id\":\"https:\\\/\\\/www.amanien.info\\\/news\\\/defense-et-protection-des-droits-de-lhomme-presentation-officielle-a-abidjan-de-la-chambre-haute-internationale-pour-la-dignite-humaine-chid-h\\\/#article\",\"isPartOf\":{\"@id\":\"https:\\\/\\\/www.amanien.info\\\/news\\\/defense-et-protection-des-droits-de-lhomme-presentation-officielle-a-abidjan-de-la-chambre-haute-internationale-pour-la-dignite-humaine-chid-h\\\/\"},\"author\":{\"name\":\"Germain Ndri\",\"@id\":\"https:\\\/\\\/www.amanien.info\\\/news\\\/#\\\/schema\\\/person\\\/b21093345753a1a98242d505bd894f42\"},\"headline\":\"D\u00e9fense et protection des droits de l&rsquo;homme : Pr\u00e9sentation officielle \u00e0 Abidjan de la Chambre Haute Internationale pour la Dignit\u00e9 Humaine (CHID-H)\u00a0\",\"datePublished\":\"2023-07-31T20:33:09+00:00\",\"mainEntityOfPage\":{\"@id\":\"https:\\\/\\\/www.amanien.info\\\/news\\\/defense-et-protection-des-droits-de-lhomme-presentation-officielle-a-abidjan-de-la-chambre-haute-internationale-pour-la-dignite-humaine-chid-h\\\/\"},\"wordCount\":590,\"image\":{\"@id\":\"https:\\\/\\\/www.amanien.info\\\/news\\\/defense-et-protection-des-droits-de-lhomme-presentation-officielle-a-abidjan-de-la-chambre-haute-internationale-pour-la-dignite-humaine-chid-h\\\/#primaryimage\"},\"thumbnailUrl\":\"https:\\\/\\\/www.amanien.info\\\/news\\\/wp-content\\\/uploads\\\/2023\\\/07\\\/IMG-20230729-WA0011-1.jpg\",\"inLanguage\":\"fr-FR\"},{\"@type\":\"WebPage\",\"@id\":\"https:\\\/\\\/www.amanien.info\\\/news\\\/defense-et-protection-des-droits-de-lhomme-presentation-officielle-a-abidjan-de-la-chambre-haute-internationale-pour-la-dignite-humaine-chid-h\\\/\",\"url\":\"https:\\\/\\\/www.amanien.info\\\/news\\\/defense-et-protection-des-droits-de-lhomme-presentation-officielle-a-abidjan-de-la-chambre-haute-internationale-pour-la-dignite-humaine-chid-h\\\/\",\"name\":\"D\u00e9fense et protection des droits de l'homme : Pr\u00e9sentation officielle \u00e0 Abidjan de la Chambre Haute Internationale pour la Dignit\u00e9 Humaine (CHID-H)\u00a0 - Amanien| L&#039;actualit\u00e9 Ivoirienne et Internationale\",\"isPartOf\":{\"@id\":\"https:\\\/\\\/www.amanien.info\\\/news\\\/#website\"},\"primaryImageOfPage\":{\"@id\":\"https:\\\/\\\/www.amanien.info\\\/news\\\/defense-et-protection-des-droits-de-lhomme-presentation-officielle-a-abidjan-de-la-chambre-haute-internationale-pour-la-dignite-humaine-chid-h\\\/#primaryimage\"},\"image\":{\"@id\":\"https:\\\/\\\/www.amanien.info\\\/news\\\/defense-et-protection-des-droits-de-lhomme-presentation-officielle-a-abidjan-de-la-chambre-haute-internationale-pour-la-dignite-humaine-chid-h\\\/#primaryimage\"},\"thumbnailUrl\":\"https:\\\/\\\/www.amanien.info\\\/news\\\/wp-content\\\/uploads\\\/2023\\\/07\\\/IMG-20230729-WA0011-1.jpg\",\"datePublished\":\"2023-07-31T20:33:09+00:00\",\"author\":{\"@id\":\"https:\\\/\\\/www.amanien.info\\\/news\\\/#\\\/schema\\\/person\\\/b21093345753a1a98242d505bd894f42\"},\"breadcrumb\":{\"@id\":\"https:\\\/\\\/www.amanien.info\\\/news\\\/defense-et-protection-des-droits-de-lhomme-presentation-officielle-a-abidjan-de-la-chambre-haute-internationale-pour-la-dignite-humaine-chid-h\\\/#breadcrumb\"},\"inLanguage\":\"fr-FR\",\"potentialAction\":[{\"@type\":\"ReadAction\",\"target\":[\"https:\\\/\\\/www.amanien.info\\\/news\\\/defense-et-protection-des-droits-de-lhomme-presentation-officielle-a-abidjan-de-la-chambre-haute-internationale-pour-la-dignite-humaine-chid-h\\\/\"]}]},{\"@type\":\"ImageObject\",\"inLanguage\":\"fr-FR\",\"@id\":\"https:\\\/\\\/www.amanien.info\\\/news\\\/defense-et-protection-des-droits-de-lhomme-presentation-officielle-a-abidjan-de-la-chambre-haute-internationale-pour-la-dignite-humaine-chid-h\\\/#primaryimage\",\"url\":\"https:\\\/\\\/www.amanien.info\\\/news\\\/wp-content\\\/uploads\\\/2023\\\/07\\\/IMG-20230729-WA0011-1.jpg\",\"contentUrl\":\"https:\\\/\\\/www.amanien.info\\\/news\\\/wp-content\\\/uploads\\\/2023\\\/07\\\/IMG-20230729-WA0011-1.jpg\",\"width\":1008,\"height\":567},{\"@type\":\"BreadcrumbList\",\"@id\":\"https:\\\/\\\/www.amanien.info\\\/news\\\/defense-et-protection-des-droits-de-lhomme-presentation-officielle-a-abidjan-de-la-chambre-haute-internationale-pour-la-dignite-humaine-chid-h\\\/#breadcrumb\",\"itemListElement\":[{\"@type\":\"ListItem\",\"position\":1,\"name\":\"Accueil\",\"item\":\"https:\\\/\\\/www.amanien.info\\\/news\\\/\"},{\"@type\":\"ListItem\",\"position\":2,\"name\":\"D\u00e9fense et protection des droits de l&rsquo;homme : Pr\u00e9sentation officielle \u00e0 Abidjan de la Chambre Haute Internationale pour la Dignit\u00e9 Humaine (CHID-H)\u00a0\"}]},{\"@type\":\"WebSite\",\"@id\":\"https:\\\/\\\/www.amanien.info\\\/news\\\/#website\",\"url\":\"https:\\\/\\\/www.amanien.info\\\/news\\\/\",\"name\":\"Amanien| L&#039;actualit\u00e9 Ivoirienne et Internationale\",\"description\":\"L&#039;actualit\u00e9 Ivoirienne et Internationale\",\"potentialAction\":[{\"@type\":\"SearchAction\",\"target\":{\"@type\":\"EntryPoint\",\"urlTemplate\":\"https:\\\/\\\/www.amanien.info\\\/news\\\/?s={search_term_string}\"},\"query-input\":{\"@type\":\"PropertyValueSpecification\",\"valueRequired\":true,\"valueName\":\"search_term_string\"}}],\"inLanguage\":\"fr-FR\"},{\"@type\":\"Person\",\"@id\":\"https:\\\/\\\/www.amanien.info\\\/news\\\/#\\\/schema\\\/person\\\/b21093345753a1a98242d505bd894f42\",\"name\":\"Germain Ndri\",\"url\":\"https:\\\/\\\/www.amanien.info\\\/news\\\/author\\\/amanien-infos\\\/\"}]}<\/script>\n<!-- \/ Yoast SEO plugin. -->","yoast_head_json":{"title":"D\u00e9fense et protection des droits de l'homme : Pr\u00e9sentation officielle \u00e0 Abidjan de la Chambre Haute Internationale pour la Dignit\u00e9 Humaine (CHID-H)\u00a0 - Amanien| L&#039;actualit\u00e9 Ivoirienne et Internationale","robots":{"index":"index","follow":"follow","max-snippet":"max-snippet:-1","max-image-preview":"max-image-preview:large","max-video-preview":"max-video-preview:-1"},"canonical":"https:\/\/www.amanien.info\/news\/defense-et-protection-des-droits-de-lhomme-presentation-officielle-a-abidjan-de-la-chambre-haute-internationale-pour-la-dignite-humaine-chid-h\/","og_locale":"fr_FR","og_type":"article","og_title":"D\u00e9fense et protection des droits de l'homme : Pr\u00e9sentation officielle \u00e0 Abidjan de la Chambre Haute Internationale pour la Dignit\u00e9 Humaine (CHID-H)\u00a0 - Amanien| L&#039;actualit\u00e9 Ivoirienne et Internationale","og_description":"La Chambre Haute Internationale pour la Dignit\u00e9 Humaine (CHID-H) a\u00a0 officiellement annonc\u00e9 sa cr\u00e9ation au cours d\u2019une conf\u00e9rence de presse anim\u00e9e par sa Pr\u00e9sidente, Me Roselyne Aka S\u00e9rikpa, au Conseil National des Droits de l\u2019Homme de C\u00f4te d\u2019Ivoire (CNDH-CI) sis \u00e0 Cocody (Abidjan), le vendredi 28 juillet 2023. Elle avait \u00e0 ses c\u00f4t\u00e9s M. Saturnin [&hellip;]","og_url":"https:\/\/www.amanien.info\/news\/defense-et-protection-des-droits-de-lhomme-presentation-officielle-a-abidjan-de-la-chambre-haute-internationale-pour-la-dignite-humaine-chid-h\/","og_site_name":"Amanien| L&#039;actualit\u00e9 Ivoirienne et Internationale","article_published_time":"2023-07-31T20:33:09+00:00","og_image":[{"width":1008,"height":567,"url":"https:\/\/www.amanien.info\/news\/wp-content\/uploads\/2023\/07\/IMG-20230729-WA0011-1.jpg","type":"image\/jpeg"}],"author":"Germain Ndri","twitter_card":"summary_large_image","twitter_misc":{"\u00c9crit par":"Germain Ndri","Dur\u00e9e de lecture estim\u00e9e":"3 minutes"},"schema":{"@context":"https:\/\/schema.org","@graph":[{"@type":"Article","@id":"https:\/\/www.amanien.info\/news\/defense-et-protection-des-droits-de-lhomme-presentation-officielle-a-abidjan-de-la-chambre-haute-internationale-pour-la-dignite-humaine-chid-h\/#article","isPartOf":{"@id":"https:\/\/www.amanien.info\/news\/defense-et-protection-des-droits-de-lhomme-presentation-officielle-a-abidjan-de-la-chambre-haute-internationale-pour-la-dignite-humaine-chid-h\/"},"author":{"name":"Germain Ndri","@id":"https:\/\/www.amanien.info\/news\/#\/schema\/person\/b21093345753a1a98242d505bd894f42"},"headline":"D\u00e9fense et protection des droits de l&rsquo;homme : Pr\u00e9sentation officielle \u00e0 Abidjan de la Chambre Haute Internationale pour la Dignit\u00e9 Humaine (CHID-H)\u00a0","datePublished":"2023-07-31T20:33:09+00:00","mainEntityOfPage":{"@id":"https:\/\/www.amanien.info\/news\/defense-et-protection-des-droits-de-lhomme-presentation-officielle-a-abidjan-de-la-chambre-haute-internationale-pour-la-dignite-humaine-chid-h\/"},"wordCount":590,"image":{"@id":"https:\/\/www.amanien.info\/news\/defense-et-protection-des-droits-de-lhomme-presentation-officielle-a-abidjan-de-la-chambre-haute-internationale-pour-la-dignite-humaine-chid-h\/#primaryimage"},"thumbnailUrl":"https:\/\/www.amanien.info\/news\/wp-content\/uploads\/2023\/07\/IMG-20230729-WA0011-1.jpg","inLanguage":"fr-FR"},{"@type":"WebPage","@id":"https:\/\/www.amanien.info\/news\/defense-et-protection-des-droits-de-lhomme-presentation-officielle-a-abidjan-de-la-chambre-haute-internationale-pour-la-dignite-humaine-chid-h\/","url":"https:\/\/www.amanien.info\/news\/defense-et-protection-des-droits-de-lhomme-presentation-officielle-a-abidjan-de-la-chambre-haute-internationale-pour-la-dignite-humaine-chid-h\/","name":"D\u00e9fense et protection des droits de l'homme : Pr\u00e9sentation officielle \u00e0 Abidjan de la Chambre Haute Internationale pour la Dignit\u00e9 Humaine (CHID-H)\u00a0 - Amanien| L&#039;actualit\u00e9 Ivoirienne et Internationale","isPartOf":{"@id":"https:\/\/www.amanien.info\/news\/#website"},"primaryImageOfPage":{"@id":"https:\/\/www.amanien.info\/news\/defense-et-protection-des-droits-de-lhomme-presentation-officielle-a-abidjan-de-la-chambre-haute-internationale-pour-la-dignite-humaine-chid-h\/#primaryimage"},"image":{"@id":"https:\/\/www.amanien.info\/news\/defense-et-protection-des-droits-de-lhomme-presentation-officielle-a-abidjan-de-la-chambre-haute-internationale-pour-la-dignite-humaine-chid-h\/#primaryimage"},"thumbnailUrl":"https:\/\/www.amanien.info\/news\/wp-content\/uploads\/2023\/07\/IMG-20230729-WA0011-1.jpg","datePublished":"2023-07-31T20:33:09+00:00","author":{"@id":"https:\/\/www.amanien.info\/news\/#\/schema\/person\/b21093345753a1a98242d505bd894f42"},"breadcrumb":{"@id":"https:\/\/www.amanien.info\/news\/defense-et-protection-des-droits-de-lhomme-presentation-officielle-a-abidjan-de-la-chambre-haute-internationale-pour-la-dignite-humaine-chid-h\/#breadcrumb"},"inLanguage":"fr-FR","potentialAction":[{"@type":"ReadAction","target":["https:\/\/www.amanien.info\/news\/defense-et-protection-des-droits-de-lhomme-presentation-officielle-a-abidjan-de-la-chambre-haute-internationale-pour-la-dignite-humaine-chid-h\/"]}]},{"@type":"ImageObject","inLanguage":"fr-FR","@id":"https:\/\/www.amanien.info\/news\/defense-et-protection-des-droits-de-lhomme-presentation-officielle-a-abidjan-de-la-chambre-haute-internationale-pour-la-dignite-humaine-chid-h\/#primaryimage","url":"https:\/\/www.amanien.info\/news\/wp-content\/uploads\/2023\/07\/IMG-20230729-WA0011-1.jpg","contentUrl":"https:\/\/www.amanien.info\/news\/wp-content\/uploads\/2023\/07\/IMG-20230729-WA0011-1.jpg","width":1008,"height":567},{"@type":"BreadcrumbList","@id":"https:\/\/www.amanien.info\/news\/defense-et-protection-des-droits-de-lhomme-presentation-officielle-a-abidjan-de-la-chambre-haute-internationale-pour-la-dignite-humaine-chid-h\/#breadcrumb","itemListElement":[{"@type":"ListItem","position":1,"name":"Accueil","item":"https:\/\/www.amanien.info\/news\/"},{"@type":"ListItem","position":2,"name":"D\u00e9fense et protection des droits de l&rsquo;homme : Pr\u00e9sentation officielle \u00e0 Abidjan de la Chambre Haute Internationale pour la Dignit\u00e9 Humaine (CHID-H)\u00a0"}]},{"@type":"WebSite","@id":"https:\/\/www.amanien.info\/news\/#website","url":"https:\/\/www.amanien.info\/news\/","name":"Amanien| L&#039;actualit\u00e9 Ivoirienne et Internationale","description":"L&#039;actualit\u00e9 Ivoirienne et Internationale","potentialAction":[{"@type":"SearchAction","target":{"@type":"EntryPoint","urlTemplate":"https:\/\/www.amanien.info\/news\/?s={search_term_string}"},"query-input":{"@type":"PropertyValueSpecification","valueRequired":true,"valueName":"search_term_string"}}],"inLanguage":"fr-FR"},{"@type":"Person","@id":"https:\/\/www.amanien.info\/news\/#\/schema\/person\/b21093345753a1a98242d505bd894f42","name":"Germain Ndri","url":"https:\/\/www.amanien.info\/news\/author\/amanien-infos\/"}]}},"_links":{"self":[{"href":"https:\/\/www.amanien.info\/news\/wp-json\/wp\/v2\/posts\/4677","targetHints":{"allow":["GET"]}}],"collection":[{"href":"https:\/\/www.amanien.info\/news\/wp-json\/wp\/v2\/posts"}],"about":[{"href":"https:\/\/www.amanien.info\/news\/wp-json\/wp\/v2\/types\/post"}],"author":[{"embeddable":true,"href":"https:\/\/www.amanien.info\/news\/wp-json\/wp\/v2\/users\/2"}],"replies":[{"embeddable":true,"href":"https:\/\/www.amanien.info\/news\/wp-json\/wp\/v2\/comments?post=4677"}],"version-history":[{"count":1,"href":"https:\/\/www.amanien.info\/news\/wp-json\/wp\/v2\/posts\/4677\/revisions"}],"predecessor-version":[{"id":4683,"href":"https:\/\/www.amanien.info\/news\/wp-json\/wp\/v2\/posts\/4677\/revisions\/4683"}],"wp:featuredmedia":[{"embeddable":true,"href":"https:\/\/www.amanien.info\/news\/wp-json\/wp\/v2\/media\/4682"}],"wp:attachment":[{"href":"https:\/\/www.amanien.info\/news\/wp-json\/wp\/v2\/media?parent=4677"}],"wp:term":[{"taxonomy":"category","embeddable":true,"href":"https:\/\/www.amanien.info\/news\/wp-json\/wp\/v2\/categories?post=4677"},{"taxonomy":"post_tag","embeddable":true,"href":"https:\/\/www.amanien.info\/news\/wp-json\/wp\/v2\/tags?post=4677"}],"curies":[{"name":"wp","href":"https:\/\/api.w.org\/{rel}","templated":true}]}}