{"id":4496,"date":"2023-07-26T08:34:59","date_gmt":"2023-07-26T08:34:59","guid":{"rendered":"https:\/\/www.amanien.info\/news\/?p=4496"},"modified":"2023-07-26T08:34:59","modified_gmt":"2023-07-26T08:34:59","slug":"economie-ouverture-a-abidjan-de-la-9eme-edition-du-salon-africain-de-linvention-et-de-lentreprise-innovante","status":"publish","type":"post","link":"https:\/\/www.amanien.info\/news\/economie-ouverture-a-abidjan-de-la-9eme-edition-du-salon-africain-de-linvention-et-de-lentreprise-innovante\/","title":{"rendered":"\u00c9conomie : Ouverture \u00e0 Abidjan de la 9\u00e8me \u00e9dition du Salon Africain de l\u2019Invention et de l\u2019Entreprise innovante"},"content":{"rendered":"<div>Le Ministre du Commerce, de l\u2019Industrie et de la Promotion des PME a proc\u00e9d\u00e9, le lundi 24 juillet 2023, au Sofitel H\u00f4tel Ivoire, Cocody (Abidjan), \u00e0 l\u2019ouverture de la 9\u00e8me \u00e9dition du Salon africain de l\u2019invention et de l\u2019entreprise innovante(SAIIT), autour du th\u00e8me principal : \u2018\u2019<b>Propri\u00e9t\u00e9<\/b>\u00a0<b>intellectuelle<\/b>,\u00a0<b>Innovation<\/b>\u00a0<b>et<\/b>\u00a0<b>Entrepreneuriat<\/b>\u2019\u2019.<\/div>\n<div><\/div>\n<div><\/div>\n<div><\/div>\n<div>A cette occasion,\u00a0 le Ministre Souleymane Diarrassouba est revenu sur l\u2019enjeu de ce salon qui constitue une opportunit\u00e9 pour l\u2019Organisation africaine de la propri\u00e9t\u00e9 intellectuelle (OAPI) de sensibiliser les acteurs de l\u2019\u00e9cosyst\u00e8me socio\u00e9conomique et culturel des 17 pays membres sur la probl\u00e9matique de la propri\u00e9t\u00e9 intellectuelle, de faire conna\u00eetre les cr\u00e9ations et de favoriser les transferts de technologies.<\/div>\n<div><\/div>\n<div><\/div>\n<div><\/div>\n<div>Il permet \u00e9galement aux inventeurs et innovateurs de saisir des opportunit\u00e9s d\u2019affaires, de nouer des contacts avec des fabricants, distributeurs, promoteurs, financiers, ainsi que des organismes d\u2019appuis nationaux et internationaux, a-t-il affirm\u00e9.<\/div>\n<div><\/div>\n<div><\/div>\n<div><\/div>\n<div>Poursuivant, Dr Souleymane Diarrassouba a indiqu\u00e9 que le Salon africain de l\u2019invention et de l\u2019entreprise innovante constitue, pour la C\u00f4te d\u2019Ivoire, une belle occasion pour r\u00e9affirmer sa volont\u00e9 de renforcer la propri\u00e9t\u00e9 intellectuelle comme \u00e9l\u00e9ment important de sa politique de d\u00e9veloppement. Car, elle contribue \u00e0 la valorisation de la recherche scientifique, la promotion des inventions et des innovations originales qui constituent le levier de la transformation structurelle du pays.<\/div>\n<div><\/div>\n<div><\/div>\n<div><\/div>\n<div>Institu\u00e9 par l\u2019OAPI depuis le 8 juillet 1995, ce salon a pour objet d\u2019encourager les initiatives en mati\u00e8re d\u2019invention et d\u2019innovation en Afrique et se tient tous les deux ans dans l\u2019un des pays membres de l\u2019organisation.<\/div>\n<div><\/div>\n<div><\/div>\n<div>Cette 9\u00e8me \u00e9dition, qui se tient du 24 au 26 juillet, sera meubl\u00e9e par des \u00e9changes, des conf\u00e9rence-d\u00e9bats, des animations ainsi qu&rsquo;un d\u00eener gala au cours duquel des prix seront remis aux laur\u00e9ats.<\/div>\n<div><\/div>\n<div><\/div>\n<div><\/div>\n<div>Pour rappel, le SAIIT cible les inventeurs et innovateurs, le monde universitaire (centres de Recherche &amp; D\u00e9veloppement, Universit\u00e9 et chercheurs), les entreprises innovantes (industries, entreprises commerciales), les institutions financi\u00e8res et soci\u00e9t\u00e9s de financement, les coop\u00e9ratives et groupements de productions, les cabinets de conseil en innovation, les organismes de promotion de l\u2019invention et de l\u2019innovation.<\/div>\n<div><\/div>\n<div><\/div>\n<div><\/div>\n<div><b>S.A.<\/b><\/div>\n","protected":false},"excerpt":{"rendered":"<p>Le Ministre du Commerce, de l\u2019Industrie et de la Promotion des PME a proc\u00e9d\u00e9, le lundi 24 juillet 2023, au Sofitel H\u00f4tel Ivoire, Cocody (Abidjan), \u00e0 l\u2019ouverture de la 9\u00e8me \u00e9dition du Salon africain de l\u2019invention et de l\u2019entreprise innovante(SAIIT), autour du th\u00e8me principal : \u2018\u2019Propri\u00e9t\u00e9\u00a0intellectuelle,\u00a0Innovation\u00a0et\u00a0Entrepreneuriat\u2019\u2019. A cette occasion,\u00a0 le Ministre Souleymane Diarrassouba est revenu [&hellip;]<\/p>\n","protected":false},"author":2,"featured_media":4497,"comment_status":"closed","ping_status":"closed","sticky":false,"template":"","format":"standard","meta":{"_acf_changed":false,"footnotes":""},"categories":[],"tags":[],"class_list":["post-4496","post","type-post","status-publish","format-standard","has-post-thumbnail","hentry"],"acf":[],"yoast_head":"<!-- This site is optimized with the Yoast SEO plugin v27.5 - https:\/\/yoast.com\/product\/yoast-seo-wordpress\/ -->\n<title>\u00c9conomie : Ouverture \u00e0 Abidjan de la 9\u00e8me \u00e9dition du Salon Africain de l\u2019Invention et de l\u2019Entreprise innovante - Amanien| L&#039;actualit\u00e9 Ivoirienne et Internationale<\/title>\n<meta name=\"robots\" content=\"index, follow, max-snippet:-1, max-image-preview:large, max-video-preview:-1\" \/>\n<link rel=\"canonical\" href=\"https:\/\/www.amanien.info\/news\/economie-ouverture-a-abidjan-de-la-9eme-edition-du-salon-africain-de-linvention-et-de-lentreprise-innovante\/\" \/>\n<meta property=\"og:locale\" content=\"fr_FR\" \/>\n<meta property=\"og:type\" content=\"article\" \/>\n<meta property=\"og:title\" content=\"\u00c9conomie : Ouverture \u00e0 Abidjan de la 9\u00e8me \u00e9dition du Salon Africain de l\u2019Invention et de l\u2019Entreprise innovante - Amanien| L&#039;actualit\u00e9 Ivoirienne et Internationale\" \/>\n<meta property=\"og:description\" content=\"Le Ministre du Commerce, de l\u2019Industrie et de la Promotion des PME a proc\u00e9d\u00e9, le lundi 24 juillet 2023, au Sofitel H\u00f4tel Ivoire, Cocody (Abidjan), \u00e0 l\u2019ouverture de la 9\u00e8me \u00e9dition du Salon africain de l\u2019invention et de l\u2019entreprise innovante(SAIIT), autour du th\u00e8me principal : \u2018\u2019Propri\u00e9t\u00e9\u00a0intellectuelle,\u00a0Innovation\u00a0et\u00a0Entrepreneuriat\u2019\u2019. A cette occasion,\u00a0 le Ministre Souleymane Diarrassouba est revenu [&hellip;]\" \/>\n<meta property=\"og:url\" content=\"https:\/\/www.amanien.info\/news\/economie-ouverture-a-abidjan-de-la-9eme-edition-du-salon-africain-de-linvention-et-de-lentreprise-innovante\/\" \/>\n<meta property=\"og:site_name\" content=\"Amanien| L&#039;actualit\u00e9 Ivoirienne et Internationale\" \/>\n<meta property=\"article:published_time\" content=\"2023-07-26T08:34:59+00:00\" \/>\n<meta property=\"og:image\" content=\"https:\/\/www.amanien.info\/news\/wp-content\/uploads\/2023\/07\/oapi-le-ministre-souleymane-diarrassouba-procede-a-louverture-de-la-9ieme-e_23qkmz4umm7.jpg\" \/>\n\t<meta property=\"og:image:width\" content=\"900\" \/>\n\t<meta property=\"og:image:height\" content=\"599\" \/>\n\t<meta property=\"og:image:type\" content=\"image\/jpeg\" \/>\n<meta name=\"author\" content=\"Germain Ndri\" \/>\n<meta name=\"twitter:card\" content=\"summary_large_image\" \/>\n<meta name=\"twitter:label1\" content=\"\u00c9crit par\" \/>\n\t<meta name=\"twitter:data1\" content=\"Germain Ndri\" \/>\n\t<meta name=\"twitter:label2\" content=\"Dur\u00e9e de lecture estim\u00e9e\" \/>\n\t<meta name=\"twitter:data2\" content=\"2 minutes\" \/>\n<script type=\"application\/ld+json\" class=\"yoast-schema-graph\">{\"@context\":\"https:\\\/\\\/schema.org\",\"@graph\":[{\"@type\":\"Article\",\"@id\":\"https:\\\/\\\/www.amanien.info\\\/news\\\/economie-ouverture-a-abidjan-de-la-9eme-edition-du-salon-africain-de-linvention-et-de-lentreprise-innovante\\\/#article\",\"isPartOf\":{\"@id\":\"https:\\\/\\\/www.amanien.info\\\/news\\\/economie-ouverture-a-abidjan-de-la-9eme-edition-du-salon-africain-de-linvention-et-de-lentreprise-innovante\\\/\"},\"author\":{\"name\":\"Germain Ndri\",\"@id\":\"https:\\\/\\\/www.amanien.info\\\/news\\\/#\\\/schema\\\/person\\\/b21093345753a1a98242d505bd894f42\"},\"headline\":\"\u00c9conomie : Ouverture \u00e0 Abidjan de la 9\u00e8me \u00e9dition du Salon Africain de l\u2019Invention et de l\u2019Entreprise innovante\",\"datePublished\":\"2023-07-26T08:34:59+00:00\",\"mainEntityOfPage\":{\"@id\":\"https:\\\/\\\/www.amanien.info\\\/news\\\/economie-ouverture-a-abidjan-de-la-9eme-edition-du-salon-africain-de-linvention-et-de-lentreprise-innovante\\\/\"},\"wordCount\":393,\"image\":{\"@id\":\"https:\\\/\\\/www.amanien.info\\\/news\\\/economie-ouverture-a-abidjan-de-la-9eme-edition-du-salon-africain-de-linvention-et-de-lentreprise-innovante\\\/#primaryimage\"},\"thumbnailUrl\":\"https:\\\/\\\/www.amanien.info\\\/news\\\/wp-content\\\/uploads\\\/2023\\\/07\\\/oapi-le-ministre-souleymane-diarrassouba-procede-a-louverture-de-la-9ieme-e_23qkmz4umm7.jpg\",\"inLanguage\":\"fr-FR\"},{\"@type\":\"WebPage\",\"@id\":\"https:\\\/\\\/www.amanien.info\\\/news\\\/economie-ouverture-a-abidjan-de-la-9eme-edition-du-salon-africain-de-linvention-et-de-lentreprise-innovante\\\/\",\"url\":\"https:\\\/\\\/www.amanien.info\\\/news\\\/economie-ouverture-a-abidjan-de-la-9eme-edition-du-salon-africain-de-linvention-et-de-lentreprise-innovante\\\/\",\"name\":\"\u00c9conomie : Ouverture \u00e0 Abidjan de la 9\u00e8me \u00e9dition du Salon Africain de l\u2019Invention et de l\u2019Entreprise innovante - Amanien| L&#039;actualit\u00e9 Ivoirienne et Internationale\",\"isPartOf\":{\"@id\":\"https:\\\/\\\/www.amanien.info\\\/news\\\/#website\"},\"primaryImageOfPage\":{\"@id\":\"https:\\\/\\\/www.amanien.info\\\/news\\\/economie-ouverture-a-abidjan-de-la-9eme-edition-du-salon-africain-de-linvention-et-de-lentreprise-innovante\\\/#primaryimage\"},\"image\":{\"@id\":\"https:\\\/\\\/www.amanien.info\\\/news\\\/economie-ouverture-a-abidjan-de-la-9eme-edition-du-salon-africain-de-linvention-et-de-lentreprise-innovante\\\/#primaryimage\"},\"thumbnailUrl\":\"https:\\\/\\\/www.amanien.info\\\/news\\\/wp-content\\\/uploads\\\/2023\\\/07\\\/oapi-le-ministre-souleymane-diarrassouba-procede-a-louverture-de-la-9ieme-e_23qkmz4umm7.jpg\",\"datePublished\":\"2023-07-26T08:34:59+00:00\",\"author\":{\"@id\":\"https:\\\/\\\/www.amanien.info\\\/news\\\/#\\\/schema\\\/person\\\/b21093345753a1a98242d505bd894f42\"},\"breadcrumb\":{\"@id\":\"https:\\\/\\\/www.amanien.info\\\/news\\\/economie-ouverture-a-abidjan-de-la-9eme-edition-du-salon-africain-de-linvention-et-de-lentreprise-innovante\\\/#breadcrumb\"},\"inLanguage\":\"fr-FR\",\"potentialAction\":[{\"@type\":\"ReadAction\",\"target\":[\"https:\\\/\\\/www.amanien.info\\\/news\\\/economie-ouverture-a-abidjan-de-la-9eme-edition-du-salon-africain-de-linvention-et-de-lentreprise-innovante\\\/\"]}]},{\"@type\":\"ImageObject\",\"inLanguage\":\"fr-FR\",\"@id\":\"https:\\\/\\\/www.amanien.info\\\/news\\\/economie-ouverture-a-abidjan-de-la-9eme-edition-du-salon-africain-de-linvention-et-de-lentreprise-innovante\\\/#primaryimage\",\"url\":\"https:\\\/\\\/www.amanien.info\\\/news\\\/wp-content\\\/uploads\\\/2023\\\/07\\\/oapi-le-ministre-souleymane-diarrassouba-procede-a-louverture-de-la-9ieme-e_23qkmz4umm7.jpg\",\"contentUrl\":\"https:\\\/\\\/www.amanien.info\\\/news\\\/wp-content\\\/uploads\\\/2023\\\/07\\\/oapi-le-ministre-souleymane-diarrassouba-procede-a-louverture-de-la-9ieme-e_23qkmz4umm7.jpg\",\"width\":900,\"height\":599},{\"@type\":\"BreadcrumbList\",\"@id\":\"https:\\\/\\\/www.amanien.info\\\/news\\\/economie-ouverture-a-abidjan-de-la-9eme-edition-du-salon-africain-de-linvention-et-de-lentreprise-innovante\\\/#breadcrumb\",\"itemListElement\":[{\"@type\":\"ListItem\",\"position\":1,\"name\":\"Accueil\",\"item\":\"https:\\\/\\\/www.amanien.info\\\/news\\\/\"},{\"@type\":\"ListItem\",\"position\":2,\"name\":\"\u00c9conomie : Ouverture \u00e0 Abidjan de la 9\u00e8me \u00e9dition du Salon Africain de l\u2019Invention et de l\u2019Entreprise innovante\"}]},{\"@type\":\"WebSite\",\"@id\":\"https:\\\/\\\/www.amanien.info\\\/news\\\/#website\",\"url\":\"https:\\\/\\\/www.amanien.info\\\/news\\\/\",\"name\":\"Amanien| L&#039;actualit\u00e9 Ivoirienne et Internationale\",\"description\":\"L&#039;actualit\u00e9 Ivoirienne et Internationale\",\"potentialAction\":[{\"@type\":\"SearchAction\",\"target\":{\"@type\":\"EntryPoint\",\"urlTemplate\":\"https:\\\/\\\/www.amanien.info\\\/news\\\/?s={search_term_string}\"},\"query-input\":{\"@type\":\"PropertyValueSpecification\",\"valueRequired\":true,\"valueName\":\"search_term_string\"}}],\"inLanguage\":\"fr-FR\"},{\"@type\":\"Person\",\"@id\":\"https:\\\/\\\/www.amanien.info\\\/news\\\/#\\\/schema\\\/person\\\/b21093345753a1a98242d505bd894f42\",\"name\":\"Germain Ndri\",\"url\":\"https:\\\/\\\/www.amanien.info\\\/news\\\/author\\\/amanien-infos\\\/\"}]}<\/script>\n<!-- \/ Yoast SEO plugin. -->","yoast_head_json":{"title":"\u00c9conomie : Ouverture \u00e0 Abidjan de la 9\u00e8me \u00e9dition du Salon Africain de l\u2019Invention et de l\u2019Entreprise innovante - Amanien| L&#039;actualit\u00e9 Ivoirienne et Internationale","robots":{"index":"index","follow":"follow","max-snippet":"max-snippet:-1","max-image-preview":"max-image-preview:large","max-video-preview":"max-video-preview:-1"},"canonical":"https:\/\/www.amanien.info\/news\/economie-ouverture-a-abidjan-de-la-9eme-edition-du-salon-africain-de-linvention-et-de-lentreprise-innovante\/","og_locale":"fr_FR","og_type":"article","og_title":"\u00c9conomie : Ouverture \u00e0 Abidjan de la 9\u00e8me \u00e9dition du Salon Africain de l\u2019Invention et de l\u2019Entreprise innovante - Amanien| L&#039;actualit\u00e9 Ivoirienne et Internationale","og_description":"Le Ministre du Commerce, de l\u2019Industrie et de la Promotion des PME a proc\u00e9d\u00e9, le lundi 24 juillet 2023, au Sofitel H\u00f4tel Ivoire, Cocody (Abidjan), \u00e0 l\u2019ouverture de la 9\u00e8me \u00e9dition du Salon africain de l\u2019invention et de l\u2019entreprise innovante(SAIIT), autour du th\u00e8me principal : \u2018\u2019Propri\u00e9t\u00e9\u00a0intellectuelle,\u00a0Innovation\u00a0et\u00a0Entrepreneuriat\u2019\u2019. A cette occasion,\u00a0 le Ministre Souleymane Diarrassouba est revenu [&hellip;]","og_url":"https:\/\/www.amanien.info\/news\/economie-ouverture-a-abidjan-de-la-9eme-edition-du-salon-africain-de-linvention-et-de-lentreprise-innovante\/","og_site_name":"Amanien| L&#039;actualit\u00e9 Ivoirienne et Internationale","article_published_time":"2023-07-26T08:34:59+00:00","og_image":[{"width":900,"height":599,"url":"https:\/\/www.amanien.info\/news\/wp-content\/uploads\/2023\/07\/oapi-le-ministre-souleymane-diarrassouba-procede-a-louverture-de-la-9ieme-e_23qkmz4umm7.jpg","type":"image\/jpeg"}],"author":"Germain Ndri","twitter_card":"summary_large_image","twitter_misc":{"\u00c9crit par":"Germain Ndri","Dur\u00e9e de lecture estim\u00e9e":"2 minutes"},"schema":{"@context":"https:\/\/schema.org","@graph":[{"@type":"Article","@id":"https:\/\/www.amanien.info\/news\/economie-ouverture-a-abidjan-de-la-9eme-edition-du-salon-africain-de-linvention-et-de-lentreprise-innovante\/#article","isPartOf":{"@id":"https:\/\/www.amanien.info\/news\/economie-ouverture-a-abidjan-de-la-9eme-edition-du-salon-africain-de-linvention-et-de-lentreprise-innovante\/"},"author":{"name":"Germain Ndri","@id":"https:\/\/www.amanien.info\/news\/#\/schema\/person\/b21093345753a1a98242d505bd894f42"},"headline":"\u00c9conomie : Ouverture \u00e0 Abidjan de la 9\u00e8me \u00e9dition du Salon Africain de l\u2019Invention et de l\u2019Entreprise innovante","datePublished":"2023-07-26T08:34:59+00:00","mainEntityOfPage":{"@id":"https:\/\/www.amanien.info\/news\/economie-ouverture-a-abidjan-de-la-9eme-edition-du-salon-africain-de-linvention-et-de-lentreprise-innovante\/"},"wordCount":393,"image":{"@id":"https:\/\/www.amanien.info\/news\/economie-ouverture-a-abidjan-de-la-9eme-edition-du-salon-africain-de-linvention-et-de-lentreprise-innovante\/#primaryimage"},"thumbnailUrl":"https:\/\/www.amanien.info\/news\/wp-content\/uploads\/2023\/07\/oapi-le-ministre-souleymane-diarrassouba-procede-a-louverture-de-la-9ieme-e_23qkmz4umm7.jpg","inLanguage":"fr-FR"},{"@type":"WebPage","@id":"https:\/\/www.amanien.info\/news\/economie-ouverture-a-abidjan-de-la-9eme-edition-du-salon-africain-de-linvention-et-de-lentreprise-innovante\/","url":"https:\/\/www.amanien.info\/news\/economie-ouverture-a-abidjan-de-la-9eme-edition-du-salon-africain-de-linvention-et-de-lentreprise-innovante\/","name":"\u00c9conomie : Ouverture \u00e0 Abidjan de la 9\u00e8me \u00e9dition du Salon Africain de l\u2019Invention et de l\u2019Entreprise innovante - Amanien| L&#039;actualit\u00e9 Ivoirienne et Internationale","isPartOf":{"@id":"https:\/\/www.amanien.info\/news\/#website"},"primaryImageOfPage":{"@id":"https:\/\/www.amanien.info\/news\/economie-ouverture-a-abidjan-de-la-9eme-edition-du-salon-africain-de-linvention-et-de-lentreprise-innovante\/#primaryimage"},"image":{"@id":"https:\/\/www.amanien.info\/news\/economie-ouverture-a-abidjan-de-la-9eme-edition-du-salon-africain-de-linvention-et-de-lentreprise-innovante\/#primaryimage"},"thumbnailUrl":"https:\/\/www.amanien.info\/news\/wp-content\/uploads\/2023\/07\/oapi-le-ministre-souleymane-diarrassouba-procede-a-louverture-de-la-9ieme-e_23qkmz4umm7.jpg","datePublished":"2023-07-26T08:34:59+00:00","author":{"@id":"https:\/\/www.amanien.info\/news\/#\/schema\/person\/b21093345753a1a98242d505bd894f42"},"breadcrumb":{"@id":"https:\/\/www.amanien.info\/news\/economie-ouverture-a-abidjan-de-la-9eme-edition-du-salon-africain-de-linvention-et-de-lentreprise-innovante\/#breadcrumb"},"inLanguage":"fr-FR","potentialAction":[{"@type":"ReadAction","target":["https:\/\/www.amanien.info\/news\/economie-ouverture-a-abidjan-de-la-9eme-edition-du-salon-africain-de-linvention-et-de-lentreprise-innovante\/"]}]},{"@type":"ImageObject","inLanguage":"fr-FR","@id":"https:\/\/www.amanien.info\/news\/economie-ouverture-a-abidjan-de-la-9eme-edition-du-salon-africain-de-linvention-et-de-lentreprise-innovante\/#primaryimage","url":"https:\/\/www.amanien.info\/news\/wp-content\/uploads\/2023\/07\/oapi-le-ministre-souleymane-diarrassouba-procede-a-louverture-de-la-9ieme-e_23qkmz4umm7.jpg","contentUrl":"https:\/\/www.amanien.info\/news\/wp-content\/uploads\/2023\/07\/oapi-le-ministre-souleymane-diarrassouba-procede-a-louverture-de-la-9ieme-e_23qkmz4umm7.jpg","width":900,"height":599},{"@type":"BreadcrumbList","@id":"https:\/\/www.amanien.info\/news\/economie-ouverture-a-abidjan-de-la-9eme-edition-du-salon-africain-de-linvention-et-de-lentreprise-innovante\/#breadcrumb","itemListElement":[{"@type":"ListItem","position":1,"name":"Accueil","item":"https:\/\/www.amanien.info\/news\/"},{"@type":"ListItem","position":2,"name":"\u00c9conomie : Ouverture \u00e0 Abidjan de la 9\u00e8me \u00e9dition du Salon Africain de l\u2019Invention et de l\u2019Entreprise innovante"}]},{"@type":"WebSite","@id":"https:\/\/www.amanien.info\/news\/#website","url":"https:\/\/www.amanien.info\/news\/","name":"Amanien| L&#039;actualit\u00e9 Ivoirienne et Internationale","description":"L&#039;actualit\u00e9 Ivoirienne et Internationale","potentialAction":[{"@type":"SearchAction","target":{"@type":"EntryPoint","urlTemplate":"https:\/\/www.amanien.info\/news\/?s={search_term_string}"},"query-input":{"@type":"PropertyValueSpecification","valueRequired":true,"valueName":"search_term_string"}}],"inLanguage":"fr-FR"},{"@type":"Person","@id":"https:\/\/www.amanien.info\/news\/#\/schema\/person\/b21093345753a1a98242d505bd894f42","name":"Germain Ndri","url":"https:\/\/www.amanien.info\/news\/author\/amanien-infos\/"}]}},"_links":{"self":[{"href":"https:\/\/www.amanien.info\/news\/wp-json\/wp\/v2\/posts\/4496","targetHints":{"allow":["GET"]}}],"collection":[{"href":"https:\/\/www.amanien.info\/news\/wp-json\/wp\/v2\/posts"}],"about":[{"href":"https:\/\/www.amanien.info\/news\/wp-json\/wp\/v2\/types\/post"}],"author":[{"embeddable":true,"href":"https:\/\/www.amanien.info\/news\/wp-json\/wp\/v2\/users\/2"}],"replies":[{"embeddable":true,"href":"https:\/\/www.amanien.info\/news\/wp-json\/wp\/v2\/comments?post=4496"}],"version-history":[{"count":1,"href":"https:\/\/www.amanien.info\/news\/wp-json\/wp\/v2\/posts\/4496\/revisions"}],"predecessor-version":[{"id":4498,"href":"https:\/\/www.amanien.info\/news\/wp-json\/wp\/v2\/posts\/4496\/revisions\/4498"}],"wp:featuredmedia":[{"embeddable":true,"href":"https:\/\/www.amanien.info\/news\/wp-json\/wp\/v2\/media\/4497"}],"wp:attachment":[{"href":"https:\/\/www.amanien.info\/news\/wp-json\/wp\/v2\/media?parent=4496"}],"wp:term":[{"taxonomy":"category","embeddable":true,"href":"https:\/\/www.amanien.info\/news\/wp-json\/wp\/v2\/categories?post=4496"},{"taxonomy":"post_tag","embeddable":true,"href":"https:\/\/www.amanien.info\/news\/wp-json\/wp\/v2\/tags?post=4496"}],"curies":[{"name":"wp","href":"https:\/\/api.w.org\/{rel}","templated":true}]}}