{"id":4490,"date":"2023-07-25T17:20:31","date_gmt":"2023-07-25T17:20:31","guid":{"rendered":"https:\/\/www.amanien.info\/news\/?p=4490"},"modified":"2023-07-25T17:20:31","modified_gmt":"2023-07-25T17:20:31","slug":"municipales-2023-le-candidat-du-rhdp-adama-bictogo-confiantnous-allons-gagner-a-yopougon","status":"publish","type":"post","link":"https:\/\/www.amanien.info\/news\/municipales-2023-le-candidat-du-rhdp-adama-bictogo-confiantnous-allons-gagner-a-yopougon\/","title":{"rendered":"Municipales 2023 : Le candidat du RHDP, Adama Bictogo confiant:\u00a0\u00bbNous allons gagner \u00e0 Yopougon\u00a0\u00bb"},"content":{"rendered":"<blockquote>\n<div>\u00ab\u00a0Nous allons gagner \u00e0 Yopougon. Je suis le candidat id\u00e9al pour le d\u00e9veloppement de Yopougon, le candidat du rassemblement, de la coh\u00e9sion sociale. Ma conviction personnelle est de toujours \u00e9pouser l&rsquo;ensemble des sensibilit\u00e9s politiques et Yopougon en est la parfaite illustration\u00a0\u00bb, a soutenu Adama Bictogo, candidat du RHDP par ailleurs Pr\u00e9sident de l&rsquo;Assembl\u00e9e Nationale.<\/div>\n<\/blockquote>\n<div><\/div>\n<div>Il s&rsquo;exprimait, le dimanche 23 juillet 2023, \u00e0 l&rsquo;issue du d\u00e9p\u00f4t de son dossier de candidature \u00e0 la Commission \u00c9lectorale Ind\u00e9pendante (CEI) sise \u00e0 Cocody.<\/div>\n<div><\/div>\n<div><\/div>\n<div><\/div>\n<div>Accompagn\u00e9 par une centaine de militants dans les locaux de la Commission \u00e9lectorale ind\u00e9pendante, le Pr\u00e9sident du parlement ivoirien s&rsquo;est r\u00e9joui d&rsquo;avoir accompli cet acte qui prouve effectivement son ambition d&rsquo;\u00eatre candidat dans la plus grande commune de C\u00f4te d&rsquo;Ivoire, Yopougon.<\/div>\n<div><\/div>\n<div><\/div>\n<div><\/div>\n<div>\u00ab\u00a0Je suis candidat \u00e0 Yopougon pour transformer la commune. Le candidat qui traduit l&rsquo;expression pluriel de la C\u00f4te d&rsquo;Ivoire en particulier celle de Yopougon\u00a0\u00bb, a justifi\u00e9 le D\u00e9put\u00e9 d&rsquo;Agboville.<\/div>\n<div><\/div>\n<div><\/div>\n<div>Notons que M. Bictogo conduit la liste\u00a0 liste RHDP \u00e0 Yopougon.<\/div>\n<div><\/div>\n<div><\/div>\n<div>Pour rappel,\u00a0 la Commission \u00c9lectorale Ind\u00e9pendante (CEI), organe charg\u00e9 de l&rsquo;organisation des \u00e9lections en C\u00f4te d&rsquo;Ivoire a fix\u00e9 la p\u00e9riode du d\u00e9p\u00f4t des dossiers de candidatures\u00a0 du 1er juillet au 19 juillet dernier. Toutefois, ce d\u00e9lai a \u00e9t\u00e9 prorog\u00e9 au dimanche 23 juillet 2023 en raison de contraintes.<\/div>\n<div><\/div>\n<div>Les \u00c9lections coupl\u00e9es(municipales et r\u00e9gionales) se d\u00e9rouleront le samedi 02 septembre prochain sur toute l&rsquo;\u00e9tendue du territoire national.<\/div>\n<div><\/div>\n<div><\/div>\n<div><\/div>\n<div><b>S.A.<\/b><\/div>\n","protected":false},"excerpt":{"rendered":"<p>\u00ab\u00a0Nous allons gagner \u00e0 Yopougon. Je suis le candidat id\u00e9al pour le d\u00e9veloppement de Yopougon, le candidat du rassemblement, de la coh\u00e9sion sociale. Ma conviction personnelle est de toujours \u00e9pouser l&rsquo;ensemble des sensibilit\u00e9s politiques et Yopougon en est la parfaite illustration\u00a0\u00bb, a soutenu Adama Bictogo, candidat du RHDP par ailleurs Pr\u00e9sident de l&rsquo;Assembl\u00e9e Nationale. Il [&hellip;]<\/p>\n","protected":false},"author":2,"featured_media":4491,"comment_status":"closed","ping_status":"closed","sticky":false,"template":"","format":"standard","meta":{"_acf_changed":false,"footnotes":""},"categories":[],"tags":[],"class_list":["post-4490","post","type-post","status-publish","format-standard","has-post-thumbnail","hentry"],"acf":[],"yoast_head":"<!-- This site is optimized with the Yoast SEO plugin v27.5 - https:\/\/yoast.com\/product\/yoast-seo-wordpress\/ -->\n<title>Municipales 2023 : Le candidat du RHDP, Adama Bictogo confiant:&quot;Nous allons gagner \u00e0 Yopougon&quot; - Amanien| L&#039;actualit\u00e9 Ivoirienne et Internationale<\/title>\n<meta name=\"robots\" content=\"index, follow, max-snippet:-1, max-image-preview:large, max-video-preview:-1\" \/>\n<link rel=\"canonical\" href=\"https:\/\/www.amanien.info\/news\/municipales-2023-le-candidat-du-rhdp-adama-bictogo-confiantnous-allons-gagner-a-yopougon\/\" \/>\n<meta property=\"og:locale\" content=\"fr_FR\" \/>\n<meta property=\"og:type\" content=\"article\" \/>\n<meta property=\"og:title\" content=\"Municipales 2023 : Le candidat du RHDP, Adama Bictogo confiant:&quot;Nous allons gagner \u00e0 Yopougon&quot; - Amanien| L&#039;actualit\u00e9 Ivoirienne et Internationale\" \/>\n<meta property=\"og:description\" content=\"\u00ab\u00a0Nous allons gagner \u00e0 Yopougon. Je suis le candidat id\u00e9al pour le d\u00e9veloppement de Yopougon, le candidat du rassemblement, de la coh\u00e9sion sociale. Ma conviction personnelle est de toujours \u00e9pouser l&rsquo;ensemble des sensibilit\u00e9s politiques et Yopougon en est la parfaite illustration\u00a0\u00bb, a soutenu Adama Bictogo, candidat du RHDP par ailleurs Pr\u00e9sident de l&rsquo;Assembl\u00e9e Nationale. Il [&hellip;]\" \/>\n<meta property=\"og:url\" content=\"https:\/\/www.amanien.info\/news\/municipales-2023-le-candidat-du-rhdp-adama-bictogo-confiantnous-allons-gagner-a-yopougon\/\" \/>\n<meta property=\"og:site_name\" content=\"Amanien| L&#039;actualit\u00e9 Ivoirienne et Internationale\" \/>\n<meta property=\"article:published_time\" content=\"2023-07-25T17:20:31+00:00\" \/>\n<meta property=\"og:image\" content=\"https:\/\/www.amanien.info\/news\/wp-content\/uploads\/2023\/07\/IMG-20230723-WA0014.jpg\" \/>\n\t<meta property=\"og:image:width\" content=\"1080\" \/>\n\t<meta property=\"og:image:height\" content=\"474\" \/>\n\t<meta property=\"og:image:type\" content=\"image\/jpeg\" \/>\n<meta name=\"author\" content=\"Germain Ndri\" \/>\n<meta name=\"twitter:card\" content=\"summary_large_image\" \/>\n<meta name=\"twitter:label1\" content=\"\u00c9crit par\" \/>\n\t<meta name=\"twitter:data1\" content=\"Germain Ndri\" \/>\n\t<meta name=\"twitter:label2\" content=\"Dur\u00e9e de lecture estim\u00e9e\" \/>\n\t<meta name=\"twitter:data2\" content=\"1 minute\" \/>\n<script type=\"application\/ld+json\" class=\"yoast-schema-graph\">{\"@context\":\"https:\\\/\\\/schema.org\",\"@graph\":[{\"@type\":\"Article\",\"@id\":\"https:\\\/\\\/www.amanien.info\\\/news\\\/municipales-2023-le-candidat-du-rhdp-adama-bictogo-confiantnous-allons-gagner-a-yopougon\\\/#article\",\"isPartOf\":{\"@id\":\"https:\\\/\\\/www.amanien.info\\\/news\\\/municipales-2023-le-candidat-du-rhdp-adama-bictogo-confiantnous-allons-gagner-a-yopougon\\\/\"},\"author\":{\"name\":\"Germain Ndri\",\"@id\":\"https:\\\/\\\/www.amanien.info\\\/news\\\/#\\\/schema\\\/person\\\/b21093345753a1a98242d505bd894f42\"},\"headline\":\"Municipales 2023 : Le candidat du RHDP, Adama Bictogo confiant:\u00a0\u00bbNous allons gagner \u00e0 Yopougon\u00a0\u00bb\",\"datePublished\":\"2023-07-25T17:20:31+00:00\",\"mainEntityOfPage\":{\"@id\":\"https:\\\/\\\/www.amanien.info\\\/news\\\/municipales-2023-le-candidat-du-rhdp-adama-bictogo-confiantnous-allons-gagner-a-yopougon\\\/\"},\"wordCount\":267,\"image\":{\"@id\":\"https:\\\/\\\/www.amanien.info\\\/news\\\/municipales-2023-le-candidat-du-rhdp-adama-bictogo-confiantnous-allons-gagner-a-yopougon\\\/#primaryimage\"},\"thumbnailUrl\":\"https:\\\/\\\/www.amanien.info\\\/news\\\/wp-content\\\/uploads\\\/2023\\\/07\\\/IMG-20230723-WA0014.jpg\",\"inLanguage\":\"fr-FR\"},{\"@type\":\"WebPage\",\"@id\":\"https:\\\/\\\/www.amanien.info\\\/news\\\/municipales-2023-le-candidat-du-rhdp-adama-bictogo-confiantnous-allons-gagner-a-yopougon\\\/\",\"url\":\"https:\\\/\\\/www.amanien.info\\\/news\\\/municipales-2023-le-candidat-du-rhdp-adama-bictogo-confiantnous-allons-gagner-a-yopougon\\\/\",\"name\":\"Municipales 2023 : Le candidat du RHDP, Adama Bictogo confiant:\\\"Nous allons gagner \u00e0 Yopougon\\\" - Amanien| L&#039;actualit\u00e9 Ivoirienne et Internationale\",\"isPartOf\":{\"@id\":\"https:\\\/\\\/www.amanien.info\\\/news\\\/#website\"},\"primaryImageOfPage\":{\"@id\":\"https:\\\/\\\/www.amanien.info\\\/news\\\/municipales-2023-le-candidat-du-rhdp-adama-bictogo-confiantnous-allons-gagner-a-yopougon\\\/#primaryimage\"},\"image\":{\"@id\":\"https:\\\/\\\/www.amanien.info\\\/news\\\/municipales-2023-le-candidat-du-rhdp-adama-bictogo-confiantnous-allons-gagner-a-yopougon\\\/#primaryimage\"},\"thumbnailUrl\":\"https:\\\/\\\/www.amanien.info\\\/news\\\/wp-content\\\/uploads\\\/2023\\\/07\\\/IMG-20230723-WA0014.jpg\",\"datePublished\":\"2023-07-25T17:20:31+00:00\",\"author\":{\"@id\":\"https:\\\/\\\/www.amanien.info\\\/news\\\/#\\\/schema\\\/person\\\/b21093345753a1a98242d505bd894f42\"},\"breadcrumb\":{\"@id\":\"https:\\\/\\\/www.amanien.info\\\/news\\\/municipales-2023-le-candidat-du-rhdp-adama-bictogo-confiantnous-allons-gagner-a-yopougon\\\/#breadcrumb\"},\"inLanguage\":\"fr-FR\",\"potentialAction\":[{\"@type\":\"ReadAction\",\"target\":[\"https:\\\/\\\/www.amanien.info\\\/news\\\/municipales-2023-le-candidat-du-rhdp-adama-bictogo-confiantnous-allons-gagner-a-yopougon\\\/\"]}]},{\"@type\":\"ImageObject\",\"inLanguage\":\"fr-FR\",\"@id\":\"https:\\\/\\\/www.amanien.info\\\/news\\\/municipales-2023-le-candidat-du-rhdp-adama-bictogo-confiantnous-allons-gagner-a-yopougon\\\/#primaryimage\",\"url\":\"https:\\\/\\\/www.amanien.info\\\/news\\\/wp-content\\\/uploads\\\/2023\\\/07\\\/IMG-20230723-WA0014.jpg\",\"contentUrl\":\"https:\\\/\\\/www.amanien.info\\\/news\\\/wp-content\\\/uploads\\\/2023\\\/07\\\/IMG-20230723-WA0014.jpg\",\"width\":1080,\"height\":474},{\"@type\":\"BreadcrumbList\",\"@id\":\"https:\\\/\\\/www.amanien.info\\\/news\\\/municipales-2023-le-candidat-du-rhdp-adama-bictogo-confiantnous-allons-gagner-a-yopougon\\\/#breadcrumb\",\"itemListElement\":[{\"@type\":\"ListItem\",\"position\":1,\"name\":\"Accueil\",\"item\":\"https:\\\/\\\/www.amanien.info\\\/news\\\/\"},{\"@type\":\"ListItem\",\"position\":2,\"name\":\"Municipales 2023 : Le candidat du RHDP, Adama Bictogo confiant:\u00a0\u00bbNous allons gagner \u00e0 Yopougon\u00a0\u00bb\"}]},{\"@type\":\"WebSite\",\"@id\":\"https:\\\/\\\/www.amanien.info\\\/news\\\/#website\",\"url\":\"https:\\\/\\\/www.amanien.info\\\/news\\\/\",\"name\":\"Amanien| L&#039;actualit\u00e9 Ivoirienne et Internationale\",\"description\":\"L&#039;actualit\u00e9 Ivoirienne et Internationale\",\"potentialAction\":[{\"@type\":\"SearchAction\",\"target\":{\"@type\":\"EntryPoint\",\"urlTemplate\":\"https:\\\/\\\/www.amanien.info\\\/news\\\/?s={search_term_string}\"},\"query-input\":{\"@type\":\"PropertyValueSpecification\",\"valueRequired\":true,\"valueName\":\"search_term_string\"}}],\"inLanguage\":\"fr-FR\"},{\"@type\":\"Person\",\"@id\":\"https:\\\/\\\/www.amanien.info\\\/news\\\/#\\\/schema\\\/person\\\/b21093345753a1a98242d505bd894f42\",\"name\":\"Germain Ndri\",\"url\":\"https:\\\/\\\/www.amanien.info\\\/news\\\/author\\\/amanien-infos\\\/\"}]}<\/script>\n<!-- \/ Yoast SEO plugin. -->","yoast_head_json":{"title":"Municipales 2023 : Le candidat du RHDP, Adama Bictogo confiant:\"Nous allons gagner \u00e0 Yopougon\" - Amanien| L&#039;actualit\u00e9 Ivoirienne et Internationale","robots":{"index":"index","follow":"follow","max-snippet":"max-snippet:-1","max-image-preview":"max-image-preview:large","max-video-preview":"max-video-preview:-1"},"canonical":"https:\/\/www.amanien.info\/news\/municipales-2023-le-candidat-du-rhdp-adama-bictogo-confiantnous-allons-gagner-a-yopougon\/","og_locale":"fr_FR","og_type":"article","og_title":"Municipales 2023 : Le candidat du RHDP, Adama Bictogo confiant:\"Nous allons gagner \u00e0 Yopougon\" - Amanien| L&#039;actualit\u00e9 Ivoirienne et Internationale","og_description":"\u00ab\u00a0Nous allons gagner \u00e0 Yopougon. Je suis le candidat id\u00e9al pour le d\u00e9veloppement de Yopougon, le candidat du rassemblement, de la coh\u00e9sion sociale. Ma conviction personnelle est de toujours \u00e9pouser l&rsquo;ensemble des sensibilit\u00e9s politiques et Yopougon en est la parfaite illustration\u00a0\u00bb, a soutenu Adama Bictogo, candidat du RHDP par ailleurs Pr\u00e9sident de l&rsquo;Assembl\u00e9e Nationale. Il [&hellip;]","og_url":"https:\/\/www.amanien.info\/news\/municipales-2023-le-candidat-du-rhdp-adama-bictogo-confiantnous-allons-gagner-a-yopougon\/","og_site_name":"Amanien| L&#039;actualit\u00e9 Ivoirienne et Internationale","article_published_time":"2023-07-25T17:20:31+00:00","og_image":[{"width":1080,"height":474,"url":"https:\/\/www.amanien.info\/news\/wp-content\/uploads\/2023\/07\/IMG-20230723-WA0014.jpg","type":"image\/jpeg"}],"author":"Germain Ndri","twitter_card":"summary_large_image","twitter_misc":{"\u00c9crit par":"Germain Ndri","Dur\u00e9e de lecture estim\u00e9e":"1 minute"},"schema":{"@context":"https:\/\/schema.org","@graph":[{"@type":"Article","@id":"https:\/\/www.amanien.info\/news\/municipales-2023-le-candidat-du-rhdp-adama-bictogo-confiantnous-allons-gagner-a-yopougon\/#article","isPartOf":{"@id":"https:\/\/www.amanien.info\/news\/municipales-2023-le-candidat-du-rhdp-adama-bictogo-confiantnous-allons-gagner-a-yopougon\/"},"author":{"name":"Germain Ndri","@id":"https:\/\/www.amanien.info\/news\/#\/schema\/person\/b21093345753a1a98242d505bd894f42"},"headline":"Municipales 2023 : Le candidat du RHDP, Adama Bictogo confiant:\u00a0\u00bbNous allons gagner \u00e0 Yopougon\u00a0\u00bb","datePublished":"2023-07-25T17:20:31+00:00","mainEntityOfPage":{"@id":"https:\/\/www.amanien.info\/news\/municipales-2023-le-candidat-du-rhdp-adama-bictogo-confiantnous-allons-gagner-a-yopougon\/"},"wordCount":267,"image":{"@id":"https:\/\/www.amanien.info\/news\/municipales-2023-le-candidat-du-rhdp-adama-bictogo-confiantnous-allons-gagner-a-yopougon\/#primaryimage"},"thumbnailUrl":"https:\/\/www.amanien.info\/news\/wp-content\/uploads\/2023\/07\/IMG-20230723-WA0014.jpg","inLanguage":"fr-FR"},{"@type":"WebPage","@id":"https:\/\/www.amanien.info\/news\/municipales-2023-le-candidat-du-rhdp-adama-bictogo-confiantnous-allons-gagner-a-yopougon\/","url":"https:\/\/www.amanien.info\/news\/municipales-2023-le-candidat-du-rhdp-adama-bictogo-confiantnous-allons-gagner-a-yopougon\/","name":"Municipales 2023 : Le candidat du RHDP, Adama Bictogo confiant:\"Nous allons gagner \u00e0 Yopougon\" - Amanien| L&#039;actualit\u00e9 Ivoirienne et Internationale","isPartOf":{"@id":"https:\/\/www.amanien.info\/news\/#website"},"primaryImageOfPage":{"@id":"https:\/\/www.amanien.info\/news\/municipales-2023-le-candidat-du-rhdp-adama-bictogo-confiantnous-allons-gagner-a-yopougon\/#primaryimage"},"image":{"@id":"https:\/\/www.amanien.info\/news\/municipales-2023-le-candidat-du-rhdp-adama-bictogo-confiantnous-allons-gagner-a-yopougon\/#primaryimage"},"thumbnailUrl":"https:\/\/www.amanien.info\/news\/wp-content\/uploads\/2023\/07\/IMG-20230723-WA0014.jpg","datePublished":"2023-07-25T17:20:31+00:00","author":{"@id":"https:\/\/www.amanien.info\/news\/#\/schema\/person\/b21093345753a1a98242d505bd894f42"},"breadcrumb":{"@id":"https:\/\/www.amanien.info\/news\/municipales-2023-le-candidat-du-rhdp-adama-bictogo-confiantnous-allons-gagner-a-yopougon\/#breadcrumb"},"inLanguage":"fr-FR","potentialAction":[{"@type":"ReadAction","target":["https:\/\/www.amanien.info\/news\/municipales-2023-le-candidat-du-rhdp-adama-bictogo-confiantnous-allons-gagner-a-yopougon\/"]}]},{"@type":"ImageObject","inLanguage":"fr-FR","@id":"https:\/\/www.amanien.info\/news\/municipales-2023-le-candidat-du-rhdp-adama-bictogo-confiantnous-allons-gagner-a-yopougon\/#primaryimage","url":"https:\/\/www.amanien.info\/news\/wp-content\/uploads\/2023\/07\/IMG-20230723-WA0014.jpg","contentUrl":"https:\/\/www.amanien.info\/news\/wp-content\/uploads\/2023\/07\/IMG-20230723-WA0014.jpg","width":1080,"height":474},{"@type":"BreadcrumbList","@id":"https:\/\/www.amanien.info\/news\/municipales-2023-le-candidat-du-rhdp-adama-bictogo-confiantnous-allons-gagner-a-yopougon\/#breadcrumb","itemListElement":[{"@type":"ListItem","position":1,"name":"Accueil","item":"https:\/\/www.amanien.info\/news\/"},{"@type":"ListItem","position":2,"name":"Municipales 2023 : Le candidat du RHDP, Adama Bictogo confiant:\u00a0\u00bbNous allons gagner \u00e0 Yopougon\u00a0\u00bb"}]},{"@type":"WebSite","@id":"https:\/\/www.amanien.info\/news\/#website","url":"https:\/\/www.amanien.info\/news\/","name":"Amanien| L&#039;actualit\u00e9 Ivoirienne et Internationale","description":"L&#039;actualit\u00e9 Ivoirienne et Internationale","potentialAction":[{"@type":"SearchAction","target":{"@type":"EntryPoint","urlTemplate":"https:\/\/www.amanien.info\/news\/?s={search_term_string}"},"query-input":{"@type":"PropertyValueSpecification","valueRequired":true,"valueName":"search_term_string"}}],"inLanguage":"fr-FR"},{"@type":"Person","@id":"https:\/\/www.amanien.info\/news\/#\/schema\/person\/b21093345753a1a98242d505bd894f42","name":"Germain Ndri","url":"https:\/\/www.amanien.info\/news\/author\/amanien-infos\/"}]}},"_links":{"self":[{"href":"https:\/\/www.amanien.info\/news\/wp-json\/wp\/v2\/posts\/4490","targetHints":{"allow":["GET"]}}],"collection":[{"href":"https:\/\/www.amanien.info\/news\/wp-json\/wp\/v2\/posts"}],"about":[{"href":"https:\/\/www.amanien.info\/news\/wp-json\/wp\/v2\/types\/post"}],"author":[{"embeddable":true,"href":"https:\/\/www.amanien.info\/news\/wp-json\/wp\/v2\/users\/2"}],"replies":[{"embeddable":true,"href":"https:\/\/www.amanien.info\/news\/wp-json\/wp\/v2\/comments?post=4490"}],"version-history":[{"count":1,"href":"https:\/\/www.amanien.info\/news\/wp-json\/wp\/v2\/posts\/4490\/revisions"}],"predecessor-version":[{"id":4492,"href":"https:\/\/www.amanien.info\/news\/wp-json\/wp\/v2\/posts\/4490\/revisions\/4492"}],"wp:featuredmedia":[{"embeddable":true,"href":"https:\/\/www.amanien.info\/news\/wp-json\/wp\/v2\/media\/4491"}],"wp:attachment":[{"href":"https:\/\/www.amanien.info\/news\/wp-json\/wp\/v2\/media?parent=4490"}],"wp:term":[{"taxonomy":"category","embeddable":true,"href":"https:\/\/www.amanien.info\/news\/wp-json\/wp\/v2\/categories?post=4490"},{"taxonomy":"post_tag","embeddable":true,"href":"https:\/\/www.amanien.info\/news\/wp-json\/wp\/v2\/tags?post=4490"}],"curies":[{"name":"wp","href":"https:\/\/api.w.org\/{rel}","templated":true}]}}