{"id":4405,"date":"2023-06-16T16:22:05","date_gmt":"2023-06-16T16:22:05","guid":{"rendered":"http:\/\/www.https:\/\/zozo.buyee.jp\/\/news\/?p=4405"},"modified":"2023-06-16T20:33:38","modified_gmt":"2023-06-16T20:33:38","slug":"lancement-des-programmes-dentrepreneuriat-2023-plus-de-35-000-jeunes-porteurs-de-projets-structurants-a-financer","status":"publish","type":"post","link":"https:\/\/www.amanien.info\/news\/lancement-des-programmes-dentrepreneuriat-2023-plus-de-35-000-jeunes-porteurs-de-projets-structurants-a-financer\/","title":{"rendered":"Lancement des programmes d&rsquo;entrepreneuriat 2023 : Plus de 35 000 jeunes porteurs de projets structurants \u00e0 financer"},"content":{"rendered":"<ol>\n<li>Dans le cadre de la mise en \u0153uvre du Programme Jeunesse du Gouvernement (PJ-GOUV) 2023-2025, le Minist\u00e8re de la Promotion de la Jeunesse, de l&rsquo;Insertion Professionnelle et du Service Civique, \u00e0 travers l&rsquo;Agence Emploi Jeunes et le Bureau de Coordination des Programmes Emploi,(BCP-Emploi), a organis\u00e9, le jeudi 15 juin 2023, au Palais de la culture d&rsquo;Abidjan-Treichville,\u00a0 la c\u00e9r\u00e9monie de lancement officiel des programmes ENTREPRENEURIAT DU PJ-GOUV. Ces programmes visent \u00e0 accompagner 35 156 jeunes porteurs de projets\u00a0 d&rsquo;Activit\u00e9s G\u00e9n\u00e9ratrices de Revenus (AGR) sur toute l&rsquo;\u00e9tendue du territoire national. C&rsquo;\u00e9tait en pr\u00e9sence de plusieurs membres du Gouvernement.<\/li>\n<\/ol>\n<div>\n<div><\/div>\n<div><\/div>\n<div>Au titre de ce Programme, sur la p\u00e9riode 2023-2025, c&rsquo;est un montant de 105 008 015 072 qui seront mobilis\u00e9s pour la prise en compte de 264 517 b\u00e9n\u00e9ficiaires dont 35 150 pour l&rsquo;ann\u00e9e 2023 pour un co\u00fbt global de\u00a0 13.884.925.000 FCFA repartis comme suit : 21 556 AGR \u00e0 hauteur de 10 484 925 000 FCFA, 13 600 subventions aux jeunes entrepreneurs pour un montant de 3 400 000 000 de FCFA, a indiqu\u00e9 le Ministre d&rsquo;Etat, Ministre de l&rsquo;agriculture et du d\u00e9veloppement durable, Kobenan Kouassi Adjoumani, repr\u00e9sentant le Premier Ministre.<\/div>\n<div><\/div>\n<div>Pour le Ministre d&rsquo;Etat, l&rsquo;entrepreneuriat est un vecteur d&rsquo;\u00e9panouissement, de cr\u00e9ation de valeurs, leviers de d\u00e9veloppement de nos. \u00ab\u00a0Cependant, nous devons aller \u00e0 la formalisation, \u00e0 travers l&rsquo;instauration d&rsquo;un environnement favorable, l&rsquo;accompagnement et enfin la facilitation de l&rsquo;acc\u00e8s au financement. Cela nous permettra de contribuer \u00e0 l&rsquo;\u00e9dification de la C\u00f4te d&rsquo;Ivoire solidaire, pr\u00f4n\u00e9e par le Pr\u00e9sident de la R\u00e9publique \u00ab\u00a0, a-t-il dit.<\/div>\n<div><\/div>\n<div><\/div>\n<div>Kobenan Kouassi Adjoumani a \u00e9galement invit\u00e9 les jeunes \u00e0 s&rsquo;inscrire dans un \u00ab\u00a0\u00e9lan de solidarit\u00e9 interg\u00e9n\u00e9rationnelle pour b\u00e9n\u00e9ficier de ce dispositif, car les ressources sont illimit\u00e9es\u00a0\u00bb, a-t-il lanc\u00e9.<\/div>\n<div>Avant d&rsquo;appeler l&rsquo;ensemble des jeunes de C\u00f4te d&rsquo;Ivoire, porteurs de ce projet, \u00e0 exprimer leurs besoins en s&rsquo;inscrivant sur le site internet de l&rsquo;AEJ, ww.agenceemploijeunes.ci soit dans les agences r\u00e9gionales ou guichets Emploi jeunes sur toute l&rsquo;\u00e9tendue du territoire national.<\/div>\n<div><\/div>\n<div><\/div>\n<\/div>\n<div>Le Ministre de la promotion de la jeunesse, de l&rsquo;insertion professionnelle et du service civique, TOURE Mamadou a \u00e9galement invit\u00e9 les jeunes \u00e0 prendre d&rsquo;assaut les guichets de l&rsquo;agence Emploi-jeunes afin de s&rsquo;inscrire gratuitement et appel\u00e9 les jeunes \u00a0\u00bb \u00e0 saisir les opportunit\u00e9s et \u00e0 \u00eatre responsables \u00a0\u00bb.<\/div>\n<div><\/div>\n<div><\/div>\n<div><\/div>\n<div>\u00a0\u00bb Ce mois de juin marque le passage \u00e0 \u00e9chelle des programmes de formation et d&rsquo;insertion en faveur des jeunes \u00a0\u00bb, a fait savoir le premier responsable de la jeunesse ivoirienne, annon\u00e7ant que \u00a0\u00bb dans quelques jours, nous allons lancer un recrutement de 5 mille jeunes dans les m\u00e9tiers du sport \u00a0\u00bb, a-t-il dit.<\/div>\n<div><\/div>\n<div><\/div>\n<div>Pour sa part, Danho Paulin Claude, le Pr\u00e9sident de l&rsquo;Union des villes et communes de C\u00f4te d&rsquo;Ivoire (UVICOCI) a r\u00e9affirm\u00e9 la disponibilit\u00e9 des maires de C\u00f4te d&rsquo;Ivoire \u00e0 \u0153uvrer pour la r\u00e9ussite de ces programmes.<\/div>\n<div><\/div>\n<div>Le porte-parole des b\u00e9n\u00e9ficiaires, S. Michel a traduit sa gratitude et sa reconnaissance \u00e0 l&rsquo;ensemble du Gouvernement et a rassur\u00e9 qu&rsquo;ils prendront la responsabilit\u00e9 d&rsquo;utiliser ces fonds avec s\u00e9rieux, afin de les rembourser dans les d\u00e9lais pr\u00e9vus.<\/div>\n<div><\/div>\n<div>Non sans manquer d&rsquo;exhorter les jeunes porteurs de projets \u00e0 se tourner vers les dispositifs de l&rsquo;Etat \u00ab\u00a0afin de d\u00e9marrer leurs activit\u00e9s\u00a0\u00bb.<\/div>\n<div><\/div>\n<div>Notons que cette c\u00e9r\u00e9monie solennelle a \u00e9t\u00e9 marqu\u00e9e par la remise de ch\u00e8ques aux b\u00e9n\u00e9ficiaires de projets structurants. Ils ont re\u00e7u des ch\u00e8ques allant de 4 \u00e0 30 millions de nos francs et la signature de convention entre l&rsquo;AEJ\u00a0 et la Fondation SEPHIS.<\/div>\n<div><\/div>\n<div><\/div>\n<div>D&rsquo;un\u00a0 co\u00fbt global de 1 118 milliards de FCFA, rappelle-t-on, le PJ-Gouv 2023 &#8211; 2025 permettra d&rsquo;offrir pr\u00e8s de 1.500.000 opportunit\u00e9s d&#8217;emplois, de formation et de financement de projets en faveur des jeunes en C\u00f4te d&rsquo;Ivoire.<\/div>\n<div><\/div>\n<div><\/div>\n<div><b>S.A.\u00a0<\/b><\/div>\n<div><\/div>\n<div><\/div>\n","protected":false},"excerpt":{"rendered":"<p>Dans le cadre de la mise en \u0153uvre du Programme Jeunesse du Gouvernement (PJ-GOUV) 2023-2025, le Minist\u00e8re de la Promotion de la Jeunesse, de l&rsquo;Insertion Professionnelle et du Service Civique, \u00e0 travers l&rsquo;Agence Emploi Jeunes et le Bureau de Coordination des Programmes Emploi,(BCP-Emploi), a organis\u00e9, le jeudi 15 juin 2023, au Palais de la culture [&hellip;]<\/p>\n","protected":false},"author":2,"featured_media":4406,"comment_status":"closed","ping_status":"closed","sticky":true,"template":"","format":"standard","meta":{"_acf_changed":false,"footnotes":""},"categories":[],"tags":[],"class_list":["post-4405","post","type-post","status-publish","format-standard","has-post-thumbnail","hentry"],"acf":[],"yoast_head":"<!-- This site is optimized with the Yoast SEO plugin v27.5 - https:\/\/yoast.com\/product\/yoast-seo-wordpress\/ -->\n<title>Lancement des programmes d&#039;entrepreneuriat 2023 : Plus de 35 000 jeunes porteurs de projets structurants \u00e0 financer - Amanien| L&#039;actualit\u00e9 Ivoirienne et Internationale<\/title>\n<meta name=\"robots\" content=\"index, follow, max-snippet:-1, max-image-preview:large, max-video-preview:-1\" \/>\n<link rel=\"canonical\" href=\"https:\/\/www.amanien.info\/news\/lancement-des-programmes-dentrepreneuriat-2023-plus-de-35-000-jeunes-porteurs-de-projets-structurants-a-financer\/\" \/>\n<meta property=\"og:locale\" content=\"fr_FR\" \/>\n<meta property=\"og:type\" content=\"article\" \/>\n<meta property=\"og:title\" content=\"Lancement des programmes d&#039;entrepreneuriat 2023 : Plus de 35 000 jeunes porteurs de projets structurants \u00e0 financer - Amanien| L&#039;actualit\u00e9 Ivoirienne et Internationale\" \/>\n<meta property=\"og:description\" content=\"Dans le cadre de la mise en \u0153uvre du Programme Jeunesse du Gouvernement (PJ-GOUV) 2023-2025, le Minist\u00e8re de la Promotion de la Jeunesse, de l&rsquo;Insertion Professionnelle et du Service Civique, \u00e0 travers l&rsquo;Agence Emploi Jeunes et le Bureau de Coordination des Programmes Emploi,(BCP-Emploi), a organis\u00e9, le jeudi 15 juin 2023, au Palais de la culture [&hellip;]\" \/>\n<meta property=\"og:url\" content=\"https:\/\/www.amanien.info\/news\/lancement-des-programmes-dentrepreneuriat-2023-plus-de-35-000-jeunes-porteurs-de-projets-structurants-a-financer\/\" \/>\n<meta property=\"og:site_name\" content=\"Amanien| L&#039;actualit\u00e9 Ivoirienne et Internationale\" \/>\n<meta property=\"article:published_time\" content=\"2023-06-16T16:22:05+00:00\" \/>\n<meta property=\"article:modified_time\" content=\"2023-06-16T20:33:38+00:00\" \/>\n<meta property=\"og:image\" content=\"https:\/\/www.amanien.info\/news\/wp-content\/uploads\/2023\/06\/IMG-20230615-WA0063.jpg\" \/>\n\t<meta property=\"og:image:width\" content=\"1280\" \/>\n\t<meta property=\"og:image:height\" content=\"795\" \/>\n\t<meta property=\"og:image:type\" content=\"image\/jpeg\" \/>\n<meta name=\"author\" content=\"Germain Ndri\" \/>\n<meta name=\"twitter:card\" content=\"summary_large_image\" \/>\n<meta name=\"twitter:label1\" content=\"\u00c9crit par\" \/>\n\t<meta name=\"twitter:data1\" content=\"Germain Ndri\" \/>\n\t<meta name=\"twitter:label2\" content=\"Dur\u00e9e de lecture estim\u00e9e\" \/>\n\t<meta name=\"twitter:data2\" content=\"3 minutes\" \/>\n<script type=\"application\/ld+json\" class=\"yoast-schema-graph\">{\"@context\":\"https:\\\/\\\/schema.org\",\"@graph\":[{\"@type\":\"Article\",\"@id\":\"https:\\\/\\\/www.amanien.info\\\/news\\\/lancement-des-programmes-dentrepreneuriat-2023-plus-de-35-000-jeunes-porteurs-de-projets-structurants-a-financer\\\/#article\",\"isPartOf\":{\"@id\":\"https:\\\/\\\/www.amanien.info\\\/news\\\/lancement-des-programmes-dentrepreneuriat-2023-plus-de-35-000-jeunes-porteurs-de-projets-structurants-a-financer\\\/\"},\"author\":{\"name\":\"Germain Ndri\",\"@id\":\"https:\\\/\\\/www.amanien.info\\\/news\\\/#\\\/schema\\\/person\\\/b21093345753a1a98242d505bd894f42\"},\"headline\":\"Lancement des programmes d&rsquo;entrepreneuriat 2023 : Plus de 35 000 jeunes porteurs de projets structurants \u00e0 financer\",\"datePublished\":\"2023-06-16T16:22:05+00:00\",\"dateModified\":\"2023-06-16T20:33:38+00:00\",\"mainEntityOfPage\":{\"@id\":\"https:\\\/\\\/www.amanien.info\\\/news\\\/lancement-des-programmes-dentrepreneuriat-2023-plus-de-35-000-jeunes-porteurs-de-projets-structurants-a-financer\\\/\"},\"wordCount\":654,\"image\":{\"@id\":\"https:\\\/\\\/www.amanien.info\\\/news\\\/lancement-des-programmes-dentrepreneuriat-2023-plus-de-35-000-jeunes-porteurs-de-projets-structurants-a-financer\\\/#primaryimage\"},\"thumbnailUrl\":\"https:\\\/\\\/www.amanien.info\\\/news\\\/wp-content\\\/uploads\\\/2023\\\/06\\\/IMG-20230615-WA0063.jpg\",\"inLanguage\":\"fr-FR\"},{\"@type\":\"WebPage\",\"@id\":\"https:\\\/\\\/www.amanien.info\\\/news\\\/lancement-des-programmes-dentrepreneuriat-2023-plus-de-35-000-jeunes-porteurs-de-projets-structurants-a-financer\\\/\",\"url\":\"https:\\\/\\\/www.amanien.info\\\/news\\\/lancement-des-programmes-dentrepreneuriat-2023-plus-de-35-000-jeunes-porteurs-de-projets-structurants-a-financer\\\/\",\"name\":\"Lancement des programmes d'entrepreneuriat 2023 : Plus de 35 000 jeunes porteurs de projets structurants \u00e0 financer - Amanien| L&#039;actualit\u00e9 Ivoirienne et Internationale\",\"isPartOf\":{\"@id\":\"https:\\\/\\\/www.amanien.info\\\/news\\\/#website\"},\"primaryImageOfPage\":{\"@id\":\"https:\\\/\\\/www.amanien.info\\\/news\\\/lancement-des-programmes-dentrepreneuriat-2023-plus-de-35-000-jeunes-porteurs-de-projets-structurants-a-financer\\\/#primaryimage\"},\"image\":{\"@id\":\"https:\\\/\\\/www.amanien.info\\\/news\\\/lancement-des-programmes-dentrepreneuriat-2023-plus-de-35-000-jeunes-porteurs-de-projets-structurants-a-financer\\\/#primaryimage\"},\"thumbnailUrl\":\"https:\\\/\\\/www.amanien.info\\\/news\\\/wp-content\\\/uploads\\\/2023\\\/06\\\/IMG-20230615-WA0063.jpg\",\"datePublished\":\"2023-06-16T16:22:05+00:00\",\"dateModified\":\"2023-06-16T20:33:38+00:00\",\"author\":{\"@id\":\"https:\\\/\\\/www.amanien.info\\\/news\\\/#\\\/schema\\\/person\\\/b21093345753a1a98242d505bd894f42\"},\"breadcrumb\":{\"@id\":\"https:\\\/\\\/www.amanien.info\\\/news\\\/lancement-des-programmes-dentrepreneuriat-2023-plus-de-35-000-jeunes-porteurs-de-projets-structurants-a-financer\\\/#breadcrumb\"},\"inLanguage\":\"fr-FR\",\"potentialAction\":[{\"@type\":\"ReadAction\",\"target\":[\"https:\\\/\\\/www.amanien.info\\\/news\\\/lancement-des-programmes-dentrepreneuriat-2023-plus-de-35-000-jeunes-porteurs-de-projets-structurants-a-financer\\\/\"]}]},{\"@type\":\"ImageObject\",\"inLanguage\":\"fr-FR\",\"@id\":\"https:\\\/\\\/www.amanien.info\\\/news\\\/lancement-des-programmes-dentrepreneuriat-2023-plus-de-35-000-jeunes-porteurs-de-projets-structurants-a-financer\\\/#primaryimage\",\"url\":\"https:\\\/\\\/www.amanien.info\\\/news\\\/wp-content\\\/uploads\\\/2023\\\/06\\\/IMG-20230615-WA0063.jpg\",\"contentUrl\":\"https:\\\/\\\/www.amanien.info\\\/news\\\/wp-content\\\/uploads\\\/2023\\\/06\\\/IMG-20230615-WA0063.jpg\",\"width\":1280,\"height\":795},{\"@type\":\"BreadcrumbList\",\"@id\":\"https:\\\/\\\/www.amanien.info\\\/news\\\/lancement-des-programmes-dentrepreneuriat-2023-plus-de-35-000-jeunes-porteurs-de-projets-structurants-a-financer\\\/#breadcrumb\",\"itemListElement\":[{\"@type\":\"ListItem\",\"position\":1,\"name\":\"Accueil\",\"item\":\"https:\\\/\\\/www.amanien.info\\\/news\\\/\"},{\"@type\":\"ListItem\",\"position\":2,\"name\":\"Lancement des programmes d&rsquo;entrepreneuriat 2023 : Plus de 35 000 jeunes porteurs de projets structurants \u00e0 financer\"}]},{\"@type\":\"WebSite\",\"@id\":\"https:\\\/\\\/www.amanien.info\\\/news\\\/#website\",\"url\":\"https:\\\/\\\/www.amanien.info\\\/news\\\/\",\"name\":\"Amanien| L&#039;actualit\u00e9 Ivoirienne et Internationale\",\"description\":\"L&#039;actualit\u00e9 Ivoirienne et Internationale\",\"potentialAction\":[{\"@type\":\"SearchAction\",\"target\":{\"@type\":\"EntryPoint\",\"urlTemplate\":\"https:\\\/\\\/www.amanien.info\\\/news\\\/?s={search_term_string}\"},\"query-input\":{\"@type\":\"PropertyValueSpecification\",\"valueRequired\":true,\"valueName\":\"search_term_string\"}}],\"inLanguage\":\"fr-FR\"},{\"@type\":\"Person\",\"@id\":\"https:\\\/\\\/www.amanien.info\\\/news\\\/#\\\/schema\\\/person\\\/b21093345753a1a98242d505bd894f42\",\"name\":\"Germain Ndri\",\"url\":\"https:\\\/\\\/www.amanien.info\\\/news\\\/author\\\/amanien-infos\\\/\"}]}<\/script>\n<!-- \/ Yoast SEO plugin. -->","yoast_head_json":{"title":"Lancement des programmes d'entrepreneuriat 2023 : Plus de 35 000 jeunes porteurs de projets structurants \u00e0 financer - Amanien| L&#039;actualit\u00e9 Ivoirienne et Internationale","robots":{"index":"index","follow":"follow","max-snippet":"max-snippet:-1","max-image-preview":"max-image-preview:large","max-video-preview":"max-video-preview:-1"},"canonical":"https:\/\/www.amanien.info\/news\/lancement-des-programmes-dentrepreneuriat-2023-plus-de-35-000-jeunes-porteurs-de-projets-structurants-a-financer\/","og_locale":"fr_FR","og_type":"article","og_title":"Lancement des programmes d'entrepreneuriat 2023 : Plus de 35 000 jeunes porteurs de projets structurants \u00e0 financer - Amanien| L&#039;actualit\u00e9 Ivoirienne et Internationale","og_description":"Dans le cadre de la mise en \u0153uvre du Programme Jeunesse du Gouvernement (PJ-GOUV) 2023-2025, le Minist\u00e8re de la Promotion de la Jeunesse, de l&rsquo;Insertion Professionnelle et du Service Civique, \u00e0 travers l&rsquo;Agence Emploi Jeunes et le Bureau de Coordination des Programmes Emploi,(BCP-Emploi), a organis\u00e9, le jeudi 15 juin 2023, au Palais de la culture [&hellip;]","og_url":"https:\/\/www.amanien.info\/news\/lancement-des-programmes-dentrepreneuriat-2023-plus-de-35-000-jeunes-porteurs-de-projets-structurants-a-financer\/","og_site_name":"Amanien| L&#039;actualit\u00e9 Ivoirienne et Internationale","article_published_time":"2023-06-16T16:22:05+00:00","article_modified_time":"2023-06-16T20:33:38+00:00","og_image":[{"width":1280,"height":795,"url":"https:\/\/www.amanien.info\/news\/wp-content\/uploads\/2023\/06\/IMG-20230615-WA0063.jpg","type":"image\/jpeg"}],"author":"Germain Ndri","twitter_card":"summary_large_image","twitter_misc":{"\u00c9crit par":"Germain Ndri","Dur\u00e9e de lecture estim\u00e9e":"3 minutes"},"schema":{"@context":"https:\/\/schema.org","@graph":[{"@type":"Article","@id":"https:\/\/www.amanien.info\/news\/lancement-des-programmes-dentrepreneuriat-2023-plus-de-35-000-jeunes-porteurs-de-projets-structurants-a-financer\/#article","isPartOf":{"@id":"https:\/\/www.amanien.info\/news\/lancement-des-programmes-dentrepreneuriat-2023-plus-de-35-000-jeunes-porteurs-de-projets-structurants-a-financer\/"},"author":{"name":"Germain Ndri","@id":"https:\/\/www.amanien.info\/news\/#\/schema\/person\/b21093345753a1a98242d505bd894f42"},"headline":"Lancement des programmes d&rsquo;entrepreneuriat 2023 : Plus de 35 000 jeunes porteurs de projets structurants \u00e0 financer","datePublished":"2023-06-16T16:22:05+00:00","dateModified":"2023-06-16T20:33:38+00:00","mainEntityOfPage":{"@id":"https:\/\/www.amanien.info\/news\/lancement-des-programmes-dentrepreneuriat-2023-plus-de-35-000-jeunes-porteurs-de-projets-structurants-a-financer\/"},"wordCount":654,"image":{"@id":"https:\/\/www.amanien.info\/news\/lancement-des-programmes-dentrepreneuriat-2023-plus-de-35-000-jeunes-porteurs-de-projets-structurants-a-financer\/#primaryimage"},"thumbnailUrl":"https:\/\/www.amanien.info\/news\/wp-content\/uploads\/2023\/06\/IMG-20230615-WA0063.jpg","inLanguage":"fr-FR"},{"@type":"WebPage","@id":"https:\/\/www.amanien.info\/news\/lancement-des-programmes-dentrepreneuriat-2023-plus-de-35-000-jeunes-porteurs-de-projets-structurants-a-financer\/","url":"https:\/\/www.amanien.info\/news\/lancement-des-programmes-dentrepreneuriat-2023-plus-de-35-000-jeunes-porteurs-de-projets-structurants-a-financer\/","name":"Lancement des programmes d'entrepreneuriat 2023 : Plus de 35 000 jeunes porteurs de projets structurants \u00e0 financer - Amanien| L&#039;actualit\u00e9 Ivoirienne et Internationale","isPartOf":{"@id":"https:\/\/www.amanien.info\/news\/#website"},"primaryImageOfPage":{"@id":"https:\/\/www.amanien.info\/news\/lancement-des-programmes-dentrepreneuriat-2023-plus-de-35-000-jeunes-porteurs-de-projets-structurants-a-financer\/#primaryimage"},"image":{"@id":"https:\/\/www.amanien.info\/news\/lancement-des-programmes-dentrepreneuriat-2023-plus-de-35-000-jeunes-porteurs-de-projets-structurants-a-financer\/#primaryimage"},"thumbnailUrl":"https:\/\/www.amanien.info\/news\/wp-content\/uploads\/2023\/06\/IMG-20230615-WA0063.jpg","datePublished":"2023-06-16T16:22:05+00:00","dateModified":"2023-06-16T20:33:38+00:00","author":{"@id":"https:\/\/www.amanien.info\/news\/#\/schema\/person\/b21093345753a1a98242d505bd894f42"},"breadcrumb":{"@id":"https:\/\/www.amanien.info\/news\/lancement-des-programmes-dentrepreneuriat-2023-plus-de-35-000-jeunes-porteurs-de-projets-structurants-a-financer\/#breadcrumb"},"inLanguage":"fr-FR","potentialAction":[{"@type":"ReadAction","target":["https:\/\/www.amanien.info\/news\/lancement-des-programmes-dentrepreneuriat-2023-plus-de-35-000-jeunes-porteurs-de-projets-structurants-a-financer\/"]}]},{"@type":"ImageObject","inLanguage":"fr-FR","@id":"https:\/\/www.amanien.info\/news\/lancement-des-programmes-dentrepreneuriat-2023-plus-de-35-000-jeunes-porteurs-de-projets-structurants-a-financer\/#primaryimage","url":"https:\/\/www.amanien.info\/news\/wp-content\/uploads\/2023\/06\/IMG-20230615-WA0063.jpg","contentUrl":"https:\/\/www.amanien.info\/news\/wp-content\/uploads\/2023\/06\/IMG-20230615-WA0063.jpg","width":1280,"height":795},{"@type":"BreadcrumbList","@id":"https:\/\/www.amanien.info\/news\/lancement-des-programmes-dentrepreneuriat-2023-plus-de-35-000-jeunes-porteurs-de-projets-structurants-a-financer\/#breadcrumb","itemListElement":[{"@type":"ListItem","position":1,"name":"Accueil","item":"https:\/\/www.amanien.info\/news\/"},{"@type":"ListItem","position":2,"name":"Lancement des programmes d&rsquo;entrepreneuriat 2023 : Plus de 35 000 jeunes porteurs de projets structurants \u00e0 financer"}]},{"@type":"WebSite","@id":"https:\/\/www.amanien.info\/news\/#website","url":"https:\/\/www.amanien.info\/news\/","name":"Amanien| L&#039;actualit\u00e9 Ivoirienne et Internationale","description":"L&#039;actualit\u00e9 Ivoirienne et Internationale","potentialAction":[{"@type":"SearchAction","target":{"@type":"EntryPoint","urlTemplate":"https:\/\/www.amanien.info\/news\/?s={search_term_string}"},"query-input":{"@type":"PropertyValueSpecification","valueRequired":true,"valueName":"search_term_string"}}],"inLanguage":"fr-FR"},{"@type":"Person","@id":"https:\/\/www.amanien.info\/news\/#\/schema\/person\/b21093345753a1a98242d505bd894f42","name":"Germain Ndri","url":"https:\/\/www.amanien.info\/news\/author\/amanien-infos\/"}]}},"_links":{"self":[{"href":"https:\/\/www.amanien.info\/news\/wp-json\/wp\/v2\/posts\/4405","targetHints":{"allow":["GET"]}}],"collection":[{"href":"https:\/\/www.amanien.info\/news\/wp-json\/wp\/v2\/posts"}],"about":[{"href":"https:\/\/www.amanien.info\/news\/wp-json\/wp\/v2\/types\/post"}],"author":[{"embeddable":true,"href":"https:\/\/www.amanien.info\/news\/wp-json\/wp\/v2\/users\/2"}],"replies":[{"embeddable":true,"href":"https:\/\/www.amanien.info\/news\/wp-json\/wp\/v2\/comments?post=4405"}],"version-history":[{"count":3,"href":"https:\/\/www.amanien.info\/news\/wp-json\/wp\/v2\/posts\/4405\/revisions"}],"predecessor-version":[{"id":4413,"href":"https:\/\/www.amanien.info\/news\/wp-json\/wp\/v2\/posts\/4405\/revisions\/4413"}],"wp:featuredmedia":[{"embeddable":true,"href":"https:\/\/www.amanien.info\/news\/wp-json\/wp\/v2\/media\/4406"}],"wp:attachment":[{"href":"https:\/\/www.amanien.info\/news\/wp-json\/wp\/v2\/media?parent=4405"}],"wp:term":[{"taxonomy":"category","embeddable":true,"href":"https:\/\/www.amanien.info\/news\/wp-json\/wp\/v2\/categories?post=4405"},{"taxonomy":"post_tag","embeddable":true,"href":"https:\/\/www.amanien.info\/news\/wp-json\/wp\/v2\/tags?post=4405"}],"curies":[{"name":"wp","href":"https:\/\/api.w.org\/{rel}","templated":true}]}}