{"id":4396,"date":"2023-06-14T06:57:50","date_gmt":"2023-06-14T06:57:50","guid":{"rendered":"https:\/\/www.https:\/\/zozo.buyee.jp\/\/news\/?p=4396"},"modified":"2023-06-14T06:58:31","modified_gmt":"2023-06-14T06:58:31","slug":"port-bouet-saison-pluvieuse-et-inertie-des-autorites-municipales-djedjemel-akpalcandidat-aux-municipales-fait-letat-des-lieux-et-en","status":"publish","type":"post","link":"https:\/\/www.amanien.info\/news\/port-bouet-saison-pluvieuse-et-inertie-des-autorites-municipales-djedjemel-akpalcandidat-aux-municipales-fait-letat-des-lieux-et-en\/","title":{"rendered":"Port-Bou\u00ebt\/Saison\u00a0pluvieuse\u00a0et inertie des autorit\u00e9s municipales\u00a0:\u00a0DJEDJEMEL AKPAL,candidat\u00a0aux\u00a0municipales\u00a0fait\u00a0l&rsquo;\u00e9tat\u00a0des\u00a0lieux\u00a0et\u00a0en\u00a0appelle\u00a0\u00e0\u00a0une\u00a0action\u00a0urgente"},"content":{"rendered":"<div>La commune de Port-Bou\u00ebt, enclav\u00e9e par la mer d&rsquo;un c\u00f4t\u00e9, et d&rsquo;autre, par la lagune \u00c9bri\u00e9 se retrouve chaque ann\u00e9e sinistr\u00e9e lorsque vient la saison des pluies.<\/div>\n<div><\/div>\n<div>Cette ann\u00e9e encore, en ces d\u00e9buts de saison pluvieuse, les populations de Port-Bou\u00ebt se sont r\u00e9veill\u00e9es sous les eaux diluviennes.<\/div>\n<div>Cette situation pr\u00e9occupante au fil des ans pour les habitants de la cit\u00e9 baln\u00e9aire qui se retrouvent sous les eaux avec la menace r\u00e9elle d&rsquo;une cohabitation avec de dangereux reptiles aquatiques requiert des autorit\u00e9s communales, rest\u00e9es jusque-l\u00e0 inertes, des mesures d&rsquo;extr\u00eame urgence en faveur\u00a0 des cris de d\u00e9tresse des profondeurs des eaux.<\/div>\n<div>Au vu de ce triste et amer constat, et surtout face au silence ostensible et incompr\u00e9hensible\u00a0 des autorit\u00e9s municipales devant les innombrables d\u00e9g\u00e2ts constat\u00e9s ici et l\u00e0, et des multiples risques r\u00e9guli\u00e8rement signal\u00e9s, notamment des cas de morsures de serpents venimeux, les difficult\u00e9s voire l&rsquo;impossibilit\u00e9 d&rsquo;\u00e9vacuation de malades et autres personnes vuln\u00e9rables, de femmes enceintes, etc., les populations de Port-Bou\u00ebt, hommes, femmes, vieux, vieilles, et enfants, ne sachant plus \u00e0 quel saint se vouer, s&rsquo;interrogent, interpellent, et menacent.<\/div>\n<div>Une situation qui donne l\u00e9gitimement sujet \u00e0 r\u00e9flexion.<\/div>\n<div><\/div>\n<div><\/div>\n<div>C&rsquo;est fort de cet alarmant \u00e9tat de fait que M. DJEDJEMEL AKPA L\u00e9onard, candidat aux prochaines \u00e9lections municipales \u00e0 Port-Bou\u00ebt, voudrait en appeler aux autorit\u00e9s municipales \u00e0 assumer pleinement les responsabilit\u00e9s qui sont les leurs. Il s&rsquo;agira, en l&rsquo;occurrence, pour l&rsquo;heure, selon M DJEDJEMEL,\u00a0\u00e0 l&rsquo;endroit des autorit\u00e9s communales comp\u00e9tentes que des travaux de drainage urgents soient dans l&rsquo;imm\u00e9diat effectu\u00e9s pour apporter une solution tant soit peu transitoire aux populations sinistr\u00e9es afin de leur permettre de souffler en entendant la fin de la saison pluvieuse.<\/div>\n<div><\/div>\n<div><\/div>\n<div><b>S.A. avec Sercom\u00a0<\/b><\/div>\n<div><\/div>\n","protected":false},"excerpt":{"rendered":"<p>La commune de Port-Bou\u00ebt, enclav\u00e9e par la mer d&rsquo;un c\u00f4t\u00e9, et d&rsquo;autre, par la lagune \u00c9bri\u00e9 se retrouve chaque ann\u00e9e sinistr\u00e9e lorsque vient la saison des pluies. Cette ann\u00e9e encore, en ces d\u00e9buts de saison pluvieuse, les populations de Port-Bou\u00ebt se sont r\u00e9veill\u00e9es sous les eaux diluviennes. Cette situation pr\u00e9occupante au fil des ans pour [&hellip;]<\/p>\n","protected":false},"author":2,"featured_media":4398,"comment_status":"closed","ping_status":"closed","sticky":true,"template":"","format":"standard","meta":{"_acf_changed":false,"footnotes":""},"categories":[],"tags":[],"class_list":["post-4396","post","type-post","status-publish","format-standard","has-post-thumbnail","hentry"],"acf":[],"yoast_head":"<!-- This site is optimized with the Yoast SEO plugin v27.5 - https:\/\/yoast.com\/product\/yoast-seo-wordpress\/ -->\n<title>Port-Bou\u00ebt\/Saison\u00a0pluvieuse\u00a0et inertie des autorit\u00e9s municipales\u00a0:\u00a0DJEDJEMEL AKPAL,candidat\u00a0aux\u00a0municipales\u00a0fait\u00a0l&#039;\u00e9tat\u00a0des\u00a0lieux\u00a0et\u00a0en\u00a0appelle\u00a0\u00e0\u00a0une\u00a0action\u00a0urgente - Amanien| L&#039;actualit\u00e9 Ivoirienne et Internationale<\/title>\n<meta name=\"robots\" content=\"index, follow, max-snippet:-1, max-image-preview:large, max-video-preview:-1\" \/>\n<link rel=\"canonical\" href=\"https:\/\/www.amanien.info\/news\/port-bouet-saison-pluvieuse-et-inertie-des-autorites-municipales-djedjemel-akpalcandidat-aux-municipales-fait-letat-des-lieux-et-en\/\" \/>\n<meta property=\"og:locale\" content=\"fr_FR\" \/>\n<meta property=\"og:type\" content=\"article\" \/>\n<meta property=\"og:title\" content=\"Port-Bou\u00ebt\/Saison\u00a0pluvieuse\u00a0et inertie des autorit\u00e9s municipales\u00a0:\u00a0DJEDJEMEL AKPAL,candidat\u00a0aux\u00a0municipales\u00a0fait\u00a0l&#039;\u00e9tat\u00a0des\u00a0lieux\u00a0et\u00a0en\u00a0appelle\u00a0\u00e0\u00a0une\u00a0action\u00a0urgente - Amanien| L&#039;actualit\u00e9 Ivoirienne et Internationale\" \/>\n<meta property=\"og:description\" content=\"La commune de Port-Bou\u00ebt, enclav\u00e9e par la mer d&rsquo;un c\u00f4t\u00e9, et d&rsquo;autre, par la lagune \u00c9bri\u00e9 se retrouve chaque ann\u00e9e sinistr\u00e9e lorsque vient la saison des pluies. Cette ann\u00e9e encore, en ces d\u00e9buts de saison pluvieuse, les populations de Port-Bou\u00ebt se sont r\u00e9veill\u00e9es sous les eaux diluviennes. Cette situation pr\u00e9occupante au fil des ans pour [&hellip;]\" \/>\n<meta property=\"og:url\" content=\"https:\/\/www.amanien.info\/news\/port-bouet-saison-pluvieuse-et-inertie-des-autorites-municipales-djedjemel-akpalcandidat-aux-municipales-fait-letat-des-lieux-et-en\/\" \/>\n<meta property=\"og:site_name\" content=\"Amanien| L&#039;actualit\u00e9 Ivoirienne et Internationale\" \/>\n<meta property=\"article:published_time\" content=\"2023-06-14T06:57:50+00:00\" \/>\n<meta property=\"article:modified_time\" content=\"2023-06-14T06:58:31+00:00\" \/>\n<meta property=\"og:image\" content=\"https:\/\/www.amanien.info\/news\/wp-content\/uploads\/2023\/06\/IMG-20230613-WA0036-1.jpg\" \/>\n\t<meta property=\"og:image:width\" content=\"1071\" \/>\n\t<meta property=\"og:image:height\" content=\"852\" \/>\n\t<meta property=\"og:image:type\" content=\"image\/jpeg\" \/>\n<meta name=\"author\" content=\"Germain Ndri\" \/>\n<meta name=\"twitter:card\" content=\"summary_large_image\" \/>\n<meta name=\"twitter:label1\" content=\"\u00c9crit par\" \/>\n\t<meta name=\"twitter:data1\" content=\"Germain Ndri\" \/>\n\t<meta name=\"twitter:label2\" content=\"Dur\u00e9e de lecture estim\u00e9e\" \/>\n\t<meta name=\"twitter:data2\" content=\"2 minutes\" \/>\n<script type=\"application\/ld+json\" class=\"yoast-schema-graph\">{\"@context\":\"https:\\\/\\\/schema.org\",\"@graph\":[{\"@type\":\"Article\",\"@id\":\"https:\\\/\\\/www.amanien.info\\\/news\\\/port-bouet-saison-pluvieuse-et-inertie-des-autorites-municipales-djedjemel-akpalcandidat-aux-municipales-fait-letat-des-lieux-et-en\\\/#article\",\"isPartOf\":{\"@id\":\"https:\\\/\\\/www.amanien.info\\\/news\\\/port-bouet-saison-pluvieuse-et-inertie-des-autorites-municipales-djedjemel-akpalcandidat-aux-municipales-fait-letat-des-lieux-et-en\\\/\"},\"author\":{\"name\":\"Germain Ndri\",\"@id\":\"https:\\\/\\\/www.amanien.info\\\/news\\\/#\\\/schema\\\/person\\\/b21093345753a1a98242d505bd894f42\"},\"headline\":\"Port-Bou\u00ebt\\\/Saison\u00a0pluvieuse\u00a0et inertie des autorit\u00e9s municipales\u00a0:\u00a0DJEDJEMEL AKPAL,candidat\u00a0aux\u00a0municipales\u00a0fait\u00a0l&rsquo;\u00e9tat\u00a0des\u00a0lieux\u00a0et\u00a0en\u00a0appelle\u00a0\u00e0\u00a0une\u00a0action\u00a0urgente\",\"datePublished\":\"2023-06-14T06:57:50+00:00\",\"dateModified\":\"2023-06-14T06:58:31+00:00\",\"mainEntityOfPage\":{\"@id\":\"https:\\\/\\\/www.amanien.info\\\/news\\\/port-bouet-saison-pluvieuse-et-inertie-des-autorites-municipales-djedjemel-akpalcandidat-aux-municipales-fait-letat-des-lieux-et-en\\\/\"},\"wordCount\":347,\"image\":{\"@id\":\"https:\\\/\\\/www.amanien.info\\\/news\\\/port-bouet-saison-pluvieuse-et-inertie-des-autorites-municipales-djedjemel-akpalcandidat-aux-municipales-fait-letat-des-lieux-et-en\\\/#primaryimage\"},\"thumbnailUrl\":\"https:\\\/\\\/www.amanien.info\\\/news\\\/wp-content\\\/uploads\\\/2023\\\/06\\\/IMG-20230613-WA0036-1.jpg\",\"inLanguage\":\"fr-FR\"},{\"@type\":\"WebPage\",\"@id\":\"https:\\\/\\\/www.amanien.info\\\/news\\\/port-bouet-saison-pluvieuse-et-inertie-des-autorites-municipales-djedjemel-akpalcandidat-aux-municipales-fait-letat-des-lieux-et-en\\\/\",\"url\":\"https:\\\/\\\/www.amanien.info\\\/news\\\/port-bouet-saison-pluvieuse-et-inertie-des-autorites-municipales-djedjemel-akpalcandidat-aux-municipales-fait-letat-des-lieux-et-en\\\/\",\"name\":\"Port-Bou\u00ebt\\\/Saison\u00a0pluvieuse\u00a0et inertie des autorit\u00e9s municipales\u00a0:\u00a0DJEDJEMEL AKPAL,candidat\u00a0aux\u00a0municipales\u00a0fait\u00a0l'\u00e9tat\u00a0des\u00a0lieux\u00a0et\u00a0en\u00a0appelle\u00a0\u00e0\u00a0une\u00a0action\u00a0urgente - Amanien| L&#039;actualit\u00e9 Ivoirienne et Internationale\",\"isPartOf\":{\"@id\":\"https:\\\/\\\/www.amanien.info\\\/news\\\/#website\"},\"primaryImageOfPage\":{\"@id\":\"https:\\\/\\\/www.amanien.info\\\/news\\\/port-bouet-saison-pluvieuse-et-inertie-des-autorites-municipales-djedjemel-akpalcandidat-aux-municipales-fait-letat-des-lieux-et-en\\\/#primaryimage\"},\"image\":{\"@id\":\"https:\\\/\\\/www.amanien.info\\\/news\\\/port-bouet-saison-pluvieuse-et-inertie-des-autorites-municipales-djedjemel-akpalcandidat-aux-municipales-fait-letat-des-lieux-et-en\\\/#primaryimage\"},\"thumbnailUrl\":\"https:\\\/\\\/www.amanien.info\\\/news\\\/wp-content\\\/uploads\\\/2023\\\/06\\\/IMG-20230613-WA0036-1.jpg\",\"datePublished\":\"2023-06-14T06:57:50+00:00\",\"dateModified\":\"2023-06-14T06:58:31+00:00\",\"author\":{\"@id\":\"https:\\\/\\\/www.amanien.info\\\/news\\\/#\\\/schema\\\/person\\\/b21093345753a1a98242d505bd894f42\"},\"breadcrumb\":{\"@id\":\"https:\\\/\\\/www.amanien.info\\\/news\\\/port-bouet-saison-pluvieuse-et-inertie-des-autorites-municipales-djedjemel-akpalcandidat-aux-municipales-fait-letat-des-lieux-et-en\\\/#breadcrumb\"},\"inLanguage\":\"fr-FR\",\"potentialAction\":[{\"@type\":\"ReadAction\",\"target\":[\"https:\\\/\\\/www.amanien.info\\\/news\\\/port-bouet-saison-pluvieuse-et-inertie-des-autorites-municipales-djedjemel-akpalcandidat-aux-municipales-fait-letat-des-lieux-et-en\\\/\"]}]},{\"@type\":\"ImageObject\",\"inLanguage\":\"fr-FR\",\"@id\":\"https:\\\/\\\/www.amanien.info\\\/news\\\/port-bouet-saison-pluvieuse-et-inertie-des-autorites-municipales-djedjemel-akpalcandidat-aux-municipales-fait-letat-des-lieux-et-en\\\/#primaryimage\",\"url\":\"https:\\\/\\\/www.amanien.info\\\/news\\\/wp-content\\\/uploads\\\/2023\\\/06\\\/IMG-20230613-WA0036-1.jpg\",\"contentUrl\":\"https:\\\/\\\/www.amanien.info\\\/news\\\/wp-content\\\/uploads\\\/2023\\\/06\\\/IMG-20230613-WA0036-1.jpg\",\"width\":1071,\"height\":852},{\"@type\":\"BreadcrumbList\",\"@id\":\"https:\\\/\\\/www.amanien.info\\\/news\\\/port-bouet-saison-pluvieuse-et-inertie-des-autorites-municipales-djedjemel-akpalcandidat-aux-municipales-fait-letat-des-lieux-et-en\\\/#breadcrumb\",\"itemListElement\":[{\"@type\":\"ListItem\",\"position\":1,\"name\":\"Accueil\",\"item\":\"https:\\\/\\\/www.amanien.info\\\/news\\\/\"},{\"@type\":\"ListItem\",\"position\":2,\"name\":\"Port-Bou\u00ebt\\\/Saison\u00a0pluvieuse\u00a0et inertie des autorit\u00e9s municipales\u00a0:\u00a0DJEDJEMEL AKPAL,candidat\u00a0aux\u00a0municipales\u00a0fait\u00a0l&rsquo;\u00e9tat\u00a0des\u00a0lieux\u00a0et\u00a0en\u00a0appelle\u00a0\u00e0\u00a0une\u00a0action\u00a0urgente\"}]},{\"@type\":\"WebSite\",\"@id\":\"https:\\\/\\\/www.amanien.info\\\/news\\\/#website\",\"url\":\"https:\\\/\\\/www.amanien.info\\\/news\\\/\",\"name\":\"Amanien| L&#039;actualit\u00e9 Ivoirienne et Internationale\",\"description\":\"L&#039;actualit\u00e9 Ivoirienne et Internationale\",\"potentialAction\":[{\"@type\":\"SearchAction\",\"target\":{\"@type\":\"EntryPoint\",\"urlTemplate\":\"https:\\\/\\\/www.amanien.info\\\/news\\\/?s={search_term_string}\"},\"query-input\":{\"@type\":\"PropertyValueSpecification\",\"valueRequired\":true,\"valueName\":\"search_term_string\"}}],\"inLanguage\":\"fr-FR\"},{\"@type\":\"Person\",\"@id\":\"https:\\\/\\\/www.amanien.info\\\/news\\\/#\\\/schema\\\/person\\\/b21093345753a1a98242d505bd894f42\",\"name\":\"Germain Ndri\",\"url\":\"https:\\\/\\\/www.amanien.info\\\/news\\\/author\\\/amanien-infos\\\/\"}]}<\/script>\n<!-- \/ Yoast SEO plugin. -->","yoast_head_json":{"title":"Port-Bou\u00ebt\/Saison\u00a0pluvieuse\u00a0et inertie des autorit\u00e9s municipales\u00a0:\u00a0DJEDJEMEL AKPAL,candidat\u00a0aux\u00a0municipales\u00a0fait\u00a0l'\u00e9tat\u00a0des\u00a0lieux\u00a0et\u00a0en\u00a0appelle\u00a0\u00e0\u00a0une\u00a0action\u00a0urgente - Amanien| L&#039;actualit\u00e9 Ivoirienne et Internationale","robots":{"index":"index","follow":"follow","max-snippet":"max-snippet:-1","max-image-preview":"max-image-preview:large","max-video-preview":"max-video-preview:-1"},"canonical":"https:\/\/www.amanien.info\/news\/port-bouet-saison-pluvieuse-et-inertie-des-autorites-municipales-djedjemel-akpalcandidat-aux-municipales-fait-letat-des-lieux-et-en\/","og_locale":"fr_FR","og_type":"article","og_title":"Port-Bou\u00ebt\/Saison\u00a0pluvieuse\u00a0et inertie des autorit\u00e9s municipales\u00a0:\u00a0DJEDJEMEL AKPAL,candidat\u00a0aux\u00a0municipales\u00a0fait\u00a0l'\u00e9tat\u00a0des\u00a0lieux\u00a0et\u00a0en\u00a0appelle\u00a0\u00e0\u00a0une\u00a0action\u00a0urgente - Amanien| L&#039;actualit\u00e9 Ivoirienne et Internationale","og_description":"La commune de Port-Bou\u00ebt, enclav\u00e9e par la mer d&rsquo;un c\u00f4t\u00e9, et d&rsquo;autre, par la lagune \u00c9bri\u00e9 se retrouve chaque ann\u00e9e sinistr\u00e9e lorsque vient la saison des pluies. Cette ann\u00e9e encore, en ces d\u00e9buts de saison pluvieuse, les populations de Port-Bou\u00ebt se sont r\u00e9veill\u00e9es sous les eaux diluviennes. Cette situation pr\u00e9occupante au fil des ans pour [&hellip;]","og_url":"https:\/\/www.amanien.info\/news\/port-bouet-saison-pluvieuse-et-inertie-des-autorites-municipales-djedjemel-akpalcandidat-aux-municipales-fait-letat-des-lieux-et-en\/","og_site_name":"Amanien| L&#039;actualit\u00e9 Ivoirienne et Internationale","article_published_time":"2023-06-14T06:57:50+00:00","article_modified_time":"2023-06-14T06:58:31+00:00","og_image":[{"width":1071,"height":852,"url":"https:\/\/www.amanien.info\/news\/wp-content\/uploads\/2023\/06\/IMG-20230613-WA0036-1.jpg","type":"image\/jpeg"}],"author":"Germain Ndri","twitter_card":"summary_large_image","twitter_misc":{"\u00c9crit par":"Germain Ndri","Dur\u00e9e de lecture estim\u00e9e":"2 minutes"},"schema":{"@context":"https:\/\/schema.org","@graph":[{"@type":"Article","@id":"https:\/\/www.amanien.info\/news\/port-bouet-saison-pluvieuse-et-inertie-des-autorites-municipales-djedjemel-akpalcandidat-aux-municipales-fait-letat-des-lieux-et-en\/#article","isPartOf":{"@id":"https:\/\/www.amanien.info\/news\/port-bouet-saison-pluvieuse-et-inertie-des-autorites-municipales-djedjemel-akpalcandidat-aux-municipales-fait-letat-des-lieux-et-en\/"},"author":{"name":"Germain Ndri","@id":"https:\/\/www.amanien.info\/news\/#\/schema\/person\/b21093345753a1a98242d505bd894f42"},"headline":"Port-Bou\u00ebt\/Saison\u00a0pluvieuse\u00a0et inertie des autorit\u00e9s municipales\u00a0:\u00a0DJEDJEMEL AKPAL,candidat\u00a0aux\u00a0municipales\u00a0fait\u00a0l&rsquo;\u00e9tat\u00a0des\u00a0lieux\u00a0et\u00a0en\u00a0appelle\u00a0\u00e0\u00a0une\u00a0action\u00a0urgente","datePublished":"2023-06-14T06:57:50+00:00","dateModified":"2023-06-14T06:58:31+00:00","mainEntityOfPage":{"@id":"https:\/\/www.amanien.info\/news\/port-bouet-saison-pluvieuse-et-inertie-des-autorites-municipales-djedjemel-akpalcandidat-aux-municipales-fait-letat-des-lieux-et-en\/"},"wordCount":347,"image":{"@id":"https:\/\/www.amanien.info\/news\/port-bouet-saison-pluvieuse-et-inertie-des-autorites-municipales-djedjemel-akpalcandidat-aux-municipales-fait-letat-des-lieux-et-en\/#primaryimage"},"thumbnailUrl":"https:\/\/www.amanien.info\/news\/wp-content\/uploads\/2023\/06\/IMG-20230613-WA0036-1.jpg","inLanguage":"fr-FR"},{"@type":"WebPage","@id":"https:\/\/www.amanien.info\/news\/port-bouet-saison-pluvieuse-et-inertie-des-autorites-municipales-djedjemel-akpalcandidat-aux-municipales-fait-letat-des-lieux-et-en\/","url":"https:\/\/www.amanien.info\/news\/port-bouet-saison-pluvieuse-et-inertie-des-autorites-municipales-djedjemel-akpalcandidat-aux-municipales-fait-letat-des-lieux-et-en\/","name":"Port-Bou\u00ebt\/Saison\u00a0pluvieuse\u00a0et inertie des autorit\u00e9s municipales\u00a0:\u00a0DJEDJEMEL AKPAL,candidat\u00a0aux\u00a0municipales\u00a0fait\u00a0l'\u00e9tat\u00a0des\u00a0lieux\u00a0et\u00a0en\u00a0appelle\u00a0\u00e0\u00a0une\u00a0action\u00a0urgente - Amanien| L&#039;actualit\u00e9 Ivoirienne et Internationale","isPartOf":{"@id":"https:\/\/www.amanien.info\/news\/#website"},"primaryImageOfPage":{"@id":"https:\/\/www.amanien.info\/news\/port-bouet-saison-pluvieuse-et-inertie-des-autorites-municipales-djedjemel-akpalcandidat-aux-municipales-fait-letat-des-lieux-et-en\/#primaryimage"},"image":{"@id":"https:\/\/www.amanien.info\/news\/port-bouet-saison-pluvieuse-et-inertie-des-autorites-municipales-djedjemel-akpalcandidat-aux-municipales-fait-letat-des-lieux-et-en\/#primaryimage"},"thumbnailUrl":"https:\/\/www.amanien.info\/news\/wp-content\/uploads\/2023\/06\/IMG-20230613-WA0036-1.jpg","datePublished":"2023-06-14T06:57:50+00:00","dateModified":"2023-06-14T06:58:31+00:00","author":{"@id":"https:\/\/www.amanien.info\/news\/#\/schema\/person\/b21093345753a1a98242d505bd894f42"},"breadcrumb":{"@id":"https:\/\/www.amanien.info\/news\/port-bouet-saison-pluvieuse-et-inertie-des-autorites-municipales-djedjemel-akpalcandidat-aux-municipales-fait-letat-des-lieux-et-en\/#breadcrumb"},"inLanguage":"fr-FR","potentialAction":[{"@type":"ReadAction","target":["https:\/\/www.amanien.info\/news\/port-bouet-saison-pluvieuse-et-inertie-des-autorites-municipales-djedjemel-akpalcandidat-aux-municipales-fait-letat-des-lieux-et-en\/"]}]},{"@type":"ImageObject","inLanguage":"fr-FR","@id":"https:\/\/www.amanien.info\/news\/port-bouet-saison-pluvieuse-et-inertie-des-autorites-municipales-djedjemel-akpalcandidat-aux-municipales-fait-letat-des-lieux-et-en\/#primaryimage","url":"https:\/\/www.amanien.info\/news\/wp-content\/uploads\/2023\/06\/IMG-20230613-WA0036-1.jpg","contentUrl":"https:\/\/www.amanien.info\/news\/wp-content\/uploads\/2023\/06\/IMG-20230613-WA0036-1.jpg","width":1071,"height":852},{"@type":"BreadcrumbList","@id":"https:\/\/www.amanien.info\/news\/port-bouet-saison-pluvieuse-et-inertie-des-autorites-municipales-djedjemel-akpalcandidat-aux-municipales-fait-letat-des-lieux-et-en\/#breadcrumb","itemListElement":[{"@type":"ListItem","position":1,"name":"Accueil","item":"https:\/\/www.amanien.info\/news\/"},{"@type":"ListItem","position":2,"name":"Port-Bou\u00ebt\/Saison\u00a0pluvieuse\u00a0et inertie des autorit\u00e9s municipales\u00a0:\u00a0DJEDJEMEL AKPAL,candidat\u00a0aux\u00a0municipales\u00a0fait\u00a0l&rsquo;\u00e9tat\u00a0des\u00a0lieux\u00a0et\u00a0en\u00a0appelle\u00a0\u00e0\u00a0une\u00a0action\u00a0urgente"}]},{"@type":"WebSite","@id":"https:\/\/www.amanien.info\/news\/#website","url":"https:\/\/www.amanien.info\/news\/","name":"Amanien| L&#039;actualit\u00e9 Ivoirienne et Internationale","description":"L&#039;actualit\u00e9 Ivoirienne et Internationale","potentialAction":[{"@type":"SearchAction","target":{"@type":"EntryPoint","urlTemplate":"https:\/\/www.amanien.info\/news\/?s={search_term_string}"},"query-input":{"@type":"PropertyValueSpecification","valueRequired":true,"valueName":"search_term_string"}}],"inLanguage":"fr-FR"},{"@type":"Person","@id":"https:\/\/www.amanien.info\/news\/#\/schema\/person\/b21093345753a1a98242d505bd894f42","name":"Germain Ndri","url":"https:\/\/www.amanien.info\/news\/author\/amanien-infos\/"}]}},"_links":{"self":[{"href":"https:\/\/www.amanien.info\/news\/wp-json\/wp\/v2\/posts\/4396","targetHints":{"allow":["GET"]}}],"collection":[{"href":"https:\/\/www.amanien.info\/news\/wp-json\/wp\/v2\/posts"}],"about":[{"href":"https:\/\/www.amanien.info\/news\/wp-json\/wp\/v2\/types\/post"}],"author":[{"embeddable":true,"href":"https:\/\/www.amanien.info\/news\/wp-json\/wp\/v2\/users\/2"}],"replies":[{"embeddable":true,"href":"https:\/\/www.amanien.info\/news\/wp-json\/wp\/v2\/comments?post=4396"}],"version-history":[{"count":1,"href":"https:\/\/www.amanien.info\/news\/wp-json\/wp\/v2\/posts\/4396\/revisions"}],"predecessor-version":[{"id":4399,"href":"https:\/\/www.amanien.info\/news\/wp-json\/wp\/v2\/posts\/4396\/revisions\/4399"}],"wp:featuredmedia":[{"embeddable":true,"href":"https:\/\/www.amanien.info\/news\/wp-json\/wp\/v2\/media\/4398"}],"wp:attachment":[{"href":"https:\/\/www.amanien.info\/news\/wp-json\/wp\/v2\/media?parent=4396"}],"wp:term":[{"taxonomy":"category","embeddable":true,"href":"https:\/\/www.amanien.info\/news\/wp-json\/wp\/v2\/categories?post=4396"},{"taxonomy":"post_tag","embeddable":true,"href":"https:\/\/www.amanien.info\/news\/wp-json\/wp\/v2\/tags?post=4396"}],"curies":[{"name":"wp","href":"https:\/\/api.w.org\/{rel}","templated":true}]}}