{"id":4379,"date":"2023-06-12T14:23:48","date_gmt":"2023-06-12T14:23:48","guid":{"rendered":"https:\/\/www.https:\/\/zozo.buyee.jp\/\/news\/?p=4379"},"modified":"2023-06-12T14:24:32","modified_gmt":"2023-06-12T14:24:32","slug":"journee-mondiale-de-lenvironnement-la-cote-divoire-engagee-a-combattre-la-pollution-plastique","status":"publish","type":"post","link":"https:\/\/www.amanien.info\/news\/journee-mondiale-de-lenvironnement-la-cote-divoire-engagee-a-combattre-la-pollution-plastique\/","title":{"rendered":"JOURN\u00c9E MONDIALE DE L&rsquo;ENVIRONNEMENT : LA COTE D&rsquo;IVOIRE ENGAG\u00c9E A COMBATTRE LA POLLUTION PLASTIQUE"},"content":{"rendered":"<div>Le ministre de l\u2019Environnement et du D\u00e9veloppement durable, Jean-Luc Assi, a r\u00e9affirm\u00e9 l\u2019engagement de la C\u00f4te d\u2019Ivoire \u00e0 combattre la pollution plastique, ce lundi, \u00e0 Abidjan-Cocody, \u00e0 l\u2019occasion du 50\u00e8me anniversaire de la Comm\u00e9moration de la Journ\u00e9e mondiale de l&rsquo;Environnement (JME) en C\u00f4te d\u2019Ivoire, en partenariat avec les Pays-Bas. C&rsquo;\u00e9tait en pr\u00e9sence du ministre de l&rsquo;Hydraulique, de l&rsquo;Assainissement et de la Salubrit\u00e9, Bouak\u00e9 Fofana, repr\u00e9sentant le Premier Ministre.<\/div>\n<div><\/div>\n<div>Cette c\u00e9r\u00e9monie organis\u00e9e par le minist\u00e8re de l\u2019Environnement et du D\u00e9veloppement durable, le Programme des Nations Unies pour l\u2019Environnement (PNUE) et la Banque africaine de D\u00e9veloppement (BAD), se d\u00e9roule du 2 au 6 juin 2023 autour du th\u00e8me : \u00ab Solutions \u00e0 la pollution plastique \u00bb.<\/div>\n<div><\/div>\n<div>Cette c\u00e9l\u00e9bration en C\u00f4te d\u2019Ivoire vise \u00e0 sensibiliser l\u2019ensemble des populations sur les solutions actuelles de lutte contre la pollution plastique pour la protection de l&rsquo;environnement et le bien-\u00eatre des g\u00e9n\u00e9rations pr\u00e9sentes et futures.<\/div>\n<div><\/div>\n<div>\u00ab Soyons tous sensibilis\u00e9s au combat contre la pollution plastique, agissons maintenant et disons tous \u2018\u2019Halte \u00e0 la pollution plastique\u2019\u2019 \u00bb, a d\u00e9clar\u00e9 le ministre Jean-Luc Assi, \u00e0 l\u2019endroit des experts, des collectivit\u00e9s locales, de la jeunesse, de la soci\u00e9t\u00e9 civile et du secteur priv\u00e9 pr\u00e9sents \u00e0 cette occasion.<\/div>\n<div><\/div>\n<div>\u00c0 l\u2019en croire, la C\u00f4te d\u2019Ivoire continuera \u00e0 mener des actions en renfor\u00e7ant le partenariat public-priv\u00e9, en accompagnant plusieurs entreprises dans la gestion durable des d\u00e9chets plastiques au travers d\u2019une approche d\u2019\u00e9conomie circulaire, de cr\u00e9ation d\u2019emplois verts, de changement profond dans le comportement du citoyen et de mise en place d\u2019un cadre juridique renforc\u00e9 et incitatif. \u00ab L\u2019\u00e9ducation environnementale de nos enfants et des jeunes sera renforc\u00e9e. Nous disposerons bient\u00f4t d\u2019un nouveau code de l\u2019environnement. Il mettra l\u2019accent sur la responsabilit\u00e9 \u00e9largie du producteur et le principe pollueur-payeur en vue d\u2019une protection plus efficiente de l\u2019environnement \u00bb, a-t-il ajout\u00e9.<\/div>\n<div><\/div>\n<div>Pour la directrice ex\u00e9cutive du PNUE, Ingen Andersen, la C\u00f4te d\u2019Ivoire, en accueillant la JME, fait preuve d\u2019un engagement fort contre les crises du changement climatique, de la perte de la nature et de la biodiversit\u00e9, et de la pollution et des d\u00e9chets. Elle a appel\u00e9 \u00e0 mettre fin \u00e0 la pollution plastique pour la prosp\u00e9rit\u00e9 et la sant\u00e9 de la plan\u00e8te, rappelant que la pollution plastique est une grave menace pour l\u2019\u00e9cosyst\u00e8me, la sant\u00e9 humaine et le climat.<\/div>\n<div><\/div>\n<div>En outre, le Programme des Nations Unies pour le D\u00e9veloppement (PNUD) a anim\u00e9 un stand sur le combat contre la pollution plastique et les opportunit\u00e9s socio-\u00e9conomiques durables. \u00c0 cet effet, des projets innovants du PNUD ont \u00e9t\u00e9 expos\u00e9s. Il s\u2019agit, entre autres, de pav\u00e9s fabriqu\u00e9s \u00e0 base de d\u00e9chets plastiques recycl\u00e9s.<\/div>\n<div><\/div>\n<div>Notons que la C\u00f4te d\u2019Ivoire a pris, en 2013, le d\u00e9cret n\u00b0 2013-327 du 22 mai 2013 portant interdiction de la production, de l&rsquo;importation, de la commercialisation, de la d\u00e9tention et de l&rsquo;utilisation des sachets plastiques.<\/div>\n<div><\/div>\n<div><\/div>\n<div><b>S.A.<\/b><\/div>\n<div><\/div>\n","protected":false},"excerpt":{"rendered":"<p>Le ministre de l\u2019Environnement et du D\u00e9veloppement durable, Jean-Luc Assi, a r\u00e9affirm\u00e9 l\u2019engagement de la C\u00f4te d\u2019Ivoire \u00e0 combattre la pollution plastique, ce lundi, \u00e0 Abidjan-Cocody, \u00e0 l\u2019occasion du 50\u00e8me anniversaire de la Comm\u00e9moration de la Journ\u00e9e mondiale de l&rsquo;Environnement (JME) en C\u00f4te d\u2019Ivoire, en partenariat avec les Pays-Bas. C&rsquo;\u00e9tait en pr\u00e9sence du ministre de [&hellip;]<\/p>\n","protected":false},"author":2,"featured_media":4380,"comment_status":"closed","ping_status":"closed","sticky":true,"template":"","format":"standard","meta":{"_acf_changed":false,"footnotes":""},"categories":[],"tags":[],"class_list":["post-4379","post","type-post","status-publish","format-standard","has-post-thumbnail","hentry"],"acf":[],"yoast_head":"<!-- This site is optimized with the Yoast SEO plugin v27.5 - https:\/\/yoast.com\/product\/yoast-seo-wordpress\/ -->\n<title>JOURN\u00c9E MONDIALE DE L&#039;ENVIRONNEMENT : LA COTE D&#039;IVOIRE ENGAG\u00c9E A COMBATTRE LA POLLUTION PLASTIQUE - Amanien| L&#039;actualit\u00e9 Ivoirienne et Internationale<\/title>\n<meta name=\"robots\" content=\"index, follow, max-snippet:-1, max-image-preview:large, max-video-preview:-1\" \/>\n<link rel=\"canonical\" href=\"https:\/\/www.amanien.info\/news\/journee-mondiale-de-lenvironnement-la-cote-divoire-engagee-a-combattre-la-pollution-plastique\/\" \/>\n<meta property=\"og:locale\" content=\"fr_FR\" \/>\n<meta property=\"og:type\" content=\"article\" \/>\n<meta property=\"og:title\" content=\"JOURN\u00c9E MONDIALE DE L&#039;ENVIRONNEMENT : LA COTE D&#039;IVOIRE ENGAG\u00c9E A COMBATTRE LA POLLUTION PLASTIQUE - Amanien| L&#039;actualit\u00e9 Ivoirienne et Internationale\" \/>\n<meta property=\"og:description\" content=\"Le ministre de l\u2019Environnement et du D\u00e9veloppement durable, Jean-Luc Assi, a r\u00e9affirm\u00e9 l\u2019engagement de la C\u00f4te d\u2019Ivoire \u00e0 combattre la pollution plastique, ce lundi, \u00e0 Abidjan-Cocody, \u00e0 l\u2019occasion du 50\u00e8me anniversaire de la Comm\u00e9moration de la Journ\u00e9e mondiale de l&rsquo;Environnement (JME) en C\u00f4te d\u2019Ivoire, en partenariat avec les Pays-Bas. C&rsquo;\u00e9tait en pr\u00e9sence du ministre de [&hellip;]\" \/>\n<meta property=\"og:url\" content=\"https:\/\/www.amanien.info\/news\/journee-mondiale-de-lenvironnement-la-cote-divoire-engagee-a-combattre-la-pollution-plastique\/\" \/>\n<meta property=\"og:site_name\" content=\"Amanien| L&#039;actualit\u00e9 Ivoirienne et Internationale\" \/>\n<meta property=\"article:published_time\" content=\"2023-06-12T14:23:48+00:00\" \/>\n<meta property=\"article:modified_time\" content=\"2023-06-12T14:24:32+00:00\" \/>\n<meta property=\"og:image\" content=\"https:\/\/www.amanien.info\/news\/wp-content\/uploads\/2023\/06\/ghfhdg11111fhjkhgfd67777677876776-1.jpg\" \/>\n\t<meta property=\"og:image:width\" content=\"1801\" \/>\n\t<meta property=\"og:image:height\" content=\"1200\" \/>\n\t<meta property=\"og:image:type\" content=\"image\/jpeg\" \/>\n<meta name=\"author\" content=\"Germain Ndri\" \/>\n<meta name=\"twitter:card\" content=\"summary_large_image\" \/>\n<meta name=\"twitter:label1\" content=\"\u00c9crit par\" \/>\n\t<meta name=\"twitter:data1\" content=\"Germain Ndri\" \/>\n\t<meta name=\"twitter:label2\" content=\"Dur\u00e9e de lecture estim\u00e9e\" \/>\n\t<meta name=\"twitter:data2\" content=\"3 minutes\" \/>\n<script type=\"application\/ld+json\" class=\"yoast-schema-graph\">{\"@context\":\"https:\\\/\\\/schema.org\",\"@graph\":[{\"@type\":\"Article\",\"@id\":\"https:\\\/\\\/www.amanien.info\\\/news\\\/journee-mondiale-de-lenvironnement-la-cote-divoire-engagee-a-combattre-la-pollution-plastique\\\/#article\",\"isPartOf\":{\"@id\":\"https:\\\/\\\/www.amanien.info\\\/news\\\/journee-mondiale-de-lenvironnement-la-cote-divoire-engagee-a-combattre-la-pollution-plastique\\\/\"},\"author\":{\"name\":\"Germain Ndri\",\"@id\":\"https:\\\/\\\/www.amanien.info\\\/news\\\/#\\\/schema\\\/person\\\/b21093345753a1a98242d505bd894f42\"},\"headline\":\"JOURN\u00c9E MONDIALE DE L&rsquo;ENVIRONNEMENT : LA COTE D&rsquo;IVOIRE ENGAG\u00c9E A COMBATTRE LA POLLUTION PLASTIQUE\",\"datePublished\":\"2023-06-12T14:23:48+00:00\",\"dateModified\":\"2023-06-12T14:24:32+00:00\",\"mainEntityOfPage\":{\"@id\":\"https:\\\/\\\/www.amanien.info\\\/news\\\/journee-mondiale-de-lenvironnement-la-cote-divoire-engagee-a-combattre-la-pollution-plastique\\\/\"},\"wordCount\":539,\"image\":{\"@id\":\"https:\\\/\\\/www.amanien.info\\\/news\\\/journee-mondiale-de-lenvironnement-la-cote-divoire-engagee-a-combattre-la-pollution-plastique\\\/#primaryimage\"},\"thumbnailUrl\":\"https:\\\/\\\/www.amanien.info\\\/news\\\/wp-content\\\/uploads\\\/2023\\\/06\\\/ghfhdg11111fhjkhgfd67777677876776-1.jpg\",\"inLanguage\":\"fr-FR\"},{\"@type\":\"WebPage\",\"@id\":\"https:\\\/\\\/www.amanien.info\\\/news\\\/journee-mondiale-de-lenvironnement-la-cote-divoire-engagee-a-combattre-la-pollution-plastique\\\/\",\"url\":\"https:\\\/\\\/www.amanien.info\\\/news\\\/journee-mondiale-de-lenvironnement-la-cote-divoire-engagee-a-combattre-la-pollution-plastique\\\/\",\"name\":\"JOURN\u00c9E MONDIALE DE L'ENVIRONNEMENT : LA COTE D'IVOIRE ENGAG\u00c9E A COMBATTRE LA POLLUTION PLASTIQUE - Amanien| L&#039;actualit\u00e9 Ivoirienne et Internationale\",\"isPartOf\":{\"@id\":\"https:\\\/\\\/www.amanien.info\\\/news\\\/#website\"},\"primaryImageOfPage\":{\"@id\":\"https:\\\/\\\/www.amanien.info\\\/news\\\/journee-mondiale-de-lenvironnement-la-cote-divoire-engagee-a-combattre-la-pollution-plastique\\\/#primaryimage\"},\"image\":{\"@id\":\"https:\\\/\\\/www.amanien.info\\\/news\\\/journee-mondiale-de-lenvironnement-la-cote-divoire-engagee-a-combattre-la-pollution-plastique\\\/#primaryimage\"},\"thumbnailUrl\":\"https:\\\/\\\/www.amanien.info\\\/news\\\/wp-content\\\/uploads\\\/2023\\\/06\\\/ghfhdg11111fhjkhgfd67777677876776-1.jpg\",\"datePublished\":\"2023-06-12T14:23:48+00:00\",\"dateModified\":\"2023-06-12T14:24:32+00:00\",\"author\":{\"@id\":\"https:\\\/\\\/www.amanien.info\\\/news\\\/#\\\/schema\\\/person\\\/b21093345753a1a98242d505bd894f42\"},\"breadcrumb\":{\"@id\":\"https:\\\/\\\/www.amanien.info\\\/news\\\/journee-mondiale-de-lenvironnement-la-cote-divoire-engagee-a-combattre-la-pollution-plastique\\\/#breadcrumb\"},\"inLanguage\":\"fr-FR\",\"potentialAction\":[{\"@type\":\"ReadAction\",\"target\":[\"https:\\\/\\\/www.amanien.info\\\/news\\\/journee-mondiale-de-lenvironnement-la-cote-divoire-engagee-a-combattre-la-pollution-plastique\\\/\"]}]},{\"@type\":\"ImageObject\",\"inLanguage\":\"fr-FR\",\"@id\":\"https:\\\/\\\/www.amanien.info\\\/news\\\/journee-mondiale-de-lenvironnement-la-cote-divoire-engagee-a-combattre-la-pollution-plastique\\\/#primaryimage\",\"url\":\"https:\\\/\\\/www.amanien.info\\\/news\\\/wp-content\\\/uploads\\\/2023\\\/06\\\/ghfhdg11111fhjkhgfd67777677876776-1.jpg\",\"contentUrl\":\"https:\\\/\\\/www.amanien.info\\\/news\\\/wp-content\\\/uploads\\\/2023\\\/06\\\/ghfhdg11111fhjkhgfd67777677876776-1.jpg\",\"width\":1801,\"height\":1200},{\"@type\":\"BreadcrumbList\",\"@id\":\"https:\\\/\\\/www.amanien.info\\\/news\\\/journee-mondiale-de-lenvironnement-la-cote-divoire-engagee-a-combattre-la-pollution-plastique\\\/#breadcrumb\",\"itemListElement\":[{\"@type\":\"ListItem\",\"position\":1,\"name\":\"Accueil\",\"item\":\"https:\\\/\\\/www.amanien.info\\\/news\\\/\"},{\"@type\":\"ListItem\",\"position\":2,\"name\":\"JOURN\u00c9E MONDIALE DE L&rsquo;ENVIRONNEMENT : LA COTE D&rsquo;IVOIRE ENGAG\u00c9E A COMBATTRE LA POLLUTION PLASTIQUE\"}]},{\"@type\":\"WebSite\",\"@id\":\"https:\\\/\\\/www.amanien.info\\\/news\\\/#website\",\"url\":\"https:\\\/\\\/www.amanien.info\\\/news\\\/\",\"name\":\"Amanien| L&#039;actualit\u00e9 Ivoirienne et Internationale\",\"description\":\"L&#039;actualit\u00e9 Ivoirienne et Internationale\",\"potentialAction\":[{\"@type\":\"SearchAction\",\"target\":{\"@type\":\"EntryPoint\",\"urlTemplate\":\"https:\\\/\\\/www.amanien.info\\\/news\\\/?s={search_term_string}\"},\"query-input\":{\"@type\":\"PropertyValueSpecification\",\"valueRequired\":true,\"valueName\":\"search_term_string\"}}],\"inLanguage\":\"fr-FR\"},{\"@type\":\"Person\",\"@id\":\"https:\\\/\\\/www.amanien.info\\\/news\\\/#\\\/schema\\\/person\\\/b21093345753a1a98242d505bd894f42\",\"name\":\"Germain Ndri\",\"url\":\"https:\\\/\\\/www.amanien.info\\\/news\\\/author\\\/amanien-infos\\\/\"}]}<\/script>\n<!-- \/ Yoast SEO plugin. -->","yoast_head_json":{"title":"JOURN\u00c9E MONDIALE DE L'ENVIRONNEMENT : LA COTE D'IVOIRE ENGAG\u00c9E A COMBATTRE LA POLLUTION PLASTIQUE - Amanien| L&#039;actualit\u00e9 Ivoirienne et Internationale","robots":{"index":"index","follow":"follow","max-snippet":"max-snippet:-1","max-image-preview":"max-image-preview:large","max-video-preview":"max-video-preview:-1"},"canonical":"https:\/\/www.amanien.info\/news\/journee-mondiale-de-lenvironnement-la-cote-divoire-engagee-a-combattre-la-pollution-plastique\/","og_locale":"fr_FR","og_type":"article","og_title":"JOURN\u00c9E MONDIALE DE L'ENVIRONNEMENT : LA COTE D'IVOIRE ENGAG\u00c9E A COMBATTRE LA POLLUTION PLASTIQUE - Amanien| L&#039;actualit\u00e9 Ivoirienne et Internationale","og_description":"Le ministre de l\u2019Environnement et du D\u00e9veloppement durable, Jean-Luc Assi, a r\u00e9affirm\u00e9 l\u2019engagement de la C\u00f4te d\u2019Ivoire \u00e0 combattre la pollution plastique, ce lundi, \u00e0 Abidjan-Cocody, \u00e0 l\u2019occasion du 50\u00e8me anniversaire de la Comm\u00e9moration de la Journ\u00e9e mondiale de l&rsquo;Environnement (JME) en C\u00f4te d\u2019Ivoire, en partenariat avec les Pays-Bas. C&rsquo;\u00e9tait en pr\u00e9sence du ministre de [&hellip;]","og_url":"https:\/\/www.amanien.info\/news\/journee-mondiale-de-lenvironnement-la-cote-divoire-engagee-a-combattre-la-pollution-plastique\/","og_site_name":"Amanien| L&#039;actualit\u00e9 Ivoirienne et Internationale","article_published_time":"2023-06-12T14:23:48+00:00","article_modified_time":"2023-06-12T14:24:32+00:00","og_image":[{"width":1801,"height":1200,"url":"https:\/\/www.amanien.info\/news\/wp-content\/uploads\/2023\/06\/ghfhdg11111fhjkhgfd67777677876776-1.jpg","type":"image\/jpeg"}],"author":"Germain Ndri","twitter_card":"summary_large_image","twitter_misc":{"\u00c9crit par":"Germain Ndri","Dur\u00e9e de lecture estim\u00e9e":"3 minutes"},"schema":{"@context":"https:\/\/schema.org","@graph":[{"@type":"Article","@id":"https:\/\/www.amanien.info\/news\/journee-mondiale-de-lenvironnement-la-cote-divoire-engagee-a-combattre-la-pollution-plastique\/#article","isPartOf":{"@id":"https:\/\/www.amanien.info\/news\/journee-mondiale-de-lenvironnement-la-cote-divoire-engagee-a-combattre-la-pollution-plastique\/"},"author":{"name":"Germain Ndri","@id":"https:\/\/www.amanien.info\/news\/#\/schema\/person\/b21093345753a1a98242d505bd894f42"},"headline":"JOURN\u00c9E MONDIALE DE L&rsquo;ENVIRONNEMENT : LA COTE D&rsquo;IVOIRE ENGAG\u00c9E A COMBATTRE LA POLLUTION PLASTIQUE","datePublished":"2023-06-12T14:23:48+00:00","dateModified":"2023-06-12T14:24:32+00:00","mainEntityOfPage":{"@id":"https:\/\/www.amanien.info\/news\/journee-mondiale-de-lenvironnement-la-cote-divoire-engagee-a-combattre-la-pollution-plastique\/"},"wordCount":539,"image":{"@id":"https:\/\/www.amanien.info\/news\/journee-mondiale-de-lenvironnement-la-cote-divoire-engagee-a-combattre-la-pollution-plastique\/#primaryimage"},"thumbnailUrl":"https:\/\/www.amanien.info\/news\/wp-content\/uploads\/2023\/06\/ghfhdg11111fhjkhgfd67777677876776-1.jpg","inLanguage":"fr-FR"},{"@type":"WebPage","@id":"https:\/\/www.amanien.info\/news\/journee-mondiale-de-lenvironnement-la-cote-divoire-engagee-a-combattre-la-pollution-plastique\/","url":"https:\/\/www.amanien.info\/news\/journee-mondiale-de-lenvironnement-la-cote-divoire-engagee-a-combattre-la-pollution-plastique\/","name":"JOURN\u00c9E MONDIALE DE L'ENVIRONNEMENT : LA COTE D'IVOIRE ENGAG\u00c9E A COMBATTRE LA POLLUTION PLASTIQUE - Amanien| L&#039;actualit\u00e9 Ivoirienne et Internationale","isPartOf":{"@id":"https:\/\/www.amanien.info\/news\/#website"},"primaryImageOfPage":{"@id":"https:\/\/www.amanien.info\/news\/journee-mondiale-de-lenvironnement-la-cote-divoire-engagee-a-combattre-la-pollution-plastique\/#primaryimage"},"image":{"@id":"https:\/\/www.amanien.info\/news\/journee-mondiale-de-lenvironnement-la-cote-divoire-engagee-a-combattre-la-pollution-plastique\/#primaryimage"},"thumbnailUrl":"https:\/\/www.amanien.info\/news\/wp-content\/uploads\/2023\/06\/ghfhdg11111fhjkhgfd67777677876776-1.jpg","datePublished":"2023-06-12T14:23:48+00:00","dateModified":"2023-06-12T14:24:32+00:00","author":{"@id":"https:\/\/www.amanien.info\/news\/#\/schema\/person\/b21093345753a1a98242d505bd894f42"},"breadcrumb":{"@id":"https:\/\/www.amanien.info\/news\/journee-mondiale-de-lenvironnement-la-cote-divoire-engagee-a-combattre-la-pollution-plastique\/#breadcrumb"},"inLanguage":"fr-FR","potentialAction":[{"@type":"ReadAction","target":["https:\/\/www.amanien.info\/news\/journee-mondiale-de-lenvironnement-la-cote-divoire-engagee-a-combattre-la-pollution-plastique\/"]}]},{"@type":"ImageObject","inLanguage":"fr-FR","@id":"https:\/\/www.amanien.info\/news\/journee-mondiale-de-lenvironnement-la-cote-divoire-engagee-a-combattre-la-pollution-plastique\/#primaryimage","url":"https:\/\/www.amanien.info\/news\/wp-content\/uploads\/2023\/06\/ghfhdg11111fhjkhgfd67777677876776-1.jpg","contentUrl":"https:\/\/www.amanien.info\/news\/wp-content\/uploads\/2023\/06\/ghfhdg11111fhjkhgfd67777677876776-1.jpg","width":1801,"height":1200},{"@type":"BreadcrumbList","@id":"https:\/\/www.amanien.info\/news\/journee-mondiale-de-lenvironnement-la-cote-divoire-engagee-a-combattre-la-pollution-plastique\/#breadcrumb","itemListElement":[{"@type":"ListItem","position":1,"name":"Accueil","item":"https:\/\/www.amanien.info\/news\/"},{"@type":"ListItem","position":2,"name":"JOURN\u00c9E MONDIALE DE L&rsquo;ENVIRONNEMENT : LA COTE D&rsquo;IVOIRE ENGAG\u00c9E A COMBATTRE LA POLLUTION PLASTIQUE"}]},{"@type":"WebSite","@id":"https:\/\/www.amanien.info\/news\/#website","url":"https:\/\/www.amanien.info\/news\/","name":"Amanien| L&#039;actualit\u00e9 Ivoirienne et Internationale","description":"L&#039;actualit\u00e9 Ivoirienne et Internationale","potentialAction":[{"@type":"SearchAction","target":{"@type":"EntryPoint","urlTemplate":"https:\/\/www.amanien.info\/news\/?s={search_term_string}"},"query-input":{"@type":"PropertyValueSpecification","valueRequired":true,"valueName":"search_term_string"}}],"inLanguage":"fr-FR"},{"@type":"Person","@id":"https:\/\/www.amanien.info\/news\/#\/schema\/person\/b21093345753a1a98242d505bd894f42","name":"Germain Ndri","url":"https:\/\/www.amanien.info\/news\/author\/amanien-infos\/"}]}},"_links":{"self":[{"href":"https:\/\/www.amanien.info\/news\/wp-json\/wp\/v2\/posts\/4379","targetHints":{"allow":["GET"]}}],"collection":[{"href":"https:\/\/www.amanien.info\/news\/wp-json\/wp\/v2\/posts"}],"about":[{"href":"https:\/\/www.amanien.info\/news\/wp-json\/wp\/v2\/types\/post"}],"author":[{"embeddable":true,"href":"https:\/\/www.amanien.info\/news\/wp-json\/wp\/v2\/users\/2"}],"replies":[{"embeddable":true,"href":"https:\/\/www.amanien.info\/news\/wp-json\/wp\/v2\/comments?post=4379"}],"version-history":[{"count":1,"href":"https:\/\/www.amanien.info\/news\/wp-json\/wp\/v2\/posts\/4379\/revisions"}],"predecessor-version":[{"id":4381,"href":"https:\/\/www.amanien.info\/news\/wp-json\/wp\/v2\/posts\/4379\/revisions\/4381"}],"wp:featuredmedia":[{"embeddable":true,"href":"https:\/\/www.amanien.info\/news\/wp-json\/wp\/v2\/media\/4380"}],"wp:attachment":[{"href":"https:\/\/www.amanien.info\/news\/wp-json\/wp\/v2\/media?parent=4379"}],"wp:term":[{"taxonomy":"category","embeddable":true,"href":"https:\/\/www.amanien.info\/news\/wp-json\/wp\/v2\/categories?post=4379"},{"taxonomy":"post_tag","embeddable":true,"href":"https:\/\/www.amanien.info\/news\/wp-json\/wp\/v2\/tags?post=4379"}],"curies":[{"name":"wp","href":"https:\/\/api.w.org\/{rel}","templated":true}]}}