{"id":4358,"date":"2023-06-10T12:55:21","date_gmt":"2023-06-10T12:55:21","guid":{"rendered":"https:\/\/www.https:\/\/zozo.buyee.jp\/\/news\/?p=4358"},"modified":"2023-06-10T12:56:20","modified_gmt":"2023-06-10T12:56:20","slug":"institut-national-des-aveugles-le-pcaci-apporte-son-appui","status":"publish","type":"post","link":"https:\/\/www.amanien.info\/news\/institut-national-des-aveugles-le-pcaci-apporte-son-appui\/","title":{"rendered":"Institut national des aveugles: Le PCACI apporte son appui"},"content":{"rendered":"<p>L&rsquo; institut national Ivoirien pour la promotion des aveugles ( INIPA), a re\u00e7u le vendredi 9 juin, un don du pr\u00e9sident du patronat des commer\u00e7ants et artisans de C\u00f4te d&rsquo; Ivoire ( PCACI), Traor\u00e9 Gnoumaplin Ibrahim, pr\u00e9sident du conseil d&rsquo;administration du groupe Catel et ancien pr\u00e9sident du conseil g\u00e9n\u00e9ral du Hambol. Ce don constitu\u00e9 de 6 ballons sonores pour la pratique du cecifoot et d&rsquo; une enveloppe de cinq cent mille francs, a \u00e9t\u00e9 remis par\u00a0 Pierre Djibril Coulibaly, pr\u00e9sident des salons Abidjan Innova et vice pr\u00e9sident du PCACI, accompagn\u00e9 du fils du donateur Traor\u00e9 Alassane. \u00a0\u00bb Je veux d&rsquo; abord remercier et\u00a0 f\u00e9liciter la direction et le personnel\u00a0 pour le bon accueil qui a \u00e9t\u00e9 r\u00e9serv\u00e9 \u00e0 la d\u00e9l\u00e9gation que je conduit. Nous sommes venus parce que le pr\u00e9sident Traor\u00e9 Gnoumaplin est en voyage aux Etats Unis et il m&rsquo; a charg\u00e9 de venir remettre ce don. Nous pensons qu&rsquo; \u00e0 travers le sport les pensionnaires pourront s&rsquo; \u00e9panouir. J&rsquo; ai \u00e9t\u00e9 impressionn\u00e9 d&rsquo; apprendre qu&rsquo; ils pr\u00e9parent une Can qui va se d\u00e9rouler au Maroc\u00a0\u00bb a dit le vice pr\u00e9sident du PCACI. Il a ajout\u00e9 qu&rsquo; \u00e0 son retour de voyage le Pr\u00e9sident Traor\u00e9 va rencontrer la direction, pour voir ce qu&rsquo; il peut faire pour soutenir l&rsquo; Inipa.<\/p>\n<div><\/div>\n<div>Le Directeur g\u00e9n\u00e9ral de l&rsquo; institut national des aveugles Pokou Komenan dit Anzoumana a remerci\u00e9 le donateur et la d\u00e9l\u00e9gation pour cet appui. \u00a0\u00bb D\u00eetes merci \u00e0 M. Traor\u00e9 et que Dieu le b\u00e9nisse, qu&rsquo; il r\u00e9ussisse tout ce qu&rsquo; il va entreprendre. Qu&rsquo; il vous b\u00e9nisse \u00e9galement. Je remercie le ministre des affaires sociales qui nous fait confiance. Le gouvernement ne peut tout faire seul et nous comptons sur les bonnes volont\u00e9s comme vous qui nous apportent de l&rsquo; aide\u00a0\u00bb a soulign\u00e9 le Directeur G\u00e9n\u00e9ral. Selon lui, si les non voyants sont dans l&rsquo; administration c&rsquo;est gr\u00e2ce \u00e0 l&rsquo; Inipa. Le porte parole des r\u00e9cipiendaires B. Alexandre, \u00e9l\u00e8ve en classe de terminal, a traduit sa gratitude au donateur.<\/div>\n<div>L&rsquo; institut national Ivoirien pour la promotion des aveugles est un \u00e9tablissement public cr\u00e9 en 1974. L&rsquo; enseignement dispens\u00e9 va de la maternelle au secondaire, avec en plus un centre de formation professionnelle. Les \u00e9l\u00e8ves de l&rsquo; inipia passent le m\u00eame examen que les \u00e9l\u00e8ves voyants \u00e0 la diff\u00e9rence que leurs sujets sont traduits en braille.<\/div>\n<div>C.W<\/div>\n","protected":false},"excerpt":{"rendered":"<p>L&rsquo; institut national Ivoirien pour la promotion des aveugles ( INIPA), a re\u00e7u le vendredi 9 juin, un don du pr\u00e9sident du patronat des commer\u00e7ants et artisans de C\u00f4te d&rsquo; Ivoire ( PCACI), Traor\u00e9 Gnoumaplin Ibrahim, pr\u00e9sident du conseil d&rsquo;administration du groupe Catel et ancien pr\u00e9sident du conseil g\u00e9n\u00e9ral du Hambol. Ce don constitu\u00e9 de [&hellip;]<\/p>\n","protected":false},"author":2,"featured_media":4360,"comment_status":"closed","ping_status":"closed","sticky":true,"template":"","format":"standard","meta":{"_acf_changed":false,"footnotes":""},"categories":[],"tags":[],"class_list":["post-4358","post","type-post","status-publish","format-standard","has-post-thumbnail","hentry"],"acf":[],"yoast_head":"<!-- This site is optimized with the Yoast SEO plugin v27.5 - https:\/\/yoast.com\/product\/yoast-seo-wordpress\/ -->\n<title>Institut national des aveugles: Le PCACI apporte son appui - Amanien| L&#039;actualit\u00e9 Ivoirienne et Internationale<\/title>\n<meta name=\"robots\" content=\"index, follow, max-snippet:-1, max-image-preview:large, max-video-preview:-1\" \/>\n<link rel=\"canonical\" href=\"https:\/\/www.amanien.info\/news\/institut-national-des-aveugles-le-pcaci-apporte-son-appui\/\" \/>\n<meta property=\"og:locale\" content=\"fr_FR\" \/>\n<meta property=\"og:type\" content=\"article\" \/>\n<meta property=\"og:title\" content=\"Institut national des aveugles: Le PCACI apporte son appui - Amanien| L&#039;actualit\u00e9 Ivoirienne et Internationale\" \/>\n<meta property=\"og:description\" content=\"L&rsquo; institut national Ivoirien pour la promotion des aveugles ( INIPA), a re\u00e7u le vendredi 9 juin, un don du pr\u00e9sident du patronat des commer\u00e7ants et artisans de C\u00f4te d&rsquo; Ivoire ( PCACI), Traor\u00e9 Gnoumaplin Ibrahim, pr\u00e9sident du conseil d&rsquo;administration du groupe Catel et ancien pr\u00e9sident du conseil g\u00e9n\u00e9ral du Hambol. Ce don constitu\u00e9 de [&hellip;]\" \/>\n<meta property=\"og:url\" content=\"https:\/\/www.amanien.info\/news\/institut-national-des-aveugles-le-pcaci-apporte-son-appui\/\" \/>\n<meta property=\"og:site_name\" content=\"Amanien| L&#039;actualit\u00e9 Ivoirienne et Internationale\" \/>\n<meta property=\"article:published_time\" content=\"2023-06-10T12:55:21+00:00\" \/>\n<meta property=\"article:modified_time\" content=\"2023-06-10T12:56:20+00:00\" \/>\n<meta property=\"og:image\" content=\"https:\/\/www.amanien.info\/news\/wp-content\/uploads\/2023\/06\/IMG-20230609-WA0051.jpg\" \/>\n\t<meta property=\"og:image:width\" content=\"1080\" \/>\n\t<meta property=\"og:image:height\" content=\"474\" \/>\n\t<meta property=\"og:image:type\" content=\"image\/jpeg\" \/>\n<meta name=\"author\" content=\"Germain Ndri\" \/>\n<meta name=\"twitter:card\" content=\"summary_large_image\" \/>\n<meta name=\"twitter:label1\" content=\"\u00c9crit par\" \/>\n\t<meta name=\"twitter:data1\" content=\"Germain Ndri\" \/>\n\t<meta name=\"twitter:label2\" content=\"Dur\u00e9e de lecture estim\u00e9e\" \/>\n\t<meta name=\"twitter:data2\" content=\"2 minutes\" \/>\n<script type=\"application\/ld+json\" class=\"yoast-schema-graph\">{\"@context\":\"https:\\\/\\\/schema.org\",\"@graph\":[{\"@type\":\"Article\",\"@id\":\"https:\\\/\\\/www.amanien.info\\\/news\\\/institut-national-des-aveugles-le-pcaci-apporte-son-appui\\\/#article\",\"isPartOf\":{\"@id\":\"https:\\\/\\\/www.amanien.info\\\/news\\\/institut-national-des-aveugles-le-pcaci-apporte-son-appui\\\/\"},\"author\":{\"name\":\"Germain Ndri\",\"@id\":\"https:\\\/\\\/www.amanien.info\\\/news\\\/#\\\/schema\\\/person\\\/b21093345753a1a98242d505bd894f42\"},\"headline\":\"Institut national des aveugles: Le PCACI apporte son appui\",\"datePublished\":\"2023-06-10T12:55:21+00:00\",\"dateModified\":\"2023-06-10T12:56:20+00:00\",\"mainEntityOfPage\":{\"@id\":\"https:\\\/\\\/www.amanien.info\\\/news\\\/institut-national-des-aveugles-le-pcaci-apporte-son-appui\\\/\"},\"wordCount\":423,\"image\":{\"@id\":\"https:\\\/\\\/www.amanien.info\\\/news\\\/institut-national-des-aveugles-le-pcaci-apporte-son-appui\\\/#primaryimage\"},\"thumbnailUrl\":\"https:\\\/\\\/www.amanien.info\\\/news\\\/wp-content\\\/uploads\\\/2023\\\/06\\\/IMG-20230609-WA0051.jpg\",\"inLanguage\":\"fr-FR\"},{\"@type\":\"WebPage\",\"@id\":\"https:\\\/\\\/www.amanien.info\\\/news\\\/institut-national-des-aveugles-le-pcaci-apporte-son-appui\\\/\",\"url\":\"https:\\\/\\\/www.amanien.info\\\/news\\\/institut-national-des-aveugles-le-pcaci-apporte-son-appui\\\/\",\"name\":\"Institut national des aveugles: Le PCACI apporte son appui - Amanien| L&#039;actualit\u00e9 Ivoirienne et Internationale\",\"isPartOf\":{\"@id\":\"https:\\\/\\\/www.amanien.info\\\/news\\\/#website\"},\"primaryImageOfPage\":{\"@id\":\"https:\\\/\\\/www.amanien.info\\\/news\\\/institut-national-des-aveugles-le-pcaci-apporte-son-appui\\\/#primaryimage\"},\"image\":{\"@id\":\"https:\\\/\\\/www.amanien.info\\\/news\\\/institut-national-des-aveugles-le-pcaci-apporte-son-appui\\\/#primaryimage\"},\"thumbnailUrl\":\"https:\\\/\\\/www.amanien.info\\\/news\\\/wp-content\\\/uploads\\\/2023\\\/06\\\/IMG-20230609-WA0051.jpg\",\"datePublished\":\"2023-06-10T12:55:21+00:00\",\"dateModified\":\"2023-06-10T12:56:20+00:00\",\"author\":{\"@id\":\"https:\\\/\\\/www.amanien.info\\\/news\\\/#\\\/schema\\\/person\\\/b21093345753a1a98242d505bd894f42\"},\"breadcrumb\":{\"@id\":\"https:\\\/\\\/www.amanien.info\\\/news\\\/institut-national-des-aveugles-le-pcaci-apporte-son-appui\\\/#breadcrumb\"},\"inLanguage\":\"fr-FR\",\"potentialAction\":[{\"@type\":\"ReadAction\",\"target\":[\"https:\\\/\\\/www.amanien.info\\\/news\\\/institut-national-des-aveugles-le-pcaci-apporte-son-appui\\\/\"]}]},{\"@type\":\"ImageObject\",\"inLanguage\":\"fr-FR\",\"@id\":\"https:\\\/\\\/www.amanien.info\\\/news\\\/institut-national-des-aveugles-le-pcaci-apporte-son-appui\\\/#primaryimage\",\"url\":\"https:\\\/\\\/www.amanien.info\\\/news\\\/wp-content\\\/uploads\\\/2023\\\/06\\\/IMG-20230609-WA0051.jpg\",\"contentUrl\":\"https:\\\/\\\/www.amanien.info\\\/news\\\/wp-content\\\/uploads\\\/2023\\\/06\\\/IMG-20230609-WA0051.jpg\",\"width\":1080,\"height\":474},{\"@type\":\"BreadcrumbList\",\"@id\":\"https:\\\/\\\/www.amanien.info\\\/news\\\/institut-national-des-aveugles-le-pcaci-apporte-son-appui\\\/#breadcrumb\",\"itemListElement\":[{\"@type\":\"ListItem\",\"position\":1,\"name\":\"Accueil\",\"item\":\"https:\\\/\\\/www.amanien.info\\\/news\\\/\"},{\"@type\":\"ListItem\",\"position\":2,\"name\":\"Institut national des aveugles: Le PCACI apporte son appui\"}]},{\"@type\":\"WebSite\",\"@id\":\"https:\\\/\\\/www.amanien.info\\\/news\\\/#website\",\"url\":\"https:\\\/\\\/www.amanien.info\\\/news\\\/\",\"name\":\"Amanien| L&#039;actualit\u00e9 Ivoirienne et Internationale\",\"description\":\"L&#039;actualit\u00e9 Ivoirienne et Internationale\",\"potentialAction\":[{\"@type\":\"SearchAction\",\"target\":{\"@type\":\"EntryPoint\",\"urlTemplate\":\"https:\\\/\\\/www.amanien.info\\\/news\\\/?s={search_term_string}\"},\"query-input\":{\"@type\":\"PropertyValueSpecification\",\"valueRequired\":true,\"valueName\":\"search_term_string\"}}],\"inLanguage\":\"fr-FR\"},{\"@type\":\"Person\",\"@id\":\"https:\\\/\\\/www.amanien.info\\\/news\\\/#\\\/schema\\\/person\\\/b21093345753a1a98242d505bd894f42\",\"name\":\"Germain Ndri\",\"url\":\"https:\\\/\\\/www.amanien.info\\\/news\\\/author\\\/amanien-infos\\\/\"}]}<\/script>\n<!-- \/ Yoast SEO plugin. -->","yoast_head_json":{"title":"Institut national des aveugles: Le PCACI apporte son appui - Amanien| L&#039;actualit\u00e9 Ivoirienne et Internationale","robots":{"index":"index","follow":"follow","max-snippet":"max-snippet:-1","max-image-preview":"max-image-preview:large","max-video-preview":"max-video-preview:-1"},"canonical":"https:\/\/www.amanien.info\/news\/institut-national-des-aveugles-le-pcaci-apporte-son-appui\/","og_locale":"fr_FR","og_type":"article","og_title":"Institut national des aveugles: Le PCACI apporte son appui - Amanien| L&#039;actualit\u00e9 Ivoirienne et Internationale","og_description":"L&rsquo; institut national Ivoirien pour la promotion des aveugles ( INIPA), a re\u00e7u le vendredi 9 juin, un don du pr\u00e9sident du patronat des commer\u00e7ants et artisans de C\u00f4te d&rsquo; Ivoire ( PCACI), Traor\u00e9 Gnoumaplin Ibrahim, pr\u00e9sident du conseil d&rsquo;administration du groupe Catel et ancien pr\u00e9sident du conseil g\u00e9n\u00e9ral du Hambol. Ce don constitu\u00e9 de [&hellip;]","og_url":"https:\/\/www.amanien.info\/news\/institut-national-des-aveugles-le-pcaci-apporte-son-appui\/","og_site_name":"Amanien| L&#039;actualit\u00e9 Ivoirienne et Internationale","article_published_time":"2023-06-10T12:55:21+00:00","article_modified_time":"2023-06-10T12:56:20+00:00","og_image":[{"width":1080,"height":474,"url":"https:\/\/www.amanien.info\/news\/wp-content\/uploads\/2023\/06\/IMG-20230609-WA0051.jpg","type":"image\/jpeg"}],"author":"Germain Ndri","twitter_card":"summary_large_image","twitter_misc":{"\u00c9crit par":"Germain Ndri","Dur\u00e9e de lecture estim\u00e9e":"2 minutes"},"schema":{"@context":"https:\/\/schema.org","@graph":[{"@type":"Article","@id":"https:\/\/www.amanien.info\/news\/institut-national-des-aveugles-le-pcaci-apporte-son-appui\/#article","isPartOf":{"@id":"https:\/\/www.amanien.info\/news\/institut-national-des-aveugles-le-pcaci-apporte-son-appui\/"},"author":{"name":"Germain Ndri","@id":"https:\/\/www.amanien.info\/news\/#\/schema\/person\/b21093345753a1a98242d505bd894f42"},"headline":"Institut national des aveugles: Le PCACI apporte son appui","datePublished":"2023-06-10T12:55:21+00:00","dateModified":"2023-06-10T12:56:20+00:00","mainEntityOfPage":{"@id":"https:\/\/www.amanien.info\/news\/institut-national-des-aveugles-le-pcaci-apporte-son-appui\/"},"wordCount":423,"image":{"@id":"https:\/\/www.amanien.info\/news\/institut-national-des-aveugles-le-pcaci-apporte-son-appui\/#primaryimage"},"thumbnailUrl":"https:\/\/www.amanien.info\/news\/wp-content\/uploads\/2023\/06\/IMG-20230609-WA0051.jpg","inLanguage":"fr-FR"},{"@type":"WebPage","@id":"https:\/\/www.amanien.info\/news\/institut-national-des-aveugles-le-pcaci-apporte-son-appui\/","url":"https:\/\/www.amanien.info\/news\/institut-national-des-aveugles-le-pcaci-apporte-son-appui\/","name":"Institut national des aveugles: Le PCACI apporte son appui - Amanien| L&#039;actualit\u00e9 Ivoirienne et Internationale","isPartOf":{"@id":"https:\/\/www.amanien.info\/news\/#website"},"primaryImageOfPage":{"@id":"https:\/\/www.amanien.info\/news\/institut-national-des-aveugles-le-pcaci-apporte-son-appui\/#primaryimage"},"image":{"@id":"https:\/\/www.amanien.info\/news\/institut-national-des-aveugles-le-pcaci-apporte-son-appui\/#primaryimage"},"thumbnailUrl":"https:\/\/www.amanien.info\/news\/wp-content\/uploads\/2023\/06\/IMG-20230609-WA0051.jpg","datePublished":"2023-06-10T12:55:21+00:00","dateModified":"2023-06-10T12:56:20+00:00","author":{"@id":"https:\/\/www.amanien.info\/news\/#\/schema\/person\/b21093345753a1a98242d505bd894f42"},"breadcrumb":{"@id":"https:\/\/www.amanien.info\/news\/institut-national-des-aveugles-le-pcaci-apporte-son-appui\/#breadcrumb"},"inLanguage":"fr-FR","potentialAction":[{"@type":"ReadAction","target":["https:\/\/www.amanien.info\/news\/institut-national-des-aveugles-le-pcaci-apporte-son-appui\/"]}]},{"@type":"ImageObject","inLanguage":"fr-FR","@id":"https:\/\/www.amanien.info\/news\/institut-national-des-aveugles-le-pcaci-apporte-son-appui\/#primaryimage","url":"https:\/\/www.amanien.info\/news\/wp-content\/uploads\/2023\/06\/IMG-20230609-WA0051.jpg","contentUrl":"https:\/\/www.amanien.info\/news\/wp-content\/uploads\/2023\/06\/IMG-20230609-WA0051.jpg","width":1080,"height":474},{"@type":"BreadcrumbList","@id":"https:\/\/www.amanien.info\/news\/institut-national-des-aveugles-le-pcaci-apporte-son-appui\/#breadcrumb","itemListElement":[{"@type":"ListItem","position":1,"name":"Accueil","item":"https:\/\/www.amanien.info\/news\/"},{"@type":"ListItem","position":2,"name":"Institut national des aveugles: Le PCACI apporte son appui"}]},{"@type":"WebSite","@id":"https:\/\/www.amanien.info\/news\/#website","url":"https:\/\/www.amanien.info\/news\/","name":"Amanien| L&#039;actualit\u00e9 Ivoirienne et Internationale","description":"L&#039;actualit\u00e9 Ivoirienne et Internationale","potentialAction":[{"@type":"SearchAction","target":{"@type":"EntryPoint","urlTemplate":"https:\/\/www.amanien.info\/news\/?s={search_term_string}"},"query-input":{"@type":"PropertyValueSpecification","valueRequired":true,"valueName":"search_term_string"}}],"inLanguage":"fr-FR"},{"@type":"Person","@id":"https:\/\/www.amanien.info\/news\/#\/schema\/person\/b21093345753a1a98242d505bd894f42","name":"Germain Ndri","url":"https:\/\/www.amanien.info\/news\/author\/amanien-infos\/"}]}},"_links":{"self":[{"href":"https:\/\/www.amanien.info\/news\/wp-json\/wp\/v2\/posts\/4358","targetHints":{"allow":["GET"]}}],"collection":[{"href":"https:\/\/www.amanien.info\/news\/wp-json\/wp\/v2\/posts"}],"about":[{"href":"https:\/\/www.amanien.info\/news\/wp-json\/wp\/v2\/types\/post"}],"author":[{"embeddable":true,"href":"https:\/\/www.amanien.info\/news\/wp-json\/wp\/v2\/users\/2"}],"replies":[{"embeddable":true,"href":"https:\/\/www.amanien.info\/news\/wp-json\/wp\/v2\/comments?post=4358"}],"version-history":[{"count":1,"href":"https:\/\/www.amanien.info\/news\/wp-json\/wp\/v2\/posts\/4358\/revisions"}],"predecessor-version":[{"id":4361,"href":"https:\/\/www.amanien.info\/news\/wp-json\/wp\/v2\/posts\/4358\/revisions\/4361"}],"wp:featuredmedia":[{"embeddable":true,"href":"https:\/\/www.amanien.info\/news\/wp-json\/wp\/v2\/media\/4360"}],"wp:attachment":[{"href":"https:\/\/www.amanien.info\/news\/wp-json\/wp\/v2\/media?parent=4358"}],"wp:term":[{"taxonomy":"category","embeddable":true,"href":"https:\/\/www.amanien.info\/news\/wp-json\/wp\/v2\/categories?post=4358"},{"taxonomy":"post_tag","embeddable":true,"href":"https:\/\/www.amanien.info\/news\/wp-json\/wp\/v2\/tags?post=4358"}],"curies":[{"name":"wp","href":"https:\/\/api.w.org\/{rel}","templated":true}]}}