{"id":4343,"date":"2023-06-06T20:08:06","date_gmt":"2023-06-06T20:08:06","guid":{"rendered":"https:\/\/www.https:\/\/zozo.buyee.jp\/\/news\/?p=4343"},"modified":"2023-06-06T20:24:06","modified_gmt":"2023-06-06T20:24:06","slug":"apurement-de-la-dette-interieure-le-synafeci-denonce","status":"publish","type":"post","link":"https:\/\/www.amanien.info\/news\/apurement-de-la-dette-interieure-le-synafeci-denonce\/","title":{"rendered":"Apurement de la dette int\u00e9rieure :Le SYNAFECI m\u00e9content du traitement des factures des fournisseurs de l&rsquo;\u00c9tat"},"content":{"rendered":"<p>Le Syndicat National des Fournisseurs de l&rsquo;Etat de C\u00f4te d&rsquo;Ivoire (SYNAFECI) a organis\u00e9, le lundi 05 juin 2023, \u00e0 Abidjan-Plateau, une conf\u00e9rence de presse.<\/p>\n<div>Face \u00e0 un parterre de journalistes, le Secr\u00e9taire G\u00e9n\u00e9ral National du SYNAFECI, M. GRE Faustin a attir\u00e9 l&rsquo;attention du Gouvernement quant au traitement des factures des fournisseurs dans les Minist\u00e8res.\u00a0<i>&lt;&lt;Nous avons organis\u00e9 cette conf\u00e9rence de presse pour attirer surtout l&rsquo;attention du Gouvernement ivoirien et du Pr\u00e9sident de la R\u00e9publique, pour dire que les fournisseurs de C\u00f4te d&rsquo;Ivoire sont contre la mauvaise gouvernance de certains fonctionnaires, administrateurs, etc.\u00a0<\/i><\/div>\n<div><i>.Nous voulons rencontrer le Pr\u00e9sident de la R\u00e9publique pour un dialogue et interpeler les Ministres, surtout pour leur dire qu&rsquo;ils ne sont pas r\u00e9ceptifs, communicatifs. Ce n&rsquo;est pas une bonne chose&gt;&gt;\u00a0<\/i>a d\u00e9plor\u00e9 le SG du SYNAFECI, Gr\u00e9 Faustin<i>.<\/i><\/div>\n<div><i>\u00a0<\/i><\/div>\n<div>Poursuivant, il a demand\u00e9 aux autorit\u00e9s ivoiriennes d&rsquo;\u00eatre attentives et d&rsquo;\u00eatre \u00e0 la disposition des fournisseurs de C\u00f4te d&rsquo;Ivoire. &lt;&lt;<i>Nous voulons que les autorit\u00e9s s&rsquo;asseyent avec le SYNAFECI pour pouvoir discuter des vrais probl\u00e8mes et trouver des solutions idoines&gt;&gt;,\u00a0<\/i>a-t-il plaid\u00e9.<\/div>\n<div><\/div>\n<div><\/div>\n<div>Gr\u00e9 Faustin a \u00e9galement d\u00e9nonc\u00e9 les taxes fiscales et douani\u00e8res trop \u00e9lev\u00e9es en C\u00f4te d&rsquo;Ivoire.<\/div>\n<div><\/div>\n<div>Il a,\u00a0 par ailleurs, recommand\u00e9 la mise en place d&rsquo;un Comit\u00e9 de Suivi ou Paritaire au niveau national et dans tous les postes comptables \u00e9tatiques sans exception, le paiement des factures des fournisseurs par le Tr\u00e9sor public et non par une structure sous-traitante, le l&rsquo;approvisionnement en argent de tous les postes comptables chaque 25 du mois pour le paiement des factures et ce, \u00e9galement au volume de la dette vis-\u00e0-vis des fournisseurs de l&rsquo;Etat, la cessation du contr\u00f4le abusif des prestations fournies aux structures de l&rsquo;Etat, effectu\u00e9 par des agents du Tr\u00e9sor public, etc.<\/div>\n<div><\/div>\n<div><\/div>\n<div>Des tourn\u00e9es de rencontre \u00e0 Abidjan et \u00e0 l&rsquo;int\u00e9rieur du pays ont \u00e9t\u00e9 annonc\u00e9es par le Secr\u00e9taire G\u00e9n\u00e9ral en vue de remobiliser, sensibiliser, recueillir les avis, observations, informations des fournisseurs de l&rsquo;Etat.<\/div>\n<div><\/div>\n<div><\/div>\n<div><\/div>\n<div><\/div>\n<div><b>S.A.<\/b><\/div>\n","protected":false},"excerpt":{"rendered":"<p>Le Syndicat National des Fournisseurs de l&rsquo;Etat de C\u00f4te d&rsquo;Ivoire (SYNAFECI) a organis\u00e9, le lundi 05 juin 2023, \u00e0 Abidjan-Plateau, une conf\u00e9rence de presse. Face \u00e0 un parterre de journalistes, le Secr\u00e9taire G\u00e9n\u00e9ral National du SYNAFECI, M. GRE Faustin a attir\u00e9 l&rsquo;attention du Gouvernement quant au traitement des factures des fournisseurs dans les Minist\u00e8res.\u00a0&lt;&lt;Nous avons [&hellip;]<\/p>\n","protected":false},"author":2,"featured_media":4344,"comment_status":"closed","ping_status":"closed","sticky":true,"template":"","format":"standard","meta":{"_acf_changed":false,"footnotes":""},"categories":[],"tags":[],"class_list":["post-4343","post","type-post","status-publish","format-standard","has-post-thumbnail","hentry"],"acf":[],"yoast_head":"<!-- This site is optimized with the Yoast SEO plugin v27.5 - https:\/\/yoast.com\/product\/yoast-seo-wordpress\/ -->\n<title>Apurement de la dette int\u00e9rieure :Le SYNAFECI m\u00e9content du traitement des factures des fournisseurs de l&#039;\u00c9tat - Amanien| L&#039;actualit\u00e9 Ivoirienne et Internationale<\/title>\n<meta name=\"robots\" content=\"index, follow, max-snippet:-1, max-image-preview:large, max-video-preview:-1\" \/>\n<link rel=\"canonical\" href=\"https:\/\/www.amanien.info\/news\/apurement-de-la-dette-interieure-le-synafeci-denonce\/\" \/>\n<meta property=\"og:locale\" content=\"fr_FR\" \/>\n<meta property=\"og:type\" content=\"article\" \/>\n<meta property=\"og:title\" content=\"Apurement de la dette int\u00e9rieure :Le SYNAFECI m\u00e9content du traitement des factures des fournisseurs de l&#039;\u00c9tat - Amanien| L&#039;actualit\u00e9 Ivoirienne et Internationale\" \/>\n<meta property=\"og:description\" content=\"Le Syndicat National des Fournisseurs de l&rsquo;Etat de C\u00f4te d&rsquo;Ivoire (SYNAFECI) a organis\u00e9, le lundi 05 juin 2023, \u00e0 Abidjan-Plateau, une conf\u00e9rence de presse. Face \u00e0 un parterre de journalistes, le Secr\u00e9taire G\u00e9n\u00e9ral National du SYNAFECI, M. GRE Faustin a attir\u00e9 l&rsquo;attention du Gouvernement quant au traitement des factures des fournisseurs dans les Minist\u00e8res.\u00a0&lt;&lt;Nous avons [&hellip;]\" \/>\n<meta property=\"og:url\" content=\"https:\/\/www.amanien.info\/news\/apurement-de-la-dette-interieure-le-synafeci-denonce\/\" \/>\n<meta property=\"og:site_name\" content=\"Amanien| L&#039;actualit\u00e9 Ivoirienne et Internationale\" \/>\n<meta property=\"article:published_time\" content=\"2023-06-06T20:08:06+00:00\" \/>\n<meta property=\"article:modified_time\" content=\"2023-06-06T20:24:06+00:00\" \/>\n<meta property=\"og:image\" content=\"https:\/\/www.amanien.info\/news\/wp-content\/uploads\/2023\/06\/IMG_20230605_104739_341-1-scaled.jpg\" \/>\n\t<meta property=\"og:image:width\" content=\"2560\" \/>\n\t<meta property=\"og:image:height\" content=\"1920\" \/>\n\t<meta property=\"og:image:type\" content=\"image\/jpeg\" \/>\n<meta name=\"author\" content=\"Germain Ndri\" \/>\n<meta name=\"twitter:card\" content=\"summary_large_image\" \/>\n<meta name=\"twitter:label1\" content=\"\u00c9crit par\" \/>\n\t<meta name=\"twitter:data1\" content=\"Germain Ndri\" \/>\n\t<meta name=\"twitter:label2\" content=\"Dur\u00e9e de lecture estim\u00e9e\" \/>\n\t<meta name=\"twitter:data2\" content=\"2 minutes\" \/>\n<script type=\"application\/ld+json\" class=\"yoast-schema-graph\">{\"@context\":\"https:\\\/\\\/schema.org\",\"@graph\":[{\"@type\":\"Article\",\"@id\":\"https:\\\/\\\/www.amanien.info\\\/news\\\/apurement-de-la-dette-interieure-le-synafeci-denonce\\\/#article\",\"isPartOf\":{\"@id\":\"https:\\\/\\\/www.amanien.info\\\/news\\\/apurement-de-la-dette-interieure-le-synafeci-denonce\\\/\"},\"author\":{\"name\":\"Germain Ndri\",\"@id\":\"https:\\\/\\\/www.amanien.info\\\/news\\\/#\\\/schema\\\/person\\\/b21093345753a1a98242d505bd894f42\"},\"headline\":\"Apurement de la dette int\u00e9rieure :Le SYNAFECI m\u00e9content du traitement des factures des fournisseurs de l&rsquo;\u00c9tat\",\"datePublished\":\"2023-06-06T20:08:06+00:00\",\"dateModified\":\"2023-06-06T20:24:06+00:00\",\"mainEntityOfPage\":{\"@id\":\"https:\\\/\\\/www.amanien.info\\\/news\\\/apurement-de-la-dette-interieure-le-synafeci-denonce\\\/\"},\"wordCount\":384,\"image\":{\"@id\":\"https:\\\/\\\/www.amanien.info\\\/news\\\/apurement-de-la-dette-interieure-le-synafeci-denonce\\\/#primaryimage\"},\"thumbnailUrl\":\"https:\\\/\\\/www.amanien.info\\\/news\\\/wp-content\\\/uploads\\\/2023\\\/06\\\/IMG_20230605_104739_341-1-scaled.jpg\",\"inLanguage\":\"fr-FR\"},{\"@type\":\"WebPage\",\"@id\":\"https:\\\/\\\/www.amanien.info\\\/news\\\/apurement-de-la-dette-interieure-le-synafeci-denonce\\\/\",\"url\":\"https:\\\/\\\/www.amanien.info\\\/news\\\/apurement-de-la-dette-interieure-le-synafeci-denonce\\\/\",\"name\":\"Apurement de la dette int\u00e9rieure :Le SYNAFECI m\u00e9content du traitement des factures des fournisseurs de l'\u00c9tat - Amanien| L&#039;actualit\u00e9 Ivoirienne et Internationale\",\"isPartOf\":{\"@id\":\"https:\\\/\\\/www.amanien.info\\\/news\\\/#website\"},\"primaryImageOfPage\":{\"@id\":\"https:\\\/\\\/www.amanien.info\\\/news\\\/apurement-de-la-dette-interieure-le-synafeci-denonce\\\/#primaryimage\"},\"image\":{\"@id\":\"https:\\\/\\\/www.amanien.info\\\/news\\\/apurement-de-la-dette-interieure-le-synafeci-denonce\\\/#primaryimage\"},\"thumbnailUrl\":\"https:\\\/\\\/www.amanien.info\\\/news\\\/wp-content\\\/uploads\\\/2023\\\/06\\\/IMG_20230605_104739_341-1-scaled.jpg\",\"datePublished\":\"2023-06-06T20:08:06+00:00\",\"dateModified\":\"2023-06-06T20:24:06+00:00\",\"author\":{\"@id\":\"https:\\\/\\\/www.amanien.info\\\/news\\\/#\\\/schema\\\/person\\\/b21093345753a1a98242d505bd894f42\"},\"breadcrumb\":{\"@id\":\"https:\\\/\\\/www.amanien.info\\\/news\\\/apurement-de-la-dette-interieure-le-synafeci-denonce\\\/#breadcrumb\"},\"inLanguage\":\"fr-FR\",\"potentialAction\":[{\"@type\":\"ReadAction\",\"target\":[\"https:\\\/\\\/www.amanien.info\\\/news\\\/apurement-de-la-dette-interieure-le-synafeci-denonce\\\/\"]}]},{\"@type\":\"ImageObject\",\"inLanguage\":\"fr-FR\",\"@id\":\"https:\\\/\\\/www.amanien.info\\\/news\\\/apurement-de-la-dette-interieure-le-synafeci-denonce\\\/#primaryimage\",\"url\":\"https:\\\/\\\/www.amanien.info\\\/news\\\/wp-content\\\/uploads\\\/2023\\\/06\\\/IMG_20230605_104739_341-1-scaled.jpg\",\"contentUrl\":\"https:\\\/\\\/www.amanien.info\\\/news\\\/wp-content\\\/uploads\\\/2023\\\/06\\\/IMG_20230605_104739_341-1-scaled.jpg\",\"width\":2560,\"height\":1920},{\"@type\":\"BreadcrumbList\",\"@id\":\"https:\\\/\\\/www.amanien.info\\\/news\\\/apurement-de-la-dette-interieure-le-synafeci-denonce\\\/#breadcrumb\",\"itemListElement\":[{\"@type\":\"ListItem\",\"position\":1,\"name\":\"Accueil\",\"item\":\"https:\\\/\\\/www.amanien.info\\\/news\\\/\"},{\"@type\":\"ListItem\",\"position\":2,\"name\":\"Apurement de la dette int\u00e9rieure :Le SYNAFECI m\u00e9content du traitement des factures des fournisseurs de l&rsquo;\u00c9tat\"}]},{\"@type\":\"WebSite\",\"@id\":\"https:\\\/\\\/www.amanien.info\\\/news\\\/#website\",\"url\":\"https:\\\/\\\/www.amanien.info\\\/news\\\/\",\"name\":\"Amanien| L&#039;actualit\u00e9 Ivoirienne et Internationale\",\"description\":\"L&#039;actualit\u00e9 Ivoirienne et Internationale\",\"potentialAction\":[{\"@type\":\"SearchAction\",\"target\":{\"@type\":\"EntryPoint\",\"urlTemplate\":\"https:\\\/\\\/www.amanien.info\\\/news\\\/?s={search_term_string}\"},\"query-input\":{\"@type\":\"PropertyValueSpecification\",\"valueRequired\":true,\"valueName\":\"search_term_string\"}}],\"inLanguage\":\"fr-FR\"},{\"@type\":\"Person\",\"@id\":\"https:\\\/\\\/www.amanien.info\\\/news\\\/#\\\/schema\\\/person\\\/b21093345753a1a98242d505bd894f42\",\"name\":\"Germain Ndri\",\"url\":\"https:\\\/\\\/www.amanien.info\\\/news\\\/author\\\/amanien-infos\\\/\"}]}<\/script>\n<!-- \/ Yoast SEO plugin. -->","yoast_head_json":{"title":"Apurement de la dette int\u00e9rieure :Le SYNAFECI m\u00e9content du traitement des factures des fournisseurs de l'\u00c9tat - Amanien| L&#039;actualit\u00e9 Ivoirienne et Internationale","robots":{"index":"index","follow":"follow","max-snippet":"max-snippet:-1","max-image-preview":"max-image-preview:large","max-video-preview":"max-video-preview:-1"},"canonical":"https:\/\/www.amanien.info\/news\/apurement-de-la-dette-interieure-le-synafeci-denonce\/","og_locale":"fr_FR","og_type":"article","og_title":"Apurement de la dette int\u00e9rieure :Le SYNAFECI m\u00e9content du traitement des factures des fournisseurs de l'\u00c9tat - Amanien| L&#039;actualit\u00e9 Ivoirienne et Internationale","og_description":"Le Syndicat National des Fournisseurs de l&rsquo;Etat de C\u00f4te d&rsquo;Ivoire (SYNAFECI) a organis\u00e9, le lundi 05 juin 2023, \u00e0 Abidjan-Plateau, une conf\u00e9rence de presse. Face \u00e0 un parterre de journalistes, le Secr\u00e9taire G\u00e9n\u00e9ral National du SYNAFECI, M. GRE Faustin a attir\u00e9 l&rsquo;attention du Gouvernement quant au traitement des factures des fournisseurs dans les Minist\u00e8res.\u00a0&lt;&lt;Nous avons [&hellip;]","og_url":"https:\/\/www.amanien.info\/news\/apurement-de-la-dette-interieure-le-synafeci-denonce\/","og_site_name":"Amanien| L&#039;actualit\u00e9 Ivoirienne et Internationale","article_published_time":"2023-06-06T20:08:06+00:00","article_modified_time":"2023-06-06T20:24:06+00:00","og_image":[{"width":2560,"height":1920,"url":"https:\/\/www.amanien.info\/news\/wp-content\/uploads\/2023\/06\/IMG_20230605_104739_341-1-scaled.jpg","type":"image\/jpeg"}],"author":"Germain Ndri","twitter_card":"summary_large_image","twitter_misc":{"\u00c9crit par":"Germain Ndri","Dur\u00e9e de lecture estim\u00e9e":"2 minutes"},"schema":{"@context":"https:\/\/schema.org","@graph":[{"@type":"Article","@id":"https:\/\/www.amanien.info\/news\/apurement-de-la-dette-interieure-le-synafeci-denonce\/#article","isPartOf":{"@id":"https:\/\/www.amanien.info\/news\/apurement-de-la-dette-interieure-le-synafeci-denonce\/"},"author":{"name":"Germain Ndri","@id":"https:\/\/www.amanien.info\/news\/#\/schema\/person\/b21093345753a1a98242d505bd894f42"},"headline":"Apurement de la dette int\u00e9rieure :Le SYNAFECI m\u00e9content du traitement des factures des fournisseurs de l&rsquo;\u00c9tat","datePublished":"2023-06-06T20:08:06+00:00","dateModified":"2023-06-06T20:24:06+00:00","mainEntityOfPage":{"@id":"https:\/\/www.amanien.info\/news\/apurement-de-la-dette-interieure-le-synafeci-denonce\/"},"wordCount":384,"image":{"@id":"https:\/\/www.amanien.info\/news\/apurement-de-la-dette-interieure-le-synafeci-denonce\/#primaryimage"},"thumbnailUrl":"https:\/\/www.amanien.info\/news\/wp-content\/uploads\/2023\/06\/IMG_20230605_104739_341-1-scaled.jpg","inLanguage":"fr-FR"},{"@type":"WebPage","@id":"https:\/\/www.amanien.info\/news\/apurement-de-la-dette-interieure-le-synafeci-denonce\/","url":"https:\/\/www.amanien.info\/news\/apurement-de-la-dette-interieure-le-synafeci-denonce\/","name":"Apurement de la dette int\u00e9rieure :Le SYNAFECI m\u00e9content du traitement des factures des fournisseurs de l'\u00c9tat - Amanien| L&#039;actualit\u00e9 Ivoirienne et Internationale","isPartOf":{"@id":"https:\/\/www.amanien.info\/news\/#website"},"primaryImageOfPage":{"@id":"https:\/\/www.amanien.info\/news\/apurement-de-la-dette-interieure-le-synafeci-denonce\/#primaryimage"},"image":{"@id":"https:\/\/www.amanien.info\/news\/apurement-de-la-dette-interieure-le-synafeci-denonce\/#primaryimage"},"thumbnailUrl":"https:\/\/www.amanien.info\/news\/wp-content\/uploads\/2023\/06\/IMG_20230605_104739_341-1-scaled.jpg","datePublished":"2023-06-06T20:08:06+00:00","dateModified":"2023-06-06T20:24:06+00:00","author":{"@id":"https:\/\/www.amanien.info\/news\/#\/schema\/person\/b21093345753a1a98242d505bd894f42"},"breadcrumb":{"@id":"https:\/\/www.amanien.info\/news\/apurement-de-la-dette-interieure-le-synafeci-denonce\/#breadcrumb"},"inLanguage":"fr-FR","potentialAction":[{"@type":"ReadAction","target":["https:\/\/www.amanien.info\/news\/apurement-de-la-dette-interieure-le-synafeci-denonce\/"]}]},{"@type":"ImageObject","inLanguage":"fr-FR","@id":"https:\/\/www.amanien.info\/news\/apurement-de-la-dette-interieure-le-synafeci-denonce\/#primaryimage","url":"https:\/\/www.amanien.info\/news\/wp-content\/uploads\/2023\/06\/IMG_20230605_104739_341-1-scaled.jpg","contentUrl":"https:\/\/www.amanien.info\/news\/wp-content\/uploads\/2023\/06\/IMG_20230605_104739_341-1-scaled.jpg","width":2560,"height":1920},{"@type":"BreadcrumbList","@id":"https:\/\/www.amanien.info\/news\/apurement-de-la-dette-interieure-le-synafeci-denonce\/#breadcrumb","itemListElement":[{"@type":"ListItem","position":1,"name":"Accueil","item":"https:\/\/www.amanien.info\/news\/"},{"@type":"ListItem","position":2,"name":"Apurement de la dette int\u00e9rieure :Le SYNAFECI m\u00e9content du traitement des factures des fournisseurs de l&rsquo;\u00c9tat"}]},{"@type":"WebSite","@id":"https:\/\/www.amanien.info\/news\/#website","url":"https:\/\/www.amanien.info\/news\/","name":"Amanien| L&#039;actualit\u00e9 Ivoirienne et Internationale","description":"L&#039;actualit\u00e9 Ivoirienne et Internationale","potentialAction":[{"@type":"SearchAction","target":{"@type":"EntryPoint","urlTemplate":"https:\/\/www.amanien.info\/news\/?s={search_term_string}"},"query-input":{"@type":"PropertyValueSpecification","valueRequired":true,"valueName":"search_term_string"}}],"inLanguage":"fr-FR"},{"@type":"Person","@id":"https:\/\/www.amanien.info\/news\/#\/schema\/person\/b21093345753a1a98242d505bd894f42","name":"Germain Ndri","url":"https:\/\/www.amanien.info\/news\/author\/amanien-infos\/"}]}},"_links":{"self":[{"href":"https:\/\/www.amanien.info\/news\/wp-json\/wp\/v2\/posts\/4343","targetHints":{"allow":["GET"]}}],"collection":[{"href":"https:\/\/www.amanien.info\/news\/wp-json\/wp\/v2\/posts"}],"about":[{"href":"https:\/\/www.amanien.info\/news\/wp-json\/wp\/v2\/types\/post"}],"author":[{"embeddable":true,"href":"https:\/\/www.amanien.info\/news\/wp-json\/wp\/v2\/users\/2"}],"replies":[{"embeddable":true,"href":"https:\/\/www.amanien.info\/news\/wp-json\/wp\/v2\/comments?post=4343"}],"version-history":[{"count":3,"href":"https:\/\/www.amanien.info\/news\/wp-json\/wp\/v2\/posts\/4343\/revisions"}],"predecessor-version":[{"id":4347,"href":"https:\/\/www.amanien.info\/news\/wp-json\/wp\/v2\/posts\/4343\/revisions\/4347"}],"wp:featuredmedia":[{"embeddable":true,"href":"https:\/\/www.amanien.info\/news\/wp-json\/wp\/v2\/media\/4344"}],"wp:attachment":[{"href":"https:\/\/www.amanien.info\/news\/wp-json\/wp\/v2\/media?parent=4343"}],"wp:term":[{"taxonomy":"category","embeddable":true,"href":"https:\/\/www.amanien.info\/news\/wp-json\/wp\/v2\/categories?post=4343"},{"taxonomy":"post_tag","embeddable":true,"href":"https:\/\/www.amanien.info\/news\/wp-json\/wp\/v2\/tags?post=4343"}],"curies":[{"name":"wp","href":"https:\/\/api.w.org\/{rel}","templated":true}]}}