{"id":4336,"date":"2023-06-06T06:51:17","date_gmt":"2023-06-06T06:51:17","guid":{"rendered":"https:\/\/www.https:\/\/zozo.buyee.jp\/\/news\/?p=4336"},"modified":"2023-06-06T06:56:38","modified_gmt":"2023-06-06T06:56:38","slug":"elections-municipales-2023-a-abobo-la-candidate-du-rhdp-kandia-camara-officiellement-presentee","status":"publish","type":"post","link":"https:\/\/www.amanien.info\/news\/elections-municipales-2023-a-abobo-la-candidate-du-rhdp-kandia-camara-officiellement-presentee\/","title":{"rendered":"\u00c9lections municipales 2023 \u00e0 Abobo : La Candidate du RHDP, Kandia Camara officiellement pr\u00e9sent\u00e9e\u00a0"},"content":{"rendered":"<p>C&rsquo;est dans une ambiance festive et dans la liesse que la Candidate du parti au pouvoir, en l&rsquo;occurrence le RHDP, Kandia Camara a \u00e9t\u00e9 officiellement pr\u00e9sent\u00e9e aux militants et sympathisants du RHDP d&rsquo;Abobo.<\/p>\n<div>C&rsquo;\u00e9tait au cours d&rsquo;une c\u00e9r\u00e9monie qui a eu lieu, le dimanche 04 juin 2023, au complexe sportif d&rsquo;Abobo, en pr\u00e9sence de plusieurs cadres du RHDP, militants et sympathisants.<\/div>\n<div><\/div>\n<div>Conduisant une forte d\u00e9l\u00e9gation du RHDP, le Ministre des Mines, du P\u00e9trole et de l&rsquo;\u00e9nergie, Mamadou Sangafowa Coulibaly a exhort\u00e9 les populations \u00e0 faire confiance au choix du Pr\u00e9sident de la R\u00e9publique, en la personne de la Ministre d&rsquo;Etat, Ministre des Affaires \u00e9trang\u00e8res, de l&rsquo;int\u00e9gration africaine et de la Diaspora, Kandia Camara.<\/div>\n<div><\/div>\n<div>Aussi a-t-il fait savoir aux militants et sympathisants du RHDP d&rsquo;Abobo que l&rsquo;enjeu pour le parti \u00ab\u00a0ne sera pas la victoire de Kandia Camara \u00e0 ces \u00e9lections municipales, mais plut\u00f4t le taux de participation\u00a0\u00bb, a-t-il affirm\u00e9.<\/div>\n<div><\/div>\n<div><\/div>\n<div>Pour sa part, la Candidate du RHDP, Kandia Camara s&rsquo;est dit heureuse et fi\u00e8re du choix sur sa personne. A l&rsquo;en croire, ces \u00e9lections sont \u00ab\u00a0un signe avant-coureur de ce que sera 2025\u00a0\u00bb, a-t-elle indiqu\u00e9.<\/div>\n<div><\/div>\n<div>Kandia Camara n&rsquo;a pas manqu\u00e9 de confier sa candidature aux chefs de village, de communaut\u00e9s, de guides religieux ainsi qu&rsquo;\u00e0 la jeunesse.<\/div>\n<div><\/div>\n<div>Depuis sa prise de fonction \u00e0 la municipalit\u00e9 de la commune d&rsquo;Abobo, note-t-on,\u00a0 la candidate, t\u00eate de liste des candidats aux \u00e9lections municipales dans la commune d&rsquo;Abobo, a r\u00e9alis\u00e9 plusieurs projets de d\u00e9veloppement, notamment les infrastructures \u00e9conomiques, des loisirs, etc. Toute la commune d&rsquo;Abobo est en chantiers.<\/div>\n<div><\/div>\n<div><\/div>\n<div>Repr\u00e9sentant le Pr\u00e9sident du FPI, le Vice-pr\u00e9sident Diabat\u00e9 B\u00eah, a annonc\u00e9 que le FPI n&rsquo;aura pas de candidat \u00e0 Abobo aux \u00e9lections municipales.<i>\u00ab\u00a0Je le r\u00e9p\u00e8te. Le Pr\u00e9sident AFFI a d\u00e9cid\u00e9 que le FPI ne pr\u00e9sentera pas de candidat face \u00e0 Kandia Camara\u00a0\u00bb,\u00a0<\/i>a-t-il dit. Et d&rsquo;ajouter :\u00a0<i>&lt;&lt;Militants du FPI et du RHDP, travaillez ensemble pour la victoire de Kandia Camara. C&rsquo;est maintenant que le travail va commencer. N&rsquo;oubliez pas qu&rsquo;il n&rsquo;y a pas de petite \u00e9lection&gt;&gt;,\u00a0<\/i>a pr\u00e9venu le Vice-pr\u00e9sident du FPI, pr\u00e9cisant que sa pr\u00e9sence \u00e0 cette c\u00e9r\u00e9monie est le fruit du partenariat que le FPI et le RHDP ont sign\u00e9 r\u00e9cemment pour apporter, dit -il, \u00ab\u00a0notre soutien \u00e0 la candidate du RHDP, la Ministre d&rsquo;Etat Kandia Camara\u00a0\u00bb.<\/div>\n<div><\/div>\n<div><\/div>\n<div>Pour rappel, les \u00e9lections municipales et r\u00e9gionales se d\u00e9rouleront le 02 septembre prochain sur toute l&rsquo;\u00e9tendue du territoire ivoirien.<\/div>\n<div><\/div>\n<div><\/div>\n<div><\/div>\n<div><b>S.A.\u00a0<\/b><\/div>\n","protected":false},"excerpt":{"rendered":"<p>C&rsquo;est dans une ambiance festive et dans la liesse que la Candidate du parti au pouvoir, en l&rsquo;occurrence le RHDP, Kandia Camara a \u00e9t\u00e9 officiellement pr\u00e9sent\u00e9e aux militants et sympathisants du RHDP d&rsquo;Abobo. C&rsquo;\u00e9tait au cours d&rsquo;une c\u00e9r\u00e9monie qui a eu lieu, le dimanche 04 juin 2023, au complexe sportif d&rsquo;Abobo, en pr\u00e9sence de plusieurs [&hellip;]<\/p>\n","protected":false},"author":2,"featured_media":4339,"comment_status":"closed","ping_status":"closed","sticky":true,"template":"","format":"standard","meta":{"_acf_changed":false,"footnotes":""},"categories":[],"tags":[],"class_list":["post-4336","post","type-post","status-publish","format-standard","has-post-thumbnail","hentry"],"acf":[],"yoast_head":"<!-- This site is optimized with the Yoast SEO plugin v27.5 - https:\/\/yoast.com\/product\/yoast-seo-wordpress\/ -->\n<title>\u00c9lections municipales 2023 \u00e0 Abobo : La Candidate du RHDP, Kandia Camara officiellement pr\u00e9sent\u00e9e\u00a0 - Amanien| L&#039;actualit\u00e9 Ivoirienne et Internationale<\/title>\n<meta name=\"robots\" content=\"index, follow, max-snippet:-1, max-image-preview:large, max-video-preview:-1\" \/>\n<link rel=\"canonical\" href=\"https:\/\/www.amanien.info\/news\/elections-municipales-2023-a-abobo-la-candidate-du-rhdp-kandia-camara-officiellement-presentee\/\" \/>\n<meta property=\"og:locale\" content=\"fr_FR\" \/>\n<meta property=\"og:type\" content=\"article\" \/>\n<meta property=\"og:title\" content=\"\u00c9lections municipales 2023 \u00e0 Abobo : La Candidate du RHDP, Kandia Camara officiellement pr\u00e9sent\u00e9e\u00a0 - Amanien| L&#039;actualit\u00e9 Ivoirienne et Internationale\" \/>\n<meta property=\"og:description\" content=\"C&rsquo;est dans une ambiance festive et dans la liesse que la Candidate du parti au pouvoir, en l&rsquo;occurrence le RHDP, Kandia Camara a \u00e9t\u00e9 officiellement pr\u00e9sent\u00e9e aux militants et sympathisants du RHDP d&rsquo;Abobo. C&rsquo;\u00e9tait au cours d&rsquo;une c\u00e9r\u00e9monie qui a eu lieu, le dimanche 04 juin 2023, au complexe sportif d&rsquo;Abobo, en pr\u00e9sence de plusieurs [&hellip;]\" \/>\n<meta property=\"og:url\" content=\"https:\/\/www.amanien.info\/news\/elections-municipales-2023-a-abobo-la-candidate-du-rhdp-kandia-camara-officiellement-presentee\/\" \/>\n<meta property=\"og:site_name\" content=\"Amanien| L&#039;actualit\u00e9 Ivoirienne et Internationale\" \/>\n<meta property=\"article:published_time\" content=\"2023-06-06T06:51:17+00:00\" \/>\n<meta property=\"article:modified_time\" content=\"2023-06-06T06:56:38+00:00\" \/>\n<meta property=\"og:image\" content=\"https:\/\/www.amanien.info\/news\/wp-content\/uploads\/2023\/06\/image_870x_647dbc5a8c15e.jpg\" \/>\n\t<meta property=\"og:image:width\" content=\"870\" \/>\n\t<meta property=\"og:image:height\" content=\"581\" \/>\n\t<meta property=\"og:image:type\" content=\"image\/jpeg\" \/>\n<meta name=\"author\" content=\"Germain Ndri\" \/>\n<meta name=\"twitter:card\" content=\"summary_large_image\" \/>\n<meta name=\"twitter:label1\" content=\"\u00c9crit par\" \/>\n\t<meta name=\"twitter:data1\" content=\"Germain Ndri\" \/>\n\t<meta name=\"twitter:label2\" content=\"Dur\u00e9e de lecture estim\u00e9e\" \/>\n\t<meta name=\"twitter:data2\" content=\"3 minutes\" \/>\n<script type=\"application\/ld+json\" class=\"yoast-schema-graph\">{\"@context\":\"https:\\\/\\\/schema.org\",\"@graph\":[{\"@type\":\"Article\",\"@id\":\"https:\\\/\\\/www.amanien.info\\\/news\\\/elections-municipales-2023-a-abobo-la-candidate-du-rhdp-kandia-camara-officiellement-presentee\\\/#article\",\"isPartOf\":{\"@id\":\"https:\\\/\\\/www.amanien.info\\\/news\\\/elections-municipales-2023-a-abobo-la-candidate-du-rhdp-kandia-camara-officiellement-presentee\\\/\"},\"author\":{\"name\":\"Germain Ndri\",\"@id\":\"https:\\\/\\\/www.amanien.info\\\/news\\\/#\\\/schema\\\/person\\\/b21093345753a1a98242d505bd894f42\"},\"headline\":\"\u00c9lections municipales 2023 \u00e0 Abobo : La Candidate du RHDP, Kandia Camara officiellement pr\u00e9sent\u00e9e\u00a0\",\"datePublished\":\"2023-06-06T06:51:17+00:00\",\"dateModified\":\"2023-06-06T06:56:38+00:00\",\"mainEntityOfPage\":{\"@id\":\"https:\\\/\\\/www.amanien.info\\\/news\\\/elections-municipales-2023-a-abobo-la-candidate-du-rhdp-kandia-camara-officiellement-presentee\\\/\"},\"wordCount\":461,\"image\":{\"@id\":\"https:\\\/\\\/www.amanien.info\\\/news\\\/elections-municipales-2023-a-abobo-la-candidate-du-rhdp-kandia-camara-officiellement-presentee\\\/#primaryimage\"},\"thumbnailUrl\":\"https:\\\/\\\/www.amanien.info\\\/news\\\/wp-content\\\/uploads\\\/2023\\\/06\\\/image_870x_647dbc5a8c15e.jpg\",\"inLanguage\":\"fr-FR\"},{\"@type\":\"WebPage\",\"@id\":\"https:\\\/\\\/www.amanien.info\\\/news\\\/elections-municipales-2023-a-abobo-la-candidate-du-rhdp-kandia-camara-officiellement-presentee\\\/\",\"url\":\"https:\\\/\\\/www.amanien.info\\\/news\\\/elections-municipales-2023-a-abobo-la-candidate-du-rhdp-kandia-camara-officiellement-presentee\\\/\",\"name\":\"\u00c9lections municipales 2023 \u00e0 Abobo : La Candidate du RHDP, Kandia Camara officiellement pr\u00e9sent\u00e9e\u00a0 - Amanien| L&#039;actualit\u00e9 Ivoirienne et Internationale\",\"isPartOf\":{\"@id\":\"https:\\\/\\\/www.amanien.info\\\/news\\\/#website\"},\"primaryImageOfPage\":{\"@id\":\"https:\\\/\\\/www.amanien.info\\\/news\\\/elections-municipales-2023-a-abobo-la-candidate-du-rhdp-kandia-camara-officiellement-presentee\\\/#primaryimage\"},\"image\":{\"@id\":\"https:\\\/\\\/www.amanien.info\\\/news\\\/elections-municipales-2023-a-abobo-la-candidate-du-rhdp-kandia-camara-officiellement-presentee\\\/#primaryimage\"},\"thumbnailUrl\":\"https:\\\/\\\/www.amanien.info\\\/news\\\/wp-content\\\/uploads\\\/2023\\\/06\\\/image_870x_647dbc5a8c15e.jpg\",\"datePublished\":\"2023-06-06T06:51:17+00:00\",\"dateModified\":\"2023-06-06T06:56:38+00:00\",\"author\":{\"@id\":\"https:\\\/\\\/www.amanien.info\\\/news\\\/#\\\/schema\\\/person\\\/b21093345753a1a98242d505bd894f42\"},\"breadcrumb\":{\"@id\":\"https:\\\/\\\/www.amanien.info\\\/news\\\/elections-municipales-2023-a-abobo-la-candidate-du-rhdp-kandia-camara-officiellement-presentee\\\/#breadcrumb\"},\"inLanguage\":\"fr-FR\",\"potentialAction\":[{\"@type\":\"ReadAction\",\"target\":[\"https:\\\/\\\/www.amanien.info\\\/news\\\/elections-municipales-2023-a-abobo-la-candidate-du-rhdp-kandia-camara-officiellement-presentee\\\/\"]}]},{\"@type\":\"ImageObject\",\"inLanguage\":\"fr-FR\",\"@id\":\"https:\\\/\\\/www.amanien.info\\\/news\\\/elections-municipales-2023-a-abobo-la-candidate-du-rhdp-kandia-camara-officiellement-presentee\\\/#primaryimage\",\"url\":\"https:\\\/\\\/www.amanien.info\\\/news\\\/wp-content\\\/uploads\\\/2023\\\/06\\\/image_870x_647dbc5a8c15e.jpg\",\"contentUrl\":\"https:\\\/\\\/www.amanien.info\\\/news\\\/wp-content\\\/uploads\\\/2023\\\/06\\\/image_870x_647dbc5a8c15e.jpg\",\"width\":870,\"height\":581},{\"@type\":\"BreadcrumbList\",\"@id\":\"https:\\\/\\\/www.amanien.info\\\/news\\\/elections-municipales-2023-a-abobo-la-candidate-du-rhdp-kandia-camara-officiellement-presentee\\\/#breadcrumb\",\"itemListElement\":[{\"@type\":\"ListItem\",\"position\":1,\"name\":\"Accueil\",\"item\":\"https:\\\/\\\/www.amanien.info\\\/news\\\/\"},{\"@type\":\"ListItem\",\"position\":2,\"name\":\"\u00c9lections municipales 2023 \u00e0 Abobo : La Candidate du RHDP, Kandia Camara officiellement pr\u00e9sent\u00e9e\u00a0\"}]},{\"@type\":\"WebSite\",\"@id\":\"https:\\\/\\\/www.amanien.info\\\/news\\\/#website\",\"url\":\"https:\\\/\\\/www.amanien.info\\\/news\\\/\",\"name\":\"Amanien| L&#039;actualit\u00e9 Ivoirienne et Internationale\",\"description\":\"L&#039;actualit\u00e9 Ivoirienne et Internationale\",\"potentialAction\":[{\"@type\":\"SearchAction\",\"target\":{\"@type\":\"EntryPoint\",\"urlTemplate\":\"https:\\\/\\\/www.amanien.info\\\/news\\\/?s={search_term_string}\"},\"query-input\":{\"@type\":\"PropertyValueSpecification\",\"valueRequired\":true,\"valueName\":\"search_term_string\"}}],\"inLanguage\":\"fr-FR\"},{\"@type\":\"Person\",\"@id\":\"https:\\\/\\\/www.amanien.info\\\/news\\\/#\\\/schema\\\/person\\\/b21093345753a1a98242d505bd894f42\",\"name\":\"Germain Ndri\",\"url\":\"https:\\\/\\\/www.amanien.info\\\/news\\\/author\\\/amanien-infos\\\/\"}]}<\/script>\n<!-- \/ Yoast SEO plugin. -->","yoast_head_json":{"title":"\u00c9lections municipales 2023 \u00e0 Abobo : La Candidate du RHDP, Kandia Camara officiellement pr\u00e9sent\u00e9e\u00a0 - Amanien| L&#039;actualit\u00e9 Ivoirienne et Internationale","robots":{"index":"index","follow":"follow","max-snippet":"max-snippet:-1","max-image-preview":"max-image-preview:large","max-video-preview":"max-video-preview:-1"},"canonical":"https:\/\/www.amanien.info\/news\/elections-municipales-2023-a-abobo-la-candidate-du-rhdp-kandia-camara-officiellement-presentee\/","og_locale":"fr_FR","og_type":"article","og_title":"\u00c9lections municipales 2023 \u00e0 Abobo : La Candidate du RHDP, Kandia Camara officiellement pr\u00e9sent\u00e9e\u00a0 - Amanien| L&#039;actualit\u00e9 Ivoirienne et Internationale","og_description":"C&rsquo;est dans une ambiance festive et dans la liesse que la Candidate du parti au pouvoir, en l&rsquo;occurrence le RHDP, Kandia Camara a \u00e9t\u00e9 officiellement pr\u00e9sent\u00e9e aux militants et sympathisants du RHDP d&rsquo;Abobo. C&rsquo;\u00e9tait au cours d&rsquo;une c\u00e9r\u00e9monie qui a eu lieu, le dimanche 04 juin 2023, au complexe sportif d&rsquo;Abobo, en pr\u00e9sence de plusieurs [&hellip;]","og_url":"https:\/\/www.amanien.info\/news\/elections-municipales-2023-a-abobo-la-candidate-du-rhdp-kandia-camara-officiellement-presentee\/","og_site_name":"Amanien| L&#039;actualit\u00e9 Ivoirienne et Internationale","article_published_time":"2023-06-06T06:51:17+00:00","article_modified_time":"2023-06-06T06:56:38+00:00","og_image":[{"width":870,"height":581,"url":"https:\/\/www.amanien.info\/news\/wp-content\/uploads\/2023\/06\/image_870x_647dbc5a8c15e.jpg","type":"image\/jpeg"}],"author":"Germain Ndri","twitter_card":"summary_large_image","twitter_misc":{"\u00c9crit par":"Germain Ndri","Dur\u00e9e de lecture estim\u00e9e":"3 minutes"},"schema":{"@context":"https:\/\/schema.org","@graph":[{"@type":"Article","@id":"https:\/\/www.amanien.info\/news\/elections-municipales-2023-a-abobo-la-candidate-du-rhdp-kandia-camara-officiellement-presentee\/#article","isPartOf":{"@id":"https:\/\/www.amanien.info\/news\/elections-municipales-2023-a-abobo-la-candidate-du-rhdp-kandia-camara-officiellement-presentee\/"},"author":{"name":"Germain Ndri","@id":"https:\/\/www.amanien.info\/news\/#\/schema\/person\/b21093345753a1a98242d505bd894f42"},"headline":"\u00c9lections municipales 2023 \u00e0 Abobo : La Candidate du RHDP, Kandia Camara officiellement pr\u00e9sent\u00e9e\u00a0","datePublished":"2023-06-06T06:51:17+00:00","dateModified":"2023-06-06T06:56:38+00:00","mainEntityOfPage":{"@id":"https:\/\/www.amanien.info\/news\/elections-municipales-2023-a-abobo-la-candidate-du-rhdp-kandia-camara-officiellement-presentee\/"},"wordCount":461,"image":{"@id":"https:\/\/www.amanien.info\/news\/elections-municipales-2023-a-abobo-la-candidate-du-rhdp-kandia-camara-officiellement-presentee\/#primaryimage"},"thumbnailUrl":"https:\/\/www.amanien.info\/news\/wp-content\/uploads\/2023\/06\/image_870x_647dbc5a8c15e.jpg","inLanguage":"fr-FR"},{"@type":"WebPage","@id":"https:\/\/www.amanien.info\/news\/elections-municipales-2023-a-abobo-la-candidate-du-rhdp-kandia-camara-officiellement-presentee\/","url":"https:\/\/www.amanien.info\/news\/elections-municipales-2023-a-abobo-la-candidate-du-rhdp-kandia-camara-officiellement-presentee\/","name":"\u00c9lections municipales 2023 \u00e0 Abobo : La Candidate du RHDP, Kandia Camara officiellement pr\u00e9sent\u00e9e\u00a0 - Amanien| L&#039;actualit\u00e9 Ivoirienne et Internationale","isPartOf":{"@id":"https:\/\/www.amanien.info\/news\/#website"},"primaryImageOfPage":{"@id":"https:\/\/www.amanien.info\/news\/elections-municipales-2023-a-abobo-la-candidate-du-rhdp-kandia-camara-officiellement-presentee\/#primaryimage"},"image":{"@id":"https:\/\/www.amanien.info\/news\/elections-municipales-2023-a-abobo-la-candidate-du-rhdp-kandia-camara-officiellement-presentee\/#primaryimage"},"thumbnailUrl":"https:\/\/www.amanien.info\/news\/wp-content\/uploads\/2023\/06\/image_870x_647dbc5a8c15e.jpg","datePublished":"2023-06-06T06:51:17+00:00","dateModified":"2023-06-06T06:56:38+00:00","author":{"@id":"https:\/\/www.amanien.info\/news\/#\/schema\/person\/b21093345753a1a98242d505bd894f42"},"breadcrumb":{"@id":"https:\/\/www.amanien.info\/news\/elections-municipales-2023-a-abobo-la-candidate-du-rhdp-kandia-camara-officiellement-presentee\/#breadcrumb"},"inLanguage":"fr-FR","potentialAction":[{"@type":"ReadAction","target":["https:\/\/www.amanien.info\/news\/elections-municipales-2023-a-abobo-la-candidate-du-rhdp-kandia-camara-officiellement-presentee\/"]}]},{"@type":"ImageObject","inLanguage":"fr-FR","@id":"https:\/\/www.amanien.info\/news\/elections-municipales-2023-a-abobo-la-candidate-du-rhdp-kandia-camara-officiellement-presentee\/#primaryimage","url":"https:\/\/www.amanien.info\/news\/wp-content\/uploads\/2023\/06\/image_870x_647dbc5a8c15e.jpg","contentUrl":"https:\/\/www.amanien.info\/news\/wp-content\/uploads\/2023\/06\/image_870x_647dbc5a8c15e.jpg","width":870,"height":581},{"@type":"BreadcrumbList","@id":"https:\/\/www.amanien.info\/news\/elections-municipales-2023-a-abobo-la-candidate-du-rhdp-kandia-camara-officiellement-presentee\/#breadcrumb","itemListElement":[{"@type":"ListItem","position":1,"name":"Accueil","item":"https:\/\/www.amanien.info\/news\/"},{"@type":"ListItem","position":2,"name":"\u00c9lections municipales 2023 \u00e0 Abobo : La Candidate du RHDP, Kandia Camara officiellement pr\u00e9sent\u00e9e\u00a0"}]},{"@type":"WebSite","@id":"https:\/\/www.amanien.info\/news\/#website","url":"https:\/\/www.amanien.info\/news\/","name":"Amanien| L&#039;actualit\u00e9 Ivoirienne et Internationale","description":"L&#039;actualit\u00e9 Ivoirienne et Internationale","potentialAction":[{"@type":"SearchAction","target":{"@type":"EntryPoint","urlTemplate":"https:\/\/www.amanien.info\/news\/?s={search_term_string}"},"query-input":{"@type":"PropertyValueSpecification","valueRequired":true,"valueName":"search_term_string"}}],"inLanguage":"fr-FR"},{"@type":"Person","@id":"https:\/\/www.amanien.info\/news\/#\/schema\/person\/b21093345753a1a98242d505bd894f42","name":"Germain Ndri","url":"https:\/\/www.amanien.info\/news\/author\/amanien-infos\/"}]}},"_links":{"self":[{"href":"https:\/\/www.amanien.info\/news\/wp-json\/wp\/v2\/posts\/4336","targetHints":{"allow":["GET"]}}],"collection":[{"href":"https:\/\/www.amanien.info\/news\/wp-json\/wp\/v2\/posts"}],"about":[{"href":"https:\/\/www.amanien.info\/news\/wp-json\/wp\/v2\/types\/post"}],"author":[{"embeddable":true,"href":"https:\/\/www.amanien.info\/news\/wp-json\/wp\/v2\/users\/2"}],"replies":[{"embeddable":true,"href":"https:\/\/www.amanien.info\/news\/wp-json\/wp\/v2\/comments?post=4336"}],"version-history":[{"count":1,"href":"https:\/\/www.amanien.info\/news\/wp-json\/wp\/v2\/posts\/4336\/revisions"}],"predecessor-version":[{"id":4340,"href":"https:\/\/www.amanien.info\/news\/wp-json\/wp\/v2\/posts\/4336\/revisions\/4340"}],"wp:featuredmedia":[{"embeddable":true,"href":"https:\/\/www.amanien.info\/news\/wp-json\/wp\/v2\/media\/4339"}],"wp:attachment":[{"href":"https:\/\/www.amanien.info\/news\/wp-json\/wp\/v2\/media?parent=4336"}],"wp:term":[{"taxonomy":"category","embeddable":true,"href":"https:\/\/www.amanien.info\/news\/wp-json\/wp\/v2\/categories?post=4336"},{"taxonomy":"post_tag","embeddable":true,"href":"https:\/\/www.amanien.info\/news\/wp-json\/wp\/v2\/tags?post=4336"}],"curies":[{"name":"wp","href":"https:\/\/api.w.org\/{rel}","templated":true}]}}