{"id":4319,"date":"2023-06-04T07:16:54","date_gmt":"2023-06-04T07:16:54","guid":{"rendered":"https:\/\/www.https:\/\/zozo.buyee.jp\/\/news\/?p=4319"},"modified":"2023-06-04T07:17:42","modified_gmt":"2023-06-04T07:17:42","slug":"economie-numerique-la-cote-divoire-participera-a-la-7e-edition-du-vivatech-du-14-au-16-juin-prochain-a-paris","status":"publish","type":"post","link":"https:\/\/www.amanien.info\/news\/economie-numerique-la-cote-divoire-participera-a-la-7e-edition-du-vivatech-du-14-au-16-juin-prochain-a-paris\/","title":{"rendered":"Economie num\u00e9rique : La C\u00f4te d\u2019Ivoire participera \u00e0 la 7\u00e8 \u00e9dition du Vivatech du 14 au 16 juin prochain, \u00e0 Paris"},"content":{"rendered":"<p><b>\u00a0<\/b>La C\u00f4te d\u2019Ivoire prendra part officiellement pour la premi\u00e8re fois, du 14 au 16 juin 2023 \u00e0 Paris, \u00e0 la septi\u00e8me \u00e9dition\u00a0 du Viva Technology (Vivatech), le plus grand salon d\u2019Europe d\u00e9di\u00e9 \u00e0 l&rsquo;innovation technologique et aux startups.<\/p>\n<div>\n<div><\/div>\n<div>L&rsquo;information a \u00e9t\u00e9 donn\u00e9e par le Ministre de la Communication et de l\u2019Economie num\u00e9rique, au cours d\u2019une conf\u00e9rence de presse qu\u2019il a coanim\u00e9e, le jeudi 1er juin 2023 \u00e0 Abidjan-Plateau, avec son coll\u00e8gue de la Promotion de la Jeunesse, de l\u2019Insertion professionnelle et du Service civique, Mamadou Tour\u00e9.<\/div>\n<div><\/div>\n<div>Les ministres Amadou Coulibaly et Mamadou Tour\u00e9 conduiront \u00e0 cette occasion une importante d\u00e9l\u00e9gation compos\u00e9e des acteurs majeurs du secteur dont 12 startups et 2 incubateurs.<\/div>\n<div><\/div>\n<div>\u00ab Nous allons en conqu\u00e9rants \u00e0 ce salon des technologies (\u2026). Nous partons vendre nos startups. Nous partons vendre leurs techniques. Nous partons leur montrer qu\u2019elles ne sont pas seules et qu\u2019il y a un cadre l\u00e9gislatif \u00a0r\u00e9glement\u00e9 qui existe aujourd\u2019hui pour les accompagner et leur donner plus de force \u00bb, a d\u00e9clar\u00e9 Amadou Coulibaly.<\/div>\n<div><\/div>\n<div>En cette ann\u00e9e 2023, d\u00e9cr\u00e9t\u00e9e ann\u00e9e de la Jeunesse, le gouvernement ivoirien, \u00e0 travers cet \u00e9v\u00e8nement, a pour objectifs de promouvoir des startups ivoiriennes et l&rsquo;\u00e9cosyst\u00e8me entrepreneurial et technologique du pays, de pr\u00e9senter les initiatives en faveur de l\u2019accompagnement et du d\u00e9veloppement des startups num\u00e9riques. Il s\u2019agit \u00e9galement de nouer des partenariats avec les acteurs mondiaux majeurs pour accompagner le Plan d\u2019Accompagnement et de D\u00e9veloppement des Startups (PADS), et de participer aux diff\u00e9rentes activit\u00e9s pour s\u2019impr\u00e9gner des exp\u00e9riences d\u2019autres pays.<\/div>\n<div><\/div>\n<div>Cr\u00e9\u00e9 en 2016 par les groupes Les \u00c9chos et Publicis, rappelle-t-on, VivaTech a pour objectif de mettre en lumi\u00e8re les innovations au service des grands enjeux soci\u00e9taux, environnementaux, \u00e9conomiques et humains pour b\u00e2tir une soci\u00e9t\u00e9 plus durable et plus inclusive.<\/div>\n<div>L\u2019\u00e9dition Vivatech 2023 pr\u00e9voit 35 pavillons internationaux, pour plus de 550 startups attendues pour cette \u00e9dition 2023.<\/div>\n<div><\/div>\n<div><\/div>\n<div><b>S.A.<\/b><\/div>\n<div><\/div>\n<\/div>\n","protected":false},"excerpt":{"rendered":"<p>\u00a0La C\u00f4te d\u2019Ivoire prendra part officiellement pour la premi\u00e8re fois, du 14 au 16 juin 2023 \u00e0 Paris, \u00e0 la septi\u00e8me \u00e9dition\u00a0 du Viva Technology (Vivatech), le plus grand salon d\u2019Europe d\u00e9di\u00e9 \u00e0 l&rsquo;innovation technologique et aux startups. L&rsquo;information a \u00e9t\u00e9 donn\u00e9e par le Ministre de la Communication et de l\u2019Economie num\u00e9rique, au cours d\u2019une [&hellip;]<\/p>\n","protected":false},"author":2,"featured_media":4320,"comment_status":"closed","ping_status":"closed","sticky":true,"template":"","format":"standard","meta":{"_acf_changed":false,"footnotes":""},"categories":[],"tags":[],"class_list":["post-4319","post","type-post","status-publish","format-standard","has-post-thumbnail","hentry"],"acf":[],"yoast_head":"<!-- This site is optimized with the Yoast SEO plugin v27.5 - https:\/\/yoast.com\/product\/yoast-seo-wordpress\/ -->\n<title>Economie num\u00e9rique : La C\u00f4te d\u2019Ivoire participera \u00e0 la 7\u00e8 \u00e9dition du Vivatech du 14 au 16 juin prochain, \u00e0 Paris - Amanien| L&#039;actualit\u00e9 Ivoirienne et Internationale<\/title>\n<meta name=\"robots\" content=\"index, follow, max-snippet:-1, max-image-preview:large, max-video-preview:-1\" \/>\n<link rel=\"canonical\" href=\"https:\/\/www.amanien.info\/news\/economie-numerique-la-cote-divoire-participera-a-la-7e-edition-du-vivatech-du-14-au-16-juin-prochain-a-paris\/\" \/>\n<meta property=\"og:locale\" content=\"fr_FR\" \/>\n<meta property=\"og:type\" content=\"article\" \/>\n<meta property=\"og:title\" content=\"Economie num\u00e9rique : La C\u00f4te d\u2019Ivoire participera \u00e0 la 7\u00e8 \u00e9dition du Vivatech du 14 au 16 juin prochain, \u00e0 Paris - Amanien| L&#039;actualit\u00e9 Ivoirienne et Internationale\" \/>\n<meta property=\"og:description\" content=\"\u00a0La C\u00f4te d\u2019Ivoire prendra part officiellement pour la premi\u00e8re fois, du 14 au 16 juin 2023 \u00e0 Paris, \u00e0 la septi\u00e8me \u00e9dition\u00a0 du Viva Technology (Vivatech), le plus grand salon d\u2019Europe d\u00e9di\u00e9 \u00e0 l&rsquo;innovation technologique et aux startups. L&rsquo;information a \u00e9t\u00e9 donn\u00e9e par le Ministre de la Communication et de l\u2019Economie num\u00e9rique, au cours d\u2019une [&hellip;]\" \/>\n<meta property=\"og:url\" content=\"https:\/\/www.amanien.info\/news\/economie-numerique-la-cote-divoire-participera-a-la-7e-edition-du-vivatech-du-14-au-16-juin-prochain-a-paris\/\" \/>\n<meta property=\"og:site_name\" content=\"Amanien| L&#039;actualit\u00e9 Ivoirienne et Internationale\" \/>\n<meta property=\"article:published_time\" content=\"2023-06-04T07:16:54+00:00\" \/>\n<meta property=\"article:modified_time\" content=\"2023-06-04T07:17:42+00:00\" \/>\n<meta property=\"og:image\" content=\"https:\/\/www.amanien.info\/news\/wp-content\/uploads\/2023\/06\/image-4.png\" \/>\n\t<meta property=\"og:image:width\" content=\"1600\" \/>\n\t<meta property=\"og:image:height\" content=\"1066\" \/>\n\t<meta property=\"og:image:type\" content=\"image\/png\" \/>\n<meta name=\"author\" content=\"Germain Ndri\" \/>\n<meta name=\"twitter:card\" content=\"summary_large_image\" \/>\n<meta name=\"twitter:label1\" content=\"\u00c9crit par\" \/>\n\t<meta name=\"twitter:data1\" content=\"Germain Ndri\" \/>\n\t<meta name=\"twitter:label2\" content=\"Dur\u00e9e de lecture estim\u00e9e\" \/>\n\t<meta name=\"twitter:data2\" content=\"2 minutes\" \/>\n<script type=\"application\/ld+json\" class=\"yoast-schema-graph\">{\"@context\":\"https:\\\/\\\/schema.org\",\"@graph\":[{\"@type\":\"Article\",\"@id\":\"https:\\\/\\\/www.amanien.info\\\/news\\\/economie-numerique-la-cote-divoire-participera-a-la-7e-edition-du-vivatech-du-14-au-16-juin-prochain-a-paris\\\/#article\",\"isPartOf\":{\"@id\":\"https:\\\/\\\/www.amanien.info\\\/news\\\/economie-numerique-la-cote-divoire-participera-a-la-7e-edition-du-vivatech-du-14-au-16-juin-prochain-a-paris\\\/\"},\"author\":{\"name\":\"Germain Ndri\",\"@id\":\"https:\\\/\\\/www.amanien.info\\\/news\\\/#\\\/schema\\\/person\\\/b21093345753a1a98242d505bd894f42\"},\"headline\":\"Economie num\u00e9rique : La C\u00f4te d\u2019Ivoire participera \u00e0 la 7\u00e8 \u00e9dition du Vivatech du 14 au 16 juin prochain, \u00e0 Paris\",\"datePublished\":\"2023-06-04T07:16:54+00:00\",\"dateModified\":\"2023-06-04T07:17:42+00:00\",\"mainEntityOfPage\":{\"@id\":\"https:\\\/\\\/www.amanien.info\\\/news\\\/economie-numerique-la-cote-divoire-participera-a-la-7e-edition-du-vivatech-du-14-au-16-juin-prochain-a-paris\\\/\"},\"wordCount\":356,\"image\":{\"@id\":\"https:\\\/\\\/www.amanien.info\\\/news\\\/economie-numerique-la-cote-divoire-participera-a-la-7e-edition-du-vivatech-du-14-au-16-juin-prochain-a-paris\\\/#primaryimage\"},\"thumbnailUrl\":\"https:\\\/\\\/www.amanien.info\\\/news\\\/wp-content\\\/uploads\\\/2023\\\/06\\\/image-4.png\",\"inLanguage\":\"fr-FR\"},{\"@type\":\"WebPage\",\"@id\":\"https:\\\/\\\/www.amanien.info\\\/news\\\/economie-numerique-la-cote-divoire-participera-a-la-7e-edition-du-vivatech-du-14-au-16-juin-prochain-a-paris\\\/\",\"url\":\"https:\\\/\\\/www.amanien.info\\\/news\\\/economie-numerique-la-cote-divoire-participera-a-la-7e-edition-du-vivatech-du-14-au-16-juin-prochain-a-paris\\\/\",\"name\":\"Economie num\u00e9rique : La C\u00f4te d\u2019Ivoire participera \u00e0 la 7\u00e8 \u00e9dition du Vivatech du 14 au 16 juin prochain, \u00e0 Paris - Amanien| L&#039;actualit\u00e9 Ivoirienne et Internationale\",\"isPartOf\":{\"@id\":\"https:\\\/\\\/www.amanien.info\\\/news\\\/#website\"},\"primaryImageOfPage\":{\"@id\":\"https:\\\/\\\/www.amanien.info\\\/news\\\/economie-numerique-la-cote-divoire-participera-a-la-7e-edition-du-vivatech-du-14-au-16-juin-prochain-a-paris\\\/#primaryimage\"},\"image\":{\"@id\":\"https:\\\/\\\/www.amanien.info\\\/news\\\/economie-numerique-la-cote-divoire-participera-a-la-7e-edition-du-vivatech-du-14-au-16-juin-prochain-a-paris\\\/#primaryimage\"},\"thumbnailUrl\":\"https:\\\/\\\/www.amanien.info\\\/news\\\/wp-content\\\/uploads\\\/2023\\\/06\\\/image-4.png\",\"datePublished\":\"2023-06-04T07:16:54+00:00\",\"dateModified\":\"2023-06-04T07:17:42+00:00\",\"author\":{\"@id\":\"https:\\\/\\\/www.amanien.info\\\/news\\\/#\\\/schema\\\/person\\\/b21093345753a1a98242d505bd894f42\"},\"breadcrumb\":{\"@id\":\"https:\\\/\\\/www.amanien.info\\\/news\\\/economie-numerique-la-cote-divoire-participera-a-la-7e-edition-du-vivatech-du-14-au-16-juin-prochain-a-paris\\\/#breadcrumb\"},\"inLanguage\":\"fr-FR\",\"potentialAction\":[{\"@type\":\"ReadAction\",\"target\":[\"https:\\\/\\\/www.amanien.info\\\/news\\\/economie-numerique-la-cote-divoire-participera-a-la-7e-edition-du-vivatech-du-14-au-16-juin-prochain-a-paris\\\/\"]}]},{\"@type\":\"ImageObject\",\"inLanguage\":\"fr-FR\",\"@id\":\"https:\\\/\\\/www.amanien.info\\\/news\\\/economie-numerique-la-cote-divoire-participera-a-la-7e-edition-du-vivatech-du-14-au-16-juin-prochain-a-paris\\\/#primaryimage\",\"url\":\"https:\\\/\\\/www.amanien.info\\\/news\\\/wp-content\\\/uploads\\\/2023\\\/06\\\/image-4.png\",\"contentUrl\":\"https:\\\/\\\/www.amanien.info\\\/news\\\/wp-content\\\/uploads\\\/2023\\\/06\\\/image-4.png\",\"width\":1600,\"height\":1066},{\"@type\":\"BreadcrumbList\",\"@id\":\"https:\\\/\\\/www.amanien.info\\\/news\\\/economie-numerique-la-cote-divoire-participera-a-la-7e-edition-du-vivatech-du-14-au-16-juin-prochain-a-paris\\\/#breadcrumb\",\"itemListElement\":[{\"@type\":\"ListItem\",\"position\":1,\"name\":\"Accueil\",\"item\":\"https:\\\/\\\/www.amanien.info\\\/news\\\/\"},{\"@type\":\"ListItem\",\"position\":2,\"name\":\"Economie num\u00e9rique : La C\u00f4te d\u2019Ivoire participera \u00e0 la 7\u00e8 \u00e9dition du Vivatech du 14 au 16 juin prochain, \u00e0 Paris\"}]},{\"@type\":\"WebSite\",\"@id\":\"https:\\\/\\\/www.amanien.info\\\/news\\\/#website\",\"url\":\"https:\\\/\\\/www.amanien.info\\\/news\\\/\",\"name\":\"Amanien| L&#039;actualit\u00e9 Ivoirienne et Internationale\",\"description\":\"L&#039;actualit\u00e9 Ivoirienne et Internationale\",\"potentialAction\":[{\"@type\":\"SearchAction\",\"target\":{\"@type\":\"EntryPoint\",\"urlTemplate\":\"https:\\\/\\\/www.amanien.info\\\/news\\\/?s={search_term_string}\"},\"query-input\":{\"@type\":\"PropertyValueSpecification\",\"valueRequired\":true,\"valueName\":\"search_term_string\"}}],\"inLanguage\":\"fr-FR\"},{\"@type\":\"Person\",\"@id\":\"https:\\\/\\\/www.amanien.info\\\/news\\\/#\\\/schema\\\/person\\\/b21093345753a1a98242d505bd894f42\",\"name\":\"Germain Ndri\",\"url\":\"https:\\\/\\\/www.amanien.info\\\/news\\\/author\\\/amanien-infos\\\/\"}]}<\/script>\n<!-- \/ Yoast SEO plugin. -->","yoast_head_json":{"title":"Economie num\u00e9rique : La C\u00f4te d\u2019Ivoire participera \u00e0 la 7\u00e8 \u00e9dition du Vivatech du 14 au 16 juin prochain, \u00e0 Paris - Amanien| L&#039;actualit\u00e9 Ivoirienne et Internationale","robots":{"index":"index","follow":"follow","max-snippet":"max-snippet:-1","max-image-preview":"max-image-preview:large","max-video-preview":"max-video-preview:-1"},"canonical":"https:\/\/www.amanien.info\/news\/economie-numerique-la-cote-divoire-participera-a-la-7e-edition-du-vivatech-du-14-au-16-juin-prochain-a-paris\/","og_locale":"fr_FR","og_type":"article","og_title":"Economie num\u00e9rique : La C\u00f4te d\u2019Ivoire participera \u00e0 la 7\u00e8 \u00e9dition du Vivatech du 14 au 16 juin prochain, \u00e0 Paris - Amanien| L&#039;actualit\u00e9 Ivoirienne et Internationale","og_description":"\u00a0La C\u00f4te d\u2019Ivoire prendra part officiellement pour la premi\u00e8re fois, du 14 au 16 juin 2023 \u00e0 Paris, \u00e0 la septi\u00e8me \u00e9dition\u00a0 du Viva Technology (Vivatech), le plus grand salon d\u2019Europe d\u00e9di\u00e9 \u00e0 l&rsquo;innovation technologique et aux startups. L&rsquo;information a \u00e9t\u00e9 donn\u00e9e par le Ministre de la Communication et de l\u2019Economie num\u00e9rique, au cours d\u2019une [&hellip;]","og_url":"https:\/\/www.amanien.info\/news\/economie-numerique-la-cote-divoire-participera-a-la-7e-edition-du-vivatech-du-14-au-16-juin-prochain-a-paris\/","og_site_name":"Amanien| L&#039;actualit\u00e9 Ivoirienne et Internationale","article_published_time":"2023-06-04T07:16:54+00:00","article_modified_time":"2023-06-04T07:17:42+00:00","og_image":[{"width":1600,"height":1066,"url":"https:\/\/www.amanien.info\/news\/wp-content\/uploads\/2023\/06\/image-4.png","type":"image\/png"}],"author":"Germain Ndri","twitter_card":"summary_large_image","twitter_misc":{"\u00c9crit par":"Germain Ndri","Dur\u00e9e de lecture estim\u00e9e":"2 minutes"},"schema":{"@context":"https:\/\/schema.org","@graph":[{"@type":"Article","@id":"https:\/\/www.amanien.info\/news\/economie-numerique-la-cote-divoire-participera-a-la-7e-edition-du-vivatech-du-14-au-16-juin-prochain-a-paris\/#article","isPartOf":{"@id":"https:\/\/www.amanien.info\/news\/economie-numerique-la-cote-divoire-participera-a-la-7e-edition-du-vivatech-du-14-au-16-juin-prochain-a-paris\/"},"author":{"name":"Germain Ndri","@id":"https:\/\/www.amanien.info\/news\/#\/schema\/person\/b21093345753a1a98242d505bd894f42"},"headline":"Economie num\u00e9rique : La C\u00f4te d\u2019Ivoire participera \u00e0 la 7\u00e8 \u00e9dition du Vivatech du 14 au 16 juin prochain, \u00e0 Paris","datePublished":"2023-06-04T07:16:54+00:00","dateModified":"2023-06-04T07:17:42+00:00","mainEntityOfPage":{"@id":"https:\/\/www.amanien.info\/news\/economie-numerique-la-cote-divoire-participera-a-la-7e-edition-du-vivatech-du-14-au-16-juin-prochain-a-paris\/"},"wordCount":356,"image":{"@id":"https:\/\/www.amanien.info\/news\/economie-numerique-la-cote-divoire-participera-a-la-7e-edition-du-vivatech-du-14-au-16-juin-prochain-a-paris\/#primaryimage"},"thumbnailUrl":"https:\/\/www.amanien.info\/news\/wp-content\/uploads\/2023\/06\/image-4.png","inLanguage":"fr-FR"},{"@type":"WebPage","@id":"https:\/\/www.amanien.info\/news\/economie-numerique-la-cote-divoire-participera-a-la-7e-edition-du-vivatech-du-14-au-16-juin-prochain-a-paris\/","url":"https:\/\/www.amanien.info\/news\/economie-numerique-la-cote-divoire-participera-a-la-7e-edition-du-vivatech-du-14-au-16-juin-prochain-a-paris\/","name":"Economie num\u00e9rique : La C\u00f4te d\u2019Ivoire participera \u00e0 la 7\u00e8 \u00e9dition du Vivatech du 14 au 16 juin prochain, \u00e0 Paris - Amanien| L&#039;actualit\u00e9 Ivoirienne et Internationale","isPartOf":{"@id":"https:\/\/www.amanien.info\/news\/#website"},"primaryImageOfPage":{"@id":"https:\/\/www.amanien.info\/news\/economie-numerique-la-cote-divoire-participera-a-la-7e-edition-du-vivatech-du-14-au-16-juin-prochain-a-paris\/#primaryimage"},"image":{"@id":"https:\/\/www.amanien.info\/news\/economie-numerique-la-cote-divoire-participera-a-la-7e-edition-du-vivatech-du-14-au-16-juin-prochain-a-paris\/#primaryimage"},"thumbnailUrl":"https:\/\/www.amanien.info\/news\/wp-content\/uploads\/2023\/06\/image-4.png","datePublished":"2023-06-04T07:16:54+00:00","dateModified":"2023-06-04T07:17:42+00:00","author":{"@id":"https:\/\/www.amanien.info\/news\/#\/schema\/person\/b21093345753a1a98242d505bd894f42"},"breadcrumb":{"@id":"https:\/\/www.amanien.info\/news\/economie-numerique-la-cote-divoire-participera-a-la-7e-edition-du-vivatech-du-14-au-16-juin-prochain-a-paris\/#breadcrumb"},"inLanguage":"fr-FR","potentialAction":[{"@type":"ReadAction","target":["https:\/\/www.amanien.info\/news\/economie-numerique-la-cote-divoire-participera-a-la-7e-edition-du-vivatech-du-14-au-16-juin-prochain-a-paris\/"]}]},{"@type":"ImageObject","inLanguage":"fr-FR","@id":"https:\/\/www.amanien.info\/news\/economie-numerique-la-cote-divoire-participera-a-la-7e-edition-du-vivatech-du-14-au-16-juin-prochain-a-paris\/#primaryimage","url":"https:\/\/www.amanien.info\/news\/wp-content\/uploads\/2023\/06\/image-4.png","contentUrl":"https:\/\/www.amanien.info\/news\/wp-content\/uploads\/2023\/06\/image-4.png","width":1600,"height":1066},{"@type":"BreadcrumbList","@id":"https:\/\/www.amanien.info\/news\/economie-numerique-la-cote-divoire-participera-a-la-7e-edition-du-vivatech-du-14-au-16-juin-prochain-a-paris\/#breadcrumb","itemListElement":[{"@type":"ListItem","position":1,"name":"Accueil","item":"https:\/\/www.amanien.info\/news\/"},{"@type":"ListItem","position":2,"name":"Economie num\u00e9rique : La C\u00f4te d\u2019Ivoire participera \u00e0 la 7\u00e8 \u00e9dition du Vivatech du 14 au 16 juin prochain, \u00e0 Paris"}]},{"@type":"WebSite","@id":"https:\/\/www.amanien.info\/news\/#website","url":"https:\/\/www.amanien.info\/news\/","name":"Amanien| L&#039;actualit\u00e9 Ivoirienne et Internationale","description":"L&#039;actualit\u00e9 Ivoirienne et Internationale","potentialAction":[{"@type":"SearchAction","target":{"@type":"EntryPoint","urlTemplate":"https:\/\/www.amanien.info\/news\/?s={search_term_string}"},"query-input":{"@type":"PropertyValueSpecification","valueRequired":true,"valueName":"search_term_string"}}],"inLanguage":"fr-FR"},{"@type":"Person","@id":"https:\/\/www.amanien.info\/news\/#\/schema\/person\/b21093345753a1a98242d505bd894f42","name":"Germain Ndri","url":"https:\/\/www.amanien.info\/news\/author\/amanien-infos\/"}]}},"_links":{"self":[{"href":"https:\/\/www.amanien.info\/news\/wp-json\/wp\/v2\/posts\/4319","targetHints":{"allow":["GET"]}}],"collection":[{"href":"https:\/\/www.amanien.info\/news\/wp-json\/wp\/v2\/posts"}],"about":[{"href":"https:\/\/www.amanien.info\/news\/wp-json\/wp\/v2\/types\/post"}],"author":[{"embeddable":true,"href":"https:\/\/www.amanien.info\/news\/wp-json\/wp\/v2\/users\/2"}],"replies":[{"embeddable":true,"href":"https:\/\/www.amanien.info\/news\/wp-json\/wp\/v2\/comments?post=4319"}],"version-history":[{"count":1,"href":"https:\/\/www.amanien.info\/news\/wp-json\/wp\/v2\/posts\/4319\/revisions"}],"predecessor-version":[{"id":4321,"href":"https:\/\/www.amanien.info\/news\/wp-json\/wp\/v2\/posts\/4319\/revisions\/4321"}],"wp:featuredmedia":[{"embeddable":true,"href":"https:\/\/www.amanien.info\/news\/wp-json\/wp\/v2\/media\/4320"}],"wp:attachment":[{"href":"https:\/\/www.amanien.info\/news\/wp-json\/wp\/v2\/media?parent=4319"}],"wp:term":[{"taxonomy":"category","embeddable":true,"href":"https:\/\/www.amanien.info\/news\/wp-json\/wp\/v2\/categories?post=4319"},{"taxonomy":"post_tag","embeddable":true,"href":"https:\/\/www.amanien.info\/news\/wp-json\/wp\/v2\/tags?post=4319"}],"curies":[{"name":"wp","href":"https:\/\/api.w.org\/{rel}","templated":true}]}}