{"id":4297,"date":"2023-06-02T19:52:19","date_gmt":"2023-06-02T19:52:19","guid":{"rendered":"https:\/\/www.https:\/\/zozo.buyee.jp\/\/news\/?p=4297"},"modified":"2023-06-02T20:04:29","modified_gmt":"2023-06-02T20:04:29","slug":"entrepreneuriat-les-enjeux-et-defis-du-financement-de-lentrepreneur","status":"publish","type":"post","link":"https:\/\/www.amanien.info\/news\/entrepreneuriat-les-enjeux-et-defis-du-financement-de-lentrepreneur\/","title":{"rendered":"Entrepreneuriat\u00a0 : Les enjeux et d\u00e9fis du financement de l&rsquo;entrepreneur"},"content":{"rendered":"<p><b>\u00ab\u00a0Financement\u00a0 de l&rsquo;entrepreneur : Enjeux et d\u00e9fis pour une croissance \u00e9conomique durable dans une nation solidaire\u00a0\u00bb<\/b>. Tel est le th\u00e8me de la deuxi\u00e8me \u00e9dition du Salon International du Financement de l&rsquo;Entrepreneur(SIFEN) qui s&rsquo;est tenue, ce mercredi 24 mai 2023, \u00e0 la biblioth\u00e8que nationale d&rsquo;Abidjan-Plateau, en pr\u00e9sence du Directeur de Cabinet et Repr\u00e9sentant du Ministre du Tourisme, Dr Jean-Marie Atta Kouacou.<\/p>\n<div><i>\u00ab\u00a0L&rsquo;objectif de ce salon est de rapprocher les acteurs du financement des entrepreneurs. Ce salon se pr\u00e9sente comme le canal privil\u00e9gi\u00e9 de rencontre entre les financiers et les entrepreneurs\u00a0\u00bb<\/i>, a indiqu\u00e9 le Commissaire G\u00e9n\u00e9ral du SIFEN, Constant Goulien.<\/div>\n<div>Cette ann\u00e9e, pr\u00e9cise-t-il, l&rsquo;accent a \u00e9t\u00e9 mis sur les enjeux et les d\u00e9fis du financement. \u00ab\u00a0<i>Cette deuxi\u00e8me \u00e9dition vise \u00e0 d\u00e9montrer les enjeux et les difficult\u00e9s auxquels sont confront\u00e9s les entrepreneurs pour tout ce qui concerne le financement\u00a0\u00bb, a<\/i>-t-dit. Ajoutant que cette \u00e9dition a consist\u00e9 \u00e0 toujours instruire les entrepreneurs sur les m\u00e9canismes de financement qui existent.<\/div>\n<div><\/div>\n<div>A l&rsquo;en croire, le SIFEN fait la promotion de l&rsquo;initiative entrepreneuriale et donne une \u00ab\u00a0visibilit\u00e9 aux diff\u00e9rentes partenaires prenantes\u00a0\u00bb. Il permet, selon le Commissaire G\u00e9n\u00e9ral, de r\u00e9duire le ch\u00f4mage, la pauvret\u00e9 et est un outil puissant\u00a0 de financement et de d\u00e9veloppement de l&rsquo;entrepreneuriat en C\u00f4te d&rsquo;Ivoire.<\/div>\n<div><\/div>\n<div>Pour sa part, M.Bamba Ti\u00e9moko, Expert en D\u00e9veloppement du secteur priv\u00e9 \u00e0 Cote d&rsquo;Ivoire PME et Pan\u00e9liste, a estim\u00e9 que ce salon, qui s&rsquo;adresse \u00e0 la jeunesse qui a besoin d&rsquo;orientation, est \u00e0 encourager.<\/div>\n<div>Ce salon a permis, selon lui, d&rsquo;avoir des informations sur le dispositif d&rsquo;encadrement des entrepreneurs avec l&rsquo;Agence Emplois Jeunes et C\u00f4te d&rsquo;Ivoire PME.<\/div>\n<div><\/div>\n<div>Aussi, le pan\u00e9liste a-t-il exhort\u00e9 les jeunes ivoiriens \u00e0 se rapprocher des institutions notamment Cote d&rsquo;Ivoire PME, l&rsquo;Agence Emplois Jeunes qui, indique-t-il, ont chacune en leur sein des guichets et des r\u00e9ponses ad\u00e9quates \u00e0 leurs pr\u00e9occupations.<\/div>\n<div><\/div>\n<div>Notons que cette \u00e9dition 2023, qui est la continuit\u00e9 de servir de plateforme d&rsquo;\u00e9changes entre les parties prenantes(l&rsquo;Etat ivoirien et ses structures, les entrepreneurs, les banques et \u00e9tablissements financiers et les organisations internationales), a \u00e9t\u00e9 marqu\u00e9e par des panels tr\u00e8s enrichissants, des partages d&rsquo;exp\u00e9riences, une comp\u00e9tition Pitch ainsi qu&rsquo;une tombola.<\/div>\n<div><\/div>\n<div><\/div>\n<div><b>S.A.\u00a0 \u00a0 \u00a0<\/b><\/div>\n","protected":false},"excerpt":{"rendered":"<p>\u00ab\u00a0Financement\u00a0 de l&rsquo;entrepreneur : Enjeux et d\u00e9fis pour une croissance \u00e9conomique durable dans une nation solidaire\u00a0\u00bb. Tel est le th\u00e8me de la deuxi\u00e8me \u00e9dition du Salon International du Financement de l&rsquo;Entrepreneur(SIFEN) qui s&rsquo;est tenue, ce mercredi 24 mai 2023, \u00e0 la biblioth\u00e8que nationale d&rsquo;Abidjan-Plateau, en pr\u00e9sence du Directeur de Cabinet et Repr\u00e9sentant du Ministre du [&hellip;]<\/p>\n","protected":false},"author":2,"featured_media":4301,"comment_status":"closed","ping_status":"closed","sticky":true,"template":"","format":"standard","meta":{"_acf_changed":false,"footnotes":""},"categories":[],"tags":[],"class_list":["post-4297","post","type-post","status-publish","format-standard","has-post-thumbnail","hentry"],"acf":[],"yoast_head":"<!-- This site is optimized with the Yoast SEO plugin v27.5 - https:\/\/yoast.com\/product\/yoast-seo-wordpress\/ -->\n<title>Entrepreneuriat\u00a0 : Les enjeux et d\u00e9fis du financement de l&#039;entrepreneur - Amanien| L&#039;actualit\u00e9 Ivoirienne et Internationale<\/title>\n<meta name=\"robots\" content=\"index, follow, max-snippet:-1, max-image-preview:large, max-video-preview:-1\" \/>\n<link rel=\"canonical\" href=\"https:\/\/www.amanien.info\/news\/entrepreneuriat-les-enjeux-et-defis-du-financement-de-lentrepreneur\/\" \/>\n<meta property=\"og:locale\" content=\"fr_FR\" \/>\n<meta property=\"og:type\" content=\"article\" \/>\n<meta property=\"og:title\" content=\"Entrepreneuriat\u00a0 : Les enjeux et d\u00e9fis du financement de l&#039;entrepreneur - Amanien| L&#039;actualit\u00e9 Ivoirienne et Internationale\" \/>\n<meta property=\"og:description\" content=\"\u00ab\u00a0Financement\u00a0 de l&rsquo;entrepreneur : Enjeux et d\u00e9fis pour une croissance \u00e9conomique durable dans une nation solidaire\u00a0\u00bb. Tel est le th\u00e8me de la deuxi\u00e8me \u00e9dition du Salon International du Financement de l&rsquo;Entrepreneur(SIFEN) qui s&rsquo;est tenue, ce mercredi 24 mai 2023, \u00e0 la biblioth\u00e8que nationale d&rsquo;Abidjan-Plateau, en pr\u00e9sence du Directeur de Cabinet et Repr\u00e9sentant du Ministre du [&hellip;]\" \/>\n<meta property=\"og:url\" content=\"https:\/\/www.amanien.info\/news\/entrepreneuriat-les-enjeux-et-defis-du-financement-de-lentrepreneur\/\" \/>\n<meta property=\"og:site_name\" content=\"Amanien| L&#039;actualit\u00e9 Ivoirienne et Internationale\" \/>\n<meta property=\"article:published_time\" content=\"2023-06-02T19:52:19+00:00\" \/>\n<meta property=\"article:modified_time\" content=\"2023-06-02T20:04:29+00:00\" \/>\n<meta property=\"og:image\" content=\"https:\/\/www.amanien.info\/news\/wp-content\/uploads\/2023\/06\/DSC_0037-scaled.jpg\" \/>\n\t<meta property=\"og:image:width\" content=\"2560\" \/>\n\t<meta property=\"og:image:height\" content=\"1707\" \/>\n\t<meta property=\"og:image:type\" content=\"image\/jpeg\" \/>\n<meta name=\"author\" content=\"Germain Ndri\" \/>\n<meta name=\"twitter:card\" content=\"summary_large_image\" \/>\n<meta name=\"twitter:label1\" content=\"\u00c9crit par\" \/>\n\t<meta name=\"twitter:data1\" content=\"Germain Ndri\" \/>\n\t<meta name=\"twitter:label2\" content=\"Dur\u00e9e de lecture estim\u00e9e\" \/>\n\t<meta name=\"twitter:data2\" content=\"2 minutes\" \/>\n<script type=\"application\/ld+json\" class=\"yoast-schema-graph\">{\"@context\":\"https:\\\/\\\/schema.org\",\"@graph\":[{\"@type\":\"Article\",\"@id\":\"https:\\\/\\\/www.amanien.info\\\/news\\\/entrepreneuriat-les-enjeux-et-defis-du-financement-de-lentrepreneur\\\/#article\",\"isPartOf\":{\"@id\":\"https:\\\/\\\/www.amanien.info\\\/news\\\/entrepreneuriat-les-enjeux-et-defis-du-financement-de-lentrepreneur\\\/\"},\"author\":{\"name\":\"Germain Ndri\",\"@id\":\"https:\\\/\\\/www.amanien.info\\\/news\\\/#\\\/schema\\\/person\\\/b21093345753a1a98242d505bd894f42\"},\"headline\":\"Entrepreneuriat\u00a0 : Les enjeux et d\u00e9fis du financement de l&rsquo;entrepreneur\",\"datePublished\":\"2023-06-02T19:52:19+00:00\",\"dateModified\":\"2023-06-02T20:04:29+00:00\",\"mainEntityOfPage\":{\"@id\":\"https:\\\/\\\/www.amanien.info\\\/news\\\/entrepreneuriat-les-enjeux-et-defis-du-financement-de-lentrepreneur\\\/\"},\"wordCount\":408,\"image\":{\"@id\":\"https:\\\/\\\/www.amanien.info\\\/news\\\/entrepreneuriat-les-enjeux-et-defis-du-financement-de-lentrepreneur\\\/#primaryimage\"},\"thumbnailUrl\":\"https:\\\/\\\/www.amanien.info\\\/news\\\/wp-content\\\/uploads\\\/2023\\\/06\\\/DSC_0037-scaled.jpg\",\"inLanguage\":\"fr-FR\"},{\"@type\":\"WebPage\",\"@id\":\"https:\\\/\\\/www.amanien.info\\\/news\\\/entrepreneuriat-les-enjeux-et-defis-du-financement-de-lentrepreneur\\\/\",\"url\":\"https:\\\/\\\/www.amanien.info\\\/news\\\/entrepreneuriat-les-enjeux-et-defis-du-financement-de-lentrepreneur\\\/\",\"name\":\"Entrepreneuriat\u00a0 : Les enjeux et d\u00e9fis du financement de l'entrepreneur - Amanien| L&#039;actualit\u00e9 Ivoirienne et Internationale\",\"isPartOf\":{\"@id\":\"https:\\\/\\\/www.amanien.info\\\/news\\\/#website\"},\"primaryImageOfPage\":{\"@id\":\"https:\\\/\\\/www.amanien.info\\\/news\\\/entrepreneuriat-les-enjeux-et-defis-du-financement-de-lentrepreneur\\\/#primaryimage\"},\"image\":{\"@id\":\"https:\\\/\\\/www.amanien.info\\\/news\\\/entrepreneuriat-les-enjeux-et-defis-du-financement-de-lentrepreneur\\\/#primaryimage\"},\"thumbnailUrl\":\"https:\\\/\\\/www.amanien.info\\\/news\\\/wp-content\\\/uploads\\\/2023\\\/06\\\/DSC_0037-scaled.jpg\",\"datePublished\":\"2023-06-02T19:52:19+00:00\",\"dateModified\":\"2023-06-02T20:04:29+00:00\",\"author\":{\"@id\":\"https:\\\/\\\/www.amanien.info\\\/news\\\/#\\\/schema\\\/person\\\/b21093345753a1a98242d505bd894f42\"},\"breadcrumb\":{\"@id\":\"https:\\\/\\\/www.amanien.info\\\/news\\\/entrepreneuriat-les-enjeux-et-defis-du-financement-de-lentrepreneur\\\/#breadcrumb\"},\"inLanguage\":\"fr-FR\",\"potentialAction\":[{\"@type\":\"ReadAction\",\"target\":[\"https:\\\/\\\/www.amanien.info\\\/news\\\/entrepreneuriat-les-enjeux-et-defis-du-financement-de-lentrepreneur\\\/\"]}]},{\"@type\":\"ImageObject\",\"inLanguage\":\"fr-FR\",\"@id\":\"https:\\\/\\\/www.amanien.info\\\/news\\\/entrepreneuriat-les-enjeux-et-defis-du-financement-de-lentrepreneur\\\/#primaryimage\",\"url\":\"https:\\\/\\\/www.amanien.info\\\/news\\\/wp-content\\\/uploads\\\/2023\\\/06\\\/DSC_0037-scaled.jpg\",\"contentUrl\":\"https:\\\/\\\/www.amanien.info\\\/news\\\/wp-content\\\/uploads\\\/2023\\\/06\\\/DSC_0037-scaled.jpg\",\"width\":2560,\"height\":1707},{\"@type\":\"BreadcrumbList\",\"@id\":\"https:\\\/\\\/www.amanien.info\\\/news\\\/entrepreneuriat-les-enjeux-et-defis-du-financement-de-lentrepreneur\\\/#breadcrumb\",\"itemListElement\":[{\"@type\":\"ListItem\",\"position\":1,\"name\":\"Accueil\",\"item\":\"https:\\\/\\\/www.amanien.info\\\/news\\\/\"},{\"@type\":\"ListItem\",\"position\":2,\"name\":\"Entrepreneuriat\u00a0 : Les enjeux et d\u00e9fis du financement de l&rsquo;entrepreneur\"}]},{\"@type\":\"WebSite\",\"@id\":\"https:\\\/\\\/www.amanien.info\\\/news\\\/#website\",\"url\":\"https:\\\/\\\/www.amanien.info\\\/news\\\/\",\"name\":\"Amanien| L&#039;actualit\u00e9 Ivoirienne et Internationale\",\"description\":\"L&#039;actualit\u00e9 Ivoirienne et Internationale\",\"potentialAction\":[{\"@type\":\"SearchAction\",\"target\":{\"@type\":\"EntryPoint\",\"urlTemplate\":\"https:\\\/\\\/www.amanien.info\\\/news\\\/?s={search_term_string}\"},\"query-input\":{\"@type\":\"PropertyValueSpecification\",\"valueRequired\":true,\"valueName\":\"search_term_string\"}}],\"inLanguage\":\"fr-FR\"},{\"@type\":\"Person\",\"@id\":\"https:\\\/\\\/www.amanien.info\\\/news\\\/#\\\/schema\\\/person\\\/b21093345753a1a98242d505bd894f42\",\"name\":\"Germain Ndri\",\"url\":\"https:\\\/\\\/www.amanien.info\\\/news\\\/author\\\/amanien-infos\\\/\"}]}<\/script>\n<!-- \/ Yoast SEO plugin. -->","yoast_head_json":{"title":"Entrepreneuriat\u00a0 : Les enjeux et d\u00e9fis du financement de l'entrepreneur - Amanien| L&#039;actualit\u00e9 Ivoirienne et Internationale","robots":{"index":"index","follow":"follow","max-snippet":"max-snippet:-1","max-image-preview":"max-image-preview:large","max-video-preview":"max-video-preview:-1"},"canonical":"https:\/\/www.amanien.info\/news\/entrepreneuriat-les-enjeux-et-defis-du-financement-de-lentrepreneur\/","og_locale":"fr_FR","og_type":"article","og_title":"Entrepreneuriat\u00a0 : Les enjeux et d\u00e9fis du financement de l'entrepreneur - Amanien| L&#039;actualit\u00e9 Ivoirienne et Internationale","og_description":"\u00ab\u00a0Financement\u00a0 de l&rsquo;entrepreneur : Enjeux et d\u00e9fis pour une croissance \u00e9conomique durable dans une nation solidaire\u00a0\u00bb. Tel est le th\u00e8me de la deuxi\u00e8me \u00e9dition du Salon International du Financement de l&rsquo;Entrepreneur(SIFEN) qui s&rsquo;est tenue, ce mercredi 24 mai 2023, \u00e0 la biblioth\u00e8que nationale d&rsquo;Abidjan-Plateau, en pr\u00e9sence du Directeur de Cabinet et Repr\u00e9sentant du Ministre du [&hellip;]","og_url":"https:\/\/www.amanien.info\/news\/entrepreneuriat-les-enjeux-et-defis-du-financement-de-lentrepreneur\/","og_site_name":"Amanien| L&#039;actualit\u00e9 Ivoirienne et Internationale","article_published_time":"2023-06-02T19:52:19+00:00","article_modified_time":"2023-06-02T20:04:29+00:00","og_image":[{"width":2560,"height":1707,"url":"https:\/\/www.amanien.info\/news\/wp-content\/uploads\/2023\/06\/DSC_0037-scaled.jpg","type":"image\/jpeg"}],"author":"Germain Ndri","twitter_card":"summary_large_image","twitter_misc":{"\u00c9crit par":"Germain Ndri","Dur\u00e9e de lecture estim\u00e9e":"2 minutes"},"schema":{"@context":"https:\/\/schema.org","@graph":[{"@type":"Article","@id":"https:\/\/www.amanien.info\/news\/entrepreneuriat-les-enjeux-et-defis-du-financement-de-lentrepreneur\/#article","isPartOf":{"@id":"https:\/\/www.amanien.info\/news\/entrepreneuriat-les-enjeux-et-defis-du-financement-de-lentrepreneur\/"},"author":{"name":"Germain Ndri","@id":"https:\/\/www.amanien.info\/news\/#\/schema\/person\/b21093345753a1a98242d505bd894f42"},"headline":"Entrepreneuriat\u00a0 : Les enjeux et d\u00e9fis du financement de l&rsquo;entrepreneur","datePublished":"2023-06-02T19:52:19+00:00","dateModified":"2023-06-02T20:04:29+00:00","mainEntityOfPage":{"@id":"https:\/\/www.amanien.info\/news\/entrepreneuriat-les-enjeux-et-defis-du-financement-de-lentrepreneur\/"},"wordCount":408,"image":{"@id":"https:\/\/www.amanien.info\/news\/entrepreneuriat-les-enjeux-et-defis-du-financement-de-lentrepreneur\/#primaryimage"},"thumbnailUrl":"https:\/\/www.amanien.info\/news\/wp-content\/uploads\/2023\/06\/DSC_0037-scaled.jpg","inLanguage":"fr-FR"},{"@type":"WebPage","@id":"https:\/\/www.amanien.info\/news\/entrepreneuriat-les-enjeux-et-defis-du-financement-de-lentrepreneur\/","url":"https:\/\/www.amanien.info\/news\/entrepreneuriat-les-enjeux-et-defis-du-financement-de-lentrepreneur\/","name":"Entrepreneuriat\u00a0 : Les enjeux et d\u00e9fis du financement de l'entrepreneur - Amanien| L&#039;actualit\u00e9 Ivoirienne et Internationale","isPartOf":{"@id":"https:\/\/www.amanien.info\/news\/#website"},"primaryImageOfPage":{"@id":"https:\/\/www.amanien.info\/news\/entrepreneuriat-les-enjeux-et-defis-du-financement-de-lentrepreneur\/#primaryimage"},"image":{"@id":"https:\/\/www.amanien.info\/news\/entrepreneuriat-les-enjeux-et-defis-du-financement-de-lentrepreneur\/#primaryimage"},"thumbnailUrl":"https:\/\/www.amanien.info\/news\/wp-content\/uploads\/2023\/06\/DSC_0037-scaled.jpg","datePublished":"2023-06-02T19:52:19+00:00","dateModified":"2023-06-02T20:04:29+00:00","author":{"@id":"https:\/\/www.amanien.info\/news\/#\/schema\/person\/b21093345753a1a98242d505bd894f42"},"breadcrumb":{"@id":"https:\/\/www.amanien.info\/news\/entrepreneuriat-les-enjeux-et-defis-du-financement-de-lentrepreneur\/#breadcrumb"},"inLanguage":"fr-FR","potentialAction":[{"@type":"ReadAction","target":["https:\/\/www.amanien.info\/news\/entrepreneuriat-les-enjeux-et-defis-du-financement-de-lentrepreneur\/"]}]},{"@type":"ImageObject","inLanguage":"fr-FR","@id":"https:\/\/www.amanien.info\/news\/entrepreneuriat-les-enjeux-et-defis-du-financement-de-lentrepreneur\/#primaryimage","url":"https:\/\/www.amanien.info\/news\/wp-content\/uploads\/2023\/06\/DSC_0037-scaled.jpg","contentUrl":"https:\/\/www.amanien.info\/news\/wp-content\/uploads\/2023\/06\/DSC_0037-scaled.jpg","width":2560,"height":1707},{"@type":"BreadcrumbList","@id":"https:\/\/www.amanien.info\/news\/entrepreneuriat-les-enjeux-et-defis-du-financement-de-lentrepreneur\/#breadcrumb","itemListElement":[{"@type":"ListItem","position":1,"name":"Accueil","item":"https:\/\/www.amanien.info\/news\/"},{"@type":"ListItem","position":2,"name":"Entrepreneuriat\u00a0 : Les enjeux et d\u00e9fis du financement de l&rsquo;entrepreneur"}]},{"@type":"WebSite","@id":"https:\/\/www.amanien.info\/news\/#website","url":"https:\/\/www.amanien.info\/news\/","name":"Amanien| L&#039;actualit\u00e9 Ivoirienne et Internationale","description":"L&#039;actualit\u00e9 Ivoirienne et Internationale","potentialAction":[{"@type":"SearchAction","target":{"@type":"EntryPoint","urlTemplate":"https:\/\/www.amanien.info\/news\/?s={search_term_string}"},"query-input":{"@type":"PropertyValueSpecification","valueRequired":true,"valueName":"search_term_string"}}],"inLanguage":"fr-FR"},{"@type":"Person","@id":"https:\/\/www.amanien.info\/news\/#\/schema\/person\/b21093345753a1a98242d505bd894f42","name":"Germain Ndri","url":"https:\/\/www.amanien.info\/news\/author\/amanien-infos\/"}]}},"_links":{"self":[{"href":"https:\/\/www.amanien.info\/news\/wp-json\/wp\/v2\/posts\/4297","targetHints":{"allow":["GET"]}}],"collection":[{"href":"https:\/\/www.amanien.info\/news\/wp-json\/wp\/v2\/posts"}],"about":[{"href":"https:\/\/www.amanien.info\/news\/wp-json\/wp\/v2\/types\/post"}],"author":[{"embeddable":true,"href":"https:\/\/www.amanien.info\/news\/wp-json\/wp\/v2\/users\/2"}],"replies":[{"embeddable":true,"href":"https:\/\/www.amanien.info\/news\/wp-json\/wp\/v2\/comments?post=4297"}],"version-history":[{"count":1,"href":"https:\/\/www.amanien.info\/news\/wp-json\/wp\/v2\/posts\/4297\/revisions"}],"predecessor-version":[{"id":4302,"href":"https:\/\/www.amanien.info\/news\/wp-json\/wp\/v2\/posts\/4297\/revisions\/4302"}],"wp:featuredmedia":[{"embeddable":true,"href":"https:\/\/www.amanien.info\/news\/wp-json\/wp\/v2\/media\/4301"}],"wp:attachment":[{"href":"https:\/\/www.amanien.info\/news\/wp-json\/wp\/v2\/media?parent=4297"}],"wp:term":[{"taxonomy":"category","embeddable":true,"href":"https:\/\/www.amanien.info\/news\/wp-json\/wp\/v2\/categories?post=4297"},{"taxonomy":"post_tag","embeddable":true,"href":"https:\/\/www.amanien.info\/news\/wp-json\/wp\/v2\/tags?post=4297"}],"curies":[{"name":"wp","href":"https:\/\/api.w.org\/{rel}","templated":true}]}}