{"id":4289,"date":"2023-05-23T18:57:22","date_gmt":"2023-05-23T18:57:22","guid":{"rendered":"https:\/\/www.https:\/\/zozo.buyee.jp\/\/news\/?p=4289"},"modified":"2023-05-23T19:02:22","modified_gmt":"2023-05-23T19:02:22","slug":"le-pdci-rda-invite-le-parti-au-pouvoir-de-permettre-la-participation-de-lex-president-laurent-gbagbo-aux-prochaines-elections-locales","status":"publish","type":"post","link":"https:\/\/www.amanien.info\/news\/le-pdci-rda-invite-le-parti-au-pouvoir-de-permettre-la-participation-de-lex-president-laurent-gbagbo-aux-prochaines-elections-locales\/","title":{"rendered":"Le PDCI-RDA invite le pouvoir \u00e0 permettre la participation de l&rsquo;Ex-Pr\u00e9sident Laurent Gbagbo aux prochaines \u00e9lections locales"},"content":{"rendered":"<p>Le porte-parole du Pdci-Rda, Parti septuag\u00e9naire, Dr Souma\u00efla Bredoumy a, au cours d&rsquo;une conf\u00e9rence de presse qu&rsquo;il a anim\u00e9e, ce lundi 22 mai, \u00e0 la Maison du parti sise \u00e0 Cocody-Abidjan, invit\u00e9 le pouvoir, de permettre \u00e0 l&rsquo;ex-pr\u00e9sident ivoirien et Pr\u00e9sident du PPA-CI, Laurent Gbagbo et tout autre ivoirien \u00e0 participer aux \u00e9lections municipales et r\u00e9gionales prochaines en C\u00f4te d\u2019Ivoire.<\/p>\n<div>\n<p>L\u2019ex chef de l\u2019\u00c9tat ivoirien s\u2019est vu retirer de la liste \u00e9lectorale provisoire 2023 publi\u00e9e le samedi 20 mai dernier par la Commission \u00c9lectorale Ind\u00e9pendante (CEI). Charles Bl\u00e9 Goud\u00e9, pr\u00e9sident du Congr\u00e8s panafricain pour la justice et l&rsquo;\u00e9galit\u00e9 des Peuples (COJEP), a \u00e9galement appris que son nom ne figure pas sur la liste \u00e9lectorale ivoirienne. \u00ab Nous avons demand\u00e9 au gouvernement lors du dialogue politique d\u2019amnistier tous ceux qui ont \u00e9t\u00e9 sanctionn\u00e9s par la justice. \u00bb, a-t-il expliqu\u00e9. Et d&rsquo;ajouter que \u00ab Laurent Gbagbo en 2010 a pris un d\u00e9cret comme le conf\u00e8re l\u2019article 48 de notre constitution, pour permettre \u00e0 tout le monde (Alassane Ouattara, Henri Konan B\u00e9di\u00e9\u2026) d\u2019\u00eatre candidat aux \u00e9lections pr\u00e9sidentielles. Donc, la personne qui a permis cela, je pense qu\u2019il doit un retour de l&rsquo;ascenceur. Ce n\u2019est pas parce qu\u2019on est candidat, qu\u2019on va gagner des \u00e9lections. Mettons balle \u00e0 terre\u00a0\u00bb, a-t-il invit\u00e9.<\/p>\n<p>Cette situation, poursuit-il, \u00ab\u00a0doit \u00eatre\u00a0r\u00e9tablie\u00a0rapidement pendant la p\u00e9riode des contentieux. On n&rsquo;a pas int\u00e9r\u00eat \u00e0\u00a0mettre de l&rsquo;huile sur le feu dans le contexte actuel\u00a0\u00bb, a-t-il fait savoir.<\/p>\n<p>Il s&rsquo;est \u00e9galement prononc\u00e9 sur le choix des candidats du PDCI-RDA aux \u00e9lections municipales et r\u00e9gionales du 02 septembre prochain en C\u00f4te d&rsquo;Ivoire. A cet effet, l&rsquo;Honorable Bredoumy SOUMAILA, a exhort\u00e9 tous les candidats du PDCI-RDA \u00e0 l&rsquo;humilit\u00e9 et ceux non retenus au respect des d\u00e9cisions du parti.<\/p>\n<\/div>\n<div><\/div>\n<div><b>S.A.<\/b><\/div>\n<div><\/div>\n","protected":false},"excerpt":{"rendered":"<p>Le porte-parole du Pdci-Rda, Parti septuag\u00e9naire, Dr Souma\u00efla Bredoumy a, au cours d&rsquo;une conf\u00e9rence de presse qu&rsquo;il a anim\u00e9e, ce lundi 22 mai, \u00e0 la Maison du parti sise \u00e0 Cocody-Abidjan, invit\u00e9 le pouvoir, de permettre \u00e0 l&rsquo;ex-pr\u00e9sident ivoirien et Pr\u00e9sident du PPA-CI, Laurent Gbagbo et tout autre ivoirien \u00e0 participer aux \u00e9lections municipales et [&hellip;]<\/p>\n","protected":false},"author":2,"featured_media":4290,"comment_status":"closed","ping_status":"closed","sticky":true,"template":"","format":"standard","meta":{"_acf_changed":false,"footnotes":""},"categories":[],"tags":[],"class_list":["post-4289","post","type-post","status-publish","format-standard","has-post-thumbnail","hentry"],"acf":[],"yoast_head":"<!-- This site is optimized with the Yoast SEO plugin v27.5 - https:\/\/yoast.com\/product\/yoast-seo-wordpress\/ -->\n<title>Le PDCI-RDA invite le pouvoir \u00e0 permettre la participation de l&#039;Ex-Pr\u00e9sident Laurent Gbagbo aux prochaines \u00e9lections locales - Amanien| L&#039;actualit\u00e9 Ivoirienne et Internationale<\/title>\n<meta name=\"robots\" content=\"index, follow, max-snippet:-1, max-image-preview:large, max-video-preview:-1\" \/>\n<link rel=\"canonical\" href=\"https:\/\/www.amanien.info\/news\/le-pdci-rda-invite-le-parti-au-pouvoir-de-permettre-la-participation-de-lex-president-laurent-gbagbo-aux-prochaines-elections-locales\/\" \/>\n<meta property=\"og:locale\" content=\"fr_FR\" \/>\n<meta property=\"og:type\" content=\"article\" \/>\n<meta property=\"og:title\" content=\"Le PDCI-RDA invite le pouvoir \u00e0 permettre la participation de l&#039;Ex-Pr\u00e9sident Laurent Gbagbo aux prochaines \u00e9lections locales - Amanien| L&#039;actualit\u00e9 Ivoirienne et Internationale\" \/>\n<meta property=\"og:description\" content=\"Le porte-parole du Pdci-Rda, Parti septuag\u00e9naire, Dr Souma\u00efla Bredoumy a, au cours d&rsquo;une conf\u00e9rence de presse qu&rsquo;il a anim\u00e9e, ce lundi 22 mai, \u00e0 la Maison du parti sise \u00e0 Cocody-Abidjan, invit\u00e9 le pouvoir, de permettre \u00e0 l&rsquo;ex-pr\u00e9sident ivoirien et Pr\u00e9sident du PPA-CI, Laurent Gbagbo et tout autre ivoirien \u00e0 participer aux \u00e9lections municipales et [&hellip;]\" \/>\n<meta property=\"og:url\" content=\"https:\/\/www.amanien.info\/news\/le-pdci-rda-invite-le-parti-au-pouvoir-de-permettre-la-participation-de-lex-president-laurent-gbagbo-aux-prochaines-elections-locales\/\" \/>\n<meta property=\"og:site_name\" content=\"Amanien| L&#039;actualit\u00e9 Ivoirienne et Internationale\" \/>\n<meta property=\"article:published_time\" content=\"2023-05-23T18:57:22+00:00\" \/>\n<meta property=\"article:modified_time\" content=\"2023-05-23T19:02:22+00:00\" \/>\n<meta property=\"og:image\" content=\"https:\/\/www.amanien.info\/news\/wp-content\/uploads\/2023\/05\/image-3.png\" \/>\n\t<meta property=\"og:image:width\" content=\"900\" \/>\n\t<meta property=\"og:image:height\" content=\"675\" \/>\n\t<meta property=\"og:image:type\" content=\"image\/png\" \/>\n<meta name=\"author\" content=\"Germain Ndri\" \/>\n<meta name=\"twitter:card\" content=\"summary_large_image\" \/>\n<meta name=\"twitter:label1\" content=\"\u00c9crit par\" \/>\n\t<meta name=\"twitter:data1\" content=\"Germain Ndri\" \/>\n\t<meta name=\"twitter:label2\" content=\"Dur\u00e9e de lecture estim\u00e9e\" \/>\n\t<meta name=\"twitter:data2\" content=\"2 minutes\" \/>\n<script type=\"application\/ld+json\" class=\"yoast-schema-graph\">{\"@context\":\"https:\\\/\\\/schema.org\",\"@graph\":[{\"@type\":\"Article\",\"@id\":\"https:\\\/\\\/www.amanien.info\\\/news\\\/le-pdci-rda-invite-le-parti-au-pouvoir-de-permettre-la-participation-de-lex-president-laurent-gbagbo-aux-prochaines-elections-locales\\\/#article\",\"isPartOf\":{\"@id\":\"https:\\\/\\\/www.amanien.info\\\/news\\\/le-pdci-rda-invite-le-parti-au-pouvoir-de-permettre-la-participation-de-lex-president-laurent-gbagbo-aux-prochaines-elections-locales\\\/\"},\"author\":{\"name\":\"Germain Ndri\",\"@id\":\"https:\\\/\\\/www.amanien.info\\\/news\\\/#\\\/schema\\\/person\\\/b21093345753a1a98242d505bd894f42\"},\"headline\":\"Le PDCI-RDA invite le pouvoir \u00e0 permettre la participation de l&rsquo;Ex-Pr\u00e9sident Laurent Gbagbo aux prochaines \u00e9lections locales\",\"datePublished\":\"2023-05-23T18:57:22+00:00\",\"dateModified\":\"2023-05-23T19:02:22+00:00\",\"mainEntityOfPage\":{\"@id\":\"https:\\\/\\\/www.amanien.info\\\/news\\\/le-pdci-rda-invite-le-parti-au-pouvoir-de-permettre-la-participation-de-lex-president-laurent-gbagbo-aux-prochaines-elections-locales\\\/\"},\"wordCount\":335,\"image\":{\"@id\":\"https:\\\/\\\/www.amanien.info\\\/news\\\/le-pdci-rda-invite-le-parti-au-pouvoir-de-permettre-la-participation-de-lex-president-laurent-gbagbo-aux-prochaines-elections-locales\\\/#primaryimage\"},\"thumbnailUrl\":\"https:\\\/\\\/www.amanien.info\\\/news\\\/wp-content\\\/uploads\\\/2023\\\/05\\\/image-3.png\",\"inLanguage\":\"fr-FR\"},{\"@type\":\"WebPage\",\"@id\":\"https:\\\/\\\/www.amanien.info\\\/news\\\/le-pdci-rda-invite-le-parti-au-pouvoir-de-permettre-la-participation-de-lex-president-laurent-gbagbo-aux-prochaines-elections-locales\\\/\",\"url\":\"https:\\\/\\\/www.amanien.info\\\/news\\\/le-pdci-rda-invite-le-parti-au-pouvoir-de-permettre-la-participation-de-lex-president-laurent-gbagbo-aux-prochaines-elections-locales\\\/\",\"name\":\"Le PDCI-RDA invite le pouvoir \u00e0 permettre la participation de l'Ex-Pr\u00e9sident Laurent Gbagbo aux prochaines \u00e9lections locales - Amanien| L&#039;actualit\u00e9 Ivoirienne et Internationale\",\"isPartOf\":{\"@id\":\"https:\\\/\\\/www.amanien.info\\\/news\\\/#website\"},\"primaryImageOfPage\":{\"@id\":\"https:\\\/\\\/www.amanien.info\\\/news\\\/le-pdci-rda-invite-le-parti-au-pouvoir-de-permettre-la-participation-de-lex-president-laurent-gbagbo-aux-prochaines-elections-locales\\\/#primaryimage\"},\"image\":{\"@id\":\"https:\\\/\\\/www.amanien.info\\\/news\\\/le-pdci-rda-invite-le-parti-au-pouvoir-de-permettre-la-participation-de-lex-president-laurent-gbagbo-aux-prochaines-elections-locales\\\/#primaryimage\"},\"thumbnailUrl\":\"https:\\\/\\\/www.amanien.info\\\/news\\\/wp-content\\\/uploads\\\/2023\\\/05\\\/image-3.png\",\"datePublished\":\"2023-05-23T18:57:22+00:00\",\"dateModified\":\"2023-05-23T19:02:22+00:00\",\"author\":{\"@id\":\"https:\\\/\\\/www.amanien.info\\\/news\\\/#\\\/schema\\\/person\\\/b21093345753a1a98242d505bd894f42\"},\"breadcrumb\":{\"@id\":\"https:\\\/\\\/www.amanien.info\\\/news\\\/le-pdci-rda-invite-le-parti-au-pouvoir-de-permettre-la-participation-de-lex-president-laurent-gbagbo-aux-prochaines-elections-locales\\\/#breadcrumb\"},\"inLanguage\":\"fr-FR\",\"potentialAction\":[{\"@type\":\"ReadAction\",\"target\":[\"https:\\\/\\\/www.amanien.info\\\/news\\\/le-pdci-rda-invite-le-parti-au-pouvoir-de-permettre-la-participation-de-lex-president-laurent-gbagbo-aux-prochaines-elections-locales\\\/\"]}]},{\"@type\":\"ImageObject\",\"inLanguage\":\"fr-FR\",\"@id\":\"https:\\\/\\\/www.amanien.info\\\/news\\\/le-pdci-rda-invite-le-parti-au-pouvoir-de-permettre-la-participation-de-lex-president-laurent-gbagbo-aux-prochaines-elections-locales\\\/#primaryimage\",\"url\":\"https:\\\/\\\/www.amanien.info\\\/news\\\/wp-content\\\/uploads\\\/2023\\\/05\\\/image-3.png\",\"contentUrl\":\"https:\\\/\\\/www.amanien.info\\\/news\\\/wp-content\\\/uploads\\\/2023\\\/05\\\/image-3.png\",\"width\":900,\"height\":675},{\"@type\":\"BreadcrumbList\",\"@id\":\"https:\\\/\\\/www.amanien.info\\\/news\\\/le-pdci-rda-invite-le-parti-au-pouvoir-de-permettre-la-participation-de-lex-president-laurent-gbagbo-aux-prochaines-elections-locales\\\/#breadcrumb\",\"itemListElement\":[{\"@type\":\"ListItem\",\"position\":1,\"name\":\"Accueil\",\"item\":\"https:\\\/\\\/www.amanien.info\\\/news\\\/\"},{\"@type\":\"ListItem\",\"position\":2,\"name\":\"Le PDCI-RDA invite le pouvoir \u00e0 permettre la participation de l&rsquo;Ex-Pr\u00e9sident Laurent Gbagbo aux prochaines \u00e9lections locales\"}]},{\"@type\":\"WebSite\",\"@id\":\"https:\\\/\\\/www.amanien.info\\\/news\\\/#website\",\"url\":\"https:\\\/\\\/www.amanien.info\\\/news\\\/\",\"name\":\"Amanien| L&#039;actualit\u00e9 Ivoirienne et Internationale\",\"description\":\"L&#039;actualit\u00e9 Ivoirienne et Internationale\",\"potentialAction\":[{\"@type\":\"SearchAction\",\"target\":{\"@type\":\"EntryPoint\",\"urlTemplate\":\"https:\\\/\\\/www.amanien.info\\\/news\\\/?s={search_term_string}\"},\"query-input\":{\"@type\":\"PropertyValueSpecification\",\"valueRequired\":true,\"valueName\":\"search_term_string\"}}],\"inLanguage\":\"fr-FR\"},{\"@type\":\"Person\",\"@id\":\"https:\\\/\\\/www.amanien.info\\\/news\\\/#\\\/schema\\\/person\\\/b21093345753a1a98242d505bd894f42\",\"name\":\"Germain Ndri\",\"url\":\"https:\\\/\\\/www.amanien.info\\\/news\\\/author\\\/amanien-infos\\\/\"}]}<\/script>\n<!-- \/ Yoast SEO plugin. -->","yoast_head_json":{"title":"Le PDCI-RDA invite le pouvoir \u00e0 permettre la participation de l'Ex-Pr\u00e9sident Laurent Gbagbo aux prochaines \u00e9lections locales - Amanien| L&#039;actualit\u00e9 Ivoirienne et Internationale","robots":{"index":"index","follow":"follow","max-snippet":"max-snippet:-1","max-image-preview":"max-image-preview:large","max-video-preview":"max-video-preview:-1"},"canonical":"https:\/\/www.amanien.info\/news\/le-pdci-rda-invite-le-parti-au-pouvoir-de-permettre-la-participation-de-lex-president-laurent-gbagbo-aux-prochaines-elections-locales\/","og_locale":"fr_FR","og_type":"article","og_title":"Le PDCI-RDA invite le pouvoir \u00e0 permettre la participation de l'Ex-Pr\u00e9sident Laurent Gbagbo aux prochaines \u00e9lections locales - Amanien| L&#039;actualit\u00e9 Ivoirienne et Internationale","og_description":"Le porte-parole du Pdci-Rda, Parti septuag\u00e9naire, Dr Souma\u00efla Bredoumy a, au cours d&rsquo;une conf\u00e9rence de presse qu&rsquo;il a anim\u00e9e, ce lundi 22 mai, \u00e0 la Maison du parti sise \u00e0 Cocody-Abidjan, invit\u00e9 le pouvoir, de permettre \u00e0 l&rsquo;ex-pr\u00e9sident ivoirien et Pr\u00e9sident du PPA-CI, Laurent Gbagbo et tout autre ivoirien \u00e0 participer aux \u00e9lections municipales et [&hellip;]","og_url":"https:\/\/www.amanien.info\/news\/le-pdci-rda-invite-le-parti-au-pouvoir-de-permettre-la-participation-de-lex-president-laurent-gbagbo-aux-prochaines-elections-locales\/","og_site_name":"Amanien| L&#039;actualit\u00e9 Ivoirienne et Internationale","article_published_time":"2023-05-23T18:57:22+00:00","article_modified_time":"2023-05-23T19:02:22+00:00","og_image":[{"width":900,"height":675,"url":"https:\/\/www.amanien.info\/news\/wp-content\/uploads\/2023\/05\/image-3.png","type":"image\/png"}],"author":"Germain Ndri","twitter_card":"summary_large_image","twitter_misc":{"\u00c9crit par":"Germain Ndri","Dur\u00e9e de lecture estim\u00e9e":"2 minutes"},"schema":{"@context":"https:\/\/schema.org","@graph":[{"@type":"Article","@id":"https:\/\/www.amanien.info\/news\/le-pdci-rda-invite-le-parti-au-pouvoir-de-permettre-la-participation-de-lex-president-laurent-gbagbo-aux-prochaines-elections-locales\/#article","isPartOf":{"@id":"https:\/\/www.amanien.info\/news\/le-pdci-rda-invite-le-parti-au-pouvoir-de-permettre-la-participation-de-lex-president-laurent-gbagbo-aux-prochaines-elections-locales\/"},"author":{"name":"Germain Ndri","@id":"https:\/\/www.amanien.info\/news\/#\/schema\/person\/b21093345753a1a98242d505bd894f42"},"headline":"Le PDCI-RDA invite le pouvoir \u00e0 permettre la participation de l&rsquo;Ex-Pr\u00e9sident Laurent Gbagbo aux prochaines \u00e9lections locales","datePublished":"2023-05-23T18:57:22+00:00","dateModified":"2023-05-23T19:02:22+00:00","mainEntityOfPage":{"@id":"https:\/\/www.amanien.info\/news\/le-pdci-rda-invite-le-parti-au-pouvoir-de-permettre-la-participation-de-lex-president-laurent-gbagbo-aux-prochaines-elections-locales\/"},"wordCount":335,"image":{"@id":"https:\/\/www.amanien.info\/news\/le-pdci-rda-invite-le-parti-au-pouvoir-de-permettre-la-participation-de-lex-president-laurent-gbagbo-aux-prochaines-elections-locales\/#primaryimage"},"thumbnailUrl":"https:\/\/www.amanien.info\/news\/wp-content\/uploads\/2023\/05\/image-3.png","inLanguage":"fr-FR"},{"@type":"WebPage","@id":"https:\/\/www.amanien.info\/news\/le-pdci-rda-invite-le-parti-au-pouvoir-de-permettre-la-participation-de-lex-president-laurent-gbagbo-aux-prochaines-elections-locales\/","url":"https:\/\/www.amanien.info\/news\/le-pdci-rda-invite-le-parti-au-pouvoir-de-permettre-la-participation-de-lex-president-laurent-gbagbo-aux-prochaines-elections-locales\/","name":"Le PDCI-RDA invite le pouvoir \u00e0 permettre la participation de l'Ex-Pr\u00e9sident Laurent Gbagbo aux prochaines \u00e9lections locales - Amanien| L&#039;actualit\u00e9 Ivoirienne et Internationale","isPartOf":{"@id":"https:\/\/www.amanien.info\/news\/#website"},"primaryImageOfPage":{"@id":"https:\/\/www.amanien.info\/news\/le-pdci-rda-invite-le-parti-au-pouvoir-de-permettre-la-participation-de-lex-president-laurent-gbagbo-aux-prochaines-elections-locales\/#primaryimage"},"image":{"@id":"https:\/\/www.amanien.info\/news\/le-pdci-rda-invite-le-parti-au-pouvoir-de-permettre-la-participation-de-lex-president-laurent-gbagbo-aux-prochaines-elections-locales\/#primaryimage"},"thumbnailUrl":"https:\/\/www.amanien.info\/news\/wp-content\/uploads\/2023\/05\/image-3.png","datePublished":"2023-05-23T18:57:22+00:00","dateModified":"2023-05-23T19:02:22+00:00","author":{"@id":"https:\/\/www.amanien.info\/news\/#\/schema\/person\/b21093345753a1a98242d505bd894f42"},"breadcrumb":{"@id":"https:\/\/www.amanien.info\/news\/le-pdci-rda-invite-le-parti-au-pouvoir-de-permettre-la-participation-de-lex-president-laurent-gbagbo-aux-prochaines-elections-locales\/#breadcrumb"},"inLanguage":"fr-FR","potentialAction":[{"@type":"ReadAction","target":["https:\/\/www.amanien.info\/news\/le-pdci-rda-invite-le-parti-au-pouvoir-de-permettre-la-participation-de-lex-president-laurent-gbagbo-aux-prochaines-elections-locales\/"]}]},{"@type":"ImageObject","inLanguage":"fr-FR","@id":"https:\/\/www.amanien.info\/news\/le-pdci-rda-invite-le-parti-au-pouvoir-de-permettre-la-participation-de-lex-president-laurent-gbagbo-aux-prochaines-elections-locales\/#primaryimage","url":"https:\/\/www.amanien.info\/news\/wp-content\/uploads\/2023\/05\/image-3.png","contentUrl":"https:\/\/www.amanien.info\/news\/wp-content\/uploads\/2023\/05\/image-3.png","width":900,"height":675},{"@type":"BreadcrumbList","@id":"https:\/\/www.amanien.info\/news\/le-pdci-rda-invite-le-parti-au-pouvoir-de-permettre-la-participation-de-lex-president-laurent-gbagbo-aux-prochaines-elections-locales\/#breadcrumb","itemListElement":[{"@type":"ListItem","position":1,"name":"Accueil","item":"https:\/\/www.amanien.info\/news\/"},{"@type":"ListItem","position":2,"name":"Le PDCI-RDA invite le pouvoir \u00e0 permettre la participation de l&rsquo;Ex-Pr\u00e9sident Laurent Gbagbo aux prochaines \u00e9lections locales"}]},{"@type":"WebSite","@id":"https:\/\/www.amanien.info\/news\/#website","url":"https:\/\/www.amanien.info\/news\/","name":"Amanien| L&#039;actualit\u00e9 Ivoirienne et Internationale","description":"L&#039;actualit\u00e9 Ivoirienne et Internationale","potentialAction":[{"@type":"SearchAction","target":{"@type":"EntryPoint","urlTemplate":"https:\/\/www.amanien.info\/news\/?s={search_term_string}"},"query-input":{"@type":"PropertyValueSpecification","valueRequired":true,"valueName":"search_term_string"}}],"inLanguage":"fr-FR"},{"@type":"Person","@id":"https:\/\/www.amanien.info\/news\/#\/schema\/person\/b21093345753a1a98242d505bd894f42","name":"Germain Ndri","url":"https:\/\/www.amanien.info\/news\/author\/amanien-infos\/"}]}},"_links":{"self":[{"href":"https:\/\/www.amanien.info\/news\/wp-json\/wp\/v2\/posts\/4289","targetHints":{"allow":["GET"]}}],"collection":[{"href":"https:\/\/www.amanien.info\/news\/wp-json\/wp\/v2\/posts"}],"about":[{"href":"https:\/\/www.amanien.info\/news\/wp-json\/wp\/v2\/types\/post"}],"author":[{"embeddable":true,"href":"https:\/\/www.amanien.info\/news\/wp-json\/wp\/v2\/users\/2"}],"replies":[{"embeddable":true,"href":"https:\/\/www.amanien.info\/news\/wp-json\/wp\/v2\/comments?post=4289"}],"version-history":[{"count":2,"href":"https:\/\/www.amanien.info\/news\/wp-json\/wp\/v2\/posts\/4289\/revisions"}],"predecessor-version":[{"id":4293,"href":"https:\/\/www.amanien.info\/news\/wp-json\/wp\/v2\/posts\/4289\/revisions\/4293"}],"wp:featuredmedia":[{"embeddable":true,"href":"https:\/\/www.amanien.info\/news\/wp-json\/wp\/v2\/media\/4290"}],"wp:attachment":[{"href":"https:\/\/www.amanien.info\/news\/wp-json\/wp\/v2\/media?parent=4289"}],"wp:term":[{"taxonomy":"category","embeddable":true,"href":"https:\/\/www.amanien.info\/news\/wp-json\/wp\/v2\/categories?post=4289"},{"taxonomy":"post_tag","embeddable":true,"href":"https:\/\/www.amanien.info\/news\/wp-json\/wp\/v2\/tags?post=4289"}],"curies":[{"name":"wp","href":"https:\/\/api.w.org\/{rel}","templated":true}]}}