{"id":4257,"date":"2023-05-15T19:43:32","date_gmt":"2023-05-15T19:43:32","guid":{"rendered":"https:\/\/www.https:\/\/zozo.buyee.jp\/\/news\/?p=4257"},"modified":"2023-05-15T19:44:16","modified_gmt":"2023-05-15T19:44:16","slug":"reunion-de-la-mtci-le-president-soumahoro-mamadou-exhorte-a-la-professionnalisation-et-a-la-bancarisation-du-secteur-du-transport","status":"publish","type":"post","link":"https:\/\/www.amanien.info\/news\/reunion-de-la-mtci-le-president-soumahoro-mamadou-exhorte-a-la-professionnalisation-et-a-la-bancarisation-du-secteur-du-transport\/","title":{"rendered":"R\u00e9union de la MTCI : Le Pr\u00e9sident Soumahoro Mamadou exhorte \u00e0 la professionnalisation et \u00e0 la bancarisation du secteur du transport"},"content":{"rendered":"<div>Le Pr\u00e9sident de la Maison des transporteurs de C\u00f4te d&rsquo;Ivoire (MTCI), Soumahoro Mamadou a, \u00e0 l&rsquo;occasion d&rsquo;une rencontre de remerciement au Pr\u00e9sident de la R\u00e9publique Alassane Ouattara et au Ministre des transports, Amadou KON\u00c9 pour 90 v\u00e9hicules attribu\u00e9s aux transporteurs dont 40 mini-cars(Gbaka) \u00e0 Abidjan et 50 taxis \u00e0 Bouak\u00e9, soulign\u00e9 la n\u00e9cessit\u00e9 de professionnaliser le secteur du transport.<\/div>\n<div><\/div>\n<div>S&rsquo;adressant \u00e0 ses camarades transporteurs au cours de cette rencontre d&rsquo;informations et de remerciements qui s&rsquo;est d\u00e9roul\u00e9e, samedi 13 mai 2023, \u00e0 Cocody (Abidjan), M. Soumahoro a exhort\u00e9 les transporteurs \u00e0 se mettre \u00e0 jour au niveau des papiers administratifs, c&rsquo;est-\u00e0-dire \u00ab\u00a0en se constituant en entreprise, contribuer au d\u00e9veloppement de l&rsquo;\u00e9conomie ivoirienne en payant ses imp\u00f4ts, sa vignette correctement, en respectant le code de la route pour pouvoir prot\u00e9ger les vies\u00a0\u00bb, a-t-il dit.<\/div>\n<div>Et de poursuivre :<i>&lt;&lt;Notre cheval de bataille aujourd&rsquo;hui, c&rsquo;est le respect de la client\u00e8le, rassurer nos clients et satisfaire les populations &gt;&gt;,\u00a0<\/i>a-t-il indiqu\u00e9. Pour lui, si la population est satisfaite, fait-il savoir,\u00a0 ce sont les transporteurs qui sont satisfaits.<\/div>\n<div><\/div>\n<div>Pour le Pr\u00e9sident de la MTCI,\u00a0 la professionnalisation du secteur du transport est, affirme-t-il, notre chemin de bataille ainsi que la bancarisation du secteur du transport. Il faut qu&rsquo;on accepte la modernisation, les r\u00e9formes en cours dans le secteur, la vision du Pr\u00e9sident de la R\u00e9publique. Il faut qu&rsquo;on accepte la politique de notre Ministre des transports Amadou KON\u00c9, a-t-il exhort\u00e9.<\/div>\n<div><\/div>\n<div>Soumahoro Mamadou a \u00e9galement invit\u00e9 au changement de comportement et de mentalit\u00e9s.\u00a0<i>&lt;&lt;Tr\u00e8s chers transporteurs de C\u00f4te d&rsquo;Ivoire, il faut qu&rsquo;on change de comportement, qu&rsquo;on change de mentalit\u00e9s. D\u00e9posons nos vieux habits pour en v\u00eatir de nouveaux, donnons un nouveau visage au transporteur pour que les investisseurs internationaux et les banques puissent nous faire confiance&gt;&gt;<\/i>, a indiqu\u00e9 le Responsable de la MTCI.<\/div>\n<div>A l&rsquo;en croire, il est imp\u00e9rieux pour sa corporation de travailler \u00e0 redorer son image afin d&rsquo;attirer les investisseurs et au-del\u00e0, de s&rsquo;auto-suffire.<\/div>\n<div><\/div>\n<div><\/div>\n<div><\/div>\n<div><b>S.A.<\/b><\/div>\n<div><\/div>\n","protected":false},"excerpt":{"rendered":"<p>Le Pr\u00e9sident de la Maison des transporteurs de C\u00f4te d&rsquo;Ivoire (MTCI), Soumahoro Mamadou a, \u00e0 l&rsquo;occasion d&rsquo;une rencontre de remerciement au Pr\u00e9sident de la R\u00e9publique Alassane Ouattara et au Ministre des transports, Amadou KON\u00c9 pour 90 v\u00e9hicules attribu\u00e9s aux transporteurs dont 40 mini-cars(Gbaka) \u00e0 Abidjan et 50 taxis \u00e0 Bouak\u00e9, soulign\u00e9 la n\u00e9cessit\u00e9 de professionnaliser [&hellip;]<\/p>\n","protected":false},"author":2,"featured_media":4258,"comment_status":"closed","ping_status":"closed","sticky":true,"template":"","format":"standard","meta":{"_acf_changed":false,"footnotes":""},"categories":[],"tags":[],"class_list":["post-4257","post","type-post","status-publish","format-standard","has-post-thumbnail","hentry"],"acf":[],"yoast_head":"<!-- This site is optimized with the Yoast SEO plugin v27.5 - https:\/\/yoast.com\/product\/yoast-seo-wordpress\/ -->\n<title>R\u00e9union de la MTCI : Le Pr\u00e9sident Soumahoro Mamadou exhorte \u00e0 la professionnalisation et \u00e0 la bancarisation du secteur du transport - Amanien| L&#039;actualit\u00e9 Ivoirienne et Internationale<\/title>\n<meta name=\"robots\" content=\"index, follow, max-snippet:-1, max-image-preview:large, max-video-preview:-1\" \/>\n<link rel=\"canonical\" href=\"https:\/\/www.amanien.info\/news\/reunion-de-la-mtci-le-president-soumahoro-mamadou-exhorte-a-la-professionnalisation-et-a-la-bancarisation-du-secteur-du-transport\/\" \/>\n<meta property=\"og:locale\" content=\"fr_FR\" \/>\n<meta property=\"og:type\" content=\"article\" \/>\n<meta property=\"og:title\" content=\"R\u00e9union de la MTCI : Le Pr\u00e9sident Soumahoro Mamadou exhorte \u00e0 la professionnalisation et \u00e0 la bancarisation du secteur du transport - Amanien| L&#039;actualit\u00e9 Ivoirienne et Internationale\" \/>\n<meta property=\"og:description\" content=\"Le Pr\u00e9sident de la Maison des transporteurs de C\u00f4te d&rsquo;Ivoire (MTCI), Soumahoro Mamadou a, \u00e0 l&rsquo;occasion d&rsquo;une rencontre de remerciement au Pr\u00e9sident de la R\u00e9publique Alassane Ouattara et au Ministre des transports, Amadou KON\u00c9 pour 90 v\u00e9hicules attribu\u00e9s aux transporteurs dont 40 mini-cars(Gbaka) \u00e0 Abidjan et 50 taxis \u00e0 Bouak\u00e9, soulign\u00e9 la n\u00e9cessit\u00e9 de professionnaliser [&hellip;]\" \/>\n<meta property=\"og:url\" content=\"https:\/\/www.amanien.info\/news\/reunion-de-la-mtci-le-president-soumahoro-mamadou-exhorte-a-la-professionnalisation-et-a-la-bancarisation-du-secteur-du-transport\/\" \/>\n<meta property=\"og:site_name\" content=\"Amanien| L&#039;actualit\u00e9 Ivoirienne et Internationale\" \/>\n<meta property=\"article:published_time\" content=\"2023-05-15T19:43:32+00:00\" \/>\n<meta property=\"article:modified_time\" content=\"2023-05-15T19:44:16+00:00\" \/>\n<meta property=\"og:image\" content=\"https:\/\/www.amanien.info\/news\/wp-content\/uploads\/2023\/05\/IMG-20230513-WA0014.jpg\" \/>\n\t<meta property=\"og:image:width\" content=\"1040\" \/>\n\t<meta property=\"og:image:height\" content=\"780\" \/>\n\t<meta property=\"og:image:type\" content=\"image\/jpeg\" \/>\n<meta name=\"author\" content=\"Germain Ndri\" \/>\n<meta name=\"twitter:card\" content=\"summary_large_image\" \/>\n<meta name=\"twitter:label1\" content=\"\u00c9crit par\" \/>\n\t<meta name=\"twitter:data1\" content=\"Germain Ndri\" \/>\n\t<meta name=\"twitter:label2\" content=\"Dur\u00e9e de lecture estim\u00e9e\" \/>\n\t<meta name=\"twitter:data2\" content=\"2 minutes\" \/>\n<script type=\"application\/ld+json\" class=\"yoast-schema-graph\">{\"@context\":\"https:\\\/\\\/schema.org\",\"@graph\":[{\"@type\":\"Article\",\"@id\":\"https:\\\/\\\/www.amanien.info\\\/news\\\/reunion-de-la-mtci-le-president-soumahoro-mamadou-exhorte-a-la-professionnalisation-et-a-la-bancarisation-du-secteur-du-transport\\\/#article\",\"isPartOf\":{\"@id\":\"https:\\\/\\\/www.amanien.info\\\/news\\\/reunion-de-la-mtci-le-president-soumahoro-mamadou-exhorte-a-la-professionnalisation-et-a-la-bancarisation-du-secteur-du-transport\\\/\"},\"author\":{\"name\":\"Germain Ndri\",\"@id\":\"https:\\\/\\\/www.amanien.info\\\/news\\\/#\\\/schema\\\/person\\\/b21093345753a1a98242d505bd894f42\"},\"headline\":\"R\u00e9union de la MTCI : Le Pr\u00e9sident Soumahoro Mamadou exhorte \u00e0 la professionnalisation et \u00e0 la bancarisation du secteur du transport\",\"datePublished\":\"2023-05-15T19:43:32+00:00\",\"dateModified\":\"2023-05-15T19:44:16+00:00\",\"mainEntityOfPage\":{\"@id\":\"https:\\\/\\\/www.amanien.info\\\/news\\\/reunion-de-la-mtci-le-president-soumahoro-mamadou-exhorte-a-la-professionnalisation-et-a-la-bancarisation-du-secteur-du-transport\\\/\"},\"wordCount\":378,\"image\":{\"@id\":\"https:\\\/\\\/www.amanien.info\\\/news\\\/reunion-de-la-mtci-le-president-soumahoro-mamadou-exhorte-a-la-professionnalisation-et-a-la-bancarisation-du-secteur-du-transport\\\/#primaryimage\"},\"thumbnailUrl\":\"https:\\\/\\\/www.amanien.info\\\/news\\\/wp-content\\\/uploads\\\/2023\\\/05\\\/IMG-20230513-WA0014.jpg\",\"inLanguage\":\"fr-FR\"},{\"@type\":\"WebPage\",\"@id\":\"https:\\\/\\\/www.amanien.info\\\/news\\\/reunion-de-la-mtci-le-president-soumahoro-mamadou-exhorte-a-la-professionnalisation-et-a-la-bancarisation-du-secteur-du-transport\\\/\",\"url\":\"https:\\\/\\\/www.amanien.info\\\/news\\\/reunion-de-la-mtci-le-president-soumahoro-mamadou-exhorte-a-la-professionnalisation-et-a-la-bancarisation-du-secteur-du-transport\\\/\",\"name\":\"R\u00e9union de la MTCI : Le Pr\u00e9sident Soumahoro Mamadou exhorte \u00e0 la professionnalisation et \u00e0 la bancarisation du secteur du transport - Amanien| L&#039;actualit\u00e9 Ivoirienne et Internationale\",\"isPartOf\":{\"@id\":\"https:\\\/\\\/www.amanien.info\\\/news\\\/#website\"},\"primaryImageOfPage\":{\"@id\":\"https:\\\/\\\/www.amanien.info\\\/news\\\/reunion-de-la-mtci-le-president-soumahoro-mamadou-exhorte-a-la-professionnalisation-et-a-la-bancarisation-du-secteur-du-transport\\\/#primaryimage\"},\"image\":{\"@id\":\"https:\\\/\\\/www.amanien.info\\\/news\\\/reunion-de-la-mtci-le-president-soumahoro-mamadou-exhorte-a-la-professionnalisation-et-a-la-bancarisation-du-secteur-du-transport\\\/#primaryimage\"},\"thumbnailUrl\":\"https:\\\/\\\/www.amanien.info\\\/news\\\/wp-content\\\/uploads\\\/2023\\\/05\\\/IMG-20230513-WA0014.jpg\",\"datePublished\":\"2023-05-15T19:43:32+00:00\",\"dateModified\":\"2023-05-15T19:44:16+00:00\",\"author\":{\"@id\":\"https:\\\/\\\/www.amanien.info\\\/news\\\/#\\\/schema\\\/person\\\/b21093345753a1a98242d505bd894f42\"},\"breadcrumb\":{\"@id\":\"https:\\\/\\\/www.amanien.info\\\/news\\\/reunion-de-la-mtci-le-president-soumahoro-mamadou-exhorte-a-la-professionnalisation-et-a-la-bancarisation-du-secteur-du-transport\\\/#breadcrumb\"},\"inLanguage\":\"fr-FR\",\"potentialAction\":[{\"@type\":\"ReadAction\",\"target\":[\"https:\\\/\\\/www.amanien.info\\\/news\\\/reunion-de-la-mtci-le-president-soumahoro-mamadou-exhorte-a-la-professionnalisation-et-a-la-bancarisation-du-secteur-du-transport\\\/\"]}]},{\"@type\":\"ImageObject\",\"inLanguage\":\"fr-FR\",\"@id\":\"https:\\\/\\\/www.amanien.info\\\/news\\\/reunion-de-la-mtci-le-president-soumahoro-mamadou-exhorte-a-la-professionnalisation-et-a-la-bancarisation-du-secteur-du-transport\\\/#primaryimage\",\"url\":\"https:\\\/\\\/www.amanien.info\\\/news\\\/wp-content\\\/uploads\\\/2023\\\/05\\\/IMG-20230513-WA0014.jpg\",\"contentUrl\":\"https:\\\/\\\/www.amanien.info\\\/news\\\/wp-content\\\/uploads\\\/2023\\\/05\\\/IMG-20230513-WA0014.jpg\",\"width\":1040,\"height\":780},{\"@type\":\"BreadcrumbList\",\"@id\":\"https:\\\/\\\/www.amanien.info\\\/news\\\/reunion-de-la-mtci-le-president-soumahoro-mamadou-exhorte-a-la-professionnalisation-et-a-la-bancarisation-du-secteur-du-transport\\\/#breadcrumb\",\"itemListElement\":[{\"@type\":\"ListItem\",\"position\":1,\"name\":\"Accueil\",\"item\":\"https:\\\/\\\/www.amanien.info\\\/news\\\/\"},{\"@type\":\"ListItem\",\"position\":2,\"name\":\"R\u00e9union de la MTCI : Le Pr\u00e9sident Soumahoro Mamadou exhorte \u00e0 la professionnalisation et \u00e0 la bancarisation du secteur du transport\"}]},{\"@type\":\"WebSite\",\"@id\":\"https:\\\/\\\/www.amanien.info\\\/news\\\/#website\",\"url\":\"https:\\\/\\\/www.amanien.info\\\/news\\\/\",\"name\":\"Amanien| L&#039;actualit\u00e9 Ivoirienne et Internationale\",\"description\":\"L&#039;actualit\u00e9 Ivoirienne et Internationale\",\"potentialAction\":[{\"@type\":\"SearchAction\",\"target\":{\"@type\":\"EntryPoint\",\"urlTemplate\":\"https:\\\/\\\/www.amanien.info\\\/news\\\/?s={search_term_string}\"},\"query-input\":{\"@type\":\"PropertyValueSpecification\",\"valueRequired\":true,\"valueName\":\"search_term_string\"}}],\"inLanguage\":\"fr-FR\"},{\"@type\":\"Person\",\"@id\":\"https:\\\/\\\/www.amanien.info\\\/news\\\/#\\\/schema\\\/person\\\/b21093345753a1a98242d505bd894f42\",\"name\":\"Germain Ndri\",\"url\":\"https:\\\/\\\/www.amanien.info\\\/news\\\/author\\\/amanien-infos\\\/\"}]}<\/script>\n<!-- \/ Yoast SEO plugin. -->","yoast_head_json":{"title":"R\u00e9union de la MTCI : Le Pr\u00e9sident Soumahoro Mamadou exhorte \u00e0 la professionnalisation et \u00e0 la bancarisation du secteur du transport - Amanien| L&#039;actualit\u00e9 Ivoirienne et Internationale","robots":{"index":"index","follow":"follow","max-snippet":"max-snippet:-1","max-image-preview":"max-image-preview:large","max-video-preview":"max-video-preview:-1"},"canonical":"https:\/\/www.amanien.info\/news\/reunion-de-la-mtci-le-president-soumahoro-mamadou-exhorte-a-la-professionnalisation-et-a-la-bancarisation-du-secteur-du-transport\/","og_locale":"fr_FR","og_type":"article","og_title":"R\u00e9union de la MTCI : Le Pr\u00e9sident Soumahoro Mamadou exhorte \u00e0 la professionnalisation et \u00e0 la bancarisation du secteur du transport - Amanien| L&#039;actualit\u00e9 Ivoirienne et Internationale","og_description":"Le Pr\u00e9sident de la Maison des transporteurs de C\u00f4te d&rsquo;Ivoire (MTCI), Soumahoro Mamadou a, \u00e0 l&rsquo;occasion d&rsquo;une rencontre de remerciement au Pr\u00e9sident de la R\u00e9publique Alassane Ouattara et au Ministre des transports, Amadou KON\u00c9 pour 90 v\u00e9hicules attribu\u00e9s aux transporteurs dont 40 mini-cars(Gbaka) \u00e0 Abidjan et 50 taxis \u00e0 Bouak\u00e9, soulign\u00e9 la n\u00e9cessit\u00e9 de professionnaliser [&hellip;]","og_url":"https:\/\/www.amanien.info\/news\/reunion-de-la-mtci-le-president-soumahoro-mamadou-exhorte-a-la-professionnalisation-et-a-la-bancarisation-du-secteur-du-transport\/","og_site_name":"Amanien| L&#039;actualit\u00e9 Ivoirienne et Internationale","article_published_time":"2023-05-15T19:43:32+00:00","article_modified_time":"2023-05-15T19:44:16+00:00","og_image":[{"width":1040,"height":780,"url":"https:\/\/www.amanien.info\/news\/wp-content\/uploads\/2023\/05\/IMG-20230513-WA0014.jpg","type":"image\/jpeg"}],"author":"Germain Ndri","twitter_card":"summary_large_image","twitter_misc":{"\u00c9crit par":"Germain Ndri","Dur\u00e9e de lecture estim\u00e9e":"2 minutes"},"schema":{"@context":"https:\/\/schema.org","@graph":[{"@type":"Article","@id":"https:\/\/www.amanien.info\/news\/reunion-de-la-mtci-le-president-soumahoro-mamadou-exhorte-a-la-professionnalisation-et-a-la-bancarisation-du-secteur-du-transport\/#article","isPartOf":{"@id":"https:\/\/www.amanien.info\/news\/reunion-de-la-mtci-le-president-soumahoro-mamadou-exhorte-a-la-professionnalisation-et-a-la-bancarisation-du-secteur-du-transport\/"},"author":{"name":"Germain Ndri","@id":"https:\/\/www.amanien.info\/news\/#\/schema\/person\/b21093345753a1a98242d505bd894f42"},"headline":"R\u00e9union de la MTCI : Le Pr\u00e9sident Soumahoro Mamadou exhorte \u00e0 la professionnalisation et \u00e0 la bancarisation du secteur du transport","datePublished":"2023-05-15T19:43:32+00:00","dateModified":"2023-05-15T19:44:16+00:00","mainEntityOfPage":{"@id":"https:\/\/www.amanien.info\/news\/reunion-de-la-mtci-le-president-soumahoro-mamadou-exhorte-a-la-professionnalisation-et-a-la-bancarisation-du-secteur-du-transport\/"},"wordCount":378,"image":{"@id":"https:\/\/www.amanien.info\/news\/reunion-de-la-mtci-le-president-soumahoro-mamadou-exhorte-a-la-professionnalisation-et-a-la-bancarisation-du-secteur-du-transport\/#primaryimage"},"thumbnailUrl":"https:\/\/www.amanien.info\/news\/wp-content\/uploads\/2023\/05\/IMG-20230513-WA0014.jpg","inLanguage":"fr-FR"},{"@type":"WebPage","@id":"https:\/\/www.amanien.info\/news\/reunion-de-la-mtci-le-president-soumahoro-mamadou-exhorte-a-la-professionnalisation-et-a-la-bancarisation-du-secteur-du-transport\/","url":"https:\/\/www.amanien.info\/news\/reunion-de-la-mtci-le-president-soumahoro-mamadou-exhorte-a-la-professionnalisation-et-a-la-bancarisation-du-secteur-du-transport\/","name":"R\u00e9union de la MTCI : Le Pr\u00e9sident Soumahoro Mamadou exhorte \u00e0 la professionnalisation et \u00e0 la bancarisation du secteur du transport - Amanien| L&#039;actualit\u00e9 Ivoirienne et Internationale","isPartOf":{"@id":"https:\/\/www.amanien.info\/news\/#website"},"primaryImageOfPage":{"@id":"https:\/\/www.amanien.info\/news\/reunion-de-la-mtci-le-president-soumahoro-mamadou-exhorte-a-la-professionnalisation-et-a-la-bancarisation-du-secteur-du-transport\/#primaryimage"},"image":{"@id":"https:\/\/www.amanien.info\/news\/reunion-de-la-mtci-le-president-soumahoro-mamadou-exhorte-a-la-professionnalisation-et-a-la-bancarisation-du-secteur-du-transport\/#primaryimage"},"thumbnailUrl":"https:\/\/www.amanien.info\/news\/wp-content\/uploads\/2023\/05\/IMG-20230513-WA0014.jpg","datePublished":"2023-05-15T19:43:32+00:00","dateModified":"2023-05-15T19:44:16+00:00","author":{"@id":"https:\/\/www.amanien.info\/news\/#\/schema\/person\/b21093345753a1a98242d505bd894f42"},"breadcrumb":{"@id":"https:\/\/www.amanien.info\/news\/reunion-de-la-mtci-le-president-soumahoro-mamadou-exhorte-a-la-professionnalisation-et-a-la-bancarisation-du-secteur-du-transport\/#breadcrumb"},"inLanguage":"fr-FR","potentialAction":[{"@type":"ReadAction","target":["https:\/\/www.amanien.info\/news\/reunion-de-la-mtci-le-president-soumahoro-mamadou-exhorte-a-la-professionnalisation-et-a-la-bancarisation-du-secteur-du-transport\/"]}]},{"@type":"ImageObject","inLanguage":"fr-FR","@id":"https:\/\/www.amanien.info\/news\/reunion-de-la-mtci-le-president-soumahoro-mamadou-exhorte-a-la-professionnalisation-et-a-la-bancarisation-du-secteur-du-transport\/#primaryimage","url":"https:\/\/www.amanien.info\/news\/wp-content\/uploads\/2023\/05\/IMG-20230513-WA0014.jpg","contentUrl":"https:\/\/www.amanien.info\/news\/wp-content\/uploads\/2023\/05\/IMG-20230513-WA0014.jpg","width":1040,"height":780},{"@type":"BreadcrumbList","@id":"https:\/\/www.amanien.info\/news\/reunion-de-la-mtci-le-president-soumahoro-mamadou-exhorte-a-la-professionnalisation-et-a-la-bancarisation-du-secteur-du-transport\/#breadcrumb","itemListElement":[{"@type":"ListItem","position":1,"name":"Accueil","item":"https:\/\/www.amanien.info\/news\/"},{"@type":"ListItem","position":2,"name":"R\u00e9union de la MTCI : Le Pr\u00e9sident Soumahoro Mamadou exhorte \u00e0 la professionnalisation et \u00e0 la bancarisation du secteur du transport"}]},{"@type":"WebSite","@id":"https:\/\/www.amanien.info\/news\/#website","url":"https:\/\/www.amanien.info\/news\/","name":"Amanien| L&#039;actualit\u00e9 Ivoirienne et Internationale","description":"L&#039;actualit\u00e9 Ivoirienne et Internationale","potentialAction":[{"@type":"SearchAction","target":{"@type":"EntryPoint","urlTemplate":"https:\/\/www.amanien.info\/news\/?s={search_term_string}"},"query-input":{"@type":"PropertyValueSpecification","valueRequired":true,"valueName":"search_term_string"}}],"inLanguage":"fr-FR"},{"@type":"Person","@id":"https:\/\/www.amanien.info\/news\/#\/schema\/person\/b21093345753a1a98242d505bd894f42","name":"Germain Ndri","url":"https:\/\/www.amanien.info\/news\/author\/amanien-infos\/"}]}},"_links":{"self":[{"href":"https:\/\/www.amanien.info\/news\/wp-json\/wp\/v2\/posts\/4257","targetHints":{"allow":["GET"]}}],"collection":[{"href":"https:\/\/www.amanien.info\/news\/wp-json\/wp\/v2\/posts"}],"about":[{"href":"https:\/\/www.amanien.info\/news\/wp-json\/wp\/v2\/types\/post"}],"author":[{"embeddable":true,"href":"https:\/\/www.amanien.info\/news\/wp-json\/wp\/v2\/users\/2"}],"replies":[{"embeddable":true,"href":"https:\/\/www.amanien.info\/news\/wp-json\/wp\/v2\/comments?post=4257"}],"version-history":[{"count":1,"href":"https:\/\/www.amanien.info\/news\/wp-json\/wp\/v2\/posts\/4257\/revisions"}],"predecessor-version":[{"id":4259,"href":"https:\/\/www.amanien.info\/news\/wp-json\/wp\/v2\/posts\/4257\/revisions\/4259"}],"wp:featuredmedia":[{"embeddable":true,"href":"https:\/\/www.amanien.info\/news\/wp-json\/wp\/v2\/media\/4258"}],"wp:attachment":[{"href":"https:\/\/www.amanien.info\/news\/wp-json\/wp\/v2\/media?parent=4257"}],"wp:term":[{"taxonomy":"category","embeddable":true,"href":"https:\/\/www.amanien.info\/news\/wp-json\/wp\/v2\/categories?post=4257"},{"taxonomy":"post_tag","embeddable":true,"href":"https:\/\/www.amanien.info\/news\/wp-json\/wp\/v2\/tags?post=4257"}],"curies":[{"name":"wp","href":"https:\/\/api.w.org\/{rel}","templated":true}]}}