{"id":4240,"date":"2023-05-12T10:14:36","date_gmt":"2023-05-12T10:14:36","guid":{"rendered":"https:\/\/www.https:\/\/zozo.buyee.jp\/\/news\/?p=4240"},"modified":"2023-05-12T10:15:50","modified_gmt":"2023-05-12T10:15:50","slug":"sante-journee-mondiale-du-lupus-le-parcours-du-patient-en-cote-divoire-et-le-diagnostic-de-laffection-au-centre-des-echanges","status":"publish","type":"post","link":"https:\/\/www.amanien.info\/news\/sante-journee-mondiale-du-lupus-le-parcours-du-patient-en-cote-divoire-et-le-diagnostic-de-laffection-au-centre-des-echanges\/","title":{"rendered":"Sant\u00e9\/Journ\u00e9e mondiale du Lupus : Le parcours du patient en C\u00f4te d&rsquo;Ivoire et le diagnostic de l&rsquo;affection au centre des \u00e9changes"},"content":{"rendered":"<p>La Journ\u00e9e mondiale du Lupus a \u00e9t\u00e9 c\u00e9l\u00e9br\u00e9e, le mardi 10 mai 2023. En C\u00f4te d&rsquo;Ivoire, cette c\u00e9l\u00e9bration a \u00e9t\u00e9 marqu\u00e9e par des consultations et une journ\u00e9e scientifique organis\u00e9e par les services de m\u00e9decine interne des CHU de Treichville et d&rsquo; Angr\u00e9, les 09 et 10 mai autour du th\u00e8me central : <b>\u00ab\u00a0Le parcours du patient en C\u00f4te d&rsquo;Ivoire\u00a0\u00bb.\u00a0<\/b><\/p>\n<div><b>\u00a0<\/b><\/div>\n<p>C&rsquo;est le CHU d&rsquo;Angr\u00e9( Cocody) qui a servi de cadre \u00e0 l&rsquo;organisation de cette deuxi\u00e8me \u00e9dition de la journ\u00e9e scientifique.\u00a0<i><i>&lt;&lt;Cette journ\u00e9e scientifique a pour but d&rsquo;informer le grand public de l&rsquo;existence de cette maladie qu&rsquo;est le Lupus, ensuite instruire et mieux<\/i><\/i><\/p>\n<p>[contact-form][contact-field label=\u00a0\u00bbNom\u00a0\u00bb type=\u00a0\u00bbname\u00a0\u00bb  required=\u00a0\u00bbtrue\u00a0\u00bb \/][contact-field label=\u00a0\u00bbE-mail\u00a0\u00bb type=\u00a0\u00bbemail\u00a0\u00bb required=\u00a0\u00bbtrue\u00a0\u00bb \/][contact-field label=\u00a0\u00bbSite web\u00a0\u00bb type=\u00a0\u00bburl\u00a0\u00bb \/][contact-field label=\u00a0\u00bbMessage\u00a0\u00bb type=\u00a0\u00bbtextarea\u00a0\u00bb \/][\/contact-form]<\/p>\n<p>[contact-form][contact-field label=\u00a0\u00bbNom\u00a0\u00bb type=\u00a0\u00bbname\u00a0\u00bb  required=\u00a0\u00bbtrue\u00a0\u00bb \/][contact-field label=\u00a0\u00bbE-mail\u00a0\u00bb type=\u00a0\u00bbemail\u00a0\u00bb required=\u00a0\u00bbtrue\u00a0\u00bb \/][contact-field label=\u00a0\u00bbSite web\u00a0\u00bb type=\u00a0\u00bburl\u00a0\u00bb \/][contact-field label=\u00a0\u00bbMessage\u00a0\u00bb type=\u00a0\u00bbtextarea\u00a0\u00bb \/][\/contact-form]<\/p>\n<ul>\n<li>[contact-form][contact-field label=\u00a0\u00bbNom\u00a0\u00bb type=\u00a0\u00bbname\u00a0\u00bb  required=\u00a0\u00bbtrue\u00a0\u00bb \/][contact-field label=\u00a0\u00bbE-mail\u00a0\u00bb type=\u00a0\u00bbemail\u00a0\u00bb required=\u00a0\u00bbtrue\u00a0\u00bb \/][contact-field label=\u00a0\u00bbSite web\u00a0\u00bb type=\u00a0\u00bburl\u00a0\u00bb \/][contact-field label=\u00a0\u00bbMessage\u00a0\u00bb type=\u00a0\u00bbtextarea\u00a0\u00bb \/][\/contact-form]\n<p>&nbsp;<\/li>\n<\/ul>\n<p><i>le personnel m\u00e9dical afin d&rsquo;orienter les patients vers les sp\u00e9cialistes qui sont des m\u00e9decins internistes&gt;&gt;<\/i>, a indiqu\u00e9 le Directeur de Cabinet Adjoint et Repr\u00e9sentant du Ministre de la Sant\u00e9, de l&rsquo;hygi\u00e8ne publique et de la Couverture maladie universelle, Pr Kount\u00e9l\u00e9 Gona SORO.<\/p>\n<div><\/div>\n<div><\/div>\n<div>Au sortir de ces \u00e9changes fructueux, que les experts puissent nous produire des recommandations, qui seront prises en compte dans le strat\u00e9gie du Minist\u00e8re de la sant\u00e9 afin de les procurer \u00e0 la population de C\u00f4te d&rsquo;Ivoire et r\u00e9duire le co\u00fbt de la sant\u00e9, a-t-il ajout\u00e9.<\/div>\n<div><\/div>\n<div>Pour le Repr\u00e9sentant du Ministre, il est important de faire le diagnostic le plus pr\u00e9cocement pour, affirme-t-il, \u00a0\u00bb all\u00e9ger les d\u00e9penses de cette pathologie\u00a0\u00bb.<\/div>\n<div><\/div>\n<div>Pr Kount\u00e9l\u00e9 Gona SORO a, par ailleurs, lanc\u00e9 un appel aux populations et au personnel soignant.\u00a0<b>&lt;&lt;L&rsquo;appel \u00e0 lancer aux populations, c&rsquo;est de s&rsquo;adresser au personnel soignant en cas de moindre signe anormal inhabituel. Quant au personnel soignant, c&rsquo;est de se r\u00e9f\u00e9rer aux sp\u00e9cialistes de la m\u00e9decine interne d\u00e8s qu&rsquo;ils ont le soup\u00e7on&gt;&gt;<\/b>\u00a0a exhort\u00e9 le Directeur de Cabinet Adjoint.<\/div>\n<div><\/div>\n<div>Pour sa part, le Pr Konan N&rsquo;Guessan Michel, Ma\u00eetre de Conf\u00e9rence Agr\u00e9g\u00e9 \u00e0 l&rsquo;Universit\u00e9 FHB de Cocody et M\u00e9decin au CHU de Treichville, a indiqu\u00e9 que la d\u00e9finition du th\u00e8me principal qu&rsquo;est \u00ab\u00a0<b>Le parcours du patient en C\u00f4te d&rsquo;Ivoire\u00a0\u00bb,\u00a0<\/b>vise \u00e0 mettre en exergue le v\u00e9ritable probl\u00e8me du diagnostic de cette affection.\u00a0<b>\u00ab\u00a0<\/b><i>Le v\u00e9ritable probl\u00e8me c&rsquo;est le diagnostic de cette affection\u00a0\u00bb,\u00a0<\/i>a-t-il fait savoir.<\/div>\n<div>Avant de relever les difficult\u00e9s que rencontre le personnel m\u00e9dical dans la prise en charge de cette pathologie. A l&rsquo;en croire, les difficult\u00e9s sont le probl\u00e8me de diagnostic\u00a0 biologique, le probl\u00e8me de diagnostic para-clinique et le co\u00fbt \u00e9lev\u00e9 du traitement.<\/div>\n<div><\/div>\n<div>Il a, ainsi, plaid\u00e9 pour que l&rsquo;Etat se penche sur la prise en charge de cette affection (le Lupus) comme il le fait pour les pathologies chroniques telles que l&rsquo;hypertension art\u00e9rielle (HTA), le VIH\/SIDA, le diab\u00e8te. Mettre \u00e9galement des conditions n\u00e9cessaires et une \u00e9quipe comp\u00e9tente de r\u00e9f\u00e9rence.<\/div>\n<div><\/div>\n<div><\/div>\n<div>Les attentes de cette journ\u00e9e sont, aux dires du Pr Konan, le renforcement des capacit\u00e9s du diagnostic du personnel m\u00e9dical. Les sp\u00e9cialistes doivent aussi s&rsquo;approprier des crit\u00e8res qui existent pour pouvoir faire le diagnostic de cette pathologie.<\/div>\n<div><\/div>\n<div><\/div>\n<div>Il a, pour finir, annonc\u00e9 la mise en place du R\u00e9seau Africain des maladies orphelines. Ce r\u00e9seau aura pour mission de g\u00e9rer aussi cette pathologie chronique qui est rare en l&rsquo;occurrence le Lupus et d&rsquo;autres maladies rares.\u00a0<b>\u00ab\u00a0Ce r\u00e9seau sera un creuset des sp\u00e9cialistes de tout genre, tout bord, qui\u00a0 permettra de mutualiser nos forces et assurer une meilleure prise en charge des patients\u00a0\u00bb<\/b>, a-t-il soulign\u00e9.<\/div>\n<div><\/div>\n<div>Notons que cette journ\u00e9e scientifique, qui a enregistr\u00e9 la participation de plusieurs sp\u00e9cialistes de la m\u00e9decine interne, de m\u00e9decins, etc, a \u00e9t\u00e9 \u00e9galement marqu\u00e9e par des pr\u00e9sentations et \u00e9changes instructifs des experts sur des th\u00e8mes tr\u00e8s \u00e9difiants.<\/div>\n<div><\/div>\n<div><\/div>\n<div>C\u00e9l\u00e9br\u00e9e depuis 2004 chaque 10 mai, la Journ\u00e9e Mondiale du Lupus a pour objectif de sensibiliser le public \u00e0 cette maladie rare auto-immune, une des maladies de syst\u00e8me encore peu connue par les populations.<\/div>\n<div><\/div>\n<div><\/div>\n<div><b>SUNDAY Alain<\/b><\/div>\n","protected":false},"excerpt":{"rendered":"<p>La Journ\u00e9e mondiale du Lupus a \u00e9t\u00e9 c\u00e9l\u00e9br\u00e9e, le mardi 10 mai 2023. En C\u00f4te d&rsquo;Ivoire, cette c\u00e9l\u00e9bration a \u00e9t\u00e9 marqu\u00e9e par des consultations et une journ\u00e9e scientifique organis\u00e9e par les services de m\u00e9decine interne des CHU de Treichville et d&rsquo; Angr\u00e9, les 09 et 10 mai autour du th\u00e8me central : \u00ab\u00a0Le parcours du [&hellip;]<\/p>\n","protected":false},"author":2,"featured_media":4242,"comment_status":"closed","ping_status":"closed","sticky":true,"template":"","format":"standard","meta":{"_acf_changed":false,"footnotes":""},"categories":[],"tags":[],"class_list":["post-4240","post","type-post","status-publish","format-standard","has-post-thumbnail","hentry"],"acf":[],"yoast_head":"<!-- This site is optimized with the Yoast SEO plugin v27.5 - https:\/\/yoast.com\/product\/yoast-seo-wordpress\/ -->\n<title>Sant\u00e9\/Journ\u00e9e mondiale du Lupus : Le parcours du patient en C\u00f4te d&#039;Ivoire et le diagnostic de l&#039;affection au centre des \u00e9changes - Amanien| L&#039;actualit\u00e9 Ivoirienne et Internationale<\/title>\n<meta name=\"robots\" content=\"index, follow, max-snippet:-1, max-image-preview:large, max-video-preview:-1\" \/>\n<link rel=\"canonical\" href=\"https:\/\/www.amanien.info\/news\/sante-journee-mondiale-du-lupus-le-parcours-du-patient-en-cote-divoire-et-le-diagnostic-de-laffection-au-centre-des-echanges\/\" \/>\n<meta property=\"og:locale\" content=\"fr_FR\" \/>\n<meta property=\"og:type\" content=\"article\" \/>\n<meta property=\"og:title\" content=\"Sant\u00e9\/Journ\u00e9e mondiale du Lupus : Le parcours du patient en C\u00f4te d&#039;Ivoire et le diagnostic de l&#039;affection au centre des \u00e9changes - Amanien| L&#039;actualit\u00e9 Ivoirienne et Internationale\" \/>\n<meta property=\"og:description\" content=\"La Journ\u00e9e mondiale du Lupus a \u00e9t\u00e9 c\u00e9l\u00e9br\u00e9e, le mardi 10 mai 2023. En C\u00f4te d&rsquo;Ivoire, cette c\u00e9l\u00e9bration a \u00e9t\u00e9 marqu\u00e9e par des consultations et une journ\u00e9e scientifique organis\u00e9e par les services de m\u00e9decine interne des CHU de Treichville et d&rsquo; Angr\u00e9, les 09 et 10 mai autour du th\u00e8me central : \u00ab\u00a0Le parcours du [&hellip;]\" \/>\n<meta property=\"og:url\" content=\"https:\/\/www.amanien.info\/news\/sante-journee-mondiale-du-lupus-le-parcours-du-patient-en-cote-divoire-et-le-diagnostic-de-laffection-au-centre-des-echanges\/\" \/>\n<meta property=\"og:site_name\" content=\"Amanien| L&#039;actualit\u00e9 Ivoirienne et Internationale\" \/>\n<meta property=\"article:published_time\" content=\"2023-05-12T10:14:36+00:00\" \/>\n<meta property=\"article:modified_time\" content=\"2023-05-12T10:15:50+00:00\" \/>\n<meta property=\"og:image\" content=\"https:\/\/www.amanien.info\/news\/wp-content\/uploads\/2023\/05\/IMG-20230511-WA0019.jpg\" \/>\n\t<meta property=\"og:image:width\" content=\"1044\" \/>\n\t<meta property=\"og:image:height\" content=\"746\" \/>\n\t<meta property=\"og:image:type\" content=\"image\/jpeg\" \/>\n<meta name=\"author\" content=\"Germain Ndri\" \/>\n<meta name=\"twitter:card\" content=\"summary_large_image\" \/>\n<meta name=\"twitter:label1\" content=\"\u00c9crit par\" \/>\n\t<meta name=\"twitter:data1\" content=\"Germain Ndri\" \/>\n\t<meta name=\"twitter:label2\" content=\"Dur\u00e9e de lecture estim\u00e9e\" \/>\n\t<meta name=\"twitter:data2\" content=\"4 minutes\" \/>\n<script type=\"application\/ld+json\" class=\"yoast-schema-graph\">{\"@context\":\"https:\\\/\\\/schema.org\",\"@graph\":[{\"@type\":\"Article\",\"@id\":\"https:\\\/\\\/www.amanien.info\\\/news\\\/sante-journee-mondiale-du-lupus-le-parcours-du-patient-en-cote-divoire-et-le-diagnostic-de-laffection-au-centre-des-echanges\\\/#article\",\"isPartOf\":{\"@id\":\"https:\\\/\\\/www.amanien.info\\\/news\\\/sante-journee-mondiale-du-lupus-le-parcours-du-patient-en-cote-divoire-et-le-diagnostic-de-laffection-au-centre-des-echanges\\\/\"},\"author\":{\"name\":\"Germain Ndri\",\"@id\":\"https:\\\/\\\/www.amanien.info\\\/news\\\/#\\\/schema\\\/person\\\/b21093345753a1a98242d505bd894f42\"},\"headline\":\"Sant\u00e9\\\/Journ\u00e9e mondiale du Lupus : Le parcours du patient en C\u00f4te d&rsquo;Ivoire et le diagnostic de l&rsquo;affection au centre des \u00e9changes\",\"datePublished\":\"2023-05-12T10:14:36+00:00\",\"dateModified\":\"2023-05-12T10:15:50+00:00\",\"mainEntityOfPage\":{\"@id\":\"https:\\\/\\\/www.amanien.info\\\/news\\\/sante-journee-mondiale-du-lupus-le-parcours-du-patient-en-cote-divoire-et-le-diagnostic-de-laffection-au-centre-des-echanges\\\/\"},\"wordCount\":813,\"image\":{\"@id\":\"https:\\\/\\\/www.amanien.info\\\/news\\\/sante-journee-mondiale-du-lupus-le-parcours-du-patient-en-cote-divoire-et-le-diagnostic-de-laffection-au-centre-des-echanges\\\/#primaryimage\"},\"thumbnailUrl\":\"https:\\\/\\\/www.amanien.info\\\/news\\\/wp-content\\\/uploads\\\/2023\\\/05\\\/IMG-20230511-WA0019.jpg\",\"inLanguage\":\"fr-FR\"},{\"@type\":\"WebPage\",\"@id\":\"https:\\\/\\\/www.amanien.info\\\/news\\\/sante-journee-mondiale-du-lupus-le-parcours-du-patient-en-cote-divoire-et-le-diagnostic-de-laffection-au-centre-des-echanges\\\/\",\"url\":\"https:\\\/\\\/www.amanien.info\\\/news\\\/sante-journee-mondiale-du-lupus-le-parcours-du-patient-en-cote-divoire-et-le-diagnostic-de-laffection-au-centre-des-echanges\\\/\",\"name\":\"Sant\u00e9\\\/Journ\u00e9e mondiale du Lupus : Le parcours du patient en C\u00f4te d'Ivoire et le diagnostic de l'affection au centre des \u00e9changes - Amanien| L&#039;actualit\u00e9 Ivoirienne et Internationale\",\"isPartOf\":{\"@id\":\"https:\\\/\\\/www.amanien.info\\\/news\\\/#website\"},\"primaryImageOfPage\":{\"@id\":\"https:\\\/\\\/www.amanien.info\\\/news\\\/sante-journee-mondiale-du-lupus-le-parcours-du-patient-en-cote-divoire-et-le-diagnostic-de-laffection-au-centre-des-echanges\\\/#primaryimage\"},\"image\":{\"@id\":\"https:\\\/\\\/www.amanien.info\\\/news\\\/sante-journee-mondiale-du-lupus-le-parcours-du-patient-en-cote-divoire-et-le-diagnostic-de-laffection-au-centre-des-echanges\\\/#primaryimage\"},\"thumbnailUrl\":\"https:\\\/\\\/www.amanien.info\\\/news\\\/wp-content\\\/uploads\\\/2023\\\/05\\\/IMG-20230511-WA0019.jpg\",\"datePublished\":\"2023-05-12T10:14:36+00:00\",\"dateModified\":\"2023-05-12T10:15:50+00:00\",\"author\":{\"@id\":\"https:\\\/\\\/www.amanien.info\\\/news\\\/#\\\/schema\\\/person\\\/b21093345753a1a98242d505bd894f42\"},\"breadcrumb\":{\"@id\":\"https:\\\/\\\/www.amanien.info\\\/news\\\/sante-journee-mondiale-du-lupus-le-parcours-du-patient-en-cote-divoire-et-le-diagnostic-de-laffection-au-centre-des-echanges\\\/#breadcrumb\"},\"inLanguage\":\"fr-FR\",\"potentialAction\":[{\"@type\":\"ReadAction\",\"target\":[\"https:\\\/\\\/www.amanien.info\\\/news\\\/sante-journee-mondiale-du-lupus-le-parcours-du-patient-en-cote-divoire-et-le-diagnostic-de-laffection-au-centre-des-echanges\\\/\"]}]},{\"@type\":\"ImageObject\",\"inLanguage\":\"fr-FR\",\"@id\":\"https:\\\/\\\/www.amanien.info\\\/news\\\/sante-journee-mondiale-du-lupus-le-parcours-du-patient-en-cote-divoire-et-le-diagnostic-de-laffection-au-centre-des-echanges\\\/#primaryimage\",\"url\":\"https:\\\/\\\/www.amanien.info\\\/news\\\/wp-content\\\/uploads\\\/2023\\\/05\\\/IMG-20230511-WA0019.jpg\",\"contentUrl\":\"https:\\\/\\\/www.amanien.info\\\/news\\\/wp-content\\\/uploads\\\/2023\\\/05\\\/IMG-20230511-WA0019.jpg\",\"width\":1044,\"height\":746},{\"@type\":\"BreadcrumbList\",\"@id\":\"https:\\\/\\\/www.amanien.info\\\/news\\\/sante-journee-mondiale-du-lupus-le-parcours-du-patient-en-cote-divoire-et-le-diagnostic-de-laffection-au-centre-des-echanges\\\/#breadcrumb\",\"itemListElement\":[{\"@type\":\"ListItem\",\"position\":1,\"name\":\"Accueil\",\"item\":\"https:\\\/\\\/www.amanien.info\\\/news\\\/\"},{\"@type\":\"ListItem\",\"position\":2,\"name\":\"Sant\u00e9\\\/Journ\u00e9e mondiale du Lupus : Le parcours du patient en C\u00f4te d&rsquo;Ivoire et le diagnostic de l&rsquo;affection au centre des \u00e9changes\"}]},{\"@type\":\"WebSite\",\"@id\":\"https:\\\/\\\/www.amanien.info\\\/news\\\/#website\",\"url\":\"https:\\\/\\\/www.amanien.info\\\/news\\\/\",\"name\":\"Amanien| L&#039;actualit\u00e9 Ivoirienne et Internationale\",\"description\":\"L&#039;actualit\u00e9 Ivoirienne et Internationale\",\"potentialAction\":[{\"@type\":\"SearchAction\",\"target\":{\"@type\":\"EntryPoint\",\"urlTemplate\":\"https:\\\/\\\/www.amanien.info\\\/news\\\/?s={search_term_string}\"},\"query-input\":{\"@type\":\"PropertyValueSpecification\",\"valueRequired\":true,\"valueName\":\"search_term_string\"}}],\"inLanguage\":\"fr-FR\"},{\"@type\":\"Person\",\"@id\":\"https:\\\/\\\/www.amanien.info\\\/news\\\/#\\\/schema\\\/person\\\/b21093345753a1a98242d505bd894f42\",\"name\":\"Germain Ndri\",\"url\":\"https:\\\/\\\/www.amanien.info\\\/news\\\/author\\\/amanien-infos\\\/\"}]}<\/script>\n<!-- \/ Yoast SEO plugin. -->","yoast_head_json":{"title":"Sant\u00e9\/Journ\u00e9e mondiale du Lupus : Le parcours du patient en C\u00f4te d'Ivoire et le diagnostic de l'affection au centre des \u00e9changes - Amanien| L&#039;actualit\u00e9 Ivoirienne et Internationale","robots":{"index":"index","follow":"follow","max-snippet":"max-snippet:-1","max-image-preview":"max-image-preview:large","max-video-preview":"max-video-preview:-1"},"canonical":"https:\/\/www.amanien.info\/news\/sante-journee-mondiale-du-lupus-le-parcours-du-patient-en-cote-divoire-et-le-diagnostic-de-laffection-au-centre-des-echanges\/","og_locale":"fr_FR","og_type":"article","og_title":"Sant\u00e9\/Journ\u00e9e mondiale du Lupus : Le parcours du patient en C\u00f4te d'Ivoire et le diagnostic de l'affection au centre des \u00e9changes - Amanien| L&#039;actualit\u00e9 Ivoirienne et Internationale","og_description":"La Journ\u00e9e mondiale du Lupus a \u00e9t\u00e9 c\u00e9l\u00e9br\u00e9e, le mardi 10 mai 2023. En C\u00f4te d&rsquo;Ivoire, cette c\u00e9l\u00e9bration a \u00e9t\u00e9 marqu\u00e9e par des consultations et une journ\u00e9e scientifique organis\u00e9e par les services de m\u00e9decine interne des CHU de Treichville et d&rsquo; Angr\u00e9, les 09 et 10 mai autour du th\u00e8me central : \u00ab\u00a0Le parcours du [&hellip;]","og_url":"https:\/\/www.amanien.info\/news\/sante-journee-mondiale-du-lupus-le-parcours-du-patient-en-cote-divoire-et-le-diagnostic-de-laffection-au-centre-des-echanges\/","og_site_name":"Amanien| L&#039;actualit\u00e9 Ivoirienne et Internationale","article_published_time":"2023-05-12T10:14:36+00:00","article_modified_time":"2023-05-12T10:15:50+00:00","og_image":[{"width":1044,"height":746,"url":"https:\/\/www.amanien.info\/news\/wp-content\/uploads\/2023\/05\/IMG-20230511-WA0019.jpg","type":"image\/jpeg"}],"author":"Germain Ndri","twitter_card":"summary_large_image","twitter_misc":{"\u00c9crit par":"Germain Ndri","Dur\u00e9e de lecture estim\u00e9e":"4 minutes"},"schema":{"@context":"https:\/\/schema.org","@graph":[{"@type":"Article","@id":"https:\/\/www.amanien.info\/news\/sante-journee-mondiale-du-lupus-le-parcours-du-patient-en-cote-divoire-et-le-diagnostic-de-laffection-au-centre-des-echanges\/#article","isPartOf":{"@id":"https:\/\/www.amanien.info\/news\/sante-journee-mondiale-du-lupus-le-parcours-du-patient-en-cote-divoire-et-le-diagnostic-de-laffection-au-centre-des-echanges\/"},"author":{"name":"Germain Ndri","@id":"https:\/\/www.amanien.info\/news\/#\/schema\/person\/b21093345753a1a98242d505bd894f42"},"headline":"Sant\u00e9\/Journ\u00e9e mondiale du Lupus : Le parcours du patient en C\u00f4te d&rsquo;Ivoire et le diagnostic de l&rsquo;affection au centre des \u00e9changes","datePublished":"2023-05-12T10:14:36+00:00","dateModified":"2023-05-12T10:15:50+00:00","mainEntityOfPage":{"@id":"https:\/\/www.amanien.info\/news\/sante-journee-mondiale-du-lupus-le-parcours-du-patient-en-cote-divoire-et-le-diagnostic-de-laffection-au-centre-des-echanges\/"},"wordCount":813,"image":{"@id":"https:\/\/www.amanien.info\/news\/sante-journee-mondiale-du-lupus-le-parcours-du-patient-en-cote-divoire-et-le-diagnostic-de-laffection-au-centre-des-echanges\/#primaryimage"},"thumbnailUrl":"https:\/\/www.amanien.info\/news\/wp-content\/uploads\/2023\/05\/IMG-20230511-WA0019.jpg","inLanguage":"fr-FR"},{"@type":"WebPage","@id":"https:\/\/www.amanien.info\/news\/sante-journee-mondiale-du-lupus-le-parcours-du-patient-en-cote-divoire-et-le-diagnostic-de-laffection-au-centre-des-echanges\/","url":"https:\/\/www.amanien.info\/news\/sante-journee-mondiale-du-lupus-le-parcours-du-patient-en-cote-divoire-et-le-diagnostic-de-laffection-au-centre-des-echanges\/","name":"Sant\u00e9\/Journ\u00e9e mondiale du Lupus : Le parcours du patient en C\u00f4te d'Ivoire et le diagnostic de l'affection au centre des \u00e9changes - Amanien| L&#039;actualit\u00e9 Ivoirienne et Internationale","isPartOf":{"@id":"https:\/\/www.amanien.info\/news\/#website"},"primaryImageOfPage":{"@id":"https:\/\/www.amanien.info\/news\/sante-journee-mondiale-du-lupus-le-parcours-du-patient-en-cote-divoire-et-le-diagnostic-de-laffection-au-centre-des-echanges\/#primaryimage"},"image":{"@id":"https:\/\/www.amanien.info\/news\/sante-journee-mondiale-du-lupus-le-parcours-du-patient-en-cote-divoire-et-le-diagnostic-de-laffection-au-centre-des-echanges\/#primaryimage"},"thumbnailUrl":"https:\/\/www.amanien.info\/news\/wp-content\/uploads\/2023\/05\/IMG-20230511-WA0019.jpg","datePublished":"2023-05-12T10:14:36+00:00","dateModified":"2023-05-12T10:15:50+00:00","author":{"@id":"https:\/\/www.amanien.info\/news\/#\/schema\/person\/b21093345753a1a98242d505bd894f42"},"breadcrumb":{"@id":"https:\/\/www.amanien.info\/news\/sante-journee-mondiale-du-lupus-le-parcours-du-patient-en-cote-divoire-et-le-diagnostic-de-laffection-au-centre-des-echanges\/#breadcrumb"},"inLanguage":"fr-FR","potentialAction":[{"@type":"ReadAction","target":["https:\/\/www.amanien.info\/news\/sante-journee-mondiale-du-lupus-le-parcours-du-patient-en-cote-divoire-et-le-diagnostic-de-laffection-au-centre-des-echanges\/"]}]},{"@type":"ImageObject","inLanguage":"fr-FR","@id":"https:\/\/www.amanien.info\/news\/sante-journee-mondiale-du-lupus-le-parcours-du-patient-en-cote-divoire-et-le-diagnostic-de-laffection-au-centre-des-echanges\/#primaryimage","url":"https:\/\/www.amanien.info\/news\/wp-content\/uploads\/2023\/05\/IMG-20230511-WA0019.jpg","contentUrl":"https:\/\/www.amanien.info\/news\/wp-content\/uploads\/2023\/05\/IMG-20230511-WA0019.jpg","width":1044,"height":746},{"@type":"BreadcrumbList","@id":"https:\/\/www.amanien.info\/news\/sante-journee-mondiale-du-lupus-le-parcours-du-patient-en-cote-divoire-et-le-diagnostic-de-laffection-au-centre-des-echanges\/#breadcrumb","itemListElement":[{"@type":"ListItem","position":1,"name":"Accueil","item":"https:\/\/www.amanien.info\/news\/"},{"@type":"ListItem","position":2,"name":"Sant\u00e9\/Journ\u00e9e mondiale du Lupus : Le parcours du patient en C\u00f4te d&rsquo;Ivoire et le diagnostic de l&rsquo;affection au centre des \u00e9changes"}]},{"@type":"WebSite","@id":"https:\/\/www.amanien.info\/news\/#website","url":"https:\/\/www.amanien.info\/news\/","name":"Amanien| L&#039;actualit\u00e9 Ivoirienne et Internationale","description":"L&#039;actualit\u00e9 Ivoirienne et Internationale","potentialAction":[{"@type":"SearchAction","target":{"@type":"EntryPoint","urlTemplate":"https:\/\/www.amanien.info\/news\/?s={search_term_string}"},"query-input":{"@type":"PropertyValueSpecification","valueRequired":true,"valueName":"search_term_string"}}],"inLanguage":"fr-FR"},{"@type":"Person","@id":"https:\/\/www.amanien.info\/news\/#\/schema\/person\/b21093345753a1a98242d505bd894f42","name":"Germain Ndri","url":"https:\/\/www.amanien.info\/news\/author\/amanien-infos\/"}]}},"_links":{"self":[{"href":"https:\/\/www.amanien.info\/news\/wp-json\/wp\/v2\/posts\/4240","targetHints":{"allow":["GET"]}}],"collection":[{"href":"https:\/\/www.amanien.info\/news\/wp-json\/wp\/v2\/posts"}],"about":[{"href":"https:\/\/www.amanien.info\/news\/wp-json\/wp\/v2\/types\/post"}],"author":[{"embeddable":true,"href":"https:\/\/www.amanien.info\/news\/wp-json\/wp\/v2\/users\/2"}],"replies":[{"embeddable":true,"href":"https:\/\/www.amanien.info\/news\/wp-json\/wp\/v2\/comments?post=4240"}],"version-history":[{"count":1,"href":"https:\/\/www.amanien.info\/news\/wp-json\/wp\/v2\/posts\/4240\/revisions"}],"predecessor-version":[{"id":4243,"href":"https:\/\/www.amanien.info\/news\/wp-json\/wp\/v2\/posts\/4240\/revisions\/4243"}],"wp:featuredmedia":[{"embeddable":true,"href":"https:\/\/www.amanien.info\/news\/wp-json\/wp\/v2\/media\/4242"}],"wp:attachment":[{"href":"https:\/\/www.amanien.info\/news\/wp-json\/wp\/v2\/media?parent=4240"}],"wp:term":[{"taxonomy":"category","embeddable":true,"href":"https:\/\/www.amanien.info\/news\/wp-json\/wp\/v2\/categories?post=4240"},{"taxonomy":"post_tag","embeddable":true,"href":"https:\/\/www.amanien.info\/news\/wp-json\/wp\/v2\/tags?post=4240"}],"curies":[{"name":"wp","href":"https:\/\/api.w.org\/{rel}","templated":true}]}}