{"id":4185,"date":"2023-04-17T17:29:15","date_gmt":"2023-04-17T17:29:15","guid":{"rendered":"https:\/\/www.https:\/\/zozo.buyee.jp\/\/news\/?p=4185"},"modified":"2023-04-17T17:30:59","modified_gmt":"2023-04-17T17:30:59","slug":"autonomisation-de-la-femme-et-securite-alimentaire-lancement-officiel-des-activites-de-la-cooperative-mmon-djrame-des-productrices-dattieke-de-yopougon-koute","status":"publish","type":"post","link":"https:\/\/www.amanien.info\/news\/autonomisation-de-la-femme-et-securite-alimentaire-lancement-officiel-des-activites-de-la-cooperative-mmon-djrame-des-productrices-dattieke-de-yopougon-koute\/","title":{"rendered":"Autonomisation de la femme et s\u00e9curit\u00e9 alimentaire : Lancement officiel des activit\u00e9s de la coop\u00e9rative \u00ab\u00a0M&rsquo;Mon Djram\u00e8\u00a0\u00bb des productrices d&rsquo;Atti\u00e9k\u00e9 de Yopougon-Kout\u00e9"},"content":{"rendered":"<p>Les activit\u00e9s de la soci\u00e9t\u00e9 coop\u00e9rative \u00ab\u00a0M&rsquo;Mon Djram\u00e8\u00a0\u00bb des femmes productrices d&rsquo;Atti\u00e9k\u00e9 de Yopougon-Kout\u00e9 ont \u00e9t\u00e9 officiellement lanc\u00e9es, le samedi 15 avril 2023, \u00e0 l&rsquo;Espace Manioc dudit village, en pr\u00e9sence du Directeur G\u00e9n\u00e9ral de l&rsquo;Office d&rsquo;Aide \u00e0 la Commercialisation des Produits Vivriers (OCPV), Adou Bernard GNENYE.<\/p>\n<div><i>&lt;&lt;Nous allons tout mettre en \u0153uvre pour trouver des fonds de d\u00e9roulement, des appuis financiers pour accompagner cette coop\u00e9rative. Nous allons veiller \u00e0 ce que l&rsquo;Etat accompagne la Chefferie villageoise de Yopougon-Kout\u00e9 pour achever la construction du march\u00e9&gt;&gt;,\u00a0<\/i>a promis le Directeur G\u00e9n\u00e9ral de l&rsquo;OCPV, Adou Bernard GNENYE \u00e0 l&rsquo;issue de la c\u00e9r\u00e9monie.<\/div>\n<div><\/div>\n<div>Avant de remercier la Chefferie villageoise de Yopougon-Kout\u00e9 pour ce beau joyau, le march\u00e9 qu&rsquo;elle est en train d&rsquo;offrir aux femmes pour la transformation de leurs produits Vivriers.<\/div>\n<div><\/div>\n<div>Il a \u00e9galement indiqu\u00e9 que le Gouvernement\u00a0 est\u00a0 toujours aux c\u00f4t\u00e9s des populations quand il s&rsquo;agit de la s\u00e9curit\u00e9 alimentaire des populations.<\/div>\n<div>C&rsquo;est pourquoi, il a, au nom du Gouvernement, pris des engagements forts pour \u00a0\u00bb accompagner les femmes de Yopougon-Kout\u00e9 dans leurs activit\u00e9s de transformation du manioc, accompagner la Chefferie villageoise dans la construction de cet espace qu&rsquo;elle offre aux femmes pour produire un Atti\u00e9k\u00e9 de tr\u00e8s bonne qualit\u00e9\u00a0\u00bb, a-t-il dit.<\/div>\n<div>Tout en rassurant que ce projet va conna\u00eetre un \u00ab\u00a0aboutissement heureux\u00a0\u00bb.<\/div>\n<div><\/div>\n<div>Pour sa part, la PCA de la Soci\u00e9t\u00e9 coop\u00e9rative \u00ab\u00a0M&rsquo;Mon Djram\u00e8\u00a0\u00bb, Mme Djoman Fran\u00e7oise a exprim\u00e9 son satisfaction et formul\u00e9 quelques dol\u00e9ances au Directeur G\u00e9n\u00e9ral de l&rsquo;OCPV, M. Adou Bernard GNENYE.<\/div>\n<div>Il s&rsquo;agit de l&rsquo;obtention d&rsquo;une unit\u00e9 de transformation de l&rsquo;Atti\u00e9k\u00e9(de toute cha\u00eene), des tricycles, de la location de terrains, des besoins de mati\u00e8res premi\u00e8res, d&rsquo;un march\u00e9 en poudre de manioc. Aussi a-t-elle souhait\u00e9 que l&rsquo;OCPV mette la coop\u00e9rative en relation avec des partenaires.<\/div>\n<div><\/div>\n<div><\/div>\n<div>Quant \u00e0 lui, le Chef du village de Yopougon-Kout\u00e9, APITI APITI Cl\u00e9ment s&rsquo;est r\u00e9joui dans la mesure o\u00f9 l&rsquo;appel de la communaut\u00e9 villageoise de Yopougon-Kout\u00e9 a \u00e9t\u00e9 entendu par l&rsquo;OCPV.<\/div>\n<div><\/div>\n<div>Il a \u00e9galement pr\u00e9cis\u00e9 que ce chantier(l&rsquo;espace) va abriter toutes les activit\u00e9s de fabrication de l&rsquo;Atti\u00e9k\u00e9 et va permettre l&rsquo;autonomisation des femmes.\u00a0<b>&lt;&lt;C&rsquo;est un grand projet que nous avons nourri et initi\u00e9 sur fonds propres. Je crois que l&rsquo;OCPV va s&rsquo;atteler \u00e0 trouver des partenaires pour nous accompagner dans sa r\u00e9alisation afin de permettre aux femmes d&rsquo;\u00eatre heureuses, de se prendre en charge et d&rsquo;\u00eatre autonomes&gt;&gt;,\u00a0<\/b>a-t-il indiqu\u00e9.<\/div>\n<div><\/div>\n<div>Poursuivant, le garant des us et coutumes a soulign\u00e9 que la construction de cet espace va occuper sainement les femmes, leur permettre d&rsquo;avoir des ressources financi\u00e8res additionnelles et cela va contribuer \u00e0 l&#8217;emploi des jeunes, a-t-il dit.<\/div>\n<div><\/div>\n<div>B\u00e2ti sur une superficie d&rsquo;environ 1400 M2 (40 m de longueur et 36 m de largeur), l&rsquo;espace de production et de fabrication d&rsquo;Atti\u00e9k\u00e9 de YOPOUGON-KOUT\u00c9 comprend des machines de broyage, un espace r\u00e9serv\u00e9 \u00e0 l&rsquo;\u00e9pluchage et au s\u00e9chage, deux (02) bureaux destin\u00e9s aux femmes de la Coop\u00e9rative M&rsquo;Mon Djram\u00e8, une salle de r\u00e9unions ainsi qu&rsquo;une salle de r\u00e9ception. C&rsquo;est un b\u00e2timent R+1. Les travaux de construction de cet espace ont d\u00e9but\u00e9 depuis 2020 et ont \u00e9t\u00e9 interrompus en raison de la pand\u00e9mie \u00e0 Covid-19. Depuis d\u00e9cembre 2022, les travaux ont red\u00e9marr\u00e9. Cet espace, faut-il le pr\u00e9ciser, que la Chefferie villageoise de Yopougon-Kout\u00e9 met \u00e0 la disposition des femmes n&rsquo;est pas \u00e0 louer. Ce joyau dont les travaux de construction s&rsquo;\u00e9l\u00e8vent \u00e0 pr\u00e8s de 45 millions de FCFA, va permettre aux femmes dudit village de produire l&rsquo;Atti\u00e9k\u00e9 dans de bonnes conditions.<\/div>\n<div>Pour rappel, la Soci\u00e9t\u00e9 coop\u00e9rative \u00ab\u00a0M&rsquo;Mon Djram\u00e8\u00a0\u00bb a \u00e9t\u00e9 cr\u00e9\u00e9e en 2011.<\/div>\n<div><\/div>\n<div><\/div>\n<div><\/div>\n<div><b>SUNDAY Alain<\/b><\/div>\n<div><b>\u00a0<\/b><\/div>\n<div><\/div>\n","protected":false},"excerpt":{"rendered":"<p>Les activit\u00e9s de la soci\u00e9t\u00e9 coop\u00e9rative \u00ab\u00a0M&rsquo;Mon Djram\u00e8\u00a0\u00bb des femmes productrices d&rsquo;Atti\u00e9k\u00e9 de Yopougon-Kout\u00e9 ont \u00e9t\u00e9 officiellement lanc\u00e9es, le samedi 15 avril 2023, \u00e0 l&rsquo;Espace Manioc dudit village, en pr\u00e9sence du Directeur G\u00e9n\u00e9ral de l&rsquo;Office d&rsquo;Aide \u00e0 la Commercialisation des Produits Vivriers (OCPV), Adou Bernard GNENYE. &lt;&lt;Nous allons tout mettre en \u0153uvre pour trouver des [&hellip;]<\/p>\n","protected":false},"author":2,"featured_media":4189,"comment_status":"closed","ping_status":"closed","sticky":true,"template":"","format":"standard","meta":{"_acf_changed":false,"footnotes":""},"categories":[],"tags":[],"class_list":["post-4185","post","type-post","status-publish","format-standard","has-post-thumbnail","hentry"],"acf":[],"yoast_head":"<!-- This site is optimized with the Yoast SEO plugin v27.5 - https:\/\/yoast.com\/product\/yoast-seo-wordpress\/ -->\n<title>Autonomisation de la femme et s\u00e9curit\u00e9 alimentaire : Lancement officiel des activit\u00e9s de la coop\u00e9rative &quot;M&#039;Mon Djram\u00e8&quot; des productrices d&#039;Atti\u00e9k\u00e9 de Yopougon-Kout\u00e9 - Amanien| L&#039;actualit\u00e9 Ivoirienne et Internationale<\/title>\n<meta name=\"robots\" content=\"index, follow, max-snippet:-1, max-image-preview:large, max-video-preview:-1\" \/>\n<link rel=\"canonical\" href=\"https:\/\/www.amanien.info\/news\/autonomisation-de-la-femme-et-securite-alimentaire-lancement-officiel-des-activites-de-la-cooperative-mmon-djrame-des-productrices-dattieke-de-yopougon-koute\/\" \/>\n<meta property=\"og:locale\" content=\"fr_FR\" \/>\n<meta property=\"og:type\" content=\"article\" \/>\n<meta property=\"og:title\" content=\"Autonomisation de la femme et s\u00e9curit\u00e9 alimentaire : Lancement officiel des activit\u00e9s de la coop\u00e9rative &quot;M&#039;Mon Djram\u00e8&quot; des productrices d&#039;Atti\u00e9k\u00e9 de Yopougon-Kout\u00e9 - Amanien| L&#039;actualit\u00e9 Ivoirienne et Internationale\" \/>\n<meta property=\"og:description\" content=\"Les activit\u00e9s de la soci\u00e9t\u00e9 coop\u00e9rative \u00ab\u00a0M&rsquo;Mon Djram\u00e8\u00a0\u00bb des femmes productrices d&rsquo;Atti\u00e9k\u00e9 de Yopougon-Kout\u00e9 ont \u00e9t\u00e9 officiellement lanc\u00e9es, le samedi 15 avril 2023, \u00e0 l&rsquo;Espace Manioc dudit village, en pr\u00e9sence du Directeur G\u00e9n\u00e9ral de l&rsquo;Office d&rsquo;Aide \u00e0 la Commercialisation des Produits Vivriers (OCPV), Adou Bernard GNENYE. &lt;&lt;Nous allons tout mettre en \u0153uvre pour trouver des [&hellip;]\" \/>\n<meta property=\"og:url\" content=\"https:\/\/www.amanien.info\/news\/autonomisation-de-la-femme-et-securite-alimentaire-lancement-officiel-des-activites-de-la-cooperative-mmon-djrame-des-productrices-dattieke-de-yopougon-koute\/\" \/>\n<meta property=\"og:site_name\" content=\"Amanien| L&#039;actualit\u00e9 Ivoirienne et Internationale\" \/>\n<meta property=\"article:published_time\" content=\"2023-04-17T17:29:15+00:00\" \/>\n<meta property=\"article:modified_time\" content=\"2023-04-17T17:30:59+00:00\" \/>\n<meta property=\"og:image\" content=\"https:\/\/www.amanien.info\/news\/wp-content\/uploads\/2023\/04\/IMG-20230417-WA0035.jpg\" \/>\n\t<meta property=\"og:image:width\" content=\"960\" \/>\n\t<meta property=\"og:image:height\" content=\"540\" \/>\n\t<meta property=\"og:image:type\" content=\"image\/jpeg\" \/>\n<meta name=\"author\" content=\"Germain Ndri\" \/>\n<meta name=\"twitter:card\" content=\"summary_large_image\" \/>\n<meta name=\"twitter:label1\" content=\"\u00c9crit par\" \/>\n\t<meta name=\"twitter:data1\" content=\"Germain Ndri\" \/>\n\t<meta name=\"twitter:label2\" content=\"Dur\u00e9e de lecture estim\u00e9e\" \/>\n\t<meta name=\"twitter:data2\" content=\"3 minutes\" \/>\n<script type=\"application\/ld+json\" class=\"yoast-schema-graph\">{\"@context\":\"https:\\\/\\\/schema.org\",\"@graph\":[{\"@type\":\"Article\",\"@id\":\"https:\\\/\\\/www.amanien.info\\\/news\\\/autonomisation-de-la-femme-et-securite-alimentaire-lancement-officiel-des-activites-de-la-cooperative-mmon-djrame-des-productrices-dattieke-de-yopougon-koute\\\/#article\",\"isPartOf\":{\"@id\":\"https:\\\/\\\/www.amanien.info\\\/news\\\/autonomisation-de-la-femme-et-securite-alimentaire-lancement-officiel-des-activites-de-la-cooperative-mmon-djrame-des-productrices-dattieke-de-yopougon-koute\\\/\"},\"author\":{\"name\":\"Germain Ndri\",\"@id\":\"https:\\\/\\\/www.amanien.info\\\/news\\\/#\\\/schema\\\/person\\\/b21093345753a1a98242d505bd894f42\"},\"headline\":\"Autonomisation de la femme et s\u00e9curit\u00e9 alimentaire : Lancement officiel des activit\u00e9s de la coop\u00e9rative \u00ab\u00a0M&rsquo;Mon Djram\u00e8\u00a0\u00bb des productrices d&rsquo;Atti\u00e9k\u00e9 de Yopougon-Kout\u00e9\",\"datePublished\":\"2023-04-17T17:29:15+00:00\",\"dateModified\":\"2023-04-17T17:30:59+00:00\",\"mainEntityOfPage\":{\"@id\":\"https:\\\/\\\/www.amanien.info\\\/news\\\/autonomisation-de-la-femme-et-securite-alimentaire-lancement-officiel-des-activites-de-la-cooperative-mmon-djrame-des-productrices-dattieke-de-yopougon-koute\\\/\"},\"wordCount\":691,\"image\":{\"@id\":\"https:\\\/\\\/www.amanien.info\\\/news\\\/autonomisation-de-la-femme-et-securite-alimentaire-lancement-officiel-des-activites-de-la-cooperative-mmon-djrame-des-productrices-dattieke-de-yopougon-koute\\\/#primaryimage\"},\"thumbnailUrl\":\"https:\\\/\\\/www.amanien.info\\\/news\\\/wp-content\\\/uploads\\\/2023\\\/04\\\/IMG-20230417-WA0035.jpg\",\"inLanguage\":\"fr-FR\"},{\"@type\":\"WebPage\",\"@id\":\"https:\\\/\\\/www.amanien.info\\\/news\\\/autonomisation-de-la-femme-et-securite-alimentaire-lancement-officiel-des-activites-de-la-cooperative-mmon-djrame-des-productrices-dattieke-de-yopougon-koute\\\/\",\"url\":\"https:\\\/\\\/www.amanien.info\\\/news\\\/autonomisation-de-la-femme-et-securite-alimentaire-lancement-officiel-des-activites-de-la-cooperative-mmon-djrame-des-productrices-dattieke-de-yopougon-koute\\\/\",\"name\":\"Autonomisation de la femme et s\u00e9curit\u00e9 alimentaire : Lancement officiel des activit\u00e9s de la coop\u00e9rative \\\"M'Mon Djram\u00e8\\\" des productrices d'Atti\u00e9k\u00e9 de Yopougon-Kout\u00e9 - Amanien| L&#039;actualit\u00e9 Ivoirienne et Internationale\",\"isPartOf\":{\"@id\":\"https:\\\/\\\/www.amanien.info\\\/news\\\/#website\"},\"primaryImageOfPage\":{\"@id\":\"https:\\\/\\\/www.amanien.info\\\/news\\\/autonomisation-de-la-femme-et-securite-alimentaire-lancement-officiel-des-activites-de-la-cooperative-mmon-djrame-des-productrices-dattieke-de-yopougon-koute\\\/#primaryimage\"},\"image\":{\"@id\":\"https:\\\/\\\/www.amanien.info\\\/news\\\/autonomisation-de-la-femme-et-securite-alimentaire-lancement-officiel-des-activites-de-la-cooperative-mmon-djrame-des-productrices-dattieke-de-yopougon-koute\\\/#primaryimage\"},\"thumbnailUrl\":\"https:\\\/\\\/www.amanien.info\\\/news\\\/wp-content\\\/uploads\\\/2023\\\/04\\\/IMG-20230417-WA0035.jpg\",\"datePublished\":\"2023-04-17T17:29:15+00:00\",\"dateModified\":\"2023-04-17T17:30:59+00:00\",\"author\":{\"@id\":\"https:\\\/\\\/www.amanien.info\\\/news\\\/#\\\/schema\\\/person\\\/b21093345753a1a98242d505bd894f42\"},\"breadcrumb\":{\"@id\":\"https:\\\/\\\/www.amanien.info\\\/news\\\/autonomisation-de-la-femme-et-securite-alimentaire-lancement-officiel-des-activites-de-la-cooperative-mmon-djrame-des-productrices-dattieke-de-yopougon-koute\\\/#breadcrumb\"},\"inLanguage\":\"fr-FR\",\"potentialAction\":[{\"@type\":\"ReadAction\",\"target\":[\"https:\\\/\\\/www.amanien.info\\\/news\\\/autonomisation-de-la-femme-et-securite-alimentaire-lancement-officiel-des-activites-de-la-cooperative-mmon-djrame-des-productrices-dattieke-de-yopougon-koute\\\/\"]}]},{\"@type\":\"ImageObject\",\"inLanguage\":\"fr-FR\",\"@id\":\"https:\\\/\\\/www.amanien.info\\\/news\\\/autonomisation-de-la-femme-et-securite-alimentaire-lancement-officiel-des-activites-de-la-cooperative-mmon-djrame-des-productrices-dattieke-de-yopougon-koute\\\/#primaryimage\",\"url\":\"https:\\\/\\\/www.amanien.info\\\/news\\\/wp-content\\\/uploads\\\/2023\\\/04\\\/IMG-20230417-WA0035.jpg\",\"contentUrl\":\"https:\\\/\\\/www.amanien.info\\\/news\\\/wp-content\\\/uploads\\\/2023\\\/04\\\/IMG-20230417-WA0035.jpg\",\"width\":960,\"height\":540},{\"@type\":\"BreadcrumbList\",\"@id\":\"https:\\\/\\\/www.amanien.info\\\/news\\\/autonomisation-de-la-femme-et-securite-alimentaire-lancement-officiel-des-activites-de-la-cooperative-mmon-djrame-des-productrices-dattieke-de-yopougon-koute\\\/#breadcrumb\",\"itemListElement\":[{\"@type\":\"ListItem\",\"position\":1,\"name\":\"Accueil\",\"item\":\"https:\\\/\\\/www.amanien.info\\\/news\\\/\"},{\"@type\":\"ListItem\",\"position\":2,\"name\":\"Autonomisation de la femme et s\u00e9curit\u00e9 alimentaire : Lancement officiel des activit\u00e9s de la coop\u00e9rative \u00ab\u00a0M&rsquo;Mon Djram\u00e8\u00a0\u00bb des productrices d&rsquo;Atti\u00e9k\u00e9 de Yopougon-Kout\u00e9\"}]},{\"@type\":\"WebSite\",\"@id\":\"https:\\\/\\\/www.amanien.info\\\/news\\\/#website\",\"url\":\"https:\\\/\\\/www.amanien.info\\\/news\\\/\",\"name\":\"Amanien| L&#039;actualit\u00e9 Ivoirienne et Internationale\",\"description\":\"L&#039;actualit\u00e9 Ivoirienne et Internationale\",\"potentialAction\":[{\"@type\":\"SearchAction\",\"target\":{\"@type\":\"EntryPoint\",\"urlTemplate\":\"https:\\\/\\\/www.amanien.info\\\/news\\\/?s={search_term_string}\"},\"query-input\":{\"@type\":\"PropertyValueSpecification\",\"valueRequired\":true,\"valueName\":\"search_term_string\"}}],\"inLanguage\":\"fr-FR\"},{\"@type\":\"Person\",\"@id\":\"https:\\\/\\\/www.amanien.info\\\/news\\\/#\\\/schema\\\/person\\\/b21093345753a1a98242d505bd894f42\",\"name\":\"Germain Ndri\",\"url\":\"https:\\\/\\\/www.amanien.info\\\/news\\\/author\\\/amanien-infos\\\/\"}]}<\/script>\n<!-- \/ Yoast SEO plugin. -->","yoast_head_json":{"title":"Autonomisation de la femme et s\u00e9curit\u00e9 alimentaire : Lancement officiel des activit\u00e9s de la coop\u00e9rative \"M'Mon Djram\u00e8\" des productrices d'Atti\u00e9k\u00e9 de Yopougon-Kout\u00e9 - Amanien| L&#039;actualit\u00e9 Ivoirienne et Internationale","robots":{"index":"index","follow":"follow","max-snippet":"max-snippet:-1","max-image-preview":"max-image-preview:large","max-video-preview":"max-video-preview:-1"},"canonical":"https:\/\/www.amanien.info\/news\/autonomisation-de-la-femme-et-securite-alimentaire-lancement-officiel-des-activites-de-la-cooperative-mmon-djrame-des-productrices-dattieke-de-yopougon-koute\/","og_locale":"fr_FR","og_type":"article","og_title":"Autonomisation de la femme et s\u00e9curit\u00e9 alimentaire : Lancement officiel des activit\u00e9s de la coop\u00e9rative \"M'Mon Djram\u00e8\" des productrices d'Atti\u00e9k\u00e9 de Yopougon-Kout\u00e9 - Amanien| L&#039;actualit\u00e9 Ivoirienne et Internationale","og_description":"Les activit\u00e9s de la soci\u00e9t\u00e9 coop\u00e9rative \u00ab\u00a0M&rsquo;Mon Djram\u00e8\u00a0\u00bb des femmes productrices d&rsquo;Atti\u00e9k\u00e9 de Yopougon-Kout\u00e9 ont \u00e9t\u00e9 officiellement lanc\u00e9es, le samedi 15 avril 2023, \u00e0 l&rsquo;Espace Manioc dudit village, en pr\u00e9sence du Directeur G\u00e9n\u00e9ral de l&rsquo;Office d&rsquo;Aide \u00e0 la Commercialisation des Produits Vivriers (OCPV), Adou Bernard GNENYE. &lt;&lt;Nous allons tout mettre en \u0153uvre pour trouver des [&hellip;]","og_url":"https:\/\/www.amanien.info\/news\/autonomisation-de-la-femme-et-securite-alimentaire-lancement-officiel-des-activites-de-la-cooperative-mmon-djrame-des-productrices-dattieke-de-yopougon-koute\/","og_site_name":"Amanien| L&#039;actualit\u00e9 Ivoirienne et Internationale","article_published_time":"2023-04-17T17:29:15+00:00","article_modified_time":"2023-04-17T17:30:59+00:00","og_image":[{"width":960,"height":540,"url":"https:\/\/www.amanien.info\/news\/wp-content\/uploads\/2023\/04\/IMG-20230417-WA0035.jpg","type":"image\/jpeg"}],"author":"Germain Ndri","twitter_card":"summary_large_image","twitter_misc":{"\u00c9crit par":"Germain Ndri","Dur\u00e9e de lecture estim\u00e9e":"3 minutes"},"schema":{"@context":"https:\/\/schema.org","@graph":[{"@type":"Article","@id":"https:\/\/www.amanien.info\/news\/autonomisation-de-la-femme-et-securite-alimentaire-lancement-officiel-des-activites-de-la-cooperative-mmon-djrame-des-productrices-dattieke-de-yopougon-koute\/#article","isPartOf":{"@id":"https:\/\/www.amanien.info\/news\/autonomisation-de-la-femme-et-securite-alimentaire-lancement-officiel-des-activites-de-la-cooperative-mmon-djrame-des-productrices-dattieke-de-yopougon-koute\/"},"author":{"name":"Germain Ndri","@id":"https:\/\/www.amanien.info\/news\/#\/schema\/person\/b21093345753a1a98242d505bd894f42"},"headline":"Autonomisation de la femme et s\u00e9curit\u00e9 alimentaire : Lancement officiel des activit\u00e9s de la coop\u00e9rative \u00ab\u00a0M&rsquo;Mon Djram\u00e8\u00a0\u00bb des productrices d&rsquo;Atti\u00e9k\u00e9 de Yopougon-Kout\u00e9","datePublished":"2023-04-17T17:29:15+00:00","dateModified":"2023-04-17T17:30:59+00:00","mainEntityOfPage":{"@id":"https:\/\/www.amanien.info\/news\/autonomisation-de-la-femme-et-securite-alimentaire-lancement-officiel-des-activites-de-la-cooperative-mmon-djrame-des-productrices-dattieke-de-yopougon-koute\/"},"wordCount":691,"image":{"@id":"https:\/\/www.amanien.info\/news\/autonomisation-de-la-femme-et-securite-alimentaire-lancement-officiel-des-activites-de-la-cooperative-mmon-djrame-des-productrices-dattieke-de-yopougon-koute\/#primaryimage"},"thumbnailUrl":"https:\/\/www.amanien.info\/news\/wp-content\/uploads\/2023\/04\/IMG-20230417-WA0035.jpg","inLanguage":"fr-FR"},{"@type":"WebPage","@id":"https:\/\/www.amanien.info\/news\/autonomisation-de-la-femme-et-securite-alimentaire-lancement-officiel-des-activites-de-la-cooperative-mmon-djrame-des-productrices-dattieke-de-yopougon-koute\/","url":"https:\/\/www.amanien.info\/news\/autonomisation-de-la-femme-et-securite-alimentaire-lancement-officiel-des-activites-de-la-cooperative-mmon-djrame-des-productrices-dattieke-de-yopougon-koute\/","name":"Autonomisation de la femme et s\u00e9curit\u00e9 alimentaire : Lancement officiel des activit\u00e9s de la coop\u00e9rative \"M'Mon Djram\u00e8\" des productrices d'Atti\u00e9k\u00e9 de Yopougon-Kout\u00e9 - Amanien| L&#039;actualit\u00e9 Ivoirienne et Internationale","isPartOf":{"@id":"https:\/\/www.amanien.info\/news\/#website"},"primaryImageOfPage":{"@id":"https:\/\/www.amanien.info\/news\/autonomisation-de-la-femme-et-securite-alimentaire-lancement-officiel-des-activites-de-la-cooperative-mmon-djrame-des-productrices-dattieke-de-yopougon-koute\/#primaryimage"},"image":{"@id":"https:\/\/www.amanien.info\/news\/autonomisation-de-la-femme-et-securite-alimentaire-lancement-officiel-des-activites-de-la-cooperative-mmon-djrame-des-productrices-dattieke-de-yopougon-koute\/#primaryimage"},"thumbnailUrl":"https:\/\/www.amanien.info\/news\/wp-content\/uploads\/2023\/04\/IMG-20230417-WA0035.jpg","datePublished":"2023-04-17T17:29:15+00:00","dateModified":"2023-04-17T17:30:59+00:00","author":{"@id":"https:\/\/www.amanien.info\/news\/#\/schema\/person\/b21093345753a1a98242d505bd894f42"},"breadcrumb":{"@id":"https:\/\/www.amanien.info\/news\/autonomisation-de-la-femme-et-securite-alimentaire-lancement-officiel-des-activites-de-la-cooperative-mmon-djrame-des-productrices-dattieke-de-yopougon-koute\/#breadcrumb"},"inLanguage":"fr-FR","potentialAction":[{"@type":"ReadAction","target":["https:\/\/www.amanien.info\/news\/autonomisation-de-la-femme-et-securite-alimentaire-lancement-officiel-des-activites-de-la-cooperative-mmon-djrame-des-productrices-dattieke-de-yopougon-koute\/"]}]},{"@type":"ImageObject","inLanguage":"fr-FR","@id":"https:\/\/www.amanien.info\/news\/autonomisation-de-la-femme-et-securite-alimentaire-lancement-officiel-des-activites-de-la-cooperative-mmon-djrame-des-productrices-dattieke-de-yopougon-koute\/#primaryimage","url":"https:\/\/www.amanien.info\/news\/wp-content\/uploads\/2023\/04\/IMG-20230417-WA0035.jpg","contentUrl":"https:\/\/www.amanien.info\/news\/wp-content\/uploads\/2023\/04\/IMG-20230417-WA0035.jpg","width":960,"height":540},{"@type":"BreadcrumbList","@id":"https:\/\/www.amanien.info\/news\/autonomisation-de-la-femme-et-securite-alimentaire-lancement-officiel-des-activites-de-la-cooperative-mmon-djrame-des-productrices-dattieke-de-yopougon-koute\/#breadcrumb","itemListElement":[{"@type":"ListItem","position":1,"name":"Accueil","item":"https:\/\/www.amanien.info\/news\/"},{"@type":"ListItem","position":2,"name":"Autonomisation de la femme et s\u00e9curit\u00e9 alimentaire : Lancement officiel des activit\u00e9s de la coop\u00e9rative \u00ab\u00a0M&rsquo;Mon Djram\u00e8\u00a0\u00bb des productrices d&rsquo;Atti\u00e9k\u00e9 de Yopougon-Kout\u00e9"}]},{"@type":"WebSite","@id":"https:\/\/www.amanien.info\/news\/#website","url":"https:\/\/www.amanien.info\/news\/","name":"Amanien| L&#039;actualit\u00e9 Ivoirienne et Internationale","description":"L&#039;actualit\u00e9 Ivoirienne et Internationale","potentialAction":[{"@type":"SearchAction","target":{"@type":"EntryPoint","urlTemplate":"https:\/\/www.amanien.info\/news\/?s={search_term_string}"},"query-input":{"@type":"PropertyValueSpecification","valueRequired":true,"valueName":"search_term_string"}}],"inLanguage":"fr-FR"},{"@type":"Person","@id":"https:\/\/www.amanien.info\/news\/#\/schema\/person\/b21093345753a1a98242d505bd894f42","name":"Germain Ndri","url":"https:\/\/www.amanien.info\/news\/author\/amanien-infos\/"}]}},"_links":{"self":[{"href":"https:\/\/www.amanien.info\/news\/wp-json\/wp\/v2\/posts\/4185","targetHints":{"allow":["GET"]}}],"collection":[{"href":"https:\/\/www.amanien.info\/news\/wp-json\/wp\/v2\/posts"}],"about":[{"href":"https:\/\/www.amanien.info\/news\/wp-json\/wp\/v2\/types\/post"}],"author":[{"embeddable":true,"href":"https:\/\/www.amanien.info\/news\/wp-json\/wp\/v2\/users\/2"}],"replies":[{"embeddable":true,"href":"https:\/\/www.amanien.info\/news\/wp-json\/wp\/v2\/comments?post=4185"}],"version-history":[{"count":1,"href":"https:\/\/www.amanien.info\/news\/wp-json\/wp\/v2\/posts\/4185\/revisions"}],"predecessor-version":[{"id":4190,"href":"https:\/\/www.amanien.info\/news\/wp-json\/wp\/v2\/posts\/4185\/revisions\/4190"}],"wp:featuredmedia":[{"embeddable":true,"href":"https:\/\/www.amanien.info\/news\/wp-json\/wp\/v2\/media\/4189"}],"wp:attachment":[{"href":"https:\/\/www.amanien.info\/news\/wp-json\/wp\/v2\/media?parent=4185"}],"wp:term":[{"taxonomy":"category","embeddable":true,"href":"https:\/\/www.amanien.info\/news\/wp-json\/wp\/v2\/categories?post=4185"},{"taxonomy":"post_tag","embeddable":true,"href":"https:\/\/www.amanien.info\/news\/wp-json\/wp\/v2\/tags?post=4185"}],"curies":[{"name":"wp","href":"https:\/\/api.w.org\/{rel}","templated":true}]}}