{"id":4167,"date":"2023-04-09T14:04:48","date_gmt":"2023-04-09T14:04:48","guid":{"rendered":"https:\/\/www.https:\/\/zozo.buyee.jp\/\/news\/?p=4167"},"modified":"2023-04-09T14:05:34","modified_gmt":"2023-04-09T14:05:34","slug":"litterature-l-ecrivaine-norberte-zeze-sort-son-premier-livre-mere-seule-femme-epanouie-comment-jai-eleve-les-enfants","status":"publish","type":"post","link":"https:\/\/www.amanien.info\/news\/litterature-l-ecrivaine-norberte-zeze-sort-son-premier-livre-mere-seule-femme-epanouie-comment-jai-eleve-les-enfants\/","title":{"rendered":"Litt\u00e9rature : L&rsquo; \u00c9crivaine Norberte ZEZE sort son premier livre, \u00ab\u00a0M\u00e8re seule, femme \u00e9panouie&#8230; Comment j&rsquo;ai \u00e9lev\u00e9 les enfants\u00a0\u00bb"},"content":{"rendered":"<p>L&rsquo; Ancienne Journaliste au Quotidien Notre Voie, actuellement Chef de Division Communication \u00e0 l&rsquo;ANADER, Nick Zedenn, \u00e0 l&rsquo;\u00e9tat civil Norberte ZEZE a proc\u00e9d\u00e9, jeudi 06 avril 2023, \u00e0 la Maison de la Presse d&rsquo;Abidjan-Plateau, \u00e0 la d\u00e9dicace de son tout premier livre intitul\u00e9 <b>\u00a0\u00ab\u00a0M\u00e8re seule, femme \u00e9panouie&#8230; Comment j&rsquo;ai \u00e9lev\u00e9 mes enfants\u00a0\u00bb.\u00a0<\/b><\/p>\n<div><b>\u00a0<\/b><\/div>\n<div><i>\u00ab\u00a0Ce livre, je l&rsquo;ai \u00e9crit pour apporter un t\u00e9moignage, le mien. Celui d&rsquo;une femme, d&rsquo;une m\u00e8re pour sensibiliser et traduire toute ma reconnaissance et ma gratitude d&rsquo;une m\u00e8re, \u00e0 tous les p\u00e8res aussi et pour rendre hommage \u00e0 ma m\u00e8re Feu I. Marie\u00a0\u00bb,\u00a0<\/i>a d\u00e9clar\u00e9 l&rsquo;Auteure Norberte ZEZE.<\/div>\n<div><\/div>\n<div>Selon l&rsquo;Ecrivaine Norberte ZEZE, cette \u0153uvre adresse au moins trois (3) axes que sont :\u00a0<b>\u00ab\u00a0La m\u00e8re seule\u00a0\u00bb, \u00ab\u00a0la m\u00e8re \u00e9panouie\u00a0\u00bb et \u00ab\u00a0les enfants qui sont \u00e0 \u00e9lever et qui sont devenus des adultes int\u00e9gr\u00e9s et accomplis\u00a0\u00bb.\u00a0<\/b><\/div>\n<div><b>\u00a0<\/b><\/div>\n<div>Mieux, l&rsquo;Auteure \u00e9voque, dans cette \u0153uvre autobiographique, la situation d&rsquo;une m\u00e8re seule et \u00e9panouie.<\/div>\n<div><\/div>\n<div><\/div>\n<div>Norberte ZEZE exhortent \u00e9galement les femmes \u00e0 \u00ab\u00a0construire leur bonheur m\u00eame si elles ne sont pas \u00e9pouse de quelqu&rsquo;un\u00a0\u00bb.\u00a0<b>&lt;&lt;Une femme seule peut s&rsquo;accomplir, se r\u00e9aliser. Une m\u00e8re seule peut \u00e9lever ses enfants et bien les \u00e9lever. Comme un p\u00e8re seul peut aussi \u00e9lever ses enfants&gt;&gt;<\/b>\u00a0a fait savoir l&rsquo;Ancienne Journaliste du Quotidien Notre Voie.<\/div>\n<div><\/div>\n<div>De m\u00eame, l&rsquo;Auteure aborde dans ce livre, qui est un guide pratique d&rsquo;\u00e9ducation \u00e0 la vie familiale surtout en mati\u00e8re de relation entre parent et enfant, les questions de mariage du p\u00e8re ou\u00a0 de la m\u00e8re seul(e) qui \u00e9l\u00e8ve ses enfants.\u00a0<b>\u00ab\u00a0C&rsquo;est une r\u00e9flexion sur la soci\u00e9t\u00e9 dans laquelle nous vivons aujourd&rsquo;hui. Ce qui est fondamental, c&rsquo;est comment on est capable de concevoir son bonheur, comment on assume ses responsabilit\u00e9s en \u00e9tant m\u00e8re seule ou p\u00e8re seul\u00a0\u00bb<\/b>, a-t-elle expliqu\u00e9.<\/div>\n<div><\/div>\n<div><\/div>\n<div>Soulignant qu&rsquo;il n&rsquo;y a pas d&rsquo;\u00e9cole pour \u00eatre parent. A l&rsquo;en croire, du jour au lendemain, on devient parent.<\/div>\n<div><\/div>\n<div>Elle a, par ailleurs, estim\u00e9 que notre bien le plus pr\u00e9cieux reste l&rsquo;\u00e9ducation, celle de nos enfants.<\/div>\n<div><\/div>\n<div>\u00a0Pr\u00e9fac\u00e9 par la Journaliste-\u00e9crivaine Agn\u00e8s Kraidy, ce livre comporte 178 pages, scind\u00e9 en 11 chapitres et \u00e9dit\u00e9 par \u00c9ditions Tabala. Il est sorti en Ao\u00fbt 2022. La postface a \u00e9t\u00e9 \u00e9crite par le Journaliste-blogueur Fernand Dedeh. Il co\u00fbte 5 000 FCFA l&rsquo;unit\u00e9.<\/div>\n<div><\/div>\n<div><\/div>\n<div>Pr\u00e9sente \u00e0 cette c\u00e9r\u00e9monie de d\u00e9dicace, la Marraine et Ministre de l&rsquo;\u00e9ducation nationale et de l&rsquo;alphab\u00e9tisation, Pr Mariatou Kon\u00e9 a indiqu\u00e9 que cet ouvrage est un hymne \u00e0 l&rsquo;amour entre une m\u00e8re et ses enfants ainsi qu&rsquo;\u00e0 la famille comme cadre d&rsquo;\u00e9ducation et de transmission des valeurs fondamentales de la soci\u00e9t\u00e9.\u00a0<b>\u00ab\u00a0Amener l&rsquo;enfant \u00e0 franchir les diff\u00e9rentes \u00e9tapes de son d\u00e9veloppement physique, psychologique et intellectuel de la naissance \u00e0 l&rsquo;\u00e2ge adulte en passant par la petite enfance et l&rsquo;adolescence n&rsquo;est pas une t\u00e2che ais\u00e9e. C&rsquo;est donc une \u00e9preuve quotidienne que Norberte a r\u00e9ussi \u00e0 surmonter avec toute l&rsquo;affection d&rsquo;une m\u00e8re mais \u00e9galement avec l&rsquo;autorit\u00e9 n\u00e9cessaire pour l&rsquo;\u00e9quilibre de ses enfants\u00a0\u00bb\u00a0<\/b>a-t-elle<i>\u00a0<\/i>indiqu\u00e9.<\/div>\n<div>.<\/div>\n<div>Agr\u00e9able \u00e0 lire, cet ouvrage est, selon la Ministre de l&rsquo;\u00e9ducation nationale et de l&rsquo;alphab\u00e9tisation, un partage d&rsquo;exp\u00e9riences sans aucune pr\u00e9tention de la part de l&rsquo;Auteure qu&rsquo;elle appelle affectueusement \u00ab\u00a0Ma voisine\u00a0\u00bb, Nick Zedenn.<\/div>\n<div><\/div>\n<div><\/div>\n<div>Elle a fait remarquer que les familles monoparentales prennent de plus en plus d&rsquo;importance dans nos soci\u00e9t\u00e9s modernes, particuli\u00e8rement en milieu urbain. C&rsquo;est pourquoi, s\u00e9par\u00e9s ou pas, les parents doivent faire preuve de solidarit\u00e9 et de complicit\u00e9 dans l&rsquo;\u00e9ducation de leurs enfants, a-t-elle exhort\u00e9. Il faut, selon elle, savoir \u00ab\u00a0faire le deuil\u00a0\u00bb de la s\u00e9paration pour l&rsquo;int\u00e9r\u00eat de l&rsquo;\u00e9quilibre des enfants.<\/div>\n<div><\/div>\n<div>En tant que Ministre de l&rsquo;\u00e9ducation nationale et de l&rsquo;alphab\u00e9tisation, Mariatou Kon\u00e9 a aussi souhait\u00e9 l&rsquo;implication active des parents dans l&rsquo;\u00e9ducation de leurs enfants.\u00a0<b>\u00ab\u00a0Seul ou en couple, l&rsquo;\u00e9ducation des enfants est importante\u00a0\u00bb<\/b>\u00a0a-t-elle soulign\u00e9.<\/div>\n<div><\/div>\n<div>Avant de f\u00e9liciter l&rsquo;Auteure et lui souhaiter bon vent dans sa nouvelle aventure d&rsquo;\u00e9crivaine.<\/div>\n<div><\/div>\n<div><\/div>\n<div><\/div>\n<div>Titulaire d&rsquo;une Ma\u00eetrise en Psychologie \u00e0 l&rsquo;Universit\u00e9 d&rsquo;Abidjan et d&rsquo;un Dipl\u00f4me sup\u00e9rieur des Sciences et Techniques de l&rsquo;Information et de la Communication de l&rsquo;ISSTIC de Yaound\u00e9, au Cameroun, Norberte ZEZE est m\u00e8re de deux enfants. Elle est actuellement Chef de Division Communication \u00e0 l&rsquo;ANADER et membre active du R\u00e9seau des Femmes Journalistes.<\/div>\n<div><\/div>\n<div><\/div>\n<div><b>Sunday ALAIN<\/b><\/div>\n","protected":false},"excerpt":{"rendered":"<p>L&rsquo; Ancienne Journaliste au Quotidien Notre Voie, actuellement Chef de Division Communication \u00e0 l&rsquo;ANADER, Nick Zedenn, \u00e0 l&rsquo;\u00e9tat civil Norberte ZEZE a proc\u00e9d\u00e9, jeudi 06 avril 2023, \u00e0 la Maison de la Presse d&rsquo;Abidjan-Plateau, \u00e0 la d\u00e9dicace de son tout premier livre intitul\u00e9 \u00a0\u00ab\u00a0M\u00e8re seule, femme \u00e9panouie&#8230; Comment j&rsquo;ai \u00e9lev\u00e9 mes enfants\u00a0\u00bb.\u00a0 \u00a0 \u00ab\u00a0Ce livre, [&hellip;]<\/p>\n","protected":false},"author":2,"featured_media":4170,"comment_status":"closed","ping_status":"closed","sticky":true,"template":"","format":"standard","meta":{"_acf_changed":false,"footnotes":""},"categories":[],"tags":[],"class_list":["post-4167","post","type-post","status-publish","format-standard","has-post-thumbnail","hentry"],"acf":[],"yoast_head":"<!-- This site is optimized with the Yoast SEO plugin v27.5 - https:\/\/yoast.com\/product\/yoast-seo-wordpress\/ -->\n<title>Litt\u00e9rature : L&#039; \u00c9crivaine Norberte ZEZE sort son premier livre, &quot;M\u00e8re seule, femme \u00e9panouie... Comment j&#039;ai \u00e9lev\u00e9 les enfants&quot; - Amanien| L&#039;actualit\u00e9 Ivoirienne et Internationale<\/title>\n<meta name=\"robots\" content=\"index, follow, max-snippet:-1, max-image-preview:large, max-video-preview:-1\" \/>\n<link rel=\"canonical\" href=\"https:\/\/www.amanien.info\/news\/litterature-l-ecrivaine-norberte-zeze-sort-son-premier-livre-mere-seule-femme-epanouie-comment-jai-eleve-les-enfants\/\" \/>\n<meta property=\"og:locale\" content=\"fr_FR\" \/>\n<meta property=\"og:type\" content=\"article\" \/>\n<meta property=\"og:title\" content=\"Litt\u00e9rature : L&#039; \u00c9crivaine Norberte ZEZE sort son premier livre, &quot;M\u00e8re seule, femme \u00e9panouie... Comment j&#039;ai \u00e9lev\u00e9 les enfants&quot; - Amanien| L&#039;actualit\u00e9 Ivoirienne et Internationale\" \/>\n<meta property=\"og:description\" content=\"L&rsquo; Ancienne Journaliste au Quotidien Notre Voie, actuellement Chef de Division Communication \u00e0 l&rsquo;ANADER, Nick Zedenn, \u00e0 l&rsquo;\u00e9tat civil Norberte ZEZE a proc\u00e9d\u00e9, jeudi 06 avril 2023, \u00e0 la Maison de la Presse d&rsquo;Abidjan-Plateau, \u00e0 la d\u00e9dicace de son tout premier livre intitul\u00e9 \u00a0\u00ab\u00a0M\u00e8re seule, femme \u00e9panouie&#8230; Comment j&rsquo;ai \u00e9lev\u00e9 mes enfants\u00a0\u00bb.\u00a0 \u00a0 \u00ab\u00a0Ce livre, [&hellip;]\" \/>\n<meta property=\"og:url\" content=\"https:\/\/www.amanien.info\/news\/litterature-l-ecrivaine-norberte-zeze-sort-son-premier-livre-mere-seule-femme-epanouie-comment-jai-eleve-les-enfants\/\" \/>\n<meta property=\"og:site_name\" content=\"Amanien| L&#039;actualit\u00e9 Ivoirienne et Internationale\" \/>\n<meta property=\"article:published_time\" content=\"2023-04-09T14:04:48+00:00\" \/>\n<meta property=\"article:modified_time\" content=\"2023-04-09T14:05:34+00:00\" \/>\n<meta property=\"og:image\" content=\"https:\/\/www.amanien.info\/news\/wp-content\/uploads\/2023\/04\/IMG-20230406-WA0015-1.jpg\" \/>\n\t<meta property=\"og:image:width\" content=\"1152\" \/>\n\t<meta property=\"og:image:height\" content=\"864\" \/>\n\t<meta property=\"og:image:type\" content=\"image\/jpeg\" \/>\n<meta name=\"author\" content=\"Germain Ndri\" \/>\n<meta name=\"twitter:card\" content=\"summary_large_image\" \/>\n<meta name=\"twitter:label1\" content=\"\u00c9crit par\" \/>\n\t<meta name=\"twitter:data1\" content=\"Germain Ndri\" \/>\n\t<meta name=\"twitter:label2\" content=\"Dur\u00e9e de lecture estim\u00e9e\" \/>\n\t<meta name=\"twitter:data2\" content=\"4 minutes\" \/>\n<script type=\"application\/ld+json\" class=\"yoast-schema-graph\">{\"@context\":\"https:\\\/\\\/schema.org\",\"@graph\":[{\"@type\":\"Article\",\"@id\":\"https:\\\/\\\/www.amanien.info\\\/news\\\/litterature-l-ecrivaine-norberte-zeze-sort-son-premier-livre-mere-seule-femme-epanouie-comment-jai-eleve-les-enfants\\\/#article\",\"isPartOf\":{\"@id\":\"https:\\\/\\\/www.amanien.info\\\/news\\\/litterature-l-ecrivaine-norberte-zeze-sort-son-premier-livre-mere-seule-femme-epanouie-comment-jai-eleve-les-enfants\\\/\"},\"author\":{\"name\":\"Germain Ndri\",\"@id\":\"https:\\\/\\\/www.amanien.info\\\/news\\\/#\\\/schema\\\/person\\\/b21093345753a1a98242d505bd894f42\"},\"headline\":\"Litt\u00e9rature : L&rsquo; \u00c9crivaine Norberte ZEZE sort son premier livre, \u00ab\u00a0M\u00e8re seule, femme \u00e9panouie&#8230; Comment j&rsquo;ai \u00e9lev\u00e9 les enfants\u00a0\u00bb\",\"datePublished\":\"2023-04-09T14:04:48+00:00\",\"dateModified\":\"2023-04-09T14:05:34+00:00\",\"mainEntityOfPage\":{\"@id\":\"https:\\\/\\\/www.amanien.info\\\/news\\\/litterature-l-ecrivaine-norberte-zeze-sort-son-premier-livre-mere-seule-femme-epanouie-comment-jai-eleve-les-enfants\\\/\"},\"wordCount\":802,\"image\":{\"@id\":\"https:\\\/\\\/www.amanien.info\\\/news\\\/litterature-l-ecrivaine-norberte-zeze-sort-son-premier-livre-mere-seule-femme-epanouie-comment-jai-eleve-les-enfants\\\/#primaryimage\"},\"thumbnailUrl\":\"https:\\\/\\\/www.amanien.info\\\/news\\\/wp-content\\\/uploads\\\/2023\\\/04\\\/IMG-20230406-WA0015-1.jpg\",\"inLanguage\":\"fr-FR\"},{\"@type\":\"WebPage\",\"@id\":\"https:\\\/\\\/www.amanien.info\\\/news\\\/litterature-l-ecrivaine-norberte-zeze-sort-son-premier-livre-mere-seule-femme-epanouie-comment-jai-eleve-les-enfants\\\/\",\"url\":\"https:\\\/\\\/www.amanien.info\\\/news\\\/litterature-l-ecrivaine-norberte-zeze-sort-son-premier-livre-mere-seule-femme-epanouie-comment-jai-eleve-les-enfants\\\/\",\"name\":\"Litt\u00e9rature : L' \u00c9crivaine Norberte ZEZE sort son premier livre, \\\"M\u00e8re seule, femme \u00e9panouie... Comment j'ai \u00e9lev\u00e9 les enfants\\\" - Amanien| L&#039;actualit\u00e9 Ivoirienne et Internationale\",\"isPartOf\":{\"@id\":\"https:\\\/\\\/www.amanien.info\\\/news\\\/#website\"},\"primaryImageOfPage\":{\"@id\":\"https:\\\/\\\/www.amanien.info\\\/news\\\/litterature-l-ecrivaine-norberte-zeze-sort-son-premier-livre-mere-seule-femme-epanouie-comment-jai-eleve-les-enfants\\\/#primaryimage\"},\"image\":{\"@id\":\"https:\\\/\\\/www.amanien.info\\\/news\\\/litterature-l-ecrivaine-norberte-zeze-sort-son-premier-livre-mere-seule-femme-epanouie-comment-jai-eleve-les-enfants\\\/#primaryimage\"},\"thumbnailUrl\":\"https:\\\/\\\/www.amanien.info\\\/news\\\/wp-content\\\/uploads\\\/2023\\\/04\\\/IMG-20230406-WA0015-1.jpg\",\"datePublished\":\"2023-04-09T14:04:48+00:00\",\"dateModified\":\"2023-04-09T14:05:34+00:00\",\"author\":{\"@id\":\"https:\\\/\\\/www.amanien.info\\\/news\\\/#\\\/schema\\\/person\\\/b21093345753a1a98242d505bd894f42\"},\"breadcrumb\":{\"@id\":\"https:\\\/\\\/www.amanien.info\\\/news\\\/litterature-l-ecrivaine-norberte-zeze-sort-son-premier-livre-mere-seule-femme-epanouie-comment-jai-eleve-les-enfants\\\/#breadcrumb\"},\"inLanguage\":\"fr-FR\",\"potentialAction\":[{\"@type\":\"ReadAction\",\"target\":[\"https:\\\/\\\/www.amanien.info\\\/news\\\/litterature-l-ecrivaine-norberte-zeze-sort-son-premier-livre-mere-seule-femme-epanouie-comment-jai-eleve-les-enfants\\\/\"]}]},{\"@type\":\"ImageObject\",\"inLanguage\":\"fr-FR\",\"@id\":\"https:\\\/\\\/www.amanien.info\\\/news\\\/litterature-l-ecrivaine-norberte-zeze-sort-son-premier-livre-mere-seule-femme-epanouie-comment-jai-eleve-les-enfants\\\/#primaryimage\",\"url\":\"https:\\\/\\\/www.amanien.info\\\/news\\\/wp-content\\\/uploads\\\/2023\\\/04\\\/IMG-20230406-WA0015-1.jpg\",\"contentUrl\":\"https:\\\/\\\/www.amanien.info\\\/news\\\/wp-content\\\/uploads\\\/2023\\\/04\\\/IMG-20230406-WA0015-1.jpg\",\"width\":1152,\"height\":864},{\"@type\":\"BreadcrumbList\",\"@id\":\"https:\\\/\\\/www.amanien.info\\\/news\\\/litterature-l-ecrivaine-norberte-zeze-sort-son-premier-livre-mere-seule-femme-epanouie-comment-jai-eleve-les-enfants\\\/#breadcrumb\",\"itemListElement\":[{\"@type\":\"ListItem\",\"position\":1,\"name\":\"Accueil\",\"item\":\"https:\\\/\\\/www.amanien.info\\\/news\\\/\"},{\"@type\":\"ListItem\",\"position\":2,\"name\":\"Litt\u00e9rature : L&rsquo; \u00c9crivaine Norberte ZEZE sort son premier livre, \u00ab\u00a0M\u00e8re seule, femme \u00e9panouie&#8230; Comment j&rsquo;ai \u00e9lev\u00e9 les enfants\u00a0\u00bb\"}]},{\"@type\":\"WebSite\",\"@id\":\"https:\\\/\\\/www.amanien.info\\\/news\\\/#website\",\"url\":\"https:\\\/\\\/www.amanien.info\\\/news\\\/\",\"name\":\"Amanien| L&#039;actualit\u00e9 Ivoirienne et Internationale\",\"description\":\"L&#039;actualit\u00e9 Ivoirienne et Internationale\",\"potentialAction\":[{\"@type\":\"SearchAction\",\"target\":{\"@type\":\"EntryPoint\",\"urlTemplate\":\"https:\\\/\\\/www.amanien.info\\\/news\\\/?s={search_term_string}\"},\"query-input\":{\"@type\":\"PropertyValueSpecification\",\"valueRequired\":true,\"valueName\":\"search_term_string\"}}],\"inLanguage\":\"fr-FR\"},{\"@type\":\"Person\",\"@id\":\"https:\\\/\\\/www.amanien.info\\\/news\\\/#\\\/schema\\\/person\\\/b21093345753a1a98242d505bd894f42\",\"name\":\"Germain Ndri\",\"url\":\"https:\\\/\\\/www.amanien.info\\\/news\\\/author\\\/amanien-infos\\\/\"}]}<\/script>\n<!-- \/ Yoast SEO plugin. -->","yoast_head_json":{"title":"Litt\u00e9rature : L' \u00c9crivaine Norberte ZEZE sort son premier livre, \"M\u00e8re seule, femme \u00e9panouie... Comment j'ai \u00e9lev\u00e9 les enfants\" - Amanien| L&#039;actualit\u00e9 Ivoirienne et Internationale","robots":{"index":"index","follow":"follow","max-snippet":"max-snippet:-1","max-image-preview":"max-image-preview:large","max-video-preview":"max-video-preview:-1"},"canonical":"https:\/\/www.amanien.info\/news\/litterature-l-ecrivaine-norberte-zeze-sort-son-premier-livre-mere-seule-femme-epanouie-comment-jai-eleve-les-enfants\/","og_locale":"fr_FR","og_type":"article","og_title":"Litt\u00e9rature : L' \u00c9crivaine Norberte ZEZE sort son premier livre, \"M\u00e8re seule, femme \u00e9panouie... Comment j'ai \u00e9lev\u00e9 les enfants\" - Amanien| L&#039;actualit\u00e9 Ivoirienne et Internationale","og_description":"L&rsquo; Ancienne Journaliste au Quotidien Notre Voie, actuellement Chef de Division Communication \u00e0 l&rsquo;ANADER, Nick Zedenn, \u00e0 l&rsquo;\u00e9tat civil Norberte ZEZE a proc\u00e9d\u00e9, jeudi 06 avril 2023, \u00e0 la Maison de la Presse d&rsquo;Abidjan-Plateau, \u00e0 la d\u00e9dicace de son tout premier livre intitul\u00e9 \u00a0\u00ab\u00a0M\u00e8re seule, femme \u00e9panouie&#8230; Comment j&rsquo;ai \u00e9lev\u00e9 mes enfants\u00a0\u00bb.\u00a0 \u00a0 \u00ab\u00a0Ce livre, [&hellip;]","og_url":"https:\/\/www.amanien.info\/news\/litterature-l-ecrivaine-norberte-zeze-sort-son-premier-livre-mere-seule-femme-epanouie-comment-jai-eleve-les-enfants\/","og_site_name":"Amanien| L&#039;actualit\u00e9 Ivoirienne et Internationale","article_published_time":"2023-04-09T14:04:48+00:00","article_modified_time":"2023-04-09T14:05:34+00:00","og_image":[{"width":1152,"height":864,"url":"https:\/\/www.amanien.info\/news\/wp-content\/uploads\/2023\/04\/IMG-20230406-WA0015-1.jpg","type":"image\/jpeg"}],"author":"Germain Ndri","twitter_card":"summary_large_image","twitter_misc":{"\u00c9crit par":"Germain Ndri","Dur\u00e9e de lecture estim\u00e9e":"4 minutes"},"schema":{"@context":"https:\/\/schema.org","@graph":[{"@type":"Article","@id":"https:\/\/www.amanien.info\/news\/litterature-l-ecrivaine-norberte-zeze-sort-son-premier-livre-mere-seule-femme-epanouie-comment-jai-eleve-les-enfants\/#article","isPartOf":{"@id":"https:\/\/www.amanien.info\/news\/litterature-l-ecrivaine-norberte-zeze-sort-son-premier-livre-mere-seule-femme-epanouie-comment-jai-eleve-les-enfants\/"},"author":{"name":"Germain Ndri","@id":"https:\/\/www.amanien.info\/news\/#\/schema\/person\/b21093345753a1a98242d505bd894f42"},"headline":"Litt\u00e9rature : L&rsquo; \u00c9crivaine Norberte ZEZE sort son premier livre, \u00ab\u00a0M\u00e8re seule, femme \u00e9panouie&#8230; Comment j&rsquo;ai \u00e9lev\u00e9 les enfants\u00a0\u00bb","datePublished":"2023-04-09T14:04:48+00:00","dateModified":"2023-04-09T14:05:34+00:00","mainEntityOfPage":{"@id":"https:\/\/www.amanien.info\/news\/litterature-l-ecrivaine-norberte-zeze-sort-son-premier-livre-mere-seule-femme-epanouie-comment-jai-eleve-les-enfants\/"},"wordCount":802,"image":{"@id":"https:\/\/www.amanien.info\/news\/litterature-l-ecrivaine-norberte-zeze-sort-son-premier-livre-mere-seule-femme-epanouie-comment-jai-eleve-les-enfants\/#primaryimage"},"thumbnailUrl":"https:\/\/www.amanien.info\/news\/wp-content\/uploads\/2023\/04\/IMG-20230406-WA0015-1.jpg","inLanguage":"fr-FR"},{"@type":"WebPage","@id":"https:\/\/www.amanien.info\/news\/litterature-l-ecrivaine-norberte-zeze-sort-son-premier-livre-mere-seule-femme-epanouie-comment-jai-eleve-les-enfants\/","url":"https:\/\/www.amanien.info\/news\/litterature-l-ecrivaine-norberte-zeze-sort-son-premier-livre-mere-seule-femme-epanouie-comment-jai-eleve-les-enfants\/","name":"Litt\u00e9rature : L' \u00c9crivaine Norberte ZEZE sort son premier livre, \"M\u00e8re seule, femme \u00e9panouie... Comment j'ai \u00e9lev\u00e9 les enfants\" - Amanien| L&#039;actualit\u00e9 Ivoirienne et Internationale","isPartOf":{"@id":"https:\/\/www.amanien.info\/news\/#website"},"primaryImageOfPage":{"@id":"https:\/\/www.amanien.info\/news\/litterature-l-ecrivaine-norberte-zeze-sort-son-premier-livre-mere-seule-femme-epanouie-comment-jai-eleve-les-enfants\/#primaryimage"},"image":{"@id":"https:\/\/www.amanien.info\/news\/litterature-l-ecrivaine-norberte-zeze-sort-son-premier-livre-mere-seule-femme-epanouie-comment-jai-eleve-les-enfants\/#primaryimage"},"thumbnailUrl":"https:\/\/www.amanien.info\/news\/wp-content\/uploads\/2023\/04\/IMG-20230406-WA0015-1.jpg","datePublished":"2023-04-09T14:04:48+00:00","dateModified":"2023-04-09T14:05:34+00:00","author":{"@id":"https:\/\/www.amanien.info\/news\/#\/schema\/person\/b21093345753a1a98242d505bd894f42"},"breadcrumb":{"@id":"https:\/\/www.amanien.info\/news\/litterature-l-ecrivaine-norberte-zeze-sort-son-premier-livre-mere-seule-femme-epanouie-comment-jai-eleve-les-enfants\/#breadcrumb"},"inLanguage":"fr-FR","potentialAction":[{"@type":"ReadAction","target":["https:\/\/www.amanien.info\/news\/litterature-l-ecrivaine-norberte-zeze-sort-son-premier-livre-mere-seule-femme-epanouie-comment-jai-eleve-les-enfants\/"]}]},{"@type":"ImageObject","inLanguage":"fr-FR","@id":"https:\/\/www.amanien.info\/news\/litterature-l-ecrivaine-norberte-zeze-sort-son-premier-livre-mere-seule-femme-epanouie-comment-jai-eleve-les-enfants\/#primaryimage","url":"https:\/\/www.amanien.info\/news\/wp-content\/uploads\/2023\/04\/IMG-20230406-WA0015-1.jpg","contentUrl":"https:\/\/www.amanien.info\/news\/wp-content\/uploads\/2023\/04\/IMG-20230406-WA0015-1.jpg","width":1152,"height":864},{"@type":"BreadcrumbList","@id":"https:\/\/www.amanien.info\/news\/litterature-l-ecrivaine-norberte-zeze-sort-son-premier-livre-mere-seule-femme-epanouie-comment-jai-eleve-les-enfants\/#breadcrumb","itemListElement":[{"@type":"ListItem","position":1,"name":"Accueil","item":"https:\/\/www.amanien.info\/news\/"},{"@type":"ListItem","position":2,"name":"Litt\u00e9rature : L&rsquo; \u00c9crivaine Norberte ZEZE sort son premier livre, \u00ab\u00a0M\u00e8re seule, femme \u00e9panouie&#8230; Comment j&rsquo;ai \u00e9lev\u00e9 les enfants\u00a0\u00bb"}]},{"@type":"WebSite","@id":"https:\/\/www.amanien.info\/news\/#website","url":"https:\/\/www.amanien.info\/news\/","name":"Amanien| L&#039;actualit\u00e9 Ivoirienne et Internationale","description":"L&#039;actualit\u00e9 Ivoirienne et Internationale","potentialAction":[{"@type":"SearchAction","target":{"@type":"EntryPoint","urlTemplate":"https:\/\/www.amanien.info\/news\/?s={search_term_string}"},"query-input":{"@type":"PropertyValueSpecification","valueRequired":true,"valueName":"search_term_string"}}],"inLanguage":"fr-FR"},{"@type":"Person","@id":"https:\/\/www.amanien.info\/news\/#\/schema\/person\/b21093345753a1a98242d505bd894f42","name":"Germain Ndri","url":"https:\/\/www.amanien.info\/news\/author\/amanien-infos\/"}]}},"_links":{"self":[{"href":"https:\/\/www.amanien.info\/news\/wp-json\/wp\/v2\/posts\/4167","targetHints":{"allow":["GET"]}}],"collection":[{"href":"https:\/\/www.amanien.info\/news\/wp-json\/wp\/v2\/posts"}],"about":[{"href":"https:\/\/www.amanien.info\/news\/wp-json\/wp\/v2\/types\/post"}],"author":[{"embeddable":true,"href":"https:\/\/www.amanien.info\/news\/wp-json\/wp\/v2\/users\/2"}],"replies":[{"embeddable":true,"href":"https:\/\/www.amanien.info\/news\/wp-json\/wp\/v2\/comments?post=4167"}],"version-history":[{"count":1,"href":"https:\/\/www.amanien.info\/news\/wp-json\/wp\/v2\/posts\/4167\/revisions"}],"predecessor-version":[{"id":4171,"href":"https:\/\/www.amanien.info\/news\/wp-json\/wp\/v2\/posts\/4167\/revisions\/4171"}],"wp:featuredmedia":[{"embeddable":true,"href":"https:\/\/www.amanien.info\/news\/wp-json\/wp\/v2\/media\/4170"}],"wp:attachment":[{"href":"https:\/\/www.amanien.info\/news\/wp-json\/wp\/v2\/media?parent=4167"}],"wp:term":[{"taxonomy":"category","embeddable":true,"href":"https:\/\/www.amanien.info\/news\/wp-json\/wp\/v2\/categories?post=4167"},{"taxonomy":"post_tag","embeddable":true,"href":"https:\/\/www.amanien.info\/news\/wp-json\/wp\/v2\/tags?post=4167"}],"curies":[{"name":"wp","href":"https:\/\/api.w.org\/{rel}","templated":true}]}}