{"id":4152,"date":"2023-04-04T13:05:34","date_gmt":"2023-04-04T13:05:34","guid":{"rendered":"https:\/\/www.https:\/\/zozo.buyee.jp\/\/news\/?p=4152"},"modified":"2023-04-04T13:07:00","modified_gmt":"2023-04-04T13:07:00","slug":"le-pan-adama-bictogo-a-louverture-de-la-session-ordinaire-2023-la-session-qui-demarre-aujourdhui-avec-deja-15-textes-sur-le-bureau-sannonce-aussi-riche-que-la-precedente","status":"publish","type":"post","link":"https:\/\/www.amanien.info\/news\/le-pan-adama-bictogo-a-louverture-de-la-session-ordinaire-2023-la-session-qui-demarre-aujourdhui-avec-deja-15-textes-sur-le-bureau-sannonce-aussi-riche-que-la-precedente\/","title":{"rendered":"Le PAN Adama Bictogo \u00e0 l&rsquo;ouverture de la session ordinaire 2023 : \u00ab\u00a0La session qui d\u00e9marre, aujourd&rsquo;hui avec d\u00e9j\u00e0 15 textes sur le Bureau, s&rsquo;annonce aussi riche que la pr\u00e9c\u00e9dente\u00a0\u00bb"},"content":{"rendered":"<p>&nbsp;<\/p>\n<div><i>&lt;&lt;(&#8230;). Du point de vue du travail parlementaire, il est important de noter que la session\u00a0 2023, qui d\u00e9marre aujourd&rsquo;hui avec d\u00e9j\u00e0 une quinzaine de textes sur le Bureau de l&rsquo;Assembl\u00e9e Nationale, s&rsquo;annonce aussi riche que la session pr\u00e9c\u00e9dente\u00a0\u00bb<\/i>\u00a0a indiqu\u00e9 le Pr\u00e9sident de l&rsquo;Assembl\u00e9e Nationale de C\u00f4te d&rsquo;Ivoire, Adama Bictogo, \u00e0 l&rsquo;ouverture solennelle de la session ordinaire de l&rsquo;ann\u00e9e 2023, ce lundi 03 avril, au Palais de l&rsquo;Assembl\u00e9e Nationale.<\/div>\n<div><\/div>\n<div>C&rsquo;\u00e9tait en pr\u00e9sence du Vice-pr\u00e9sident de la R\u00e9publique,\u00a0 Ti\u00e9moko Meyliet KONE, de plusieurs autorit\u00e9s ivoiriennes et\u00a0 Pr\u00e9sidents d&rsquo;institutions parlementaires (de la France, de l&rsquo;Afrique du Sud, de l&rsquo;Angola, du Rwanda&#8230;).<\/div>\n<div><\/div>\n<div>Dans un discours d&rsquo;union, de paix et de rassemblement, le Pr\u00e9sident de l&rsquo;Assembl\u00e9e Nationale ivoirienne, Adama Bictogo a indiqu\u00e9 que la session 2023 sera \u00ab\u00a0mise \u00e0 profit pour aborder plusieurs pr\u00e9occupations.<\/div>\n<div>A l&rsquo;en croire, l&rsquo;autonomisation des jeunes et des femmes<i>\u00a0<\/i>constitue le fondement de la stabilit\u00e9 de toute nation et par cons\u00e9quent un gage certain de d\u00e9veloppement\u00a0\u00bb, a-t-il dit.<\/div>\n<div><\/div>\n<div>Outre le projet de loi consacr\u00e9 \u00e0 la jeunesse, ajoute-t-il, d&rsquo;autres projets seront examin\u00e9s par la repr\u00e9sentation nationale et aborderont plusieurs probl\u00e9matiques. A savoir, la lutte contre l&rsquo;inflation et l&rsquo;am\u00e9lioration des conditions de vie des populations, la lutte contre l&rsquo;incivisme sur les routes avec l&rsquo;instauration d&rsquo;une juridiction sp\u00e9ciale, la r\u00e9forme du statut g\u00e9n\u00e9ral de la fonction publique, le statut des diplomates ainsi que des questions environnementales avec l&rsquo;examen du code de l&rsquo;eau et de l&rsquo;environnement.<\/div>\n<div><\/div>\n<div>Pour mener \u00e0 bien l&rsquo;ensemble de ces r\u00e9formes l\u00e9gislatives, une collaboration intelligente avec le Gouvernement est n\u00e9cessaire, a soulign\u00e9 le Patron de l&rsquo;h\u00e9micycle ivoirien.<\/div>\n<div><\/div>\n<div><\/div>\n<div>Il a \u00e9galement exhort\u00e9 les d\u00e9put\u00e9s ivoiriens \u00e0 construire une diplomatie parlementaire, une diplomatie des peuples, pragmatique, \u00ab\u00a0empreinte d&rsquo;ouverture vers les autres sans aucune discrimination et barri\u00e8re\u00a0\u00bb.<\/div>\n<div><\/div>\n<div><\/div>\n<div>S&rsquo;agissant des \u00e9lections municipales et r\u00e9gionales \u00e0 venir, Adama Bictogo a exhort\u00e9 tous les d\u00e9put\u00e9s \u00e0 \u00ab\u00a0rester aux attach\u00e9s aux valeurs universelles de la paix et la d\u00e9mocratie.<\/div>\n<div><i>&lt;&lt;Nous devons, malgr\u00e9 nos divergences politiques, ethniques et religieuses, rester attach\u00e9s aux valeurs universelles de la paix et la d\u00e9mocratie pour hisser notre pays au rang des pays porteurs d&rsquo;esp\u00e9rance et de la vraie fraternit\u00e9&gt;&gt;,\u00a0<\/i>a-t-il affirm\u00e9.<\/div>\n<div><\/div>\n<div>Invitant tous les candidats aux prochaines \u00e9lections municipales et r\u00e9gionales \u00e0 cultiver la paix, la tol\u00e9rance sous toutes ses formes aux fins d&rsquo;avoir un \u00ab\u00a0processus \u00e9lectoral normal et apais\u00e9\u00a0\u00bb pour le bonheur des concitoyens. Pour lui, l&rsquo;essentiel, c&rsquo;est la C\u00f4te d&rsquo;Ivoire.<\/div>\n<div><\/div>\n<div><\/div>\n<div><\/div>\n<div><b>S.A.<\/b><\/div>\n<div><\/div>\n","protected":false},"excerpt":{"rendered":"<p>&nbsp; &lt;&lt;(&#8230;). Du point de vue du travail parlementaire, il est important de noter que la session\u00a0 2023, qui d\u00e9marre aujourd&rsquo;hui avec d\u00e9j\u00e0 une quinzaine de textes sur le Bureau de l&rsquo;Assembl\u00e9e Nationale, s&rsquo;annonce aussi riche que la session pr\u00e9c\u00e9dente\u00a0\u00bb\u00a0a indiqu\u00e9 le Pr\u00e9sident de l&rsquo;Assembl\u00e9e Nationale de C\u00f4te d&rsquo;Ivoire, Adama Bictogo, \u00e0 l&rsquo;ouverture solennelle de [&hellip;]<\/p>\n","protected":false},"author":2,"featured_media":4156,"comment_status":"closed","ping_status":"closed","sticky":true,"template":"","format":"standard","meta":{"_acf_changed":false,"footnotes":""},"categories":[],"tags":[],"class_list":["post-4152","post","type-post","status-publish","format-standard","has-post-thumbnail","hentry"],"acf":[],"yoast_head":"<!-- This site is optimized with the Yoast SEO plugin v27.5 - https:\/\/yoast.com\/product\/yoast-seo-wordpress\/ -->\n<title>Le PAN Adama Bictogo \u00e0 l&#039;ouverture de la session ordinaire 2023 : &quot;La session qui d\u00e9marre, aujourd&#039;hui avec d\u00e9j\u00e0 15 textes sur le Bureau, s&#039;annonce aussi riche que la pr\u00e9c\u00e9dente&quot; - Amanien| L&#039;actualit\u00e9 Ivoirienne et Internationale<\/title>\n<meta name=\"robots\" content=\"index, follow, max-snippet:-1, max-image-preview:large, max-video-preview:-1\" \/>\n<link rel=\"canonical\" href=\"https:\/\/www.amanien.info\/news\/le-pan-adama-bictogo-a-louverture-de-la-session-ordinaire-2023-la-session-qui-demarre-aujourdhui-avec-deja-15-textes-sur-le-bureau-sannonce-aussi-riche-que-la-precedente\/\" \/>\n<meta property=\"og:locale\" content=\"fr_FR\" \/>\n<meta property=\"og:type\" content=\"article\" \/>\n<meta property=\"og:title\" content=\"Le PAN Adama Bictogo \u00e0 l&#039;ouverture de la session ordinaire 2023 : &quot;La session qui d\u00e9marre, aujourd&#039;hui avec d\u00e9j\u00e0 15 textes sur le Bureau, s&#039;annonce aussi riche que la pr\u00e9c\u00e9dente&quot; - Amanien| L&#039;actualit\u00e9 Ivoirienne et Internationale\" \/>\n<meta property=\"og:description\" content=\"&nbsp; &lt;&lt;(&#8230;). Du point de vue du travail parlementaire, il est important de noter que la session\u00a0 2023, qui d\u00e9marre aujourd&rsquo;hui avec d\u00e9j\u00e0 une quinzaine de textes sur le Bureau de l&rsquo;Assembl\u00e9e Nationale, s&rsquo;annonce aussi riche que la session pr\u00e9c\u00e9dente\u00a0\u00bb\u00a0a indiqu\u00e9 le Pr\u00e9sident de l&rsquo;Assembl\u00e9e Nationale de C\u00f4te d&rsquo;Ivoire, Adama Bictogo, \u00e0 l&rsquo;ouverture solennelle de [&hellip;]\" \/>\n<meta property=\"og:url\" content=\"https:\/\/www.amanien.info\/news\/le-pan-adama-bictogo-a-louverture-de-la-session-ordinaire-2023-la-session-qui-demarre-aujourdhui-avec-deja-15-textes-sur-le-bureau-sannonce-aussi-riche-que-la-precedente\/\" \/>\n<meta property=\"og:site_name\" content=\"Amanien| L&#039;actualit\u00e9 Ivoirienne et Internationale\" \/>\n<meta property=\"article:published_time\" content=\"2023-04-04T13:05:34+00:00\" \/>\n<meta property=\"article:modified_time\" content=\"2023-04-04T13:07:00+00:00\" \/>\n<meta property=\"og:image\" content=\"https:\/\/www.amanien.info\/news\/wp-content\/uploads\/2023\/04\/IMG-20230404-WA0030-2.jpg\" \/>\n\t<meta property=\"og:image:width\" content=\"1080\" \/>\n\t<meta property=\"og:image:height\" content=\"720\" \/>\n\t<meta property=\"og:image:type\" content=\"image\/jpeg\" \/>\n<meta name=\"author\" content=\"Germain Ndri\" \/>\n<meta name=\"twitter:card\" content=\"summary_large_image\" \/>\n<meta name=\"twitter:label1\" content=\"\u00c9crit par\" \/>\n\t<meta name=\"twitter:data1\" content=\"Germain Ndri\" \/>\n\t<meta name=\"twitter:label2\" content=\"Dur\u00e9e de lecture estim\u00e9e\" \/>\n\t<meta name=\"twitter:data2\" content=\"3 minutes\" \/>\n<script type=\"application\/ld+json\" class=\"yoast-schema-graph\">{\"@context\":\"https:\\\/\\\/schema.org\",\"@graph\":[{\"@type\":\"Article\",\"@id\":\"https:\\\/\\\/www.amanien.info\\\/news\\\/le-pan-adama-bictogo-a-louverture-de-la-session-ordinaire-2023-la-session-qui-demarre-aujourdhui-avec-deja-15-textes-sur-le-bureau-sannonce-aussi-riche-que-la-precedente\\\/#article\",\"isPartOf\":{\"@id\":\"https:\\\/\\\/www.amanien.info\\\/news\\\/le-pan-adama-bictogo-a-louverture-de-la-session-ordinaire-2023-la-session-qui-demarre-aujourdhui-avec-deja-15-textes-sur-le-bureau-sannonce-aussi-riche-que-la-precedente\\\/\"},\"author\":{\"name\":\"Germain Ndri\",\"@id\":\"https:\\\/\\\/www.amanien.info\\\/news\\\/#\\\/schema\\\/person\\\/b21093345753a1a98242d505bd894f42\"},\"headline\":\"Le PAN Adama Bictogo \u00e0 l&rsquo;ouverture de la session ordinaire 2023 : \u00ab\u00a0La session qui d\u00e9marre, aujourd&rsquo;hui avec d\u00e9j\u00e0 15 textes sur le Bureau, s&rsquo;annonce aussi riche que la pr\u00e9c\u00e9dente\u00a0\u00bb\",\"datePublished\":\"2023-04-04T13:05:34+00:00\",\"dateModified\":\"2023-04-04T13:07:00+00:00\",\"mainEntityOfPage\":{\"@id\":\"https:\\\/\\\/www.amanien.info\\\/news\\\/le-pan-adama-bictogo-a-louverture-de-la-session-ordinaire-2023-la-session-qui-demarre-aujourdhui-avec-deja-15-textes-sur-le-bureau-sannonce-aussi-riche-que-la-precedente\\\/\"},\"wordCount\":501,\"image\":{\"@id\":\"https:\\\/\\\/www.amanien.info\\\/news\\\/le-pan-adama-bictogo-a-louverture-de-la-session-ordinaire-2023-la-session-qui-demarre-aujourdhui-avec-deja-15-textes-sur-le-bureau-sannonce-aussi-riche-que-la-precedente\\\/#primaryimage\"},\"thumbnailUrl\":\"https:\\\/\\\/www.amanien.info\\\/news\\\/wp-content\\\/uploads\\\/2023\\\/04\\\/IMG-20230404-WA0030-2.jpg\",\"inLanguage\":\"fr-FR\"},{\"@type\":\"WebPage\",\"@id\":\"https:\\\/\\\/www.amanien.info\\\/news\\\/le-pan-adama-bictogo-a-louverture-de-la-session-ordinaire-2023-la-session-qui-demarre-aujourdhui-avec-deja-15-textes-sur-le-bureau-sannonce-aussi-riche-que-la-precedente\\\/\",\"url\":\"https:\\\/\\\/www.amanien.info\\\/news\\\/le-pan-adama-bictogo-a-louverture-de-la-session-ordinaire-2023-la-session-qui-demarre-aujourdhui-avec-deja-15-textes-sur-le-bureau-sannonce-aussi-riche-que-la-precedente\\\/\",\"name\":\"Le PAN Adama Bictogo \u00e0 l'ouverture de la session ordinaire 2023 : \\\"La session qui d\u00e9marre, aujourd'hui avec d\u00e9j\u00e0 15 textes sur le Bureau, s'annonce aussi riche que la pr\u00e9c\u00e9dente\\\" - Amanien| L&#039;actualit\u00e9 Ivoirienne et Internationale\",\"isPartOf\":{\"@id\":\"https:\\\/\\\/www.amanien.info\\\/news\\\/#website\"},\"primaryImageOfPage\":{\"@id\":\"https:\\\/\\\/www.amanien.info\\\/news\\\/le-pan-adama-bictogo-a-louverture-de-la-session-ordinaire-2023-la-session-qui-demarre-aujourdhui-avec-deja-15-textes-sur-le-bureau-sannonce-aussi-riche-que-la-precedente\\\/#primaryimage\"},\"image\":{\"@id\":\"https:\\\/\\\/www.amanien.info\\\/news\\\/le-pan-adama-bictogo-a-louverture-de-la-session-ordinaire-2023-la-session-qui-demarre-aujourdhui-avec-deja-15-textes-sur-le-bureau-sannonce-aussi-riche-que-la-precedente\\\/#primaryimage\"},\"thumbnailUrl\":\"https:\\\/\\\/www.amanien.info\\\/news\\\/wp-content\\\/uploads\\\/2023\\\/04\\\/IMG-20230404-WA0030-2.jpg\",\"datePublished\":\"2023-04-04T13:05:34+00:00\",\"dateModified\":\"2023-04-04T13:07:00+00:00\",\"author\":{\"@id\":\"https:\\\/\\\/www.amanien.info\\\/news\\\/#\\\/schema\\\/person\\\/b21093345753a1a98242d505bd894f42\"},\"breadcrumb\":{\"@id\":\"https:\\\/\\\/www.amanien.info\\\/news\\\/le-pan-adama-bictogo-a-louverture-de-la-session-ordinaire-2023-la-session-qui-demarre-aujourdhui-avec-deja-15-textes-sur-le-bureau-sannonce-aussi-riche-que-la-precedente\\\/#breadcrumb\"},\"inLanguage\":\"fr-FR\",\"potentialAction\":[{\"@type\":\"ReadAction\",\"target\":[\"https:\\\/\\\/www.amanien.info\\\/news\\\/le-pan-adama-bictogo-a-louverture-de-la-session-ordinaire-2023-la-session-qui-demarre-aujourdhui-avec-deja-15-textes-sur-le-bureau-sannonce-aussi-riche-que-la-precedente\\\/\"]}]},{\"@type\":\"ImageObject\",\"inLanguage\":\"fr-FR\",\"@id\":\"https:\\\/\\\/www.amanien.info\\\/news\\\/le-pan-adama-bictogo-a-louverture-de-la-session-ordinaire-2023-la-session-qui-demarre-aujourdhui-avec-deja-15-textes-sur-le-bureau-sannonce-aussi-riche-que-la-precedente\\\/#primaryimage\",\"url\":\"https:\\\/\\\/www.amanien.info\\\/news\\\/wp-content\\\/uploads\\\/2023\\\/04\\\/IMG-20230404-WA0030-2.jpg\",\"contentUrl\":\"https:\\\/\\\/www.amanien.info\\\/news\\\/wp-content\\\/uploads\\\/2023\\\/04\\\/IMG-20230404-WA0030-2.jpg\",\"width\":1080,\"height\":720},{\"@type\":\"BreadcrumbList\",\"@id\":\"https:\\\/\\\/www.amanien.info\\\/news\\\/le-pan-adama-bictogo-a-louverture-de-la-session-ordinaire-2023-la-session-qui-demarre-aujourdhui-avec-deja-15-textes-sur-le-bureau-sannonce-aussi-riche-que-la-precedente\\\/#breadcrumb\",\"itemListElement\":[{\"@type\":\"ListItem\",\"position\":1,\"name\":\"Accueil\",\"item\":\"https:\\\/\\\/www.amanien.info\\\/news\\\/\"},{\"@type\":\"ListItem\",\"position\":2,\"name\":\"Le PAN Adama Bictogo \u00e0 l&rsquo;ouverture de la session ordinaire 2023 : \u00ab\u00a0La session qui d\u00e9marre, aujourd&rsquo;hui avec d\u00e9j\u00e0 15 textes sur le Bureau, s&rsquo;annonce aussi riche que la pr\u00e9c\u00e9dente\u00a0\u00bb\"}]},{\"@type\":\"WebSite\",\"@id\":\"https:\\\/\\\/www.amanien.info\\\/news\\\/#website\",\"url\":\"https:\\\/\\\/www.amanien.info\\\/news\\\/\",\"name\":\"Amanien| L&#039;actualit\u00e9 Ivoirienne et Internationale\",\"description\":\"L&#039;actualit\u00e9 Ivoirienne et Internationale\",\"potentialAction\":[{\"@type\":\"SearchAction\",\"target\":{\"@type\":\"EntryPoint\",\"urlTemplate\":\"https:\\\/\\\/www.amanien.info\\\/news\\\/?s={search_term_string}\"},\"query-input\":{\"@type\":\"PropertyValueSpecification\",\"valueRequired\":true,\"valueName\":\"search_term_string\"}}],\"inLanguage\":\"fr-FR\"},{\"@type\":\"Person\",\"@id\":\"https:\\\/\\\/www.amanien.info\\\/news\\\/#\\\/schema\\\/person\\\/b21093345753a1a98242d505bd894f42\",\"name\":\"Germain Ndri\",\"url\":\"https:\\\/\\\/www.amanien.info\\\/news\\\/author\\\/amanien-infos\\\/\"}]}<\/script>\n<!-- \/ Yoast SEO plugin. -->","yoast_head_json":{"title":"Le PAN Adama Bictogo \u00e0 l'ouverture de la session ordinaire 2023 : \"La session qui d\u00e9marre, aujourd'hui avec d\u00e9j\u00e0 15 textes sur le Bureau, s'annonce aussi riche que la pr\u00e9c\u00e9dente\" - Amanien| L&#039;actualit\u00e9 Ivoirienne et Internationale","robots":{"index":"index","follow":"follow","max-snippet":"max-snippet:-1","max-image-preview":"max-image-preview:large","max-video-preview":"max-video-preview:-1"},"canonical":"https:\/\/www.amanien.info\/news\/le-pan-adama-bictogo-a-louverture-de-la-session-ordinaire-2023-la-session-qui-demarre-aujourdhui-avec-deja-15-textes-sur-le-bureau-sannonce-aussi-riche-que-la-precedente\/","og_locale":"fr_FR","og_type":"article","og_title":"Le PAN Adama Bictogo \u00e0 l'ouverture de la session ordinaire 2023 : \"La session qui d\u00e9marre, aujourd'hui avec d\u00e9j\u00e0 15 textes sur le Bureau, s'annonce aussi riche que la pr\u00e9c\u00e9dente\" - Amanien| L&#039;actualit\u00e9 Ivoirienne et Internationale","og_description":"&nbsp; &lt;&lt;(&#8230;). Du point de vue du travail parlementaire, il est important de noter que la session\u00a0 2023, qui d\u00e9marre aujourd&rsquo;hui avec d\u00e9j\u00e0 une quinzaine de textes sur le Bureau de l&rsquo;Assembl\u00e9e Nationale, s&rsquo;annonce aussi riche que la session pr\u00e9c\u00e9dente\u00a0\u00bb\u00a0a indiqu\u00e9 le Pr\u00e9sident de l&rsquo;Assembl\u00e9e Nationale de C\u00f4te d&rsquo;Ivoire, Adama Bictogo, \u00e0 l&rsquo;ouverture solennelle de [&hellip;]","og_url":"https:\/\/www.amanien.info\/news\/le-pan-adama-bictogo-a-louverture-de-la-session-ordinaire-2023-la-session-qui-demarre-aujourdhui-avec-deja-15-textes-sur-le-bureau-sannonce-aussi-riche-que-la-precedente\/","og_site_name":"Amanien| L&#039;actualit\u00e9 Ivoirienne et Internationale","article_published_time":"2023-04-04T13:05:34+00:00","article_modified_time":"2023-04-04T13:07:00+00:00","og_image":[{"width":1080,"height":720,"url":"https:\/\/www.amanien.info\/news\/wp-content\/uploads\/2023\/04\/IMG-20230404-WA0030-2.jpg","type":"image\/jpeg"}],"author":"Germain Ndri","twitter_card":"summary_large_image","twitter_misc":{"\u00c9crit par":"Germain Ndri","Dur\u00e9e de lecture estim\u00e9e":"3 minutes"},"schema":{"@context":"https:\/\/schema.org","@graph":[{"@type":"Article","@id":"https:\/\/www.amanien.info\/news\/le-pan-adama-bictogo-a-louverture-de-la-session-ordinaire-2023-la-session-qui-demarre-aujourdhui-avec-deja-15-textes-sur-le-bureau-sannonce-aussi-riche-que-la-precedente\/#article","isPartOf":{"@id":"https:\/\/www.amanien.info\/news\/le-pan-adama-bictogo-a-louverture-de-la-session-ordinaire-2023-la-session-qui-demarre-aujourdhui-avec-deja-15-textes-sur-le-bureau-sannonce-aussi-riche-que-la-precedente\/"},"author":{"name":"Germain Ndri","@id":"https:\/\/www.amanien.info\/news\/#\/schema\/person\/b21093345753a1a98242d505bd894f42"},"headline":"Le PAN Adama Bictogo \u00e0 l&rsquo;ouverture de la session ordinaire 2023 : \u00ab\u00a0La session qui d\u00e9marre, aujourd&rsquo;hui avec d\u00e9j\u00e0 15 textes sur le Bureau, s&rsquo;annonce aussi riche que la pr\u00e9c\u00e9dente\u00a0\u00bb","datePublished":"2023-04-04T13:05:34+00:00","dateModified":"2023-04-04T13:07:00+00:00","mainEntityOfPage":{"@id":"https:\/\/www.amanien.info\/news\/le-pan-adama-bictogo-a-louverture-de-la-session-ordinaire-2023-la-session-qui-demarre-aujourdhui-avec-deja-15-textes-sur-le-bureau-sannonce-aussi-riche-que-la-precedente\/"},"wordCount":501,"image":{"@id":"https:\/\/www.amanien.info\/news\/le-pan-adama-bictogo-a-louverture-de-la-session-ordinaire-2023-la-session-qui-demarre-aujourdhui-avec-deja-15-textes-sur-le-bureau-sannonce-aussi-riche-que-la-precedente\/#primaryimage"},"thumbnailUrl":"https:\/\/www.amanien.info\/news\/wp-content\/uploads\/2023\/04\/IMG-20230404-WA0030-2.jpg","inLanguage":"fr-FR"},{"@type":"WebPage","@id":"https:\/\/www.amanien.info\/news\/le-pan-adama-bictogo-a-louverture-de-la-session-ordinaire-2023-la-session-qui-demarre-aujourdhui-avec-deja-15-textes-sur-le-bureau-sannonce-aussi-riche-que-la-precedente\/","url":"https:\/\/www.amanien.info\/news\/le-pan-adama-bictogo-a-louverture-de-la-session-ordinaire-2023-la-session-qui-demarre-aujourdhui-avec-deja-15-textes-sur-le-bureau-sannonce-aussi-riche-que-la-precedente\/","name":"Le PAN Adama Bictogo \u00e0 l'ouverture de la session ordinaire 2023 : \"La session qui d\u00e9marre, aujourd'hui avec d\u00e9j\u00e0 15 textes sur le Bureau, s'annonce aussi riche que la pr\u00e9c\u00e9dente\" - Amanien| L&#039;actualit\u00e9 Ivoirienne et Internationale","isPartOf":{"@id":"https:\/\/www.amanien.info\/news\/#website"},"primaryImageOfPage":{"@id":"https:\/\/www.amanien.info\/news\/le-pan-adama-bictogo-a-louverture-de-la-session-ordinaire-2023-la-session-qui-demarre-aujourdhui-avec-deja-15-textes-sur-le-bureau-sannonce-aussi-riche-que-la-precedente\/#primaryimage"},"image":{"@id":"https:\/\/www.amanien.info\/news\/le-pan-adama-bictogo-a-louverture-de-la-session-ordinaire-2023-la-session-qui-demarre-aujourdhui-avec-deja-15-textes-sur-le-bureau-sannonce-aussi-riche-que-la-precedente\/#primaryimage"},"thumbnailUrl":"https:\/\/www.amanien.info\/news\/wp-content\/uploads\/2023\/04\/IMG-20230404-WA0030-2.jpg","datePublished":"2023-04-04T13:05:34+00:00","dateModified":"2023-04-04T13:07:00+00:00","author":{"@id":"https:\/\/www.amanien.info\/news\/#\/schema\/person\/b21093345753a1a98242d505bd894f42"},"breadcrumb":{"@id":"https:\/\/www.amanien.info\/news\/le-pan-adama-bictogo-a-louverture-de-la-session-ordinaire-2023-la-session-qui-demarre-aujourdhui-avec-deja-15-textes-sur-le-bureau-sannonce-aussi-riche-que-la-precedente\/#breadcrumb"},"inLanguage":"fr-FR","potentialAction":[{"@type":"ReadAction","target":["https:\/\/www.amanien.info\/news\/le-pan-adama-bictogo-a-louverture-de-la-session-ordinaire-2023-la-session-qui-demarre-aujourdhui-avec-deja-15-textes-sur-le-bureau-sannonce-aussi-riche-que-la-precedente\/"]}]},{"@type":"ImageObject","inLanguage":"fr-FR","@id":"https:\/\/www.amanien.info\/news\/le-pan-adama-bictogo-a-louverture-de-la-session-ordinaire-2023-la-session-qui-demarre-aujourdhui-avec-deja-15-textes-sur-le-bureau-sannonce-aussi-riche-que-la-precedente\/#primaryimage","url":"https:\/\/www.amanien.info\/news\/wp-content\/uploads\/2023\/04\/IMG-20230404-WA0030-2.jpg","contentUrl":"https:\/\/www.amanien.info\/news\/wp-content\/uploads\/2023\/04\/IMG-20230404-WA0030-2.jpg","width":1080,"height":720},{"@type":"BreadcrumbList","@id":"https:\/\/www.amanien.info\/news\/le-pan-adama-bictogo-a-louverture-de-la-session-ordinaire-2023-la-session-qui-demarre-aujourdhui-avec-deja-15-textes-sur-le-bureau-sannonce-aussi-riche-que-la-precedente\/#breadcrumb","itemListElement":[{"@type":"ListItem","position":1,"name":"Accueil","item":"https:\/\/www.amanien.info\/news\/"},{"@type":"ListItem","position":2,"name":"Le PAN Adama Bictogo \u00e0 l&rsquo;ouverture de la session ordinaire 2023 : \u00ab\u00a0La session qui d\u00e9marre, aujourd&rsquo;hui avec d\u00e9j\u00e0 15 textes sur le Bureau, s&rsquo;annonce aussi riche que la pr\u00e9c\u00e9dente\u00a0\u00bb"}]},{"@type":"WebSite","@id":"https:\/\/www.amanien.info\/news\/#website","url":"https:\/\/www.amanien.info\/news\/","name":"Amanien| L&#039;actualit\u00e9 Ivoirienne et Internationale","description":"L&#039;actualit\u00e9 Ivoirienne et Internationale","potentialAction":[{"@type":"SearchAction","target":{"@type":"EntryPoint","urlTemplate":"https:\/\/www.amanien.info\/news\/?s={search_term_string}"},"query-input":{"@type":"PropertyValueSpecification","valueRequired":true,"valueName":"search_term_string"}}],"inLanguage":"fr-FR"},{"@type":"Person","@id":"https:\/\/www.amanien.info\/news\/#\/schema\/person\/b21093345753a1a98242d505bd894f42","name":"Germain Ndri","url":"https:\/\/www.amanien.info\/news\/author\/amanien-infos\/"}]}},"_links":{"self":[{"href":"https:\/\/www.amanien.info\/news\/wp-json\/wp\/v2\/posts\/4152","targetHints":{"allow":["GET"]}}],"collection":[{"href":"https:\/\/www.amanien.info\/news\/wp-json\/wp\/v2\/posts"}],"about":[{"href":"https:\/\/www.amanien.info\/news\/wp-json\/wp\/v2\/types\/post"}],"author":[{"embeddable":true,"href":"https:\/\/www.amanien.info\/news\/wp-json\/wp\/v2\/users\/2"}],"replies":[{"embeddable":true,"href":"https:\/\/www.amanien.info\/news\/wp-json\/wp\/v2\/comments?post=4152"}],"version-history":[{"count":1,"href":"https:\/\/www.amanien.info\/news\/wp-json\/wp\/v2\/posts\/4152\/revisions"}],"predecessor-version":[{"id":4157,"href":"https:\/\/www.amanien.info\/news\/wp-json\/wp\/v2\/posts\/4152\/revisions\/4157"}],"wp:featuredmedia":[{"embeddable":true,"href":"https:\/\/www.amanien.info\/news\/wp-json\/wp\/v2\/media\/4156"}],"wp:attachment":[{"href":"https:\/\/www.amanien.info\/news\/wp-json\/wp\/v2\/media?parent=4152"}],"wp:term":[{"taxonomy":"category","embeddable":true,"href":"https:\/\/www.amanien.info\/news\/wp-json\/wp\/v2\/categories?post=4152"},{"taxonomy":"post_tag","embeddable":true,"href":"https:\/\/www.amanien.info\/news\/wp-json\/wp\/v2\/tags?post=4152"}],"curies":[{"name":"wp","href":"https:\/\/api.w.org\/{rel}","templated":true}]}}