{"id":4149,"date":"2023-03-30T20:32:13","date_gmt":"2023-03-30T20:32:13","guid":{"rendered":"https:\/\/www.https:\/\/zozo.buyee.jp\/\/news\/?p=4149"},"modified":"2023-03-30T20:33:06","modified_gmt":"2023-03-30T20:33:06","slug":"ouverture-de-la-session-ordinaire-2023-de-lan-et-de-la-14e-conference-de-lapf-plusieurs-personnalites-attendues-a-abidjan-lundi-prochain","status":"publish","type":"post","link":"https:\/\/www.amanien.info\/news\/ouverture-de-la-session-ordinaire-2023-de-lan-et-de-la-14e-conference-de-lapf-plusieurs-personnalites-attendues-a-abidjan-lundi-prochain\/","title":{"rendered":"Ouverture de la session ordinaire 2023 de l&rsquo;AN et de la 14\u00e8 Conf\u00e9rence de l&rsquo;APF : Plusieurs personnalit\u00e9s attendues \u00e0 Abidjan, lundi prochain\u00a0"},"content":{"rendered":"<p>La c\u00e9r\u00e9monie solennelle d&rsquo;ouverture de la session ordinaire de l&rsquo;ann\u00e9e 2023( session unique) se tiendra le lundi 03 avril prochain au Palais de l&rsquo;Assembl\u00e9e Nationale, au Plateau. Elle sera coupl\u00e9e avec la 14\u00e8 Conf\u00e9rence des Pr\u00e9sidents d&rsquo;Assembl\u00e9es et de Sections de la r\u00e9gion Afrique de l&rsquo;Assembl\u00e9e Parlementaire de la Francophonie (APF).<\/p>\n<div><\/div>\n<div>\u00a0L&rsquo;information a \u00e9t\u00e9 livr\u00e9e, mercredi 29 mars 2023, au si\u00e8ge de l&rsquo;institution, \u00e0 Abidjan-Plateau, par le Secr\u00e9taire G\u00e9n\u00e9ral de l&rsquo;Assembl\u00e9e Nationale, M. DIOMANDE Aboubacar Sidiki, au cours d&rsquo;une conf\u00e9rence de presse qu&rsquo;il a anim\u00e9e avec le Pr\u00e9sident de la Section APF C\u00f4te d&rsquo;Ivoire, M. Dah Sansan Tilkouet\u00e9 et la Directrice de la Communication et de l&rsquo;information de l&rsquo;Assembl\u00e9e Nationale, Mme Carmen MERHEB.<\/div>\n<div><\/div>\n<div>Face aux journalistes, le SG de l&rsquo;Assembl\u00e9e Nationale, M. DIOMANDE Aboubacar Sidiki a pr\u00e9cis\u00e9 que la session ordinaire de l&rsquo;assembl\u00e9e nationale, qui sera pr\u00e9sid\u00e9e par le Pr\u00e9sident de l&rsquo;Assembl\u00e9e Nationale, Adama Bictogo, sera marqu\u00e9e par la pr\u00e9sence effective de plusieurs personnalit\u00e9s. Il s&rsquo;agit, d&rsquo;abord, de la Pr\u00e9sidente de l&rsquo;assembl\u00e9e nationale fran\u00e7aise, Mme Ya\u00ebl Braun-Pivet(invit\u00e9e d&rsquo;honneur). Il y a \u00e9galement la pr\u00e9sence de trois invit\u00e9s sp\u00e9ciaux du PAN Adama Bictogo, \u00e0 savoir, la Pr\u00e9sidente de l&rsquo;assembl\u00e9e nationale de l&rsquo;Afrique du Sud, Mme Nosivives Mapisa-Nqakula, du Pr\u00e9sident de la Chambre des Repr\u00e9sentants et Pr\u00e9sident de l&rsquo;Assembl\u00e9e Nationale du Maroc, M. Rachid Talbi El Alami et du Pr\u00e9sident de l&rsquo;Assembl\u00e9e Nationale du S\u00e9n\u00e9gal, M. Amadou Mame Diop.<\/div>\n<div><\/div>\n<div>Aussi cette session ordinaire 2023 attend-elle 23 d\u00e9l\u00e9gations qui, selon le Secr\u00e9taire G\u00e9n\u00e9ral, ont confirm\u00e9 leur pr\u00e9sence avec 19 Pr\u00e9sidents des Assembl\u00e9es Nationales et organisations parlementaires Africaines ainsi que le Parlement de la CEDEAO. A l&rsquo;en croire, la pr\u00e9sence de toutes ces personnalit\u00e9s \u00e0 la session ordinaire 2023 de l&rsquo;assembl\u00e9e nationale est une grande premi\u00e8re. Et ce, gr\u00e2ce \u00e0 la diplomatie parlementaire du PAN Adama Bictogo et du Pr\u00e9sident de la R\u00e9publique Alassane OUATTARA.<\/div>\n<div><\/div>\n<div>Outre ces personnalit\u00e9s de marque, le Secr\u00e9taire G\u00e9n\u00e9ral de l&rsquo;Assembl\u00e9e Nationale ivoirienne a annonc\u00e9 la pr\u00e9sence effective de hautes Autorit\u00e9s de notre pays, la C\u00f4te d&rsquo;Ivoire que sont les Pr\u00e9sidents d&rsquo;institutions, les membres du Gouvernement, les corps constitu\u00e9s et les Ambassadeurs accr\u00e9dit\u00e9s aupr\u00e8s de la C\u00f4te d&rsquo;Ivoire.<\/div>\n<div><\/div>\n<div><\/div>\n<div>DIOMANDE Aboubacar Sidiki n&rsquo;a pas manqu\u00e9 d&rsquo;apporter des pr\u00e9cisions sur la question des deux sessions envisag\u00e9es. Pour lui, la question de la tenue de deux sessions ordinaires, \u00ab\u00a0n&rsquo;est qu&rsquo;une hypoth\u00e8se\u00a0\u00bb. \u00ab\u00a0Pour l&rsquo;heure, c&rsquo;est la session unique qui est impos\u00e9e par la disposition constitutionnelle du 08 novembre 2016. Si les choses s&rsquo;am\u00e9liorent et que nous allons vers les deux sessions, il va sans dire qu&rsquo;il va imp\u00e9rativement n\u00e9cessiter une r\u00e9vision constitutionnelle puisque cela est pr\u00e9vu par la constitution\u00a0\u00bb, a fait savoir le Secr\u00e9taire G\u00e9n\u00e9ral de l&rsquo;Assembl\u00e9e<i>\u00a0<\/i>Nationale<\/div>\n<div><\/div>\n<div>Au cours de la c\u00e9r\u00e9monie d&rsquo;ouverture, le PAN Adama Bictogo prononcera un discours solennel sur les activit\u00e9s parlementaires, \u00e0 la vie politique et sociale du pays.<\/div>\n<div><\/div>\n<div>L&rsquo; Assembl\u00e9e nationale abritera aussi les 03 et 04 avril, la Conf\u00e9rence de Pr\u00e9sidents d&rsquo;assembl\u00e9es et de Sections de la R\u00e9gion Afrique de l&rsquo;Assembl\u00e9e Parlementaire de la Francophonie (APF). Cette importante rencontre r\u00e9unira une trentaine de Pr\u00e9sidents d&rsquo;Assembl\u00e9es et de Sections de la r\u00e9gion Afrique.<\/div>\n<div><\/div>\n<div><\/div>\n<div>La conf\u00e9rence des Pr\u00e9sidents d&rsquo;Assembl\u00e9es et de sections, qui est une r\u00e9union statutaire de l&rsquo;APF, pr\u00e9pare l&rsquo;assembl\u00e9e r\u00e9gionale Afrique. Elle sera meubl\u00e9e, selon le Pr\u00e9sident de la Section APF C\u00f4te d&rsquo;Ivoire, Dah Sansan Tilkouet\u00e9, par des \u00e9changes.<\/div>\n<div>Des d\u00e9fis li\u00e9s \u00e0 la bonne gouvernance feront l&rsquo;objet d&rsquo;analyse de l&rsquo;APF. La question s\u00e9curitaire en Afrique, les notions de protection des \u00e9cosyst\u00e8mes forestiers, la situation politique de l&rsquo;espace francophone (analyse de la situation des pays comme le Mali, le Burkina Faso, la Guin\u00e9e) et la situation des migrants ivoiriens qui a pr\u00e9valu r\u00e9cemment en Tunisie, seront au menu des \u00e9changes.<\/div>\n<div><\/div>\n<div>A cette occasion, le Pr\u00e9sident de l&rsquo;Assembl\u00e9e Nationale, Adama Bictogo recevra une distinction en sa qualit\u00e9 de Pr\u00e9sident de l&rsquo;APF, a annonc\u00e9 Dah Sansan Tilkouet\u00e9, Pr\u00e9sident de la section APF C\u00f4te d&rsquo;Ivoire.<\/div>\n<div><\/div>\n<div><\/div>\n<div><b>S.A.<\/b><\/div>\n","protected":false},"excerpt":{"rendered":"<p>La c\u00e9r\u00e9monie solennelle d&rsquo;ouverture de la session ordinaire de l&rsquo;ann\u00e9e 2023( session unique) se tiendra le lundi 03 avril prochain au Palais de l&rsquo;Assembl\u00e9e Nationale, au Plateau. Elle sera coupl\u00e9e avec la 14\u00e8 Conf\u00e9rence des Pr\u00e9sidents d&rsquo;Assembl\u00e9es et de Sections de la r\u00e9gion Afrique de l&rsquo;Assembl\u00e9e Parlementaire de la Francophonie (APF). \u00a0L&rsquo;information a \u00e9t\u00e9 livr\u00e9e, [&hellip;]<\/p>\n","protected":false},"author":2,"featured_media":4150,"comment_status":"closed","ping_status":"closed","sticky":true,"template":"","format":"standard","meta":{"_acf_changed":false,"footnotes":""},"categories":[],"tags":[],"class_list":["post-4149","post","type-post","status-publish","format-standard","has-post-thumbnail","hentry"],"acf":[],"yoast_head":"<!-- This site is optimized with the Yoast SEO plugin v27.5 - https:\/\/yoast.com\/product\/yoast-seo-wordpress\/ -->\n<title>Ouverture de la session ordinaire 2023 de l&#039;AN et de la 14\u00e8 Conf\u00e9rence de l&#039;APF : Plusieurs personnalit\u00e9s attendues \u00e0 Abidjan, lundi prochain\u00a0 - Amanien| L&#039;actualit\u00e9 Ivoirienne et Internationale<\/title>\n<meta name=\"robots\" content=\"index, follow, max-snippet:-1, max-image-preview:large, max-video-preview:-1\" \/>\n<link rel=\"canonical\" href=\"https:\/\/www.amanien.info\/news\/ouverture-de-la-session-ordinaire-2023-de-lan-et-de-la-14e-conference-de-lapf-plusieurs-personnalites-attendues-a-abidjan-lundi-prochain\/\" \/>\n<meta property=\"og:locale\" content=\"fr_FR\" \/>\n<meta property=\"og:type\" content=\"article\" \/>\n<meta property=\"og:title\" content=\"Ouverture de la session ordinaire 2023 de l&#039;AN et de la 14\u00e8 Conf\u00e9rence de l&#039;APF : Plusieurs personnalit\u00e9s attendues \u00e0 Abidjan, lundi prochain\u00a0 - Amanien| L&#039;actualit\u00e9 Ivoirienne et Internationale\" \/>\n<meta property=\"og:description\" content=\"La c\u00e9r\u00e9monie solennelle d&rsquo;ouverture de la session ordinaire de l&rsquo;ann\u00e9e 2023( session unique) se tiendra le lundi 03 avril prochain au Palais de l&rsquo;Assembl\u00e9e Nationale, au Plateau. Elle sera coupl\u00e9e avec la 14\u00e8 Conf\u00e9rence des Pr\u00e9sidents d&rsquo;Assembl\u00e9es et de Sections de la r\u00e9gion Afrique de l&rsquo;Assembl\u00e9e Parlementaire de la Francophonie (APF). \u00a0L&rsquo;information a \u00e9t\u00e9 livr\u00e9e, [&hellip;]\" \/>\n<meta property=\"og:url\" content=\"https:\/\/www.amanien.info\/news\/ouverture-de-la-session-ordinaire-2023-de-lan-et-de-la-14e-conference-de-lapf-plusieurs-personnalites-attendues-a-abidjan-lundi-prochain\/\" \/>\n<meta property=\"og:site_name\" content=\"Amanien| L&#039;actualit\u00e9 Ivoirienne et Internationale\" \/>\n<meta property=\"article:published_time\" content=\"2023-03-30T20:32:13+00:00\" \/>\n<meta property=\"article:modified_time\" content=\"2023-03-30T20:33:06+00:00\" \/>\n<meta property=\"og:image\" content=\"https:\/\/www.amanien.info\/news\/wp-content\/uploads\/2023\/03\/IMG-20230329-WA0033.jpg\" \/>\n\t<meta property=\"og:image:width\" content=\"1600\" \/>\n\t<meta property=\"og:image:height\" content=\"1066\" \/>\n\t<meta property=\"og:image:type\" content=\"image\/jpeg\" \/>\n<meta name=\"author\" content=\"Germain Ndri\" \/>\n<meta name=\"twitter:card\" content=\"summary_large_image\" \/>\n<meta name=\"twitter:label1\" content=\"\u00c9crit par\" \/>\n\t<meta name=\"twitter:data1\" content=\"Germain Ndri\" \/>\n\t<meta name=\"twitter:label2\" content=\"Dur\u00e9e de lecture estim\u00e9e\" \/>\n\t<meta name=\"twitter:data2\" content=\"4 minutes\" \/>\n<script type=\"application\/ld+json\" class=\"yoast-schema-graph\">{\"@context\":\"https:\\\/\\\/schema.org\",\"@graph\":[{\"@type\":\"Article\",\"@id\":\"https:\\\/\\\/www.amanien.info\\\/news\\\/ouverture-de-la-session-ordinaire-2023-de-lan-et-de-la-14e-conference-de-lapf-plusieurs-personnalites-attendues-a-abidjan-lundi-prochain\\\/#article\",\"isPartOf\":{\"@id\":\"https:\\\/\\\/www.amanien.info\\\/news\\\/ouverture-de-la-session-ordinaire-2023-de-lan-et-de-la-14e-conference-de-lapf-plusieurs-personnalites-attendues-a-abidjan-lundi-prochain\\\/\"},\"author\":{\"name\":\"Germain Ndri\",\"@id\":\"https:\\\/\\\/www.amanien.info\\\/news\\\/#\\\/schema\\\/person\\\/b21093345753a1a98242d505bd894f42\"},\"headline\":\"Ouverture de la session ordinaire 2023 de l&rsquo;AN et de la 14\u00e8 Conf\u00e9rence de l&rsquo;APF : Plusieurs personnalit\u00e9s attendues \u00e0 Abidjan, lundi prochain\u00a0\",\"datePublished\":\"2023-03-30T20:32:13+00:00\",\"dateModified\":\"2023-03-30T20:33:06+00:00\",\"mainEntityOfPage\":{\"@id\":\"https:\\\/\\\/www.amanien.info\\\/news\\\/ouverture-de-la-session-ordinaire-2023-de-lan-et-de-la-14e-conference-de-lapf-plusieurs-personnalites-attendues-a-abidjan-lundi-prochain\\\/\"},\"wordCount\":822,\"image\":{\"@id\":\"https:\\\/\\\/www.amanien.info\\\/news\\\/ouverture-de-la-session-ordinaire-2023-de-lan-et-de-la-14e-conference-de-lapf-plusieurs-personnalites-attendues-a-abidjan-lundi-prochain\\\/#primaryimage\"},\"thumbnailUrl\":\"https:\\\/\\\/www.amanien.info\\\/news\\\/wp-content\\\/uploads\\\/2023\\\/03\\\/IMG-20230329-WA0033.jpg\",\"inLanguage\":\"fr-FR\"},{\"@type\":\"WebPage\",\"@id\":\"https:\\\/\\\/www.amanien.info\\\/news\\\/ouverture-de-la-session-ordinaire-2023-de-lan-et-de-la-14e-conference-de-lapf-plusieurs-personnalites-attendues-a-abidjan-lundi-prochain\\\/\",\"url\":\"https:\\\/\\\/www.amanien.info\\\/news\\\/ouverture-de-la-session-ordinaire-2023-de-lan-et-de-la-14e-conference-de-lapf-plusieurs-personnalites-attendues-a-abidjan-lundi-prochain\\\/\",\"name\":\"Ouverture de la session ordinaire 2023 de l'AN et de la 14\u00e8 Conf\u00e9rence de l'APF : Plusieurs personnalit\u00e9s attendues \u00e0 Abidjan, lundi prochain\u00a0 - Amanien| L&#039;actualit\u00e9 Ivoirienne et Internationale\",\"isPartOf\":{\"@id\":\"https:\\\/\\\/www.amanien.info\\\/news\\\/#website\"},\"primaryImageOfPage\":{\"@id\":\"https:\\\/\\\/www.amanien.info\\\/news\\\/ouverture-de-la-session-ordinaire-2023-de-lan-et-de-la-14e-conference-de-lapf-plusieurs-personnalites-attendues-a-abidjan-lundi-prochain\\\/#primaryimage\"},\"image\":{\"@id\":\"https:\\\/\\\/www.amanien.info\\\/news\\\/ouverture-de-la-session-ordinaire-2023-de-lan-et-de-la-14e-conference-de-lapf-plusieurs-personnalites-attendues-a-abidjan-lundi-prochain\\\/#primaryimage\"},\"thumbnailUrl\":\"https:\\\/\\\/www.amanien.info\\\/news\\\/wp-content\\\/uploads\\\/2023\\\/03\\\/IMG-20230329-WA0033.jpg\",\"datePublished\":\"2023-03-30T20:32:13+00:00\",\"dateModified\":\"2023-03-30T20:33:06+00:00\",\"author\":{\"@id\":\"https:\\\/\\\/www.amanien.info\\\/news\\\/#\\\/schema\\\/person\\\/b21093345753a1a98242d505bd894f42\"},\"breadcrumb\":{\"@id\":\"https:\\\/\\\/www.amanien.info\\\/news\\\/ouverture-de-la-session-ordinaire-2023-de-lan-et-de-la-14e-conference-de-lapf-plusieurs-personnalites-attendues-a-abidjan-lundi-prochain\\\/#breadcrumb\"},\"inLanguage\":\"fr-FR\",\"potentialAction\":[{\"@type\":\"ReadAction\",\"target\":[\"https:\\\/\\\/www.amanien.info\\\/news\\\/ouverture-de-la-session-ordinaire-2023-de-lan-et-de-la-14e-conference-de-lapf-plusieurs-personnalites-attendues-a-abidjan-lundi-prochain\\\/\"]}]},{\"@type\":\"ImageObject\",\"inLanguage\":\"fr-FR\",\"@id\":\"https:\\\/\\\/www.amanien.info\\\/news\\\/ouverture-de-la-session-ordinaire-2023-de-lan-et-de-la-14e-conference-de-lapf-plusieurs-personnalites-attendues-a-abidjan-lundi-prochain\\\/#primaryimage\",\"url\":\"https:\\\/\\\/www.amanien.info\\\/news\\\/wp-content\\\/uploads\\\/2023\\\/03\\\/IMG-20230329-WA0033.jpg\",\"contentUrl\":\"https:\\\/\\\/www.amanien.info\\\/news\\\/wp-content\\\/uploads\\\/2023\\\/03\\\/IMG-20230329-WA0033.jpg\",\"width\":1600,\"height\":1066},{\"@type\":\"BreadcrumbList\",\"@id\":\"https:\\\/\\\/www.amanien.info\\\/news\\\/ouverture-de-la-session-ordinaire-2023-de-lan-et-de-la-14e-conference-de-lapf-plusieurs-personnalites-attendues-a-abidjan-lundi-prochain\\\/#breadcrumb\",\"itemListElement\":[{\"@type\":\"ListItem\",\"position\":1,\"name\":\"Accueil\",\"item\":\"https:\\\/\\\/www.amanien.info\\\/news\\\/\"},{\"@type\":\"ListItem\",\"position\":2,\"name\":\"Ouverture de la session ordinaire 2023 de l&rsquo;AN et de la 14\u00e8 Conf\u00e9rence de l&rsquo;APF : Plusieurs personnalit\u00e9s attendues \u00e0 Abidjan, lundi prochain\u00a0\"}]},{\"@type\":\"WebSite\",\"@id\":\"https:\\\/\\\/www.amanien.info\\\/news\\\/#website\",\"url\":\"https:\\\/\\\/www.amanien.info\\\/news\\\/\",\"name\":\"Amanien| L&#039;actualit\u00e9 Ivoirienne et Internationale\",\"description\":\"L&#039;actualit\u00e9 Ivoirienne et Internationale\",\"potentialAction\":[{\"@type\":\"SearchAction\",\"target\":{\"@type\":\"EntryPoint\",\"urlTemplate\":\"https:\\\/\\\/www.amanien.info\\\/news\\\/?s={search_term_string}\"},\"query-input\":{\"@type\":\"PropertyValueSpecification\",\"valueRequired\":true,\"valueName\":\"search_term_string\"}}],\"inLanguage\":\"fr-FR\"},{\"@type\":\"Person\",\"@id\":\"https:\\\/\\\/www.amanien.info\\\/news\\\/#\\\/schema\\\/person\\\/b21093345753a1a98242d505bd894f42\",\"name\":\"Germain Ndri\",\"url\":\"https:\\\/\\\/www.amanien.info\\\/news\\\/author\\\/amanien-infos\\\/\"}]}<\/script>\n<!-- \/ Yoast SEO plugin. -->","yoast_head_json":{"title":"Ouverture de la session ordinaire 2023 de l'AN et de la 14\u00e8 Conf\u00e9rence de l'APF : Plusieurs personnalit\u00e9s attendues \u00e0 Abidjan, lundi prochain\u00a0 - Amanien| L&#039;actualit\u00e9 Ivoirienne et Internationale","robots":{"index":"index","follow":"follow","max-snippet":"max-snippet:-1","max-image-preview":"max-image-preview:large","max-video-preview":"max-video-preview:-1"},"canonical":"https:\/\/www.amanien.info\/news\/ouverture-de-la-session-ordinaire-2023-de-lan-et-de-la-14e-conference-de-lapf-plusieurs-personnalites-attendues-a-abidjan-lundi-prochain\/","og_locale":"fr_FR","og_type":"article","og_title":"Ouverture de la session ordinaire 2023 de l'AN et de la 14\u00e8 Conf\u00e9rence de l'APF : Plusieurs personnalit\u00e9s attendues \u00e0 Abidjan, lundi prochain\u00a0 - Amanien| L&#039;actualit\u00e9 Ivoirienne et Internationale","og_description":"La c\u00e9r\u00e9monie solennelle d&rsquo;ouverture de la session ordinaire de l&rsquo;ann\u00e9e 2023( session unique) se tiendra le lundi 03 avril prochain au Palais de l&rsquo;Assembl\u00e9e Nationale, au Plateau. Elle sera coupl\u00e9e avec la 14\u00e8 Conf\u00e9rence des Pr\u00e9sidents d&rsquo;Assembl\u00e9es et de Sections de la r\u00e9gion Afrique de l&rsquo;Assembl\u00e9e Parlementaire de la Francophonie (APF). \u00a0L&rsquo;information a \u00e9t\u00e9 livr\u00e9e, [&hellip;]","og_url":"https:\/\/www.amanien.info\/news\/ouverture-de-la-session-ordinaire-2023-de-lan-et-de-la-14e-conference-de-lapf-plusieurs-personnalites-attendues-a-abidjan-lundi-prochain\/","og_site_name":"Amanien| L&#039;actualit\u00e9 Ivoirienne et Internationale","article_published_time":"2023-03-30T20:32:13+00:00","article_modified_time":"2023-03-30T20:33:06+00:00","og_image":[{"width":1600,"height":1066,"url":"https:\/\/www.amanien.info\/news\/wp-content\/uploads\/2023\/03\/IMG-20230329-WA0033.jpg","type":"image\/jpeg"}],"author":"Germain Ndri","twitter_card":"summary_large_image","twitter_misc":{"\u00c9crit par":"Germain Ndri","Dur\u00e9e de lecture estim\u00e9e":"4 minutes"},"schema":{"@context":"https:\/\/schema.org","@graph":[{"@type":"Article","@id":"https:\/\/www.amanien.info\/news\/ouverture-de-la-session-ordinaire-2023-de-lan-et-de-la-14e-conference-de-lapf-plusieurs-personnalites-attendues-a-abidjan-lundi-prochain\/#article","isPartOf":{"@id":"https:\/\/www.amanien.info\/news\/ouverture-de-la-session-ordinaire-2023-de-lan-et-de-la-14e-conference-de-lapf-plusieurs-personnalites-attendues-a-abidjan-lundi-prochain\/"},"author":{"name":"Germain Ndri","@id":"https:\/\/www.amanien.info\/news\/#\/schema\/person\/b21093345753a1a98242d505bd894f42"},"headline":"Ouverture de la session ordinaire 2023 de l&rsquo;AN et de la 14\u00e8 Conf\u00e9rence de l&rsquo;APF : Plusieurs personnalit\u00e9s attendues \u00e0 Abidjan, lundi prochain\u00a0","datePublished":"2023-03-30T20:32:13+00:00","dateModified":"2023-03-30T20:33:06+00:00","mainEntityOfPage":{"@id":"https:\/\/www.amanien.info\/news\/ouverture-de-la-session-ordinaire-2023-de-lan-et-de-la-14e-conference-de-lapf-plusieurs-personnalites-attendues-a-abidjan-lundi-prochain\/"},"wordCount":822,"image":{"@id":"https:\/\/www.amanien.info\/news\/ouverture-de-la-session-ordinaire-2023-de-lan-et-de-la-14e-conference-de-lapf-plusieurs-personnalites-attendues-a-abidjan-lundi-prochain\/#primaryimage"},"thumbnailUrl":"https:\/\/www.amanien.info\/news\/wp-content\/uploads\/2023\/03\/IMG-20230329-WA0033.jpg","inLanguage":"fr-FR"},{"@type":"WebPage","@id":"https:\/\/www.amanien.info\/news\/ouverture-de-la-session-ordinaire-2023-de-lan-et-de-la-14e-conference-de-lapf-plusieurs-personnalites-attendues-a-abidjan-lundi-prochain\/","url":"https:\/\/www.amanien.info\/news\/ouverture-de-la-session-ordinaire-2023-de-lan-et-de-la-14e-conference-de-lapf-plusieurs-personnalites-attendues-a-abidjan-lundi-prochain\/","name":"Ouverture de la session ordinaire 2023 de l'AN et de la 14\u00e8 Conf\u00e9rence de l'APF : Plusieurs personnalit\u00e9s attendues \u00e0 Abidjan, lundi prochain\u00a0 - Amanien| L&#039;actualit\u00e9 Ivoirienne et Internationale","isPartOf":{"@id":"https:\/\/www.amanien.info\/news\/#website"},"primaryImageOfPage":{"@id":"https:\/\/www.amanien.info\/news\/ouverture-de-la-session-ordinaire-2023-de-lan-et-de-la-14e-conference-de-lapf-plusieurs-personnalites-attendues-a-abidjan-lundi-prochain\/#primaryimage"},"image":{"@id":"https:\/\/www.amanien.info\/news\/ouverture-de-la-session-ordinaire-2023-de-lan-et-de-la-14e-conference-de-lapf-plusieurs-personnalites-attendues-a-abidjan-lundi-prochain\/#primaryimage"},"thumbnailUrl":"https:\/\/www.amanien.info\/news\/wp-content\/uploads\/2023\/03\/IMG-20230329-WA0033.jpg","datePublished":"2023-03-30T20:32:13+00:00","dateModified":"2023-03-30T20:33:06+00:00","author":{"@id":"https:\/\/www.amanien.info\/news\/#\/schema\/person\/b21093345753a1a98242d505bd894f42"},"breadcrumb":{"@id":"https:\/\/www.amanien.info\/news\/ouverture-de-la-session-ordinaire-2023-de-lan-et-de-la-14e-conference-de-lapf-plusieurs-personnalites-attendues-a-abidjan-lundi-prochain\/#breadcrumb"},"inLanguage":"fr-FR","potentialAction":[{"@type":"ReadAction","target":["https:\/\/www.amanien.info\/news\/ouverture-de-la-session-ordinaire-2023-de-lan-et-de-la-14e-conference-de-lapf-plusieurs-personnalites-attendues-a-abidjan-lundi-prochain\/"]}]},{"@type":"ImageObject","inLanguage":"fr-FR","@id":"https:\/\/www.amanien.info\/news\/ouverture-de-la-session-ordinaire-2023-de-lan-et-de-la-14e-conference-de-lapf-plusieurs-personnalites-attendues-a-abidjan-lundi-prochain\/#primaryimage","url":"https:\/\/www.amanien.info\/news\/wp-content\/uploads\/2023\/03\/IMG-20230329-WA0033.jpg","contentUrl":"https:\/\/www.amanien.info\/news\/wp-content\/uploads\/2023\/03\/IMG-20230329-WA0033.jpg","width":1600,"height":1066},{"@type":"BreadcrumbList","@id":"https:\/\/www.amanien.info\/news\/ouverture-de-la-session-ordinaire-2023-de-lan-et-de-la-14e-conference-de-lapf-plusieurs-personnalites-attendues-a-abidjan-lundi-prochain\/#breadcrumb","itemListElement":[{"@type":"ListItem","position":1,"name":"Accueil","item":"https:\/\/www.amanien.info\/news\/"},{"@type":"ListItem","position":2,"name":"Ouverture de la session ordinaire 2023 de l&rsquo;AN et de la 14\u00e8 Conf\u00e9rence de l&rsquo;APF : Plusieurs personnalit\u00e9s attendues \u00e0 Abidjan, lundi prochain\u00a0"}]},{"@type":"WebSite","@id":"https:\/\/www.amanien.info\/news\/#website","url":"https:\/\/www.amanien.info\/news\/","name":"Amanien| L&#039;actualit\u00e9 Ivoirienne et Internationale","description":"L&#039;actualit\u00e9 Ivoirienne et Internationale","potentialAction":[{"@type":"SearchAction","target":{"@type":"EntryPoint","urlTemplate":"https:\/\/www.amanien.info\/news\/?s={search_term_string}"},"query-input":{"@type":"PropertyValueSpecification","valueRequired":true,"valueName":"search_term_string"}}],"inLanguage":"fr-FR"},{"@type":"Person","@id":"https:\/\/www.amanien.info\/news\/#\/schema\/person\/b21093345753a1a98242d505bd894f42","name":"Germain Ndri","url":"https:\/\/www.amanien.info\/news\/author\/amanien-infos\/"}]}},"_links":{"self":[{"href":"https:\/\/www.amanien.info\/news\/wp-json\/wp\/v2\/posts\/4149","targetHints":{"allow":["GET"]}}],"collection":[{"href":"https:\/\/www.amanien.info\/news\/wp-json\/wp\/v2\/posts"}],"about":[{"href":"https:\/\/www.amanien.info\/news\/wp-json\/wp\/v2\/types\/post"}],"author":[{"embeddable":true,"href":"https:\/\/www.amanien.info\/news\/wp-json\/wp\/v2\/users\/2"}],"replies":[{"embeddable":true,"href":"https:\/\/www.amanien.info\/news\/wp-json\/wp\/v2\/comments?post=4149"}],"version-history":[{"count":1,"href":"https:\/\/www.amanien.info\/news\/wp-json\/wp\/v2\/posts\/4149\/revisions"}],"predecessor-version":[{"id":4151,"href":"https:\/\/www.amanien.info\/news\/wp-json\/wp\/v2\/posts\/4149\/revisions\/4151"}],"wp:featuredmedia":[{"embeddable":true,"href":"https:\/\/www.amanien.info\/news\/wp-json\/wp\/v2\/media\/4150"}],"wp:attachment":[{"href":"https:\/\/www.amanien.info\/news\/wp-json\/wp\/v2\/media?parent=4149"}],"wp:term":[{"taxonomy":"category","embeddable":true,"href":"https:\/\/www.amanien.info\/news\/wp-json\/wp\/v2\/categories?post=4149"},{"taxonomy":"post_tag","embeddable":true,"href":"https:\/\/www.amanien.info\/news\/wp-json\/wp\/v2\/tags?post=4149"}],"curies":[{"name":"wp","href":"https:\/\/api.w.org\/{rel}","templated":true}]}}