{"id":4119,"date":"2023-03-16T08:45:50","date_gmt":"2023-03-16T08:45:50","guid":{"rendered":"https:\/\/www.https:\/\/zozo.buyee.jp\/\/news\/?p=4119"},"modified":"2023-03-16T08:46:49","modified_gmt":"2023-03-16T08:46:49","slug":"formation-et-insertion-professionnelle-des-attestations-de-fin-de-formation-aux-metiers-de-la-mer-et-de-lindustrie-remises-a-1000-jeunes","status":"publish","type":"post","link":"https:\/\/www.amanien.info\/news\/formation-et-insertion-professionnelle-des-attestations-de-fin-de-formation-aux-metiers-de-la-mer-et-de-lindustrie-remises-a-1000-jeunes\/","title":{"rendered":"Formation et insertion professionnelle : Des\u00a0 attestations de fin de formation aux m\u00e9tiers de la mer et de l&rsquo;industrie remises \u00e0 1000 jeunes\u00a0"},"content":{"rendered":"<div>\n<div>Le Premier Ministre ivoirien Patrick Achi a proced\u00e9, ce mercredi 15 mars 2023, \u00e0 l&rsquo;Acad\u00e9mie R\u00e9gionale des Sciences et Techniques de la Mer (ARSTM) sise \u00e0 Yopougon (Abidjan), \u00e0 la remise des attestations de fin de formation \u00e0 1000 jeunes form\u00e9s aux m\u00e9tiers de la mer et de l\u2019industrie, en pr\u00e9sence de plusieurs membres du Gouvernement.<\/div>\n<div><\/div>\n<div>\n<div>\u00ab\u00a0Nous avons l&rsquo;honneur de remettre les attestations de formation et d\u2019apprentissage aux m\u00e9tiers de la mer et d\u2019industrie \u00e0 1 000 jeunes. Ces jeunes sont form\u00e9s \u00e0 des m\u00e9tiers de l\u2019avenir, porteurs d\u2019opportunit\u00e9s incroyables dans une nation comme la n\u00f4tre qui doit toujours mieux exploiter son potentiel maritime \u00bb, a d\u00e9clar\u00e9 le Premier Ministre Patrick Achi.<\/div>\n<div><\/div>\n<div><\/div>\n<\/div>\n<div>\n<div>Aux dires du Chef du Gouvernement, 100% des 1 000 jeunes issus de ce dispositif destin\u00e9 \u00e0 am\u00e9liorer leur employabilit\u00e9 ont obtenu un stage et 783 l\u2019ont termin\u00e9.<\/div>\n<div><\/div>\n<div><\/div>\n<div>B\u00e9n\u00e9ficiaire d\u2019une fa\u00e7ade maritime de 600 km, la C\u00f4te d\u2019Ivoire, indique-t-il, a besoin de ressources humaines nombreuses, engag\u00e9es et bien form\u00e9es pour d\u00e9velopper les activit\u00e9s en lien avec la mer.<\/div>\n<div><\/div>\n<div>\u00a0A l&rsquo;en croire, cette initiative est la preuve concr\u00e8te de la politique volontariste de formation adapt\u00e9e pour tous les jeunes sortis du syst\u00e8me scolaire, souvent sans dipl\u00f4mes ou sans qualification et sans emplois.<\/div>\n<div><\/div>\n<div>Rappelant que\u00a0 \u00ab\u00a0la C\u00f4te d\u2019Ivoire doit int\u00e9grer 8 millions de jeunes sur le march\u00e9 du travail dans les 10 ann\u00e9es \u00e0 venir. C\u2019est dans cette perspective que le gouvernement a mobilis\u00e9 des opportunit\u00e9s d\u2019insertion pour environ 660 000 jeunes sur la p\u00e9riode 2022-2024 dans le cadre du lancement du programme national de stage d\u2019apprentissage et de reconversion (PNSAR)\u00a0\u00bb a-t-il dit.<\/div>\n<div><\/div>\n<div>Pour sa part, le Ministre de la Promotion de la jeunesse, de l&rsquo;insertion professionnelle et du service civique (MPJIPSC), Mamadou Tour\u00e9 a indiqu\u00e9 que 438 parmi les 1000 jeunes form\u00e9s, soit 43% ont d\u00e9j\u00e0 \u00e9t\u00e9 ins\u00e9r\u00e9s dans des entreprises. Quant aux 562 autres, ils attendent \u00e9galement d&rsquo;\u00eatre ins\u00e9r\u00e9s dans les prochains jours.<\/div>\n<div><\/div>\n<div><\/div>\n<div>Le Directeur G\u00e9n\u00e9ral de l&rsquo;ARSTM, le Colonel Karim Coulibaly a, quant \u00e0 lui, r\u00e9it\u00e9r\u00e9 l&rsquo;engagement de son institution \u00e0 accompagner le Minist\u00e8re de la promotion de la jeunesse, de l&rsquo;insertion professionnelle et du service civique (MPJIPSC) dans ses initiatives d&rsquo;insertion professionnelle des jeunes et plus pr\u00e9cis\u00e9ment dans la mise en \u0153uvre du programme national de stage, d&rsquo;apprentissage et de reconversion (PNSAR).<\/div>\n<div><\/div>\n<\/div>\n<\/div>\n<div>\n<div>\n<div>Les b\u00e9n\u00e9ficiaires ont, par la voix de Mlle Batti\u00e9 Lou Florence, traduit leur gratitude au Pr\u00e9sident de la R\u00e9publique pour sa vision, sa volont\u00e9 et son engagement acharn\u00e9 pour une jeunesse au travail. \u00ab Gr\u00e2ce \u00e0 ces mois de formation, nous sommes aujourd\u2019hui de potentiels travailleurs. Nos pr\u00e9d\u00e9cesseurs et plusieurs de nos amis, avec l\u2019appui des entreprises partenaires de ce projet, ont pu \u00eatre ins\u00e9r\u00e9s\u00a0\u00bb s&rsquo;est r\u00e9jouie la Porte-parole des b\u00e9n\u00e9ficiaires, Mlle Batti\u00e9 Lou Florence.<\/div>\n<div><\/div>\n<div><\/div>\n<div>Initi\u00e9 dans le cadre de l&rsquo;\u00e9cole de la deuxi\u00e8me chance (E2C), le PNSAR vise \u00e0 mettre en formation des jeunes d\u00e9scolaris\u00e9s ou faiblement scolaris\u00e9s, en vue de d\u00e9velopper leur employabilit\u00e9 \u00e0 travers l&rsquo;apprentissage d&rsquo;un m\u00e9tier. Mille cinq cents (1 500) jeunes, rappelle-t-on, ont b\u00e9n\u00e9fici\u00e9 de ce programme de formation dans les domaines de la navigation maritime et lagunaire, de la maintenance industrielle, de la manutention portuaire, de l&rsquo;\u00e9lectro-m\u00e9canique ainsi que de l&rsquo;exploitation des produits de la mer.<\/div>\n<div><\/div>\n<div><b>S.A.<\/b><\/div>\n<\/div>\n<\/div>\n","protected":false},"excerpt":{"rendered":"<p>Le Premier Ministre ivoirien Patrick Achi a proced\u00e9, ce mercredi 15 mars 2023, \u00e0 l&rsquo;Acad\u00e9mie R\u00e9gionale des Sciences et Techniques de la Mer (ARSTM) sise \u00e0 Yopougon (Abidjan), \u00e0 la remise des attestations de fin de formation \u00e0 1000 jeunes form\u00e9s aux m\u00e9tiers de la mer et de l\u2019industrie, en pr\u00e9sence de plusieurs membres du [&hellip;]<\/p>\n","protected":false},"author":2,"featured_media":4120,"comment_status":"closed","ping_status":"closed","sticky":true,"template":"","format":"standard","meta":{"_acf_changed":false,"footnotes":""},"categories":[],"tags":[],"class_list":["post-4119","post","type-post","status-publish","format-standard","has-post-thumbnail","hentry"],"acf":[],"yoast_head":"<!-- This site is optimized with the Yoast SEO plugin v27.5 - https:\/\/yoast.com\/product\/yoast-seo-wordpress\/ -->\n<title>Formation et insertion professionnelle : Des\u00a0 attestations de fin de formation aux m\u00e9tiers de la mer et de l&#039;industrie remises \u00e0 1000 jeunes\u00a0 - Amanien| L&#039;actualit\u00e9 Ivoirienne et Internationale<\/title>\n<meta name=\"robots\" content=\"index, follow, max-snippet:-1, max-image-preview:large, max-video-preview:-1\" \/>\n<link rel=\"canonical\" href=\"https:\/\/www.amanien.info\/news\/formation-et-insertion-professionnelle-des-attestations-de-fin-de-formation-aux-metiers-de-la-mer-et-de-lindustrie-remises-a-1000-jeunes\/\" \/>\n<meta property=\"og:locale\" content=\"fr_FR\" \/>\n<meta property=\"og:type\" content=\"article\" \/>\n<meta property=\"og:title\" content=\"Formation et insertion professionnelle : Des\u00a0 attestations de fin de formation aux m\u00e9tiers de la mer et de l&#039;industrie remises \u00e0 1000 jeunes\u00a0 - Amanien| L&#039;actualit\u00e9 Ivoirienne et Internationale\" \/>\n<meta property=\"og:description\" content=\"Le Premier Ministre ivoirien Patrick Achi a proced\u00e9, ce mercredi 15 mars 2023, \u00e0 l&rsquo;Acad\u00e9mie R\u00e9gionale des Sciences et Techniques de la Mer (ARSTM) sise \u00e0 Yopougon (Abidjan), \u00e0 la remise des attestations de fin de formation \u00e0 1000 jeunes form\u00e9s aux m\u00e9tiers de la mer et de l\u2019industrie, en pr\u00e9sence de plusieurs membres du [&hellip;]\" \/>\n<meta property=\"og:url\" content=\"https:\/\/www.amanien.info\/news\/formation-et-insertion-professionnelle-des-attestations-de-fin-de-formation-aux-metiers-de-la-mer-et-de-lindustrie-remises-a-1000-jeunes\/\" \/>\n<meta property=\"og:site_name\" content=\"Amanien| L&#039;actualit\u00e9 Ivoirienne et Internationale\" \/>\n<meta property=\"article:published_time\" content=\"2023-03-16T08:45:50+00:00\" \/>\n<meta property=\"article:modified_time\" content=\"2023-03-16T08:46:49+00:00\" \/>\n<meta property=\"og:image\" content=\"https:\/\/www.amanien.info\/news\/wp-content\/uploads\/2023\/03\/fhdgfghhdsrgfhgjd.jpg\" \/>\n\t<meta property=\"og:image:width\" content=\"1600\" \/>\n\t<meta property=\"og:image:height\" content=\"1025\" \/>\n\t<meta property=\"og:image:type\" content=\"image\/jpeg\" \/>\n<meta name=\"author\" content=\"Germain Ndri\" \/>\n<meta name=\"twitter:card\" content=\"summary_large_image\" \/>\n<meta name=\"twitter:label1\" content=\"\u00c9crit par\" \/>\n\t<meta name=\"twitter:data1\" content=\"Germain Ndri\" \/>\n\t<meta name=\"twitter:label2\" content=\"Dur\u00e9e de lecture estim\u00e9e\" \/>\n\t<meta name=\"twitter:data2\" content=\"3 minutes\" \/>\n<script type=\"application\/ld+json\" class=\"yoast-schema-graph\">{\"@context\":\"https:\\\/\\\/schema.org\",\"@graph\":[{\"@type\":\"Article\",\"@id\":\"https:\\\/\\\/www.amanien.info\\\/news\\\/formation-et-insertion-professionnelle-des-attestations-de-fin-de-formation-aux-metiers-de-la-mer-et-de-lindustrie-remises-a-1000-jeunes\\\/#article\",\"isPartOf\":{\"@id\":\"https:\\\/\\\/www.amanien.info\\\/news\\\/formation-et-insertion-professionnelle-des-attestations-de-fin-de-formation-aux-metiers-de-la-mer-et-de-lindustrie-remises-a-1000-jeunes\\\/\"},\"author\":{\"name\":\"Germain Ndri\",\"@id\":\"https:\\\/\\\/www.amanien.info\\\/news\\\/#\\\/schema\\\/person\\\/b21093345753a1a98242d505bd894f42\"},\"headline\":\"Formation et insertion professionnelle : Des\u00a0 attestations de fin de formation aux m\u00e9tiers de la mer et de l&rsquo;industrie remises \u00e0 1000 jeunes\u00a0\",\"datePublished\":\"2023-03-16T08:45:50+00:00\",\"dateModified\":\"2023-03-16T08:46:49+00:00\",\"mainEntityOfPage\":{\"@id\":\"https:\\\/\\\/www.amanien.info\\\/news\\\/formation-et-insertion-professionnelle-des-attestations-de-fin-de-formation-aux-metiers-de-la-mer-et-de-lindustrie-remises-a-1000-jeunes\\\/\"},\"wordCount\":611,\"image\":{\"@id\":\"https:\\\/\\\/www.amanien.info\\\/news\\\/formation-et-insertion-professionnelle-des-attestations-de-fin-de-formation-aux-metiers-de-la-mer-et-de-lindustrie-remises-a-1000-jeunes\\\/#primaryimage\"},\"thumbnailUrl\":\"https:\\\/\\\/www.amanien.info\\\/news\\\/wp-content\\\/uploads\\\/2023\\\/03\\\/fhdgfghhdsrgfhgjd.jpg\",\"inLanguage\":\"fr-FR\"},{\"@type\":\"WebPage\",\"@id\":\"https:\\\/\\\/www.amanien.info\\\/news\\\/formation-et-insertion-professionnelle-des-attestations-de-fin-de-formation-aux-metiers-de-la-mer-et-de-lindustrie-remises-a-1000-jeunes\\\/\",\"url\":\"https:\\\/\\\/www.amanien.info\\\/news\\\/formation-et-insertion-professionnelle-des-attestations-de-fin-de-formation-aux-metiers-de-la-mer-et-de-lindustrie-remises-a-1000-jeunes\\\/\",\"name\":\"Formation et insertion professionnelle : Des\u00a0 attestations de fin de formation aux m\u00e9tiers de la mer et de l'industrie remises \u00e0 1000 jeunes\u00a0 - Amanien| L&#039;actualit\u00e9 Ivoirienne et Internationale\",\"isPartOf\":{\"@id\":\"https:\\\/\\\/www.amanien.info\\\/news\\\/#website\"},\"primaryImageOfPage\":{\"@id\":\"https:\\\/\\\/www.amanien.info\\\/news\\\/formation-et-insertion-professionnelle-des-attestations-de-fin-de-formation-aux-metiers-de-la-mer-et-de-lindustrie-remises-a-1000-jeunes\\\/#primaryimage\"},\"image\":{\"@id\":\"https:\\\/\\\/www.amanien.info\\\/news\\\/formation-et-insertion-professionnelle-des-attestations-de-fin-de-formation-aux-metiers-de-la-mer-et-de-lindustrie-remises-a-1000-jeunes\\\/#primaryimage\"},\"thumbnailUrl\":\"https:\\\/\\\/www.amanien.info\\\/news\\\/wp-content\\\/uploads\\\/2023\\\/03\\\/fhdgfghhdsrgfhgjd.jpg\",\"datePublished\":\"2023-03-16T08:45:50+00:00\",\"dateModified\":\"2023-03-16T08:46:49+00:00\",\"author\":{\"@id\":\"https:\\\/\\\/www.amanien.info\\\/news\\\/#\\\/schema\\\/person\\\/b21093345753a1a98242d505bd894f42\"},\"breadcrumb\":{\"@id\":\"https:\\\/\\\/www.amanien.info\\\/news\\\/formation-et-insertion-professionnelle-des-attestations-de-fin-de-formation-aux-metiers-de-la-mer-et-de-lindustrie-remises-a-1000-jeunes\\\/#breadcrumb\"},\"inLanguage\":\"fr-FR\",\"potentialAction\":[{\"@type\":\"ReadAction\",\"target\":[\"https:\\\/\\\/www.amanien.info\\\/news\\\/formation-et-insertion-professionnelle-des-attestations-de-fin-de-formation-aux-metiers-de-la-mer-et-de-lindustrie-remises-a-1000-jeunes\\\/\"]}]},{\"@type\":\"ImageObject\",\"inLanguage\":\"fr-FR\",\"@id\":\"https:\\\/\\\/www.amanien.info\\\/news\\\/formation-et-insertion-professionnelle-des-attestations-de-fin-de-formation-aux-metiers-de-la-mer-et-de-lindustrie-remises-a-1000-jeunes\\\/#primaryimage\",\"url\":\"https:\\\/\\\/www.amanien.info\\\/news\\\/wp-content\\\/uploads\\\/2023\\\/03\\\/fhdgfghhdsrgfhgjd.jpg\",\"contentUrl\":\"https:\\\/\\\/www.amanien.info\\\/news\\\/wp-content\\\/uploads\\\/2023\\\/03\\\/fhdgfghhdsrgfhgjd.jpg\",\"width\":1600,\"height\":1025},{\"@type\":\"BreadcrumbList\",\"@id\":\"https:\\\/\\\/www.amanien.info\\\/news\\\/formation-et-insertion-professionnelle-des-attestations-de-fin-de-formation-aux-metiers-de-la-mer-et-de-lindustrie-remises-a-1000-jeunes\\\/#breadcrumb\",\"itemListElement\":[{\"@type\":\"ListItem\",\"position\":1,\"name\":\"Accueil\",\"item\":\"https:\\\/\\\/www.amanien.info\\\/news\\\/\"},{\"@type\":\"ListItem\",\"position\":2,\"name\":\"Formation et insertion professionnelle : Des\u00a0 attestations de fin de formation aux m\u00e9tiers de la mer et de l&rsquo;industrie remises \u00e0 1000 jeunes\u00a0\"}]},{\"@type\":\"WebSite\",\"@id\":\"https:\\\/\\\/www.amanien.info\\\/news\\\/#website\",\"url\":\"https:\\\/\\\/www.amanien.info\\\/news\\\/\",\"name\":\"Amanien| L&#039;actualit\u00e9 Ivoirienne et Internationale\",\"description\":\"L&#039;actualit\u00e9 Ivoirienne et Internationale\",\"potentialAction\":[{\"@type\":\"SearchAction\",\"target\":{\"@type\":\"EntryPoint\",\"urlTemplate\":\"https:\\\/\\\/www.amanien.info\\\/news\\\/?s={search_term_string}\"},\"query-input\":{\"@type\":\"PropertyValueSpecification\",\"valueRequired\":true,\"valueName\":\"search_term_string\"}}],\"inLanguage\":\"fr-FR\"},{\"@type\":\"Person\",\"@id\":\"https:\\\/\\\/www.amanien.info\\\/news\\\/#\\\/schema\\\/person\\\/b21093345753a1a98242d505bd894f42\",\"name\":\"Germain Ndri\",\"url\":\"https:\\\/\\\/www.amanien.info\\\/news\\\/author\\\/amanien-infos\\\/\"}]}<\/script>\n<!-- \/ Yoast SEO plugin. -->","yoast_head_json":{"title":"Formation et insertion professionnelle : Des\u00a0 attestations de fin de formation aux m\u00e9tiers de la mer et de l'industrie remises \u00e0 1000 jeunes\u00a0 - Amanien| L&#039;actualit\u00e9 Ivoirienne et Internationale","robots":{"index":"index","follow":"follow","max-snippet":"max-snippet:-1","max-image-preview":"max-image-preview:large","max-video-preview":"max-video-preview:-1"},"canonical":"https:\/\/www.amanien.info\/news\/formation-et-insertion-professionnelle-des-attestations-de-fin-de-formation-aux-metiers-de-la-mer-et-de-lindustrie-remises-a-1000-jeunes\/","og_locale":"fr_FR","og_type":"article","og_title":"Formation et insertion professionnelle : Des\u00a0 attestations de fin de formation aux m\u00e9tiers de la mer et de l'industrie remises \u00e0 1000 jeunes\u00a0 - Amanien| L&#039;actualit\u00e9 Ivoirienne et Internationale","og_description":"Le Premier Ministre ivoirien Patrick Achi a proced\u00e9, ce mercredi 15 mars 2023, \u00e0 l&rsquo;Acad\u00e9mie R\u00e9gionale des Sciences et Techniques de la Mer (ARSTM) sise \u00e0 Yopougon (Abidjan), \u00e0 la remise des attestations de fin de formation \u00e0 1000 jeunes form\u00e9s aux m\u00e9tiers de la mer et de l\u2019industrie, en pr\u00e9sence de plusieurs membres du [&hellip;]","og_url":"https:\/\/www.amanien.info\/news\/formation-et-insertion-professionnelle-des-attestations-de-fin-de-formation-aux-metiers-de-la-mer-et-de-lindustrie-remises-a-1000-jeunes\/","og_site_name":"Amanien| L&#039;actualit\u00e9 Ivoirienne et Internationale","article_published_time":"2023-03-16T08:45:50+00:00","article_modified_time":"2023-03-16T08:46:49+00:00","og_image":[{"width":1600,"height":1025,"url":"https:\/\/www.amanien.info\/news\/wp-content\/uploads\/2023\/03\/fhdgfghhdsrgfhgjd.jpg","type":"image\/jpeg"}],"author":"Germain Ndri","twitter_card":"summary_large_image","twitter_misc":{"\u00c9crit par":"Germain Ndri","Dur\u00e9e de lecture estim\u00e9e":"3 minutes"},"schema":{"@context":"https:\/\/schema.org","@graph":[{"@type":"Article","@id":"https:\/\/www.amanien.info\/news\/formation-et-insertion-professionnelle-des-attestations-de-fin-de-formation-aux-metiers-de-la-mer-et-de-lindustrie-remises-a-1000-jeunes\/#article","isPartOf":{"@id":"https:\/\/www.amanien.info\/news\/formation-et-insertion-professionnelle-des-attestations-de-fin-de-formation-aux-metiers-de-la-mer-et-de-lindustrie-remises-a-1000-jeunes\/"},"author":{"name":"Germain Ndri","@id":"https:\/\/www.amanien.info\/news\/#\/schema\/person\/b21093345753a1a98242d505bd894f42"},"headline":"Formation et insertion professionnelle : Des\u00a0 attestations de fin de formation aux m\u00e9tiers de la mer et de l&rsquo;industrie remises \u00e0 1000 jeunes\u00a0","datePublished":"2023-03-16T08:45:50+00:00","dateModified":"2023-03-16T08:46:49+00:00","mainEntityOfPage":{"@id":"https:\/\/www.amanien.info\/news\/formation-et-insertion-professionnelle-des-attestations-de-fin-de-formation-aux-metiers-de-la-mer-et-de-lindustrie-remises-a-1000-jeunes\/"},"wordCount":611,"image":{"@id":"https:\/\/www.amanien.info\/news\/formation-et-insertion-professionnelle-des-attestations-de-fin-de-formation-aux-metiers-de-la-mer-et-de-lindustrie-remises-a-1000-jeunes\/#primaryimage"},"thumbnailUrl":"https:\/\/www.amanien.info\/news\/wp-content\/uploads\/2023\/03\/fhdgfghhdsrgfhgjd.jpg","inLanguage":"fr-FR"},{"@type":"WebPage","@id":"https:\/\/www.amanien.info\/news\/formation-et-insertion-professionnelle-des-attestations-de-fin-de-formation-aux-metiers-de-la-mer-et-de-lindustrie-remises-a-1000-jeunes\/","url":"https:\/\/www.amanien.info\/news\/formation-et-insertion-professionnelle-des-attestations-de-fin-de-formation-aux-metiers-de-la-mer-et-de-lindustrie-remises-a-1000-jeunes\/","name":"Formation et insertion professionnelle : Des\u00a0 attestations de fin de formation aux m\u00e9tiers de la mer et de l'industrie remises \u00e0 1000 jeunes\u00a0 - Amanien| L&#039;actualit\u00e9 Ivoirienne et Internationale","isPartOf":{"@id":"https:\/\/www.amanien.info\/news\/#website"},"primaryImageOfPage":{"@id":"https:\/\/www.amanien.info\/news\/formation-et-insertion-professionnelle-des-attestations-de-fin-de-formation-aux-metiers-de-la-mer-et-de-lindustrie-remises-a-1000-jeunes\/#primaryimage"},"image":{"@id":"https:\/\/www.amanien.info\/news\/formation-et-insertion-professionnelle-des-attestations-de-fin-de-formation-aux-metiers-de-la-mer-et-de-lindustrie-remises-a-1000-jeunes\/#primaryimage"},"thumbnailUrl":"https:\/\/www.amanien.info\/news\/wp-content\/uploads\/2023\/03\/fhdgfghhdsrgfhgjd.jpg","datePublished":"2023-03-16T08:45:50+00:00","dateModified":"2023-03-16T08:46:49+00:00","author":{"@id":"https:\/\/www.amanien.info\/news\/#\/schema\/person\/b21093345753a1a98242d505bd894f42"},"breadcrumb":{"@id":"https:\/\/www.amanien.info\/news\/formation-et-insertion-professionnelle-des-attestations-de-fin-de-formation-aux-metiers-de-la-mer-et-de-lindustrie-remises-a-1000-jeunes\/#breadcrumb"},"inLanguage":"fr-FR","potentialAction":[{"@type":"ReadAction","target":["https:\/\/www.amanien.info\/news\/formation-et-insertion-professionnelle-des-attestations-de-fin-de-formation-aux-metiers-de-la-mer-et-de-lindustrie-remises-a-1000-jeunes\/"]}]},{"@type":"ImageObject","inLanguage":"fr-FR","@id":"https:\/\/www.amanien.info\/news\/formation-et-insertion-professionnelle-des-attestations-de-fin-de-formation-aux-metiers-de-la-mer-et-de-lindustrie-remises-a-1000-jeunes\/#primaryimage","url":"https:\/\/www.amanien.info\/news\/wp-content\/uploads\/2023\/03\/fhdgfghhdsrgfhgjd.jpg","contentUrl":"https:\/\/www.amanien.info\/news\/wp-content\/uploads\/2023\/03\/fhdgfghhdsrgfhgjd.jpg","width":1600,"height":1025},{"@type":"BreadcrumbList","@id":"https:\/\/www.amanien.info\/news\/formation-et-insertion-professionnelle-des-attestations-de-fin-de-formation-aux-metiers-de-la-mer-et-de-lindustrie-remises-a-1000-jeunes\/#breadcrumb","itemListElement":[{"@type":"ListItem","position":1,"name":"Accueil","item":"https:\/\/www.amanien.info\/news\/"},{"@type":"ListItem","position":2,"name":"Formation et insertion professionnelle : Des\u00a0 attestations de fin de formation aux m\u00e9tiers de la mer et de l&rsquo;industrie remises \u00e0 1000 jeunes\u00a0"}]},{"@type":"WebSite","@id":"https:\/\/www.amanien.info\/news\/#website","url":"https:\/\/www.amanien.info\/news\/","name":"Amanien| L&#039;actualit\u00e9 Ivoirienne et Internationale","description":"L&#039;actualit\u00e9 Ivoirienne et Internationale","potentialAction":[{"@type":"SearchAction","target":{"@type":"EntryPoint","urlTemplate":"https:\/\/www.amanien.info\/news\/?s={search_term_string}"},"query-input":{"@type":"PropertyValueSpecification","valueRequired":true,"valueName":"search_term_string"}}],"inLanguage":"fr-FR"},{"@type":"Person","@id":"https:\/\/www.amanien.info\/news\/#\/schema\/person\/b21093345753a1a98242d505bd894f42","name":"Germain Ndri","url":"https:\/\/www.amanien.info\/news\/author\/amanien-infos\/"}]}},"_links":{"self":[{"href":"https:\/\/www.amanien.info\/news\/wp-json\/wp\/v2\/posts\/4119","targetHints":{"allow":["GET"]}}],"collection":[{"href":"https:\/\/www.amanien.info\/news\/wp-json\/wp\/v2\/posts"}],"about":[{"href":"https:\/\/www.amanien.info\/news\/wp-json\/wp\/v2\/types\/post"}],"author":[{"embeddable":true,"href":"https:\/\/www.amanien.info\/news\/wp-json\/wp\/v2\/users\/2"}],"replies":[{"embeddable":true,"href":"https:\/\/www.amanien.info\/news\/wp-json\/wp\/v2\/comments?post=4119"}],"version-history":[{"count":1,"href":"https:\/\/www.amanien.info\/news\/wp-json\/wp\/v2\/posts\/4119\/revisions"}],"predecessor-version":[{"id":4121,"href":"https:\/\/www.amanien.info\/news\/wp-json\/wp\/v2\/posts\/4119\/revisions\/4121"}],"wp:featuredmedia":[{"embeddable":true,"href":"https:\/\/www.amanien.info\/news\/wp-json\/wp\/v2\/media\/4120"}],"wp:attachment":[{"href":"https:\/\/www.amanien.info\/news\/wp-json\/wp\/v2\/media?parent=4119"}],"wp:term":[{"taxonomy":"category","embeddable":true,"href":"https:\/\/www.amanien.info\/news\/wp-json\/wp\/v2\/categories?post=4119"},{"taxonomy":"post_tag","embeddable":true,"href":"https:\/\/www.amanien.info\/news\/wp-json\/wp\/v2\/tags?post=4119"}],"curies":[{"name":"wp","href":"https:\/\/api.w.org\/{rel}","templated":true}]}}