{"id":4073,"date":"2023-02-23T06:40:53","date_gmt":"2023-02-23T06:40:53","guid":{"rendered":"https:\/\/www.https:\/\/zozo.buyee.jp\/\/news\/?p=4073"},"modified":"2023-02-23T06:41:48","modified_gmt":"2023-02-23T06:41:48","slug":"celebration-des-20-ans-de-carriere-musicale-de-lartiste-dobet-gnahore-les-grandes-articulations-devoilees","status":"publish","type":"post","link":"https:\/\/www.amanien.info\/news\/celebration-des-20-ans-de-carriere-musicale-de-lartiste-dobet-gnahore-les-grandes-articulations-devoilees\/","title":{"rendered":"C\u00e9l\u00e9bration des 20 ans de carri\u00e8re musicale de l&rsquo;artiste Dobet GNAHORE : Les grandes articulations d\u00e9voil\u00e9es"},"content":{"rendered":"<p>Les principales activit\u00e9s de la c\u00e9l\u00e9bration marquant les 20 ann\u00e9es de carri\u00e8re musicale de l&rsquo;artiste Dobet GNAHORE ont \u00e9t\u00e9 d\u00e9voil\u00e9es, ce mardi 21 f\u00e9vrier 2023, \u00e0 Seen H\u00f4tel sis au Plateau (Abidjan), au cours d&rsquo;une conf\u00e9rence de presse.<\/p>\n<div><\/div>\n<div>Face aux journalistes, la Commissaire G\u00e9n\u00e9rale de l&rsquo;\u00e9v\u00e9nement, Mme Carole ZOUNGRANA a d\u00e9voil\u00e9 les principales activit\u00e9s qui meubleront cette c\u00e9l\u00e9bration. Il s&rsquo;agit notamment de l&rsquo;organisation d&rsquo;un Masterclass au village KIYI(samedi 25 f\u00e9vrier \u00e0 10h), des actions sociales (soutien aux enfants d\u00e9munis) de l&rsquo;orphelinat Jean Emmanuella de Monca(Al\u00e9p\u00e9), le lundi 27 f\u00e9vrier \u00e0 09h, d&rsquo;un MEET &amp; GREAT, le jeudi 02 mars \u00e0 18h( \u00e0 Seen H\u00f4tel) et d&rsquo;un grand concert(l&rsquo;apoth\u00e9ose), le vendredi 03 mars 2023 \u00e0 20h \u00e0 l&rsquo;Institut Fran\u00e7ais, au plateau.<\/div>\n<div><\/div>\n<div>Les tickets seront en vente \u00e0 Cap Nord, Cap Sud, SOCOCE, etc, au tarif unique de 20 000 FCFA, a pr\u00e9cis\u00e9 la Commissaire G\u00e9n\u00e9rale, Carole ZOUNGRANA.<\/div>\n<div><\/div>\n<div>Pour sa part, l&rsquo;artiste-Chanteuse Dobet GNAHORE a indiqu\u00e9 que l&rsquo;objectif de cette c\u00e9l\u00e9bration est de marquer une pause et sa reconnaissance aux ivoiriens. La Diva Dobet GNAHORE entend \u00ab\u00a0remplir la jauge de son public\u00a0\u00bb(l&rsquo;institut fran\u00e7ais) le 03 mars prochain. Elle invite, \u00e0 cet effet, tous les ivoiriens \u00e0 ce grand rendez-vous culturel.<\/div>\n<div><\/div>\n<div>l&rsquo;artiste-Chanteuse a \u00e9galement promis la sortie de deux(2) nouveaux albums mixtes.<\/div>\n<div><\/div>\n<div>N\u00e9e en C\u00f4te d&rsquo;Ivoire le 17 juin 1982, Dobet Val\u00e9rie GNAHORE(\u00e0 l&rsquo;\u00e9tat civil) est une chanteuse, danseuse, percussionniste et compositrice virtuose qui a pris les sons afropop modernes de son pays dans de nouvelles directions passionnantes. Elle dispose,\u00a0 aujourd&rsquo;hui, de six(6) albums \u00e0 son actif que sont\u00a0<b>: ANO NEKO, DKEPKA LA YOU, NA DRE, NA AFRIKI, MIZIKI\u00a0<\/b>et\u00a0<b>COULEUR.\u00a0<\/b><\/div>\n<div><b>\u00a0<\/b><\/div>\n<div>De m\u00eame, la musique de Dobet GNAHORE est un savoureux m\u00e9lange de sonorit\u00e9s panafricaines, urbaines et traditionnelles. Sur sc\u00e8ne, sa voix et son charisme, nourris de plusieurs ann\u00e9es de travail th\u00e9\u00e2tral et chor\u00e9graphique font l&rsquo;unanimit\u00e9 aupr\u00e8s du public.<\/div>\n<div>Elle chante en diff\u00e9rentes langues africaines : B\u00e9t\u00e9, Baoul\u00e9, Fon, Lingala, Malink\u00e9, Mina, Bambara, Swahili, Wolof. Elle \u00e9voque les afres et les plaies, les richesses et les espoirs de l&rsquo;Afrique, m\u00ealant les langues et les rythmes de ce continent qu&rsquo;elle ch\u00e9rit.<\/div>\n<div><\/div>\n<div><\/div>\n<div><b>S.A.<\/b><\/div>\n","protected":false},"excerpt":{"rendered":"<p>Les principales activit\u00e9s de la c\u00e9l\u00e9bration marquant les 20 ann\u00e9es de carri\u00e8re musicale de l&rsquo;artiste Dobet GNAHORE ont \u00e9t\u00e9 d\u00e9voil\u00e9es, ce mardi 21 f\u00e9vrier 2023, \u00e0 Seen H\u00f4tel sis au Plateau (Abidjan), au cours d&rsquo;une conf\u00e9rence de presse. Face aux journalistes, la Commissaire G\u00e9n\u00e9rale de l&rsquo;\u00e9v\u00e9nement, Mme Carole ZOUNGRANA a d\u00e9voil\u00e9 les principales activit\u00e9s qui [&hellip;]<\/p>\n","protected":false},"author":2,"featured_media":4074,"comment_status":"closed","ping_status":"closed","sticky":true,"template":"","format":"standard","meta":{"_acf_changed":false,"footnotes":""},"categories":[],"tags":[],"class_list":["post-4073","post","type-post","status-publish","format-standard","has-post-thumbnail","hentry"],"acf":[],"yoast_head":"<!-- This site is optimized with the Yoast SEO plugin v27.5 - https:\/\/yoast.com\/product\/yoast-seo-wordpress\/ -->\n<title>C\u00e9l\u00e9bration des 20 ans de carri\u00e8re musicale de l&#039;artiste Dobet GNAHORE : Les grandes articulations d\u00e9voil\u00e9es - Amanien| L&#039;actualit\u00e9 Ivoirienne et Internationale<\/title>\n<meta name=\"robots\" content=\"index, follow, max-snippet:-1, max-image-preview:large, max-video-preview:-1\" \/>\n<link rel=\"canonical\" href=\"https:\/\/www.amanien.info\/news\/celebration-des-20-ans-de-carriere-musicale-de-lartiste-dobet-gnahore-les-grandes-articulations-devoilees\/\" \/>\n<meta property=\"og:locale\" content=\"fr_FR\" \/>\n<meta property=\"og:type\" content=\"article\" \/>\n<meta property=\"og:title\" content=\"C\u00e9l\u00e9bration des 20 ans de carri\u00e8re musicale de l&#039;artiste Dobet GNAHORE : Les grandes articulations d\u00e9voil\u00e9es - Amanien| L&#039;actualit\u00e9 Ivoirienne et Internationale\" \/>\n<meta property=\"og:description\" content=\"Les principales activit\u00e9s de la c\u00e9l\u00e9bration marquant les 20 ann\u00e9es de carri\u00e8re musicale de l&rsquo;artiste Dobet GNAHORE ont \u00e9t\u00e9 d\u00e9voil\u00e9es, ce mardi 21 f\u00e9vrier 2023, \u00e0 Seen H\u00f4tel sis au Plateau (Abidjan), au cours d&rsquo;une conf\u00e9rence de presse. Face aux journalistes, la Commissaire G\u00e9n\u00e9rale de l&rsquo;\u00e9v\u00e9nement, Mme Carole ZOUNGRANA a d\u00e9voil\u00e9 les principales activit\u00e9s qui [&hellip;]\" \/>\n<meta property=\"og:url\" content=\"https:\/\/www.amanien.info\/news\/celebration-des-20-ans-de-carriere-musicale-de-lartiste-dobet-gnahore-les-grandes-articulations-devoilees\/\" \/>\n<meta property=\"og:site_name\" content=\"Amanien| L&#039;actualit\u00e9 Ivoirienne et Internationale\" \/>\n<meta property=\"article:published_time\" content=\"2023-02-23T06:40:53+00:00\" \/>\n<meta property=\"article:modified_time\" content=\"2023-02-23T06:41:48+00:00\" \/>\n<meta property=\"og:image\" content=\"https:\/\/www.amanien.info\/news\/wp-content\/uploads\/2023\/02\/IMG-20230221-WA0018.jpg\" \/>\n\t<meta property=\"og:image:width\" content=\"1080\" \/>\n\t<meta property=\"og:image:height\" content=\"810\" \/>\n\t<meta property=\"og:image:type\" content=\"image\/jpeg\" \/>\n<meta name=\"author\" content=\"Germain Ndri\" \/>\n<meta name=\"twitter:card\" content=\"summary_large_image\" \/>\n<meta name=\"twitter:label1\" content=\"\u00c9crit par\" \/>\n\t<meta name=\"twitter:data1\" content=\"Germain Ndri\" \/>\n\t<meta name=\"twitter:label2\" content=\"Dur\u00e9e de lecture estim\u00e9e\" \/>\n\t<meta name=\"twitter:data2\" content=\"2 minutes\" \/>\n<script type=\"application\/ld+json\" class=\"yoast-schema-graph\">{\"@context\":\"https:\\\/\\\/schema.org\",\"@graph\":[{\"@type\":\"Article\",\"@id\":\"https:\\\/\\\/www.amanien.info\\\/news\\\/celebration-des-20-ans-de-carriere-musicale-de-lartiste-dobet-gnahore-les-grandes-articulations-devoilees\\\/#article\",\"isPartOf\":{\"@id\":\"https:\\\/\\\/www.amanien.info\\\/news\\\/celebration-des-20-ans-de-carriere-musicale-de-lartiste-dobet-gnahore-les-grandes-articulations-devoilees\\\/\"},\"author\":{\"name\":\"Germain Ndri\",\"@id\":\"https:\\\/\\\/www.amanien.info\\\/news\\\/#\\\/schema\\\/person\\\/b21093345753a1a98242d505bd894f42\"},\"headline\":\"C\u00e9l\u00e9bration des 20 ans de carri\u00e8re musicale de l&rsquo;artiste Dobet GNAHORE : Les grandes articulations d\u00e9voil\u00e9es\",\"datePublished\":\"2023-02-23T06:40:53+00:00\",\"dateModified\":\"2023-02-23T06:41:48+00:00\",\"mainEntityOfPage\":{\"@id\":\"https:\\\/\\\/www.amanien.info\\\/news\\\/celebration-des-20-ans-de-carriere-musicale-de-lartiste-dobet-gnahore-les-grandes-articulations-devoilees\\\/\"},\"wordCount\":414,\"image\":{\"@id\":\"https:\\\/\\\/www.amanien.info\\\/news\\\/celebration-des-20-ans-de-carriere-musicale-de-lartiste-dobet-gnahore-les-grandes-articulations-devoilees\\\/#primaryimage\"},\"thumbnailUrl\":\"https:\\\/\\\/www.amanien.info\\\/news\\\/wp-content\\\/uploads\\\/2023\\\/02\\\/IMG-20230221-WA0018.jpg\",\"inLanguage\":\"fr-FR\"},{\"@type\":\"WebPage\",\"@id\":\"https:\\\/\\\/www.amanien.info\\\/news\\\/celebration-des-20-ans-de-carriere-musicale-de-lartiste-dobet-gnahore-les-grandes-articulations-devoilees\\\/\",\"url\":\"https:\\\/\\\/www.amanien.info\\\/news\\\/celebration-des-20-ans-de-carriere-musicale-de-lartiste-dobet-gnahore-les-grandes-articulations-devoilees\\\/\",\"name\":\"C\u00e9l\u00e9bration des 20 ans de carri\u00e8re musicale de l'artiste Dobet GNAHORE : Les grandes articulations d\u00e9voil\u00e9es - Amanien| L&#039;actualit\u00e9 Ivoirienne et Internationale\",\"isPartOf\":{\"@id\":\"https:\\\/\\\/www.amanien.info\\\/news\\\/#website\"},\"primaryImageOfPage\":{\"@id\":\"https:\\\/\\\/www.amanien.info\\\/news\\\/celebration-des-20-ans-de-carriere-musicale-de-lartiste-dobet-gnahore-les-grandes-articulations-devoilees\\\/#primaryimage\"},\"image\":{\"@id\":\"https:\\\/\\\/www.amanien.info\\\/news\\\/celebration-des-20-ans-de-carriere-musicale-de-lartiste-dobet-gnahore-les-grandes-articulations-devoilees\\\/#primaryimage\"},\"thumbnailUrl\":\"https:\\\/\\\/www.amanien.info\\\/news\\\/wp-content\\\/uploads\\\/2023\\\/02\\\/IMG-20230221-WA0018.jpg\",\"datePublished\":\"2023-02-23T06:40:53+00:00\",\"dateModified\":\"2023-02-23T06:41:48+00:00\",\"author\":{\"@id\":\"https:\\\/\\\/www.amanien.info\\\/news\\\/#\\\/schema\\\/person\\\/b21093345753a1a98242d505bd894f42\"},\"breadcrumb\":{\"@id\":\"https:\\\/\\\/www.amanien.info\\\/news\\\/celebration-des-20-ans-de-carriere-musicale-de-lartiste-dobet-gnahore-les-grandes-articulations-devoilees\\\/#breadcrumb\"},\"inLanguage\":\"fr-FR\",\"potentialAction\":[{\"@type\":\"ReadAction\",\"target\":[\"https:\\\/\\\/www.amanien.info\\\/news\\\/celebration-des-20-ans-de-carriere-musicale-de-lartiste-dobet-gnahore-les-grandes-articulations-devoilees\\\/\"]}]},{\"@type\":\"ImageObject\",\"inLanguage\":\"fr-FR\",\"@id\":\"https:\\\/\\\/www.amanien.info\\\/news\\\/celebration-des-20-ans-de-carriere-musicale-de-lartiste-dobet-gnahore-les-grandes-articulations-devoilees\\\/#primaryimage\",\"url\":\"https:\\\/\\\/www.amanien.info\\\/news\\\/wp-content\\\/uploads\\\/2023\\\/02\\\/IMG-20230221-WA0018.jpg\",\"contentUrl\":\"https:\\\/\\\/www.amanien.info\\\/news\\\/wp-content\\\/uploads\\\/2023\\\/02\\\/IMG-20230221-WA0018.jpg\",\"width\":1080,\"height\":810},{\"@type\":\"BreadcrumbList\",\"@id\":\"https:\\\/\\\/www.amanien.info\\\/news\\\/celebration-des-20-ans-de-carriere-musicale-de-lartiste-dobet-gnahore-les-grandes-articulations-devoilees\\\/#breadcrumb\",\"itemListElement\":[{\"@type\":\"ListItem\",\"position\":1,\"name\":\"Accueil\",\"item\":\"https:\\\/\\\/www.amanien.info\\\/news\\\/\"},{\"@type\":\"ListItem\",\"position\":2,\"name\":\"C\u00e9l\u00e9bration des 20 ans de carri\u00e8re musicale de l&rsquo;artiste Dobet GNAHORE : Les grandes articulations d\u00e9voil\u00e9es\"}]},{\"@type\":\"WebSite\",\"@id\":\"https:\\\/\\\/www.amanien.info\\\/news\\\/#website\",\"url\":\"https:\\\/\\\/www.amanien.info\\\/news\\\/\",\"name\":\"Amanien| L&#039;actualit\u00e9 Ivoirienne et Internationale\",\"description\":\"L&#039;actualit\u00e9 Ivoirienne et Internationale\",\"potentialAction\":[{\"@type\":\"SearchAction\",\"target\":{\"@type\":\"EntryPoint\",\"urlTemplate\":\"https:\\\/\\\/www.amanien.info\\\/news\\\/?s={search_term_string}\"},\"query-input\":{\"@type\":\"PropertyValueSpecification\",\"valueRequired\":true,\"valueName\":\"search_term_string\"}}],\"inLanguage\":\"fr-FR\"},{\"@type\":\"Person\",\"@id\":\"https:\\\/\\\/www.amanien.info\\\/news\\\/#\\\/schema\\\/person\\\/b21093345753a1a98242d505bd894f42\",\"name\":\"Germain Ndri\",\"url\":\"https:\\\/\\\/www.amanien.info\\\/news\\\/author\\\/amanien-infos\\\/\"}]}<\/script>\n<!-- \/ Yoast SEO plugin. -->","yoast_head_json":{"title":"C\u00e9l\u00e9bration des 20 ans de carri\u00e8re musicale de l'artiste Dobet GNAHORE : Les grandes articulations d\u00e9voil\u00e9es - Amanien| L&#039;actualit\u00e9 Ivoirienne et Internationale","robots":{"index":"index","follow":"follow","max-snippet":"max-snippet:-1","max-image-preview":"max-image-preview:large","max-video-preview":"max-video-preview:-1"},"canonical":"https:\/\/www.amanien.info\/news\/celebration-des-20-ans-de-carriere-musicale-de-lartiste-dobet-gnahore-les-grandes-articulations-devoilees\/","og_locale":"fr_FR","og_type":"article","og_title":"C\u00e9l\u00e9bration des 20 ans de carri\u00e8re musicale de l'artiste Dobet GNAHORE : Les grandes articulations d\u00e9voil\u00e9es - Amanien| L&#039;actualit\u00e9 Ivoirienne et Internationale","og_description":"Les principales activit\u00e9s de la c\u00e9l\u00e9bration marquant les 20 ann\u00e9es de carri\u00e8re musicale de l&rsquo;artiste Dobet GNAHORE ont \u00e9t\u00e9 d\u00e9voil\u00e9es, ce mardi 21 f\u00e9vrier 2023, \u00e0 Seen H\u00f4tel sis au Plateau (Abidjan), au cours d&rsquo;une conf\u00e9rence de presse. Face aux journalistes, la Commissaire G\u00e9n\u00e9rale de l&rsquo;\u00e9v\u00e9nement, Mme Carole ZOUNGRANA a d\u00e9voil\u00e9 les principales activit\u00e9s qui [&hellip;]","og_url":"https:\/\/www.amanien.info\/news\/celebration-des-20-ans-de-carriere-musicale-de-lartiste-dobet-gnahore-les-grandes-articulations-devoilees\/","og_site_name":"Amanien| L&#039;actualit\u00e9 Ivoirienne et Internationale","article_published_time":"2023-02-23T06:40:53+00:00","article_modified_time":"2023-02-23T06:41:48+00:00","og_image":[{"width":1080,"height":810,"url":"https:\/\/www.amanien.info\/news\/wp-content\/uploads\/2023\/02\/IMG-20230221-WA0018.jpg","type":"image\/jpeg"}],"author":"Germain Ndri","twitter_card":"summary_large_image","twitter_misc":{"\u00c9crit par":"Germain Ndri","Dur\u00e9e de lecture estim\u00e9e":"2 minutes"},"schema":{"@context":"https:\/\/schema.org","@graph":[{"@type":"Article","@id":"https:\/\/www.amanien.info\/news\/celebration-des-20-ans-de-carriere-musicale-de-lartiste-dobet-gnahore-les-grandes-articulations-devoilees\/#article","isPartOf":{"@id":"https:\/\/www.amanien.info\/news\/celebration-des-20-ans-de-carriere-musicale-de-lartiste-dobet-gnahore-les-grandes-articulations-devoilees\/"},"author":{"name":"Germain Ndri","@id":"https:\/\/www.amanien.info\/news\/#\/schema\/person\/b21093345753a1a98242d505bd894f42"},"headline":"C\u00e9l\u00e9bration des 20 ans de carri\u00e8re musicale de l&rsquo;artiste Dobet GNAHORE : Les grandes articulations d\u00e9voil\u00e9es","datePublished":"2023-02-23T06:40:53+00:00","dateModified":"2023-02-23T06:41:48+00:00","mainEntityOfPage":{"@id":"https:\/\/www.amanien.info\/news\/celebration-des-20-ans-de-carriere-musicale-de-lartiste-dobet-gnahore-les-grandes-articulations-devoilees\/"},"wordCount":414,"image":{"@id":"https:\/\/www.amanien.info\/news\/celebration-des-20-ans-de-carriere-musicale-de-lartiste-dobet-gnahore-les-grandes-articulations-devoilees\/#primaryimage"},"thumbnailUrl":"https:\/\/www.amanien.info\/news\/wp-content\/uploads\/2023\/02\/IMG-20230221-WA0018.jpg","inLanguage":"fr-FR"},{"@type":"WebPage","@id":"https:\/\/www.amanien.info\/news\/celebration-des-20-ans-de-carriere-musicale-de-lartiste-dobet-gnahore-les-grandes-articulations-devoilees\/","url":"https:\/\/www.amanien.info\/news\/celebration-des-20-ans-de-carriere-musicale-de-lartiste-dobet-gnahore-les-grandes-articulations-devoilees\/","name":"C\u00e9l\u00e9bration des 20 ans de carri\u00e8re musicale de l'artiste Dobet GNAHORE : Les grandes articulations d\u00e9voil\u00e9es - Amanien| L&#039;actualit\u00e9 Ivoirienne et Internationale","isPartOf":{"@id":"https:\/\/www.amanien.info\/news\/#website"},"primaryImageOfPage":{"@id":"https:\/\/www.amanien.info\/news\/celebration-des-20-ans-de-carriere-musicale-de-lartiste-dobet-gnahore-les-grandes-articulations-devoilees\/#primaryimage"},"image":{"@id":"https:\/\/www.amanien.info\/news\/celebration-des-20-ans-de-carriere-musicale-de-lartiste-dobet-gnahore-les-grandes-articulations-devoilees\/#primaryimage"},"thumbnailUrl":"https:\/\/www.amanien.info\/news\/wp-content\/uploads\/2023\/02\/IMG-20230221-WA0018.jpg","datePublished":"2023-02-23T06:40:53+00:00","dateModified":"2023-02-23T06:41:48+00:00","author":{"@id":"https:\/\/www.amanien.info\/news\/#\/schema\/person\/b21093345753a1a98242d505bd894f42"},"breadcrumb":{"@id":"https:\/\/www.amanien.info\/news\/celebration-des-20-ans-de-carriere-musicale-de-lartiste-dobet-gnahore-les-grandes-articulations-devoilees\/#breadcrumb"},"inLanguage":"fr-FR","potentialAction":[{"@type":"ReadAction","target":["https:\/\/www.amanien.info\/news\/celebration-des-20-ans-de-carriere-musicale-de-lartiste-dobet-gnahore-les-grandes-articulations-devoilees\/"]}]},{"@type":"ImageObject","inLanguage":"fr-FR","@id":"https:\/\/www.amanien.info\/news\/celebration-des-20-ans-de-carriere-musicale-de-lartiste-dobet-gnahore-les-grandes-articulations-devoilees\/#primaryimage","url":"https:\/\/www.amanien.info\/news\/wp-content\/uploads\/2023\/02\/IMG-20230221-WA0018.jpg","contentUrl":"https:\/\/www.amanien.info\/news\/wp-content\/uploads\/2023\/02\/IMG-20230221-WA0018.jpg","width":1080,"height":810},{"@type":"BreadcrumbList","@id":"https:\/\/www.amanien.info\/news\/celebration-des-20-ans-de-carriere-musicale-de-lartiste-dobet-gnahore-les-grandes-articulations-devoilees\/#breadcrumb","itemListElement":[{"@type":"ListItem","position":1,"name":"Accueil","item":"https:\/\/www.amanien.info\/news\/"},{"@type":"ListItem","position":2,"name":"C\u00e9l\u00e9bration des 20 ans de carri\u00e8re musicale de l&rsquo;artiste Dobet GNAHORE : Les grandes articulations d\u00e9voil\u00e9es"}]},{"@type":"WebSite","@id":"https:\/\/www.amanien.info\/news\/#website","url":"https:\/\/www.amanien.info\/news\/","name":"Amanien| L&#039;actualit\u00e9 Ivoirienne et Internationale","description":"L&#039;actualit\u00e9 Ivoirienne et Internationale","potentialAction":[{"@type":"SearchAction","target":{"@type":"EntryPoint","urlTemplate":"https:\/\/www.amanien.info\/news\/?s={search_term_string}"},"query-input":{"@type":"PropertyValueSpecification","valueRequired":true,"valueName":"search_term_string"}}],"inLanguage":"fr-FR"},{"@type":"Person","@id":"https:\/\/www.amanien.info\/news\/#\/schema\/person\/b21093345753a1a98242d505bd894f42","name":"Germain Ndri","url":"https:\/\/www.amanien.info\/news\/author\/amanien-infos\/"}]}},"_links":{"self":[{"href":"https:\/\/www.amanien.info\/news\/wp-json\/wp\/v2\/posts\/4073","targetHints":{"allow":["GET"]}}],"collection":[{"href":"https:\/\/www.amanien.info\/news\/wp-json\/wp\/v2\/posts"}],"about":[{"href":"https:\/\/www.amanien.info\/news\/wp-json\/wp\/v2\/types\/post"}],"author":[{"embeddable":true,"href":"https:\/\/www.amanien.info\/news\/wp-json\/wp\/v2\/users\/2"}],"replies":[{"embeddable":true,"href":"https:\/\/www.amanien.info\/news\/wp-json\/wp\/v2\/comments?post=4073"}],"version-history":[{"count":1,"href":"https:\/\/www.amanien.info\/news\/wp-json\/wp\/v2\/posts\/4073\/revisions"}],"predecessor-version":[{"id":4075,"href":"https:\/\/www.amanien.info\/news\/wp-json\/wp\/v2\/posts\/4073\/revisions\/4075"}],"wp:featuredmedia":[{"embeddable":true,"href":"https:\/\/www.amanien.info\/news\/wp-json\/wp\/v2\/media\/4074"}],"wp:attachment":[{"href":"https:\/\/www.amanien.info\/news\/wp-json\/wp\/v2\/media?parent=4073"}],"wp:term":[{"taxonomy":"category","embeddable":true,"href":"https:\/\/www.amanien.info\/news\/wp-json\/wp\/v2\/categories?post=4073"},{"taxonomy":"post_tag","embeddable":true,"href":"https:\/\/www.amanien.info\/news\/wp-json\/wp\/v2\/tags?post=4073"}],"curies":[{"name":"wp","href":"https:\/\/api.w.org\/{rel}","templated":true}]}}