{"id":4069,"date":"2023-02-21T09:56:37","date_gmt":"2023-02-21T09:56:37","guid":{"rendered":"https:\/\/www.https:\/\/zozo.buyee.jp\/\/news\/?p=4069"},"modified":"2023-02-21T09:57:34","modified_gmt":"2023-02-21T09:57:34","slug":"le-collectif-des-demissionnaires-de-la-fidhop-met-a-nu-les-mauvaises-pratiques-de-dr-boga-sako-gervaisconference-de-presse","status":"publish","type":"post","link":"https:\/\/www.amanien.info\/news\/le-collectif-des-demissionnaires-de-la-fidhop-met-a-nu-les-mauvaises-pratiques-de-dr-boga-sako-gervaisconference-de-presse\/","title":{"rendered":"Le collectif des d\u00e9missionnaires de la FIDHOP met \u00e0 nu les mauvaises pratiques de Dr BOGA Sako Gervais(conf\u00e9rence de presse)"},"content":{"rendered":"<p>Le collectif des d\u00e9missionnaires de la Fondation Ivoirienne pour l&rsquo;Observation et la Surveillance des Droits de l&rsquo;Homme et de la Vie Politique (FIDHOP) a, au cours d&rsquo;une conf\u00e9rence de presse tenue le vendredi 17 f\u00e9vrier 2023, \u00e0 Abidjan-Cocody, donn\u00e9 les profondes raisons de sa d\u00e9mission collective, en d\u00e9non\u00e7ant les malversations et la mauvaise gestion du Pr\u00e9sident-Fondateur de la FIDHOP, Dr BOGA Sako Gervais.<\/p>\n<div><\/div>\n<div>Face \u00e0 un parterre de journalistes, la Porte-parole des 09 Vice-pr\u00e9sidents d\u00e9missionnaires de la FIDHOP, par ailleurs 1\u00e8re Vice-pr\u00e9sidente en charge des questions juridiques et judiciaires, Me Roselyne Aka SERIPKA a d\u00e9nonc\u00e9 les contre-v\u00e9rit\u00e9s grossi\u00e8res dites par le Pr\u00e9sident-Fondateur de la FIDHOP, Dr BOGA Sako Gervais sur les plateaux t\u00e9l\u00e9 dont l&rsquo;objectif est de d\u00e9verser la \u00ab\u00a0salissure\u00a0\u00bb sur leur notori\u00e9t\u00e9, a-t-elle indiqu\u00e9.<\/div>\n<div><\/div>\n<div>Poursuivant, l&rsquo;Avocate de la FIDHOP C\u00f4te d&rsquo;Ivoire, Roselyne Aka S\u00e9ripka a \u00e9galement d\u00e9cri\u00e9 les malversations et la mauvaise gestion du Dr BOGA Sako Gervais. En effet, le collectif des Vice-Pr\u00e9sidents d\u00e9missionnaires a \u00e9t\u00e9 ahuri de d\u00e9couvrir que \u00ab\u00a0la FIDHOP ne\u00a0 poss\u00e9dait pas de compte bancaire\u00a0\u00bb. Ce qui est, aux dires de Me Roselyne Aka-S\u00e9ripka, \u00ab\u00a0inconcevable pour une fondation qui existe depuis 2009&Prime;a-t-il r\u00e9v\u00e9l\u00e9.<\/div>\n<div><b>\u00ab\u00a0La proposition de l&rsquo;administrateur g\u00e9n\u00e9ral Gbouabl\u00e9 Th\u00e9odore d&rsquo;ouvrir un compte afin de centraliser les finances de la FIDHOP pour une gestion rigoureuse s&rsquo;est heurt\u00e9e \u00e0 un refus cinglant du Pr\u00e9sident-fondateur\u00a0\u00bb<\/b>a indiqu\u00e9 la Porte-parole du collectif.<\/div>\n<div><\/div>\n<div>Au titre des dons per\u00e7us lors de\u00a0 la c\u00e9r\u00e9monie d&rsquo;inauguration du si\u00e8ge de la FIDHOP (20 millions de FCFA, bien qu&rsquo;ayant port\u00e9 \u00e0 la connaissance des membres du Bureau Ex\u00e9cutif), le Pr\u00e9sident-fondateur n&rsquo;a jamais revers\u00e9 \u00e0 la tr\u00e9sorerie le montant total desdits dons qu&rsquo;il a gard\u00e9s par devers lui, a-t-elle accus\u00e9.<\/div>\n<div>Malgr\u00e9 la r\u00e9ception de ces dons, les membres du Bureau Ex\u00e9cutif \u00e9taient continuellement harcel\u00e9s pour subvenir aux charges mensuelles du si\u00e8ge qui s&rsquo;\u00e9l\u00e8vent \u00e0 750 000 FCFA.<\/div>\n<div><\/div>\n<div>\u00ab\u00a0Notre souci de veiller, scrupuleusement, aux activit\u00e9s des droits de l&rsquo;homme chevill\u00e9s aux corps, nous invite \u00e0 interpeler tout d\u00e9fenseur de droit de l&rsquo;homme \u00e0 se draper d&rsquo;\u00e9quit\u00e9, d&rsquo;honn\u00eatet\u00e9, de rigueur, de courtoisie, d&rsquo;int\u00e9grit\u00e9&#8230; toutes des vertus qui permettront aux citoyens opprim\u00e9s et l\u00e9s\u00e9s dans leurs droits de recouvrir leur dignit\u00e9\u00a0\u00bb, dira-t-elle.<\/div>\n<div><\/div>\n<div>Avant de r\u00e9v\u00e9ler que la FIDHOP exerce ses activit\u00e9s dans l&rsquo;ill\u00e9galit\u00e9 depuis sa cr\u00e9ation en 2009. Elle n&rsquo;a pour seul document d&rsquo;existence que le r\u00e9c\u00e9piss\u00e9 de d\u00e9p\u00f4t de dossiers qui ne vaut pas agr\u00e9ment.<\/div>\n<div><\/div>\n<div>Outre ces motifs, Me Roselyne Aka S\u00e9ripka a, par ailleurs, d\u00e9nonc\u00e9 les cotisations intempestives et les d\u00e9penses exhorbitantes impos\u00e9es aux membres du Bureau Ex\u00e9cutif et vou\u00e9es \u00e0 des fins personnelles du Pr\u00e9sident-fondateur autres que des activit\u00e9s en faveur des droits de l&rsquo;homme.<\/div>\n<div>Et le refus de Dr BOGA Sako Gervais de la convocation et de l&rsquo;organisation d&rsquo;assembl\u00e9es g\u00e9n\u00e9rales constitutives et extraordinaires r\u00e9guli\u00e8res, en vue de la r\u00e9daction et l&rsquo;adoption de nouveaux textes administratifs de la vision nouvelle et commune de la FIDHOP.<\/div>\n<div><\/div>\n<div>Pour sa part, la deuxi\u00e8me Vice-pr\u00e9sidente en charge de la Communication, des strat\u00e9gies politiques et des relations diplomatiques pour la repr\u00e9sentation FIDHOP France, Dr AKASSI K. L\u00e9onie a fait savoir que la FIDHOP est d\u00e9sormais due dans son fonctionnement, \u00e0 un d\u00e9vouement strict de ses nombreuses d\u00e9cisions unilat\u00e9rales du Pr\u00e9sident-fondateur.<\/div>\n<div>Cependant, le collectif des d\u00e9missionnaires de la FIDHOP a laiss\u00e9 entendre que leur d\u00e9mission ne cache aucune intention de cr\u00e9er une autre organisation.<\/div>\n<div><\/div>\n<div>Notons que cette conf\u00e9rence de presse de mise au point a enregistr\u00e9 la pr\u00e9sence du deuxi\u00e8me Vice-pr\u00e9sident, en charge de la Diplomatie, FIDHOP C\u00f4te d&rsquo;Ivoire, Dr Saturnin GAUDET.<\/div>\n<div><\/div>\n<div><b>S.A.<\/b><\/div>\n<div><\/div>\n","protected":false},"excerpt":{"rendered":"<p>Le collectif des d\u00e9missionnaires de la Fondation Ivoirienne pour l&rsquo;Observation et la Surveillance des Droits de l&rsquo;Homme et de la Vie Politique (FIDHOP) a, au cours d&rsquo;une conf\u00e9rence de presse tenue le vendredi 17 f\u00e9vrier 2023, \u00e0 Abidjan-Cocody, donn\u00e9 les profondes raisons de sa d\u00e9mission collective, en d\u00e9non\u00e7ant les malversations et la mauvaise gestion du [&hellip;]<\/p>\n","protected":false},"author":2,"featured_media":4070,"comment_status":"closed","ping_status":"closed","sticky":true,"template":"","format":"standard","meta":{"_acf_changed":false,"footnotes":""},"categories":[],"tags":[],"class_list":["post-4069","post","type-post","status-publish","format-standard","has-post-thumbnail","hentry"],"acf":[],"yoast_head":"<!-- This site is optimized with the Yoast SEO plugin v27.5 - https:\/\/yoast.com\/product\/yoast-seo-wordpress\/ -->\n<title>Le collectif des d\u00e9missionnaires de la FIDHOP met \u00e0 nu les mauvaises pratiques de Dr BOGA Sako Gervais(conf\u00e9rence de presse) - Amanien| L&#039;actualit\u00e9 Ivoirienne et Internationale<\/title>\n<meta name=\"robots\" content=\"index, follow, max-snippet:-1, max-image-preview:large, max-video-preview:-1\" \/>\n<link rel=\"canonical\" href=\"https:\/\/www.amanien.info\/news\/le-collectif-des-demissionnaires-de-la-fidhop-met-a-nu-les-mauvaises-pratiques-de-dr-boga-sako-gervaisconference-de-presse\/\" \/>\n<meta property=\"og:locale\" content=\"fr_FR\" \/>\n<meta property=\"og:type\" content=\"article\" \/>\n<meta property=\"og:title\" content=\"Le collectif des d\u00e9missionnaires de la FIDHOP met \u00e0 nu les mauvaises pratiques de Dr BOGA Sako Gervais(conf\u00e9rence de presse) - Amanien| L&#039;actualit\u00e9 Ivoirienne et Internationale\" \/>\n<meta property=\"og:description\" content=\"Le collectif des d\u00e9missionnaires de la Fondation Ivoirienne pour l&rsquo;Observation et la Surveillance des Droits de l&rsquo;Homme et de la Vie Politique (FIDHOP) a, au cours d&rsquo;une conf\u00e9rence de presse tenue le vendredi 17 f\u00e9vrier 2023, \u00e0 Abidjan-Cocody, donn\u00e9 les profondes raisons de sa d\u00e9mission collective, en d\u00e9non\u00e7ant les malversations et la mauvaise gestion du [&hellip;]\" \/>\n<meta property=\"og:url\" content=\"https:\/\/www.amanien.info\/news\/le-collectif-des-demissionnaires-de-la-fidhop-met-a-nu-les-mauvaises-pratiques-de-dr-boga-sako-gervaisconference-de-presse\/\" \/>\n<meta property=\"og:site_name\" content=\"Amanien| L&#039;actualit\u00e9 Ivoirienne et Internationale\" \/>\n<meta property=\"article:published_time\" content=\"2023-02-21T09:56:37+00:00\" \/>\n<meta property=\"article:modified_time\" content=\"2023-02-21T09:57:34+00:00\" \/>\n<meta property=\"og:image\" content=\"https:\/\/www.amanien.info\/news\/wp-content\/uploads\/2023\/02\/IMG-20230220-WA0032-1.jpg\" \/>\n\t<meta property=\"og:image:width\" content=\"1080\" \/>\n\t<meta property=\"og:image:height\" content=\"474\" \/>\n\t<meta property=\"og:image:type\" content=\"image\/jpeg\" \/>\n<meta name=\"author\" content=\"Germain Ndri\" \/>\n<meta name=\"twitter:card\" content=\"summary_large_image\" \/>\n<meta name=\"twitter:label1\" content=\"\u00c9crit par\" \/>\n\t<meta name=\"twitter:data1\" content=\"Germain Ndri\" \/>\n\t<meta name=\"twitter:label2\" content=\"Dur\u00e9e de lecture estim\u00e9e\" \/>\n\t<meta name=\"twitter:data2\" content=\"3 minutes\" \/>\n<script type=\"application\/ld+json\" class=\"yoast-schema-graph\">{\"@context\":\"https:\\\/\\\/schema.org\",\"@graph\":[{\"@type\":\"Article\",\"@id\":\"https:\\\/\\\/www.amanien.info\\\/news\\\/le-collectif-des-demissionnaires-de-la-fidhop-met-a-nu-les-mauvaises-pratiques-de-dr-boga-sako-gervaisconference-de-presse\\\/#article\",\"isPartOf\":{\"@id\":\"https:\\\/\\\/www.amanien.info\\\/news\\\/le-collectif-des-demissionnaires-de-la-fidhop-met-a-nu-les-mauvaises-pratiques-de-dr-boga-sako-gervaisconference-de-presse\\\/\"},\"author\":{\"name\":\"Germain Ndri\",\"@id\":\"https:\\\/\\\/www.amanien.info\\\/news\\\/#\\\/schema\\\/person\\\/b21093345753a1a98242d505bd894f42\"},\"headline\":\"Le collectif des d\u00e9missionnaires de la FIDHOP met \u00e0 nu les mauvaises pratiques de Dr BOGA Sako Gervais(conf\u00e9rence de presse)\",\"datePublished\":\"2023-02-21T09:56:37+00:00\",\"dateModified\":\"2023-02-21T09:57:34+00:00\",\"mainEntityOfPage\":{\"@id\":\"https:\\\/\\\/www.amanien.info\\\/news\\\/le-collectif-des-demissionnaires-de-la-fidhop-met-a-nu-les-mauvaises-pratiques-de-dr-boga-sako-gervaisconference-de-presse\\\/\"},\"wordCount\":701,\"image\":{\"@id\":\"https:\\\/\\\/www.amanien.info\\\/news\\\/le-collectif-des-demissionnaires-de-la-fidhop-met-a-nu-les-mauvaises-pratiques-de-dr-boga-sako-gervaisconference-de-presse\\\/#primaryimage\"},\"thumbnailUrl\":\"https:\\\/\\\/www.amanien.info\\\/news\\\/wp-content\\\/uploads\\\/2023\\\/02\\\/IMG-20230220-WA0032-1.jpg\",\"inLanguage\":\"fr-FR\"},{\"@type\":\"WebPage\",\"@id\":\"https:\\\/\\\/www.amanien.info\\\/news\\\/le-collectif-des-demissionnaires-de-la-fidhop-met-a-nu-les-mauvaises-pratiques-de-dr-boga-sako-gervaisconference-de-presse\\\/\",\"url\":\"https:\\\/\\\/www.amanien.info\\\/news\\\/le-collectif-des-demissionnaires-de-la-fidhop-met-a-nu-les-mauvaises-pratiques-de-dr-boga-sako-gervaisconference-de-presse\\\/\",\"name\":\"Le collectif des d\u00e9missionnaires de la FIDHOP met \u00e0 nu les mauvaises pratiques de Dr BOGA Sako Gervais(conf\u00e9rence de presse) - Amanien| L&#039;actualit\u00e9 Ivoirienne et Internationale\",\"isPartOf\":{\"@id\":\"https:\\\/\\\/www.amanien.info\\\/news\\\/#website\"},\"primaryImageOfPage\":{\"@id\":\"https:\\\/\\\/www.amanien.info\\\/news\\\/le-collectif-des-demissionnaires-de-la-fidhop-met-a-nu-les-mauvaises-pratiques-de-dr-boga-sako-gervaisconference-de-presse\\\/#primaryimage\"},\"image\":{\"@id\":\"https:\\\/\\\/www.amanien.info\\\/news\\\/le-collectif-des-demissionnaires-de-la-fidhop-met-a-nu-les-mauvaises-pratiques-de-dr-boga-sako-gervaisconference-de-presse\\\/#primaryimage\"},\"thumbnailUrl\":\"https:\\\/\\\/www.amanien.info\\\/news\\\/wp-content\\\/uploads\\\/2023\\\/02\\\/IMG-20230220-WA0032-1.jpg\",\"datePublished\":\"2023-02-21T09:56:37+00:00\",\"dateModified\":\"2023-02-21T09:57:34+00:00\",\"author\":{\"@id\":\"https:\\\/\\\/www.amanien.info\\\/news\\\/#\\\/schema\\\/person\\\/b21093345753a1a98242d505bd894f42\"},\"breadcrumb\":{\"@id\":\"https:\\\/\\\/www.amanien.info\\\/news\\\/le-collectif-des-demissionnaires-de-la-fidhop-met-a-nu-les-mauvaises-pratiques-de-dr-boga-sako-gervaisconference-de-presse\\\/#breadcrumb\"},\"inLanguage\":\"fr-FR\",\"potentialAction\":[{\"@type\":\"ReadAction\",\"target\":[\"https:\\\/\\\/www.amanien.info\\\/news\\\/le-collectif-des-demissionnaires-de-la-fidhop-met-a-nu-les-mauvaises-pratiques-de-dr-boga-sako-gervaisconference-de-presse\\\/\"]}]},{\"@type\":\"ImageObject\",\"inLanguage\":\"fr-FR\",\"@id\":\"https:\\\/\\\/www.amanien.info\\\/news\\\/le-collectif-des-demissionnaires-de-la-fidhop-met-a-nu-les-mauvaises-pratiques-de-dr-boga-sako-gervaisconference-de-presse\\\/#primaryimage\",\"url\":\"https:\\\/\\\/www.amanien.info\\\/news\\\/wp-content\\\/uploads\\\/2023\\\/02\\\/IMG-20230220-WA0032-1.jpg\",\"contentUrl\":\"https:\\\/\\\/www.amanien.info\\\/news\\\/wp-content\\\/uploads\\\/2023\\\/02\\\/IMG-20230220-WA0032-1.jpg\",\"width\":1080,\"height\":474},{\"@type\":\"BreadcrumbList\",\"@id\":\"https:\\\/\\\/www.amanien.info\\\/news\\\/le-collectif-des-demissionnaires-de-la-fidhop-met-a-nu-les-mauvaises-pratiques-de-dr-boga-sako-gervaisconference-de-presse\\\/#breadcrumb\",\"itemListElement\":[{\"@type\":\"ListItem\",\"position\":1,\"name\":\"Accueil\",\"item\":\"https:\\\/\\\/www.amanien.info\\\/news\\\/\"},{\"@type\":\"ListItem\",\"position\":2,\"name\":\"Le collectif des d\u00e9missionnaires de la FIDHOP met \u00e0 nu les mauvaises pratiques de Dr BOGA Sako Gervais(conf\u00e9rence de presse)\"}]},{\"@type\":\"WebSite\",\"@id\":\"https:\\\/\\\/www.amanien.info\\\/news\\\/#website\",\"url\":\"https:\\\/\\\/www.amanien.info\\\/news\\\/\",\"name\":\"Amanien| L&#039;actualit\u00e9 Ivoirienne et Internationale\",\"description\":\"L&#039;actualit\u00e9 Ivoirienne et Internationale\",\"potentialAction\":[{\"@type\":\"SearchAction\",\"target\":{\"@type\":\"EntryPoint\",\"urlTemplate\":\"https:\\\/\\\/www.amanien.info\\\/news\\\/?s={search_term_string}\"},\"query-input\":{\"@type\":\"PropertyValueSpecification\",\"valueRequired\":true,\"valueName\":\"search_term_string\"}}],\"inLanguage\":\"fr-FR\"},{\"@type\":\"Person\",\"@id\":\"https:\\\/\\\/www.amanien.info\\\/news\\\/#\\\/schema\\\/person\\\/b21093345753a1a98242d505bd894f42\",\"name\":\"Germain Ndri\",\"url\":\"https:\\\/\\\/www.amanien.info\\\/news\\\/author\\\/amanien-infos\\\/\"}]}<\/script>\n<!-- \/ Yoast SEO plugin. -->","yoast_head_json":{"title":"Le collectif des d\u00e9missionnaires de la FIDHOP met \u00e0 nu les mauvaises pratiques de Dr BOGA Sako Gervais(conf\u00e9rence de presse) - Amanien| L&#039;actualit\u00e9 Ivoirienne et Internationale","robots":{"index":"index","follow":"follow","max-snippet":"max-snippet:-1","max-image-preview":"max-image-preview:large","max-video-preview":"max-video-preview:-1"},"canonical":"https:\/\/www.amanien.info\/news\/le-collectif-des-demissionnaires-de-la-fidhop-met-a-nu-les-mauvaises-pratiques-de-dr-boga-sako-gervaisconference-de-presse\/","og_locale":"fr_FR","og_type":"article","og_title":"Le collectif des d\u00e9missionnaires de la FIDHOP met \u00e0 nu les mauvaises pratiques de Dr BOGA Sako Gervais(conf\u00e9rence de presse) - Amanien| L&#039;actualit\u00e9 Ivoirienne et Internationale","og_description":"Le collectif des d\u00e9missionnaires de la Fondation Ivoirienne pour l&rsquo;Observation et la Surveillance des Droits de l&rsquo;Homme et de la Vie Politique (FIDHOP) a, au cours d&rsquo;une conf\u00e9rence de presse tenue le vendredi 17 f\u00e9vrier 2023, \u00e0 Abidjan-Cocody, donn\u00e9 les profondes raisons de sa d\u00e9mission collective, en d\u00e9non\u00e7ant les malversations et la mauvaise gestion du [&hellip;]","og_url":"https:\/\/www.amanien.info\/news\/le-collectif-des-demissionnaires-de-la-fidhop-met-a-nu-les-mauvaises-pratiques-de-dr-boga-sako-gervaisconference-de-presse\/","og_site_name":"Amanien| L&#039;actualit\u00e9 Ivoirienne et Internationale","article_published_time":"2023-02-21T09:56:37+00:00","article_modified_time":"2023-02-21T09:57:34+00:00","og_image":[{"width":1080,"height":474,"url":"https:\/\/www.amanien.info\/news\/wp-content\/uploads\/2023\/02\/IMG-20230220-WA0032-1.jpg","type":"image\/jpeg"}],"author":"Germain Ndri","twitter_card":"summary_large_image","twitter_misc":{"\u00c9crit par":"Germain Ndri","Dur\u00e9e de lecture estim\u00e9e":"3 minutes"},"schema":{"@context":"https:\/\/schema.org","@graph":[{"@type":"Article","@id":"https:\/\/www.amanien.info\/news\/le-collectif-des-demissionnaires-de-la-fidhop-met-a-nu-les-mauvaises-pratiques-de-dr-boga-sako-gervaisconference-de-presse\/#article","isPartOf":{"@id":"https:\/\/www.amanien.info\/news\/le-collectif-des-demissionnaires-de-la-fidhop-met-a-nu-les-mauvaises-pratiques-de-dr-boga-sako-gervaisconference-de-presse\/"},"author":{"name":"Germain Ndri","@id":"https:\/\/www.amanien.info\/news\/#\/schema\/person\/b21093345753a1a98242d505bd894f42"},"headline":"Le collectif des d\u00e9missionnaires de la FIDHOP met \u00e0 nu les mauvaises pratiques de Dr BOGA Sako Gervais(conf\u00e9rence de presse)","datePublished":"2023-02-21T09:56:37+00:00","dateModified":"2023-02-21T09:57:34+00:00","mainEntityOfPage":{"@id":"https:\/\/www.amanien.info\/news\/le-collectif-des-demissionnaires-de-la-fidhop-met-a-nu-les-mauvaises-pratiques-de-dr-boga-sako-gervaisconference-de-presse\/"},"wordCount":701,"image":{"@id":"https:\/\/www.amanien.info\/news\/le-collectif-des-demissionnaires-de-la-fidhop-met-a-nu-les-mauvaises-pratiques-de-dr-boga-sako-gervaisconference-de-presse\/#primaryimage"},"thumbnailUrl":"https:\/\/www.amanien.info\/news\/wp-content\/uploads\/2023\/02\/IMG-20230220-WA0032-1.jpg","inLanguage":"fr-FR"},{"@type":"WebPage","@id":"https:\/\/www.amanien.info\/news\/le-collectif-des-demissionnaires-de-la-fidhop-met-a-nu-les-mauvaises-pratiques-de-dr-boga-sako-gervaisconference-de-presse\/","url":"https:\/\/www.amanien.info\/news\/le-collectif-des-demissionnaires-de-la-fidhop-met-a-nu-les-mauvaises-pratiques-de-dr-boga-sako-gervaisconference-de-presse\/","name":"Le collectif des d\u00e9missionnaires de la FIDHOP met \u00e0 nu les mauvaises pratiques de Dr BOGA Sako Gervais(conf\u00e9rence de presse) - Amanien| L&#039;actualit\u00e9 Ivoirienne et Internationale","isPartOf":{"@id":"https:\/\/www.amanien.info\/news\/#website"},"primaryImageOfPage":{"@id":"https:\/\/www.amanien.info\/news\/le-collectif-des-demissionnaires-de-la-fidhop-met-a-nu-les-mauvaises-pratiques-de-dr-boga-sako-gervaisconference-de-presse\/#primaryimage"},"image":{"@id":"https:\/\/www.amanien.info\/news\/le-collectif-des-demissionnaires-de-la-fidhop-met-a-nu-les-mauvaises-pratiques-de-dr-boga-sako-gervaisconference-de-presse\/#primaryimage"},"thumbnailUrl":"https:\/\/www.amanien.info\/news\/wp-content\/uploads\/2023\/02\/IMG-20230220-WA0032-1.jpg","datePublished":"2023-02-21T09:56:37+00:00","dateModified":"2023-02-21T09:57:34+00:00","author":{"@id":"https:\/\/www.amanien.info\/news\/#\/schema\/person\/b21093345753a1a98242d505bd894f42"},"breadcrumb":{"@id":"https:\/\/www.amanien.info\/news\/le-collectif-des-demissionnaires-de-la-fidhop-met-a-nu-les-mauvaises-pratiques-de-dr-boga-sako-gervaisconference-de-presse\/#breadcrumb"},"inLanguage":"fr-FR","potentialAction":[{"@type":"ReadAction","target":["https:\/\/www.amanien.info\/news\/le-collectif-des-demissionnaires-de-la-fidhop-met-a-nu-les-mauvaises-pratiques-de-dr-boga-sako-gervaisconference-de-presse\/"]}]},{"@type":"ImageObject","inLanguage":"fr-FR","@id":"https:\/\/www.amanien.info\/news\/le-collectif-des-demissionnaires-de-la-fidhop-met-a-nu-les-mauvaises-pratiques-de-dr-boga-sako-gervaisconference-de-presse\/#primaryimage","url":"https:\/\/www.amanien.info\/news\/wp-content\/uploads\/2023\/02\/IMG-20230220-WA0032-1.jpg","contentUrl":"https:\/\/www.amanien.info\/news\/wp-content\/uploads\/2023\/02\/IMG-20230220-WA0032-1.jpg","width":1080,"height":474},{"@type":"BreadcrumbList","@id":"https:\/\/www.amanien.info\/news\/le-collectif-des-demissionnaires-de-la-fidhop-met-a-nu-les-mauvaises-pratiques-de-dr-boga-sako-gervaisconference-de-presse\/#breadcrumb","itemListElement":[{"@type":"ListItem","position":1,"name":"Accueil","item":"https:\/\/www.amanien.info\/news\/"},{"@type":"ListItem","position":2,"name":"Le collectif des d\u00e9missionnaires de la FIDHOP met \u00e0 nu les mauvaises pratiques de Dr BOGA Sako Gervais(conf\u00e9rence de presse)"}]},{"@type":"WebSite","@id":"https:\/\/www.amanien.info\/news\/#website","url":"https:\/\/www.amanien.info\/news\/","name":"Amanien| L&#039;actualit\u00e9 Ivoirienne et Internationale","description":"L&#039;actualit\u00e9 Ivoirienne et Internationale","potentialAction":[{"@type":"SearchAction","target":{"@type":"EntryPoint","urlTemplate":"https:\/\/www.amanien.info\/news\/?s={search_term_string}"},"query-input":{"@type":"PropertyValueSpecification","valueRequired":true,"valueName":"search_term_string"}}],"inLanguage":"fr-FR"},{"@type":"Person","@id":"https:\/\/www.amanien.info\/news\/#\/schema\/person\/b21093345753a1a98242d505bd894f42","name":"Germain Ndri","url":"https:\/\/www.amanien.info\/news\/author\/amanien-infos\/"}]}},"_links":{"self":[{"href":"https:\/\/www.amanien.info\/news\/wp-json\/wp\/v2\/posts\/4069","targetHints":{"allow":["GET"]}}],"collection":[{"href":"https:\/\/www.amanien.info\/news\/wp-json\/wp\/v2\/posts"}],"about":[{"href":"https:\/\/www.amanien.info\/news\/wp-json\/wp\/v2\/types\/post"}],"author":[{"embeddable":true,"href":"https:\/\/www.amanien.info\/news\/wp-json\/wp\/v2\/users\/2"}],"replies":[{"embeddable":true,"href":"https:\/\/www.amanien.info\/news\/wp-json\/wp\/v2\/comments?post=4069"}],"version-history":[{"count":1,"href":"https:\/\/www.amanien.info\/news\/wp-json\/wp\/v2\/posts\/4069\/revisions"}],"predecessor-version":[{"id":4071,"href":"https:\/\/www.amanien.info\/news\/wp-json\/wp\/v2\/posts\/4069\/revisions\/4071"}],"wp:featuredmedia":[{"embeddable":true,"href":"https:\/\/www.amanien.info\/news\/wp-json\/wp\/v2\/media\/4070"}],"wp:attachment":[{"href":"https:\/\/www.amanien.info\/news\/wp-json\/wp\/v2\/media?parent=4069"}],"wp:term":[{"taxonomy":"category","embeddable":true,"href":"https:\/\/www.amanien.info\/news\/wp-json\/wp\/v2\/categories?post=4069"},{"taxonomy":"post_tag","embeddable":true,"href":"https:\/\/www.amanien.info\/news\/wp-json\/wp\/v2\/tags?post=4069"}],"curies":[{"name":"wp","href":"https:\/\/api.w.org\/{rel}","templated":true}]}}