{"id":4065,"date":"2023-02-20T13:14:48","date_gmt":"2023-02-20T13:14:48","guid":{"rendered":"https:\/\/www.https:\/\/zozo.buyee.jp\/\/news\/?p=4065"},"modified":"2023-02-20T13:16:12","modified_gmt":"2023-02-20T13:16:12","slug":"media-12e-journee-mondiale-de-la-radio-lurpci-recompense-les-meilleures-radios-et-acteurs","status":"publish","type":"post","link":"https:\/\/www.amanien.info\/news\/media-12e-journee-mondiale-de-la-radio-lurpci-recompense-les-meilleures-radios-et-acteurs\/","title":{"rendered":"M\u00e9dia\/12\u00e8 Journ\u00e9e Mondiale de la Radio:\u00a0 L&rsquo;URPCI r\u00e9compense les meilleures radios et acteurs"},"content":{"rendered":"<p>Tous les 13 f\u00e9vrier, le monde entier c\u00e9l\u00e8bre la radio. La C\u00f4te d&rsquo;Ivoire a quant \u00e0 elle, choisi le 17 f\u00e9vrier 2023 pour c\u00e9l\u00e9brer la sienne. Pour l&rsquo;occasion, la Maison de la Presse d&rsquo;Abidjan (Mpa) a servi de cadre.<br \/>\n\u00ab\u00a0Radio et Paix\u00a0\u00bb est le th\u00e8me du panel organis\u00e9 \u00e0 cet effet par l&rsquo;Union des radis de proximit\u00e9 de C\u00f4te d\u2019Ivoire (URPCI).<br \/>\nLes panelistes de cette journ\u00e9e ont tour \u00e0 tour, instruit de l\u2019importance de la radio ainsi que des acteurs qui l&rsquo;animent. Il ressort qu&rsquo;il faut de bonnes productions \u00e0 l&rsquo;antenne pour le bonheur des populations. Aussi concernant les animateurs, faut-il encourager le genre.<br \/>\nEn marge de cette c\u00e9r\u00e9monie, l&rsquo;URPCI a profit\u00e9 pour honorer ses acteurs qui ont permis le d\u00e9veloppement de la radio depuis sa cr\u00e9ation en 1999.<br \/>\nPour la premi\u00e8re \u00e9dition de cette c\u00e9r\u00e9monie de r\u00e9compense des acteurs d\u00e9nomm\u00e9e \u2018\u2019 Oscars de la radio \u2018\u2019, les b\u00e9n\u00e9ficiaires sont: Marie-Catherine Koissy (MC Koissy), premi\u00e8re femme promotrice de radio, directrice de Cocody FM, Diallo Mohamed, membre fondateur de l&rsquo;URPCI, directeur de radio Binkadi de Ferk\u00e9, ex-inspecteur g\u00e9n\u00e9ral au minist\u00e8re de la communication, Aboya N&rsquo;cho, premier pr\u00e9sident de l&rsquo;Union, fondateur promoteur de la radio Lepin d&rsquo;Al\u00e9p\u00e9, Sangar\u00e9 Yoro, deuxi\u00e8me pr\u00e9sident de l&rsquo;Union, ex-directeur de la radio Fraternit\u00e9 de Yopougon et Karamoko Bamba, ex- pr\u00e9sident de l&rsquo;Union avec une longue dur\u00e9e de mandature 2007- 2021, promoteur fondateur de la radio Saphir de Bouak\u00e9. Et par ailleurs, le PCA actuel de l&rsquo;URPCI.<br \/>\nOutre ces r\u00e9compenses, Les radios Abobo FM, Arc-en-ciel d&rsquo;Abobo (la meilleure production), Alhob\u00e9 de Bingerville, Fraternit\u00e9 de Yopougon et de Treichville sont reparties avec un prix.<br \/>\nLe jury conduit par le doyen Eug\u00e8ne Kacou a pour cette premi\u00e8re \u00e9dition, privil\u00e9gi\u00e9 les crit\u00e8res de promptitude dans l&rsquo;ex\u00e9cution des projets, la r\u00e9gularit\u00e9 vis-\u00e0-vis de la HACA et du BURIDA.<br \/>\nB\u00e9da Guillaume, repr\u00e9sentant du minist\u00e8re de la Communication\u00a0a indiqu\u00e9<br \/>\nQu\u2019au regard de ses fonctions f\u00e9d\u00e9ratrices et sociales qui lui permettent d&rsquo;\u00eatre en premi\u00e8re ligne dans la consolidation de la coh\u00e9sion sociale, les radios doivent, par des programmes riches, attractifs et \u00e9ducatifs mettre en relief la n\u00e9cessit\u00e9 d&rsquo;entretenir et de d\u00e9velopper la paix sociale entre les peuples et les nations.<br \/>\nEt d&rsquo;ajouter, le th\u00e8me de cette ann\u00e9e nous invite \u00e0 c\u00e9l\u00e9brer la radio comme m\u00e9dia de promotion de la paix dans nos vies. Poursuivant, il a transmis l&rsquo;engagement du ministre \u00e0 travailler davantage pour envisager et trouver des solutions aux difficult\u00e9s que rencontrent l&rsquo;URPCI et les radios membres dans l&rsquo;exercice de leur noble m\u00e9tier.<br \/>\nPour terminer son propos, il a exhort\u00e9 les acteurs de radios au professionnalisme.<br \/>\n\u2018\u2019 Vous avez entre vos mains un m\u00e9dia fort qui appelle un engagement intellectuel, \u00e9motionnel et social des auditeurs. Il appara\u00eet n\u00e9cessaire que la rigueur et le professionnalisme soient votre devise quotidienne \u2018\u2019.<br \/>\nLe pr\u00e9sident du Conseil ex\u00e9cutif de l&rsquo;URPCI, \u00c9ric GOHOU a lui d\u00e9fini la c\u00e9r\u00e9monie et n&rsquo;a pas manqu\u00e9 de traduire sa gratitude au ministre de tutelle et au pr\u00e9sident de la HACA, Ren\u00e9 Bourgoin pour avoir accept\u00e9 que le prix de la meilleure radio porte son nom.<br \/>\n\u2018\u2019 Au-del\u00e0 de cette reconnaissance, le Conseil ex\u00e9cutif a d\u00e9cid\u00e9 \u00e0 partir de cette ann\u00e9e d&rsquo;instituer la c\u00e9r\u00e9monie de r\u00e9compense des acteurs des radios de proximit\u00e9 : les Oscars de la radio. En initiant cette c\u00e9r\u00e9monie, le Conseil ex\u00e9cutif s&rsquo;engage \u00e0 promouvoir les hommes et les femmes qui font un formidable travail dans nos stations radios et souvent sans grands moyens \u2018\u2019.<\/p>\n<p>D. K<\/p>\n","protected":false},"excerpt":{"rendered":"<p>Tous les 13 f\u00e9vrier, le monde entier c\u00e9l\u00e8bre la radio. La C\u00f4te d&rsquo;Ivoire a quant \u00e0 elle, choisi le 17 f\u00e9vrier 2023 pour c\u00e9l\u00e9brer la sienne. Pour l&rsquo;occasion, la Maison de la Presse d&rsquo;Abidjan (Mpa) a servi de cadre. \u00ab\u00a0Radio et Paix\u00a0\u00bb est le th\u00e8me du panel organis\u00e9 \u00e0 cet effet par l&rsquo;Union des radis [&hellip;]<\/p>\n","protected":false},"author":2,"featured_media":4066,"comment_status":"closed","ping_status":"closed","sticky":true,"template":"","format":"standard","meta":{"_acf_changed":false,"footnotes":""},"categories":[],"tags":[],"class_list":["post-4065","post","type-post","status-publish","format-standard","has-post-thumbnail","hentry"],"acf":[],"yoast_head":"<!-- This site is optimized with the Yoast SEO plugin v27.5 - https:\/\/yoast.com\/product\/yoast-seo-wordpress\/ -->\n<title>M\u00e9dia\/12\u00e8 Journ\u00e9e Mondiale de la Radio:\u00a0 L&#039;URPCI r\u00e9compense les meilleures radios et acteurs - Amanien| L&#039;actualit\u00e9 Ivoirienne et Internationale<\/title>\n<meta name=\"robots\" content=\"index, follow, max-snippet:-1, max-image-preview:large, max-video-preview:-1\" \/>\n<link rel=\"canonical\" href=\"https:\/\/www.amanien.info\/news\/media-12e-journee-mondiale-de-la-radio-lurpci-recompense-les-meilleures-radios-et-acteurs\/\" \/>\n<meta property=\"og:locale\" content=\"fr_FR\" \/>\n<meta property=\"og:type\" content=\"article\" \/>\n<meta property=\"og:title\" content=\"M\u00e9dia\/12\u00e8 Journ\u00e9e Mondiale de la Radio:\u00a0 L&#039;URPCI r\u00e9compense les meilleures radios et acteurs - Amanien| L&#039;actualit\u00e9 Ivoirienne et Internationale\" \/>\n<meta property=\"og:description\" content=\"Tous les 13 f\u00e9vrier, le monde entier c\u00e9l\u00e8bre la radio. La C\u00f4te d&rsquo;Ivoire a quant \u00e0 elle, choisi le 17 f\u00e9vrier 2023 pour c\u00e9l\u00e9brer la sienne. Pour l&rsquo;occasion, la Maison de la Presse d&rsquo;Abidjan (Mpa) a servi de cadre. \u00ab\u00a0Radio et Paix\u00a0\u00bb est le th\u00e8me du panel organis\u00e9 \u00e0 cet effet par l&rsquo;Union des radis [&hellip;]\" \/>\n<meta property=\"og:url\" content=\"https:\/\/www.amanien.info\/news\/media-12e-journee-mondiale-de-la-radio-lurpci-recompense-les-meilleures-radios-et-acteurs\/\" \/>\n<meta property=\"og:site_name\" content=\"Amanien| L&#039;actualit\u00e9 Ivoirienne et Internationale\" \/>\n<meta property=\"article:published_time\" content=\"2023-02-20T13:14:48+00:00\" \/>\n<meta property=\"article:modified_time\" content=\"2023-02-20T13:16:12+00:00\" \/>\n<meta property=\"og:image\" content=\"https:\/\/www.amanien.info\/news\/wp-content\/uploads\/2023\/02\/IMG_20230217_174637_976-scaled.jpg\" \/>\n\t<meta property=\"og:image:width\" content=\"2560\" \/>\n\t<meta property=\"og:image:height\" content=\"1920\" \/>\n\t<meta property=\"og:image:type\" content=\"image\/jpeg\" \/>\n<meta name=\"author\" content=\"Germain Ndri\" \/>\n<meta name=\"twitter:card\" content=\"summary_large_image\" \/>\n<meta name=\"twitter:label1\" content=\"\u00c9crit par\" \/>\n\t<meta name=\"twitter:data1\" content=\"Germain Ndri\" \/>\n\t<meta name=\"twitter:label2\" content=\"Dur\u00e9e de lecture estim\u00e9e\" \/>\n\t<meta name=\"twitter:data2\" content=\"3 minutes\" \/>\n<script type=\"application\/ld+json\" class=\"yoast-schema-graph\">{\"@context\":\"https:\\\/\\\/schema.org\",\"@graph\":[{\"@type\":\"Article\",\"@id\":\"https:\\\/\\\/www.amanien.info\\\/news\\\/media-12e-journee-mondiale-de-la-radio-lurpci-recompense-les-meilleures-radios-et-acteurs\\\/#article\",\"isPartOf\":{\"@id\":\"https:\\\/\\\/www.amanien.info\\\/news\\\/media-12e-journee-mondiale-de-la-radio-lurpci-recompense-les-meilleures-radios-et-acteurs\\\/\"},\"author\":{\"name\":\"Germain Ndri\",\"@id\":\"https:\\\/\\\/www.amanien.info\\\/news\\\/#\\\/schema\\\/person\\\/b21093345753a1a98242d505bd894f42\"},\"headline\":\"M\u00e9dia\\\/12\u00e8 Journ\u00e9e Mondiale de la Radio:\u00a0 L&rsquo;URPCI r\u00e9compense les meilleures radios et acteurs\",\"datePublished\":\"2023-02-20T13:14:48+00:00\",\"dateModified\":\"2023-02-20T13:16:12+00:00\",\"mainEntityOfPage\":{\"@id\":\"https:\\\/\\\/www.amanien.info\\\/news\\\/media-12e-journee-mondiale-de-la-radio-lurpci-recompense-les-meilleures-radios-et-acteurs\\\/\"},\"wordCount\":668,\"image\":{\"@id\":\"https:\\\/\\\/www.amanien.info\\\/news\\\/media-12e-journee-mondiale-de-la-radio-lurpci-recompense-les-meilleures-radios-et-acteurs\\\/#primaryimage\"},\"thumbnailUrl\":\"https:\\\/\\\/www.amanien.info\\\/news\\\/wp-content\\\/uploads\\\/2023\\\/02\\\/IMG_20230217_174637_976-scaled.jpg\",\"inLanguage\":\"fr-FR\"},{\"@type\":\"WebPage\",\"@id\":\"https:\\\/\\\/www.amanien.info\\\/news\\\/media-12e-journee-mondiale-de-la-radio-lurpci-recompense-les-meilleures-radios-et-acteurs\\\/\",\"url\":\"https:\\\/\\\/www.amanien.info\\\/news\\\/media-12e-journee-mondiale-de-la-radio-lurpci-recompense-les-meilleures-radios-et-acteurs\\\/\",\"name\":\"M\u00e9dia\\\/12\u00e8 Journ\u00e9e Mondiale de la Radio:\u00a0 L'URPCI r\u00e9compense les meilleures radios et acteurs - Amanien| L&#039;actualit\u00e9 Ivoirienne et Internationale\",\"isPartOf\":{\"@id\":\"https:\\\/\\\/www.amanien.info\\\/news\\\/#website\"},\"primaryImageOfPage\":{\"@id\":\"https:\\\/\\\/www.amanien.info\\\/news\\\/media-12e-journee-mondiale-de-la-radio-lurpci-recompense-les-meilleures-radios-et-acteurs\\\/#primaryimage\"},\"image\":{\"@id\":\"https:\\\/\\\/www.amanien.info\\\/news\\\/media-12e-journee-mondiale-de-la-radio-lurpci-recompense-les-meilleures-radios-et-acteurs\\\/#primaryimage\"},\"thumbnailUrl\":\"https:\\\/\\\/www.amanien.info\\\/news\\\/wp-content\\\/uploads\\\/2023\\\/02\\\/IMG_20230217_174637_976-scaled.jpg\",\"datePublished\":\"2023-02-20T13:14:48+00:00\",\"dateModified\":\"2023-02-20T13:16:12+00:00\",\"author\":{\"@id\":\"https:\\\/\\\/www.amanien.info\\\/news\\\/#\\\/schema\\\/person\\\/b21093345753a1a98242d505bd894f42\"},\"breadcrumb\":{\"@id\":\"https:\\\/\\\/www.amanien.info\\\/news\\\/media-12e-journee-mondiale-de-la-radio-lurpci-recompense-les-meilleures-radios-et-acteurs\\\/#breadcrumb\"},\"inLanguage\":\"fr-FR\",\"potentialAction\":[{\"@type\":\"ReadAction\",\"target\":[\"https:\\\/\\\/www.amanien.info\\\/news\\\/media-12e-journee-mondiale-de-la-radio-lurpci-recompense-les-meilleures-radios-et-acteurs\\\/\"]}]},{\"@type\":\"ImageObject\",\"inLanguage\":\"fr-FR\",\"@id\":\"https:\\\/\\\/www.amanien.info\\\/news\\\/media-12e-journee-mondiale-de-la-radio-lurpci-recompense-les-meilleures-radios-et-acteurs\\\/#primaryimage\",\"url\":\"https:\\\/\\\/www.amanien.info\\\/news\\\/wp-content\\\/uploads\\\/2023\\\/02\\\/IMG_20230217_174637_976-scaled.jpg\",\"contentUrl\":\"https:\\\/\\\/www.amanien.info\\\/news\\\/wp-content\\\/uploads\\\/2023\\\/02\\\/IMG_20230217_174637_976-scaled.jpg\",\"width\":2560,\"height\":1920},{\"@type\":\"BreadcrumbList\",\"@id\":\"https:\\\/\\\/www.amanien.info\\\/news\\\/media-12e-journee-mondiale-de-la-radio-lurpci-recompense-les-meilleures-radios-et-acteurs\\\/#breadcrumb\",\"itemListElement\":[{\"@type\":\"ListItem\",\"position\":1,\"name\":\"Accueil\",\"item\":\"https:\\\/\\\/www.amanien.info\\\/news\\\/\"},{\"@type\":\"ListItem\",\"position\":2,\"name\":\"M\u00e9dia\\\/12\u00e8 Journ\u00e9e Mondiale de la Radio:\u00a0 L&rsquo;URPCI r\u00e9compense les meilleures radios et acteurs\"}]},{\"@type\":\"WebSite\",\"@id\":\"https:\\\/\\\/www.amanien.info\\\/news\\\/#website\",\"url\":\"https:\\\/\\\/www.amanien.info\\\/news\\\/\",\"name\":\"Amanien| L&#039;actualit\u00e9 Ivoirienne et Internationale\",\"description\":\"L&#039;actualit\u00e9 Ivoirienne et Internationale\",\"potentialAction\":[{\"@type\":\"SearchAction\",\"target\":{\"@type\":\"EntryPoint\",\"urlTemplate\":\"https:\\\/\\\/www.amanien.info\\\/news\\\/?s={search_term_string}\"},\"query-input\":{\"@type\":\"PropertyValueSpecification\",\"valueRequired\":true,\"valueName\":\"search_term_string\"}}],\"inLanguage\":\"fr-FR\"},{\"@type\":\"Person\",\"@id\":\"https:\\\/\\\/www.amanien.info\\\/news\\\/#\\\/schema\\\/person\\\/b21093345753a1a98242d505bd894f42\",\"name\":\"Germain Ndri\",\"url\":\"https:\\\/\\\/www.amanien.info\\\/news\\\/author\\\/amanien-infos\\\/\"}]}<\/script>\n<!-- \/ Yoast SEO plugin. -->","yoast_head_json":{"title":"M\u00e9dia\/12\u00e8 Journ\u00e9e Mondiale de la Radio:\u00a0 L'URPCI r\u00e9compense les meilleures radios et acteurs - Amanien| L&#039;actualit\u00e9 Ivoirienne et Internationale","robots":{"index":"index","follow":"follow","max-snippet":"max-snippet:-1","max-image-preview":"max-image-preview:large","max-video-preview":"max-video-preview:-1"},"canonical":"https:\/\/www.amanien.info\/news\/media-12e-journee-mondiale-de-la-radio-lurpci-recompense-les-meilleures-radios-et-acteurs\/","og_locale":"fr_FR","og_type":"article","og_title":"M\u00e9dia\/12\u00e8 Journ\u00e9e Mondiale de la Radio:\u00a0 L'URPCI r\u00e9compense les meilleures radios et acteurs - Amanien| L&#039;actualit\u00e9 Ivoirienne et Internationale","og_description":"Tous les 13 f\u00e9vrier, le monde entier c\u00e9l\u00e8bre la radio. La C\u00f4te d&rsquo;Ivoire a quant \u00e0 elle, choisi le 17 f\u00e9vrier 2023 pour c\u00e9l\u00e9brer la sienne. Pour l&rsquo;occasion, la Maison de la Presse d&rsquo;Abidjan (Mpa) a servi de cadre. \u00ab\u00a0Radio et Paix\u00a0\u00bb est le th\u00e8me du panel organis\u00e9 \u00e0 cet effet par l&rsquo;Union des radis [&hellip;]","og_url":"https:\/\/www.amanien.info\/news\/media-12e-journee-mondiale-de-la-radio-lurpci-recompense-les-meilleures-radios-et-acteurs\/","og_site_name":"Amanien| L&#039;actualit\u00e9 Ivoirienne et Internationale","article_published_time":"2023-02-20T13:14:48+00:00","article_modified_time":"2023-02-20T13:16:12+00:00","og_image":[{"width":2560,"height":1920,"url":"https:\/\/www.amanien.info\/news\/wp-content\/uploads\/2023\/02\/IMG_20230217_174637_976-scaled.jpg","type":"image\/jpeg"}],"author":"Germain Ndri","twitter_card":"summary_large_image","twitter_misc":{"\u00c9crit par":"Germain Ndri","Dur\u00e9e de lecture estim\u00e9e":"3 minutes"},"schema":{"@context":"https:\/\/schema.org","@graph":[{"@type":"Article","@id":"https:\/\/www.amanien.info\/news\/media-12e-journee-mondiale-de-la-radio-lurpci-recompense-les-meilleures-radios-et-acteurs\/#article","isPartOf":{"@id":"https:\/\/www.amanien.info\/news\/media-12e-journee-mondiale-de-la-radio-lurpci-recompense-les-meilleures-radios-et-acteurs\/"},"author":{"name":"Germain Ndri","@id":"https:\/\/www.amanien.info\/news\/#\/schema\/person\/b21093345753a1a98242d505bd894f42"},"headline":"M\u00e9dia\/12\u00e8 Journ\u00e9e Mondiale de la Radio:\u00a0 L&rsquo;URPCI r\u00e9compense les meilleures radios et acteurs","datePublished":"2023-02-20T13:14:48+00:00","dateModified":"2023-02-20T13:16:12+00:00","mainEntityOfPage":{"@id":"https:\/\/www.amanien.info\/news\/media-12e-journee-mondiale-de-la-radio-lurpci-recompense-les-meilleures-radios-et-acteurs\/"},"wordCount":668,"image":{"@id":"https:\/\/www.amanien.info\/news\/media-12e-journee-mondiale-de-la-radio-lurpci-recompense-les-meilleures-radios-et-acteurs\/#primaryimage"},"thumbnailUrl":"https:\/\/www.amanien.info\/news\/wp-content\/uploads\/2023\/02\/IMG_20230217_174637_976-scaled.jpg","inLanguage":"fr-FR"},{"@type":"WebPage","@id":"https:\/\/www.amanien.info\/news\/media-12e-journee-mondiale-de-la-radio-lurpci-recompense-les-meilleures-radios-et-acteurs\/","url":"https:\/\/www.amanien.info\/news\/media-12e-journee-mondiale-de-la-radio-lurpci-recompense-les-meilleures-radios-et-acteurs\/","name":"M\u00e9dia\/12\u00e8 Journ\u00e9e Mondiale de la Radio:\u00a0 L'URPCI r\u00e9compense les meilleures radios et acteurs - Amanien| L&#039;actualit\u00e9 Ivoirienne et Internationale","isPartOf":{"@id":"https:\/\/www.amanien.info\/news\/#website"},"primaryImageOfPage":{"@id":"https:\/\/www.amanien.info\/news\/media-12e-journee-mondiale-de-la-radio-lurpci-recompense-les-meilleures-radios-et-acteurs\/#primaryimage"},"image":{"@id":"https:\/\/www.amanien.info\/news\/media-12e-journee-mondiale-de-la-radio-lurpci-recompense-les-meilleures-radios-et-acteurs\/#primaryimage"},"thumbnailUrl":"https:\/\/www.amanien.info\/news\/wp-content\/uploads\/2023\/02\/IMG_20230217_174637_976-scaled.jpg","datePublished":"2023-02-20T13:14:48+00:00","dateModified":"2023-02-20T13:16:12+00:00","author":{"@id":"https:\/\/www.amanien.info\/news\/#\/schema\/person\/b21093345753a1a98242d505bd894f42"},"breadcrumb":{"@id":"https:\/\/www.amanien.info\/news\/media-12e-journee-mondiale-de-la-radio-lurpci-recompense-les-meilleures-radios-et-acteurs\/#breadcrumb"},"inLanguage":"fr-FR","potentialAction":[{"@type":"ReadAction","target":["https:\/\/www.amanien.info\/news\/media-12e-journee-mondiale-de-la-radio-lurpci-recompense-les-meilleures-radios-et-acteurs\/"]}]},{"@type":"ImageObject","inLanguage":"fr-FR","@id":"https:\/\/www.amanien.info\/news\/media-12e-journee-mondiale-de-la-radio-lurpci-recompense-les-meilleures-radios-et-acteurs\/#primaryimage","url":"https:\/\/www.amanien.info\/news\/wp-content\/uploads\/2023\/02\/IMG_20230217_174637_976-scaled.jpg","contentUrl":"https:\/\/www.amanien.info\/news\/wp-content\/uploads\/2023\/02\/IMG_20230217_174637_976-scaled.jpg","width":2560,"height":1920},{"@type":"BreadcrumbList","@id":"https:\/\/www.amanien.info\/news\/media-12e-journee-mondiale-de-la-radio-lurpci-recompense-les-meilleures-radios-et-acteurs\/#breadcrumb","itemListElement":[{"@type":"ListItem","position":1,"name":"Accueil","item":"https:\/\/www.amanien.info\/news\/"},{"@type":"ListItem","position":2,"name":"M\u00e9dia\/12\u00e8 Journ\u00e9e Mondiale de la Radio:\u00a0 L&rsquo;URPCI r\u00e9compense les meilleures radios et acteurs"}]},{"@type":"WebSite","@id":"https:\/\/www.amanien.info\/news\/#website","url":"https:\/\/www.amanien.info\/news\/","name":"Amanien| L&#039;actualit\u00e9 Ivoirienne et Internationale","description":"L&#039;actualit\u00e9 Ivoirienne et Internationale","potentialAction":[{"@type":"SearchAction","target":{"@type":"EntryPoint","urlTemplate":"https:\/\/www.amanien.info\/news\/?s={search_term_string}"},"query-input":{"@type":"PropertyValueSpecification","valueRequired":true,"valueName":"search_term_string"}}],"inLanguage":"fr-FR"},{"@type":"Person","@id":"https:\/\/www.amanien.info\/news\/#\/schema\/person\/b21093345753a1a98242d505bd894f42","name":"Germain Ndri","url":"https:\/\/www.amanien.info\/news\/author\/amanien-infos\/"}]}},"_links":{"self":[{"href":"https:\/\/www.amanien.info\/news\/wp-json\/wp\/v2\/posts\/4065","targetHints":{"allow":["GET"]}}],"collection":[{"href":"https:\/\/www.amanien.info\/news\/wp-json\/wp\/v2\/posts"}],"about":[{"href":"https:\/\/www.amanien.info\/news\/wp-json\/wp\/v2\/types\/post"}],"author":[{"embeddable":true,"href":"https:\/\/www.amanien.info\/news\/wp-json\/wp\/v2\/users\/2"}],"replies":[{"embeddable":true,"href":"https:\/\/www.amanien.info\/news\/wp-json\/wp\/v2\/comments?post=4065"}],"version-history":[{"count":1,"href":"https:\/\/www.amanien.info\/news\/wp-json\/wp\/v2\/posts\/4065\/revisions"}],"predecessor-version":[{"id":4067,"href":"https:\/\/www.amanien.info\/news\/wp-json\/wp\/v2\/posts\/4065\/revisions\/4067"}],"wp:featuredmedia":[{"embeddable":true,"href":"https:\/\/www.amanien.info\/news\/wp-json\/wp\/v2\/media\/4066"}],"wp:attachment":[{"href":"https:\/\/www.amanien.info\/news\/wp-json\/wp\/v2\/media?parent=4065"}],"wp:term":[{"taxonomy":"category","embeddable":true,"href":"https:\/\/www.amanien.info\/news\/wp-json\/wp\/v2\/categories?post=4065"},{"taxonomy":"post_tag","embeddable":true,"href":"https:\/\/www.amanien.info\/news\/wp-json\/wp\/v2\/tags?post=4065"}],"curies":[{"name":"wp","href":"https:\/\/api.w.org\/{rel}","templated":true}]}}