{"id":4057,"date":"2023-02-16T08:04:27","date_gmt":"2023-02-16T08:04:27","guid":{"rendered":"https:\/\/www.https:\/\/zozo.buyee.jp\/\/news\/?p=4057"},"modified":"2023-02-16T08:06:38","modified_gmt":"2023-02-16T08:06:38","slug":"defense-des-droits-de-lhomme-la-fidhop-presente-les-membres-de-son-nouveau-bureau-executif-central","status":"publish","type":"post","link":"https:\/\/www.amanien.info\/news\/defense-des-droits-de-lhomme-la-fidhop-presente-les-membres-de-son-nouveau-bureau-executif-central\/","title":{"rendered":"D\u00e9fense des droits de l&rsquo;homme\/La FIDHOP pr\u00e9sente les membres de son nouveau Bureau Ex\u00e9cutif central"},"content":{"rendered":"<p>Le Pr\u00e9sident de la Fondation Internationale pour l&rsquo;Observation et la Surveillance des Droits de l&rsquo;Homme et la Vie Pacifique (FIDHOP), Dr BOGA Sako Gervais a proc\u00e9d\u00e9, le samedi 11 f\u00e9vrier 2023, \u00e0 la pr\u00e9sentation des membres du Bureau Ex\u00e9cutif Central de la FIDHOP.<\/p>\n<div><\/div>\n<div>C&rsquo;\u00e9tait au cours d&rsquo;une conf\u00e9rence de presse qu&rsquo;il a anim\u00e9e au si\u00e8ge de l&rsquo;organisation de la soci\u00e9t\u00e9 civile, \u00e0 Cocody. Il avait \u00e0 ses c\u00f4t\u00e9s le Professeur Dadi\u00e9 Dia C\u00e9lestin, 1er vice-pr\u00e9sident de la FIDHOP et Me Herv\u00e9 Gouam\u00e9l\u00e9, 2e Vice-pr\u00e9sident.<\/div>\n<div><\/div>\n<div>Selon le Pr\u00e9sident de la FIDHOP, Dr BOGA Sako Gervais, le nouveau Bureau Ex\u00e9cutif Central de la FIDHOP comprend 50 membres. Il est constitu\u00e9 de 16 Vice-pr\u00e9sidents, d&rsquo;un (01)Secr\u00e9taire G\u00e9n\u00e9ral et 06 Secr\u00e9taires G\u00e9n\u00e9raux Adjoints, de deux(02) secr\u00e9taires \u00e0 l&rsquo;organisation, de deux(02) membres de la tr\u00e9sorerie (une tr\u00e9sori\u00e8re g\u00e9n\u00e9rale et une tr\u00e9sori\u00e8re g\u00e9n\u00e9rale adjointe), de deux(02) Commissaires aux comptes, de 07 Repr\u00e9sentants-pays des D\u00e9l\u00e9gations FIDHOP. Le nouveau Bureau Ex\u00e9cutif Central comprend \u00e9galement une cellule de communication et NTIC, une cellule de mobilisation et des droits des jeunes, une cellule des droits des femmes et des enfants, une cellule des Affaires sociales et culturelles ainsi qu&rsquo;une cellule charg\u00e9e des questions de s\u00e9curit\u00e9.<\/div>\n<div><\/div>\n<div>Le Pr\u00e9sident de la FIDHOP a aussi indiqu\u00e9 la cr\u00e9ation des sections nationales dans les grandes villes et hameaux du pays et la recherche de financement \u00e0 travers des projets.<\/div>\n<div><\/div>\n<div>En ce qui concerne la dur\u00e9e du mandat du Pr\u00e9sident de la FIDHOP, il est de 3 ans renouvelable une seule fois.<\/div>\n<div><\/div>\n<div><\/div>\n<div>Dr BOGA Sako Gervais a, par ailleurs, salu\u00e9 la lib\u00e9ration de la Pr\u00e9sidente du mouvement Alternative Citoyenne Ivoirienne (ACI), Pulch\u00e9rie Gbalet(plac\u00e9e sous contr\u00f4le judiciaire).\u00a0<b>&lt;&lt;Aujourd&rsquo;hui, je suis tr\u00e8s heureux que Pulch\u00e9rie Gbalet soit lib\u00e9r\u00e9e&gt;&gt;\u00a0<\/b>s&rsquo;est r\u00e9joui l&rsquo;Enseignant de Lettres \u00e0 l&rsquo;UAO de Bouak\u00e9.<\/div>\n<div><\/div>\n<div>Pour le Pr\u00e9sident de la FIDHOP, il faut, \u00ab\u00a0dans un Etat de droit, permettre aux d\u00e9fenseurs des droits de l&rsquo;homme de s&rsquo;exprimer. La R\u00e9publique doit nous (d\u00e9fenseurs des droits de l&rsquo;homme)prot\u00e9ger\u00a0\u00bba-t-il dit.<\/div>\n<div>Avant d&rsquo;ajouter que le respect des droits de l&rsquo;homme est essentiel dans un pays.<\/div>\n<div><\/div>\n<div>Non sans manquer de d\u00e9noncer les mauvais traitements des ivoiriens vivant<\/div>\n<div>en Tunisie, r\u00e9cemment traqu\u00e9s et maltrait\u00e9s par la police.<\/div>\n<div><\/div>\n<div>Il a annonc\u00e9 la signature d&rsquo;un protocole d&rsquo;accord entre la FIDHOP et les Docteurs non recrut\u00e9s.<\/div>\n<div><\/div>\n<div>Anciennement Fondation Ivoirienne pour l&rsquo;observation et la surveillance des droits de l&rsquo;homme et la vie politique, la FIDHOP est une organisation de la soci\u00e9t\u00e9 civile cr\u00e9\u00e9e le 1er avril 2009. Elle est une institution non \u00e9tatique, non confessionnelle, apolitique et ind\u00e9pendante. Elle est aujourd&rsquo;hui repr\u00e9sent\u00e9e dans 12 pays de l&rsquo;ext\u00e9rieur.<\/div>\n<div><\/div>\n<div><b>S.A.\u00a0<\/b><\/div>\n","protected":false},"excerpt":{"rendered":"<p>Le Pr\u00e9sident de la Fondation Internationale pour l&rsquo;Observation et la Surveillance des Droits de l&rsquo;Homme et la Vie Pacifique (FIDHOP), Dr BOGA Sako Gervais a proc\u00e9d\u00e9, le samedi 11 f\u00e9vrier 2023, \u00e0 la pr\u00e9sentation des membres du Bureau Ex\u00e9cutif Central de la FIDHOP. C&rsquo;\u00e9tait au cours d&rsquo;une conf\u00e9rence de presse qu&rsquo;il a anim\u00e9e au si\u00e8ge [&hellip;]<\/p>\n","protected":false},"author":2,"featured_media":4058,"comment_status":"closed","ping_status":"closed","sticky":true,"template":"","format":"standard","meta":{"_acf_changed":false,"footnotes":""},"categories":[],"tags":[],"class_list":["post-4057","post","type-post","status-publish","format-standard","has-post-thumbnail","hentry"],"acf":[],"yoast_head":"<!-- This site is optimized with the Yoast SEO plugin v27.5 - https:\/\/yoast.com\/product\/yoast-seo-wordpress\/ -->\n<title>D\u00e9fense des droits de l&#039;homme\/La FIDHOP pr\u00e9sente les membres de son nouveau Bureau Ex\u00e9cutif central - Amanien| L&#039;actualit\u00e9 Ivoirienne et Internationale<\/title>\n<meta name=\"robots\" content=\"index, follow, max-snippet:-1, max-image-preview:large, max-video-preview:-1\" \/>\n<link rel=\"canonical\" href=\"https:\/\/www.amanien.info\/news\/defense-des-droits-de-lhomme-la-fidhop-presente-les-membres-de-son-nouveau-bureau-executif-central\/\" \/>\n<meta property=\"og:locale\" content=\"fr_FR\" \/>\n<meta property=\"og:type\" content=\"article\" \/>\n<meta property=\"og:title\" content=\"D\u00e9fense des droits de l&#039;homme\/La FIDHOP pr\u00e9sente les membres de son nouveau Bureau Ex\u00e9cutif central - Amanien| L&#039;actualit\u00e9 Ivoirienne et Internationale\" \/>\n<meta property=\"og:description\" content=\"Le Pr\u00e9sident de la Fondation Internationale pour l&rsquo;Observation et la Surveillance des Droits de l&rsquo;Homme et la Vie Pacifique (FIDHOP), Dr BOGA Sako Gervais a proc\u00e9d\u00e9, le samedi 11 f\u00e9vrier 2023, \u00e0 la pr\u00e9sentation des membres du Bureau Ex\u00e9cutif Central de la FIDHOP. C&rsquo;\u00e9tait au cours d&rsquo;une conf\u00e9rence de presse qu&rsquo;il a anim\u00e9e au si\u00e8ge [&hellip;]\" \/>\n<meta property=\"og:url\" content=\"https:\/\/www.amanien.info\/news\/defense-des-droits-de-lhomme-la-fidhop-presente-les-membres-de-son-nouveau-bureau-executif-central\/\" \/>\n<meta property=\"og:site_name\" content=\"Amanien| L&#039;actualit\u00e9 Ivoirienne et Internationale\" \/>\n<meta property=\"article:published_time\" content=\"2023-02-16T08:04:27+00:00\" \/>\n<meta property=\"article:modified_time\" content=\"2023-02-16T08:06:38+00:00\" \/>\n<meta property=\"og:image\" content=\"https:\/\/www.amanien.info\/news\/wp-content\/uploads\/2023\/02\/IMG-20230211-WA0033.jpg\" \/>\n\t<meta property=\"og:image:width\" content=\"1080\" \/>\n\t<meta property=\"og:image:height\" content=\"809\" \/>\n\t<meta property=\"og:image:type\" content=\"image\/jpeg\" \/>\n<meta name=\"author\" content=\"Germain Ndri\" \/>\n<meta name=\"twitter:card\" content=\"summary_large_image\" \/>\n<meta name=\"twitter:label1\" content=\"\u00c9crit par\" \/>\n\t<meta name=\"twitter:data1\" content=\"Germain Ndri\" \/>\n\t<meta name=\"twitter:label2\" content=\"Dur\u00e9e de lecture estim\u00e9e\" \/>\n\t<meta name=\"twitter:data2\" content=\"3 minutes\" \/>\n<script type=\"application\/ld+json\" class=\"yoast-schema-graph\">{\"@context\":\"https:\\\/\\\/schema.org\",\"@graph\":[{\"@type\":\"Article\",\"@id\":\"https:\\\/\\\/www.amanien.info\\\/news\\\/defense-des-droits-de-lhomme-la-fidhop-presente-les-membres-de-son-nouveau-bureau-executif-central\\\/#article\",\"isPartOf\":{\"@id\":\"https:\\\/\\\/www.amanien.info\\\/news\\\/defense-des-droits-de-lhomme-la-fidhop-presente-les-membres-de-son-nouveau-bureau-executif-central\\\/\"},\"author\":{\"name\":\"Germain Ndri\",\"@id\":\"https:\\\/\\\/www.amanien.info\\\/news\\\/#\\\/schema\\\/person\\\/b21093345753a1a98242d505bd894f42\"},\"headline\":\"D\u00e9fense des droits de l&rsquo;homme\\\/La FIDHOP pr\u00e9sente les membres de son nouveau Bureau Ex\u00e9cutif central\",\"datePublished\":\"2023-02-16T08:04:27+00:00\",\"dateModified\":\"2023-02-16T08:06:38+00:00\",\"mainEntityOfPage\":{\"@id\":\"https:\\\/\\\/www.amanien.info\\\/news\\\/defense-des-droits-de-lhomme-la-fidhop-presente-les-membres-de-son-nouveau-bureau-executif-central\\\/\"},\"wordCount\":530,\"image\":{\"@id\":\"https:\\\/\\\/www.amanien.info\\\/news\\\/defense-des-droits-de-lhomme-la-fidhop-presente-les-membres-de-son-nouveau-bureau-executif-central\\\/#primaryimage\"},\"thumbnailUrl\":\"https:\\\/\\\/www.amanien.info\\\/news\\\/wp-content\\\/uploads\\\/2023\\\/02\\\/IMG-20230211-WA0033.jpg\",\"inLanguage\":\"fr-FR\"},{\"@type\":\"WebPage\",\"@id\":\"https:\\\/\\\/www.amanien.info\\\/news\\\/defense-des-droits-de-lhomme-la-fidhop-presente-les-membres-de-son-nouveau-bureau-executif-central\\\/\",\"url\":\"https:\\\/\\\/www.amanien.info\\\/news\\\/defense-des-droits-de-lhomme-la-fidhop-presente-les-membres-de-son-nouveau-bureau-executif-central\\\/\",\"name\":\"D\u00e9fense des droits de l'homme\\\/La FIDHOP pr\u00e9sente les membres de son nouveau Bureau Ex\u00e9cutif central - Amanien| L&#039;actualit\u00e9 Ivoirienne et Internationale\",\"isPartOf\":{\"@id\":\"https:\\\/\\\/www.amanien.info\\\/news\\\/#website\"},\"primaryImageOfPage\":{\"@id\":\"https:\\\/\\\/www.amanien.info\\\/news\\\/defense-des-droits-de-lhomme-la-fidhop-presente-les-membres-de-son-nouveau-bureau-executif-central\\\/#primaryimage\"},\"image\":{\"@id\":\"https:\\\/\\\/www.amanien.info\\\/news\\\/defense-des-droits-de-lhomme-la-fidhop-presente-les-membres-de-son-nouveau-bureau-executif-central\\\/#primaryimage\"},\"thumbnailUrl\":\"https:\\\/\\\/www.amanien.info\\\/news\\\/wp-content\\\/uploads\\\/2023\\\/02\\\/IMG-20230211-WA0033.jpg\",\"datePublished\":\"2023-02-16T08:04:27+00:00\",\"dateModified\":\"2023-02-16T08:06:38+00:00\",\"author\":{\"@id\":\"https:\\\/\\\/www.amanien.info\\\/news\\\/#\\\/schema\\\/person\\\/b21093345753a1a98242d505bd894f42\"},\"breadcrumb\":{\"@id\":\"https:\\\/\\\/www.amanien.info\\\/news\\\/defense-des-droits-de-lhomme-la-fidhop-presente-les-membres-de-son-nouveau-bureau-executif-central\\\/#breadcrumb\"},\"inLanguage\":\"fr-FR\",\"potentialAction\":[{\"@type\":\"ReadAction\",\"target\":[\"https:\\\/\\\/www.amanien.info\\\/news\\\/defense-des-droits-de-lhomme-la-fidhop-presente-les-membres-de-son-nouveau-bureau-executif-central\\\/\"]}]},{\"@type\":\"ImageObject\",\"inLanguage\":\"fr-FR\",\"@id\":\"https:\\\/\\\/www.amanien.info\\\/news\\\/defense-des-droits-de-lhomme-la-fidhop-presente-les-membres-de-son-nouveau-bureau-executif-central\\\/#primaryimage\",\"url\":\"https:\\\/\\\/www.amanien.info\\\/news\\\/wp-content\\\/uploads\\\/2023\\\/02\\\/IMG-20230211-WA0033.jpg\",\"contentUrl\":\"https:\\\/\\\/www.amanien.info\\\/news\\\/wp-content\\\/uploads\\\/2023\\\/02\\\/IMG-20230211-WA0033.jpg\",\"width\":1080,\"height\":809},{\"@type\":\"BreadcrumbList\",\"@id\":\"https:\\\/\\\/www.amanien.info\\\/news\\\/defense-des-droits-de-lhomme-la-fidhop-presente-les-membres-de-son-nouveau-bureau-executif-central\\\/#breadcrumb\",\"itemListElement\":[{\"@type\":\"ListItem\",\"position\":1,\"name\":\"Accueil\",\"item\":\"https:\\\/\\\/www.amanien.info\\\/news\\\/\"},{\"@type\":\"ListItem\",\"position\":2,\"name\":\"D\u00e9fense des droits de l&rsquo;homme\\\/La FIDHOP pr\u00e9sente les membres de son nouveau Bureau Ex\u00e9cutif central\"}]},{\"@type\":\"WebSite\",\"@id\":\"https:\\\/\\\/www.amanien.info\\\/news\\\/#website\",\"url\":\"https:\\\/\\\/www.amanien.info\\\/news\\\/\",\"name\":\"Amanien| L&#039;actualit\u00e9 Ivoirienne et Internationale\",\"description\":\"L&#039;actualit\u00e9 Ivoirienne et Internationale\",\"potentialAction\":[{\"@type\":\"SearchAction\",\"target\":{\"@type\":\"EntryPoint\",\"urlTemplate\":\"https:\\\/\\\/www.amanien.info\\\/news\\\/?s={search_term_string}\"},\"query-input\":{\"@type\":\"PropertyValueSpecification\",\"valueRequired\":true,\"valueName\":\"search_term_string\"}}],\"inLanguage\":\"fr-FR\"},{\"@type\":\"Person\",\"@id\":\"https:\\\/\\\/www.amanien.info\\\/news\\\/#\\\/schema\\\/person\\\/b21093345753a1a98242d505bd894f42\",\"name\":\"Germain Ndri\",\"url\":\"https:\\\/\\\/www.amanien.info\\\/news\\\/author\\\/amanien-infos\\\/\"}]}<\/script>\n<!-- \/ Yoast SEO plugin. -->","yoast_head_json":{"title":"D\u00e9fense des droits de l'homme\/La FIDHOP pr\u00e9sente les membres de son nouveau Bureau Ex\u00e9cutif central - Amanien| L&#039;actualit\u00e9 Ivoirienne et Internationale","robots":{"index":"index","follow":"follow","max-snippet":"max-snippet:-1","max-image-preview":"max-image-preview:large","max-video-preview":"max-video-preview:-1"},"canonical":"https:\/\/www.amanien.info\/news\/defense-des-droits-de-lhomme-la-fidhop-presente-les-membres-de-son-nouveau-bureau-executif-central\/","og_locale":"fr_FR","og_type":"article","og_title":"D\u00e9fense des droits de l'homme\/La FIDHOP pr\u00e9sente les membres de son nouveau Bureau Ex\u00e9cutif central - Amanien| L&#039;actualit\u00e9 Ivoirienne et Internationale","og_description":"Le Pr\u00e9sident de la Fondation Internationale pour l&rsquo;Observation et la Surveillance des Droits de l&rsquo;Homme et la Vie Pacifique (FIDHOP), Dr BOGA Sako Gervais a proc\u00e9d\u00e9, le samedi 11 f\u00e9vrier 2023, \u00e0 la pr\u00e9sentation des membres du Bureau Ex\u00e9cutif Central de la FIDHOP. C&rsquo;\u00e9tait au cours d&rsquo;une conf\u00e9rence de presse qu&rsquo;il a anim\u00e9e au si\u00e8ge [&hellip;]","og_url":"https:\/\/www.amanien.info\/news\/defense-des-droits-de-lhomme-la-fidhop-presente-les-membres-de-son-nouveau-bureau-executif-central\/","og_site_name":"Amanien| L&#039;actualit\u00e9 Ivoirienne et Internationale","article_published_time":"2023-02-16T08:04:27+00:00","article_modified_time":"2023-02-16T08:06:38+00:00","og_image":[{"width":1080,"height":809,"url":"https:\/\/www.amanien.info\/news\/wp-content\/uploads\/2023\/02\/IMG-20230211-WA0033.jpg","type":"image\/jpeg"}],"author":"Germain Ndri","twitter_card":"summary_large_image","twitter_misc":{"\u00c9crit par":"Germain Ndri","Dur\u00e9e de lecture estim\u00e9e":"3 minutes"},"schema":{"@context":"https:\/\/schema.org","@graph":[{"@type":"Article","@id":"https:\/\/www.amanien.info\/news\/defense-des-droits-de-lhomme-la-fidhop-presente-les-membres-de-son-nouveau-bureau-executif-central\/#article","isPartOf":{"@id":"https:\/\/www.amanien.info\/news\/defense-des-droits-de-lhomme-la-fidhop-presente-les-membres-de-son-nouveau-bureau-executif-central\/"},"author":{"name":"Germain Ndri","@id":"https:\/\/www.amanien.info\/news\/#\/schema\/person\/b21093345753a1a98242d505bd894f42"},"headline":"D\u00e9fense des droits de l&rsquo;homme\/La FIDHOP pr\u00e9sente les membres de son nouveau Bureau Ex\u00e9cutif central","datePublished":"2023-02-16T08:04:27+00:00","dateModified":"2023-02-16T08:06:38+00:00","mainEntityOfPage":{"@id":"https:\/\/www.amanien.info\/news\/defense-des-droits-de-lhomme-la-fidhop-presente-les-membres-de-son-nouveau-bureau-executif-central\/"},"wordCount":530,"image":{"@id":"https:\/\/www.amanien.info\/news\/defense-des-droits-de-lhomme-la-fidhop-presente-les-membres-de-son-nouveau-bureau-executif-central\/#primaryimage"},"thumbnailUrl":"https:\/\/www.amanien.info\/news\/wp-content\/uploads\/2023\/02\/IMG-20230211-WA0033.jpg","inLanguage":"fr-FR"},{"@type":"WebPage","@id":"https:\/\/www.amanien.info\/news\/defense-des-droits-de-lhomme-la-fidhop-presente-les-membres-de-son-nouveau-bureau-executif-central\/","url":"https:\/\/www.amanien.info\/news\/defense-des-droits-de-lhomme-la-fidhop-presente-les-membres-de-son-nouveau-bureau-executif-central\/","name":"D\u00e9fense des droits de l'homme\/La FIDHOP pr\u00e9sente les membres de son nouveau Bureau Ex\u00e9cutif central - Amanien| L&#039;actualit\u00e9 Ivoirienne et Internationale","isPartOf":{"@id":"https:\/\/www.amanien.info\/news\/#website"},"primaryImageOfPage":{"@id":"https:\/\/www.amanien.info\/news\/defense-des-droits-de-lhomme-la-fidhop-presente-les-membres-de-son-nouveau-bureau-executif-central\/#primaryimage"},"image":{"@id":"https:\/\/www.amanien.info\/news\/defense-des-droits-de-lhomme-la-fidhop-presente-les-membres-de-son-nouveau-bureau-executif-central\/#primaryimage"},"thumbnailUrl":"https:\/\/www.amanien.info\/news\/wp-content\/uploads\/2023\/02\/IMG-20230211-WA0033.jpg","datePublished":"2023-02-16T08:04:27+00:00","dateModified":"2023-02-16T08:06:38+00:00","author":{"@id":"https:\/\/www.amanien.info\/news\/#\/schema\/person\/b21093345753a1a98242d505bd894f42"},"breadcrumb":{"@id":"https:\/\/www.amanien.info\/news\/defense-des-droits-de-lhomme-la-fidhop-presente-les-membres-de-son-nouveau-bureau-executif-central\/#breadcrumb"},"inLanguage":"fr-FR","potentialAction":[{"@type":"ReadAction","target":["https:\/\/www.amanien.info\/news\/defense-des-droits-de-lhomme-la-fidhop-presente-les-membres-de-son-nouveau-bureau-executif-central\/"]}]},{"@type":"ImageObject","inLanguage":"fr-FR","@id":"https:\/\/www.amanien.info\/news\/defense-des-droits-de-lhomme-la-fidhop-presente-les-membres-de-son-nouveau-bureau-executif-central\/#primaryimage","url":"https:\/\/www.amanien.info\/news\/wp-content\/uploads\/2023\/02\/IMG-20230211-WA0033.jpg","contentUrl":"https:\/\/www.amanien.info\/news\/wp-content\/uploads\/2023\/02\/IMG-20230211-WA0033.jpg","width":1080,"height":809},{"@type":"BreadcrumbList","@id":"https:\/\/www.amanien.info\/news\/defense-des-droits-de-lhomme-la-fidhop-presente-les-membres-de-son-nouveau-bureau-executif-central\/#breadcrumb","itemListElement":[{"@type":"ListItem","position":1,"name":"Accueil","item":"https:\/\/www.amanien.info\/news\/"},{"@type":"ListItem","position":2,"name":"D\u00e9fense des droits de l&rsquo;homme\/La FIDHOP pr\u00e9sente les membres de son nouveau Bureau Ex\u00e9cutif central"}]},{"@type":"WebSite","@id":"https:\/\/www.amanien.info\/news\/#website","url":"https:\/\/www.amanien.info\/news\/","name":"Amanien| L&#039;actualit\u00e9 Ivoirienne et Internationale","description":"L&#039;actualit\u00e9 Ivoirienne et Internationale","potentialAction":[{"@type":"SearchAction","target":{"@type":"EntryPoint","urlTemplate":"https:\/\/www.amanien.info\/news\/?s={search_term_string}"},"query-input":{"@type":"PropertyValueSpecification","valueRequired":true,"valueName":"search_term_string"}}],"inLanguage":"fr-FR"},{"@type":"Person","@id":"https:\/\/www.amanien.info\/news\/#\/schema\/person\/b21093345753a1a98242d505bd894f42","name":"Germain Ndri","url":"https:\/\/www.amanien.info\/news\/author\/amanien-infos\/"}]}},"_links":{"self":[{"href":"https:\/\/www.amanien.info\/news\/wp-json\/wp\/v2\/posts\/4057","targetHints":{"allow":["GET"]}}],"collection":[{"href":"https:\/\/www.amanien.info\/news\/wp-json\/wp\/v2\/posts"}],"about":[{"href":"https:\/\/www.amanien.info\/news\/wp-json\/wp\/v2\/types\/post"}],"author":[{"embeddable":true,"href":"https:\/\/www.amanien.info\/news\/wp-json\/wp\/v2\/users\/2"}],"replies":[{"embeddable":true,"href":"https:\/\/www.amanien.info\/news\/wp-json\/wp\/v2\/comments?post=4057"}],"version-history":[{"count":1,"href":"https:\/\/www.amanien.info\/news\/wp-json\/wp\/v2\/posts\/4057\/revisions"}],"predecessor-version":[{"id":4059,"href":"https:\/\/www.amanien.info\/news\/wp-json\/wp\/v2\/posts\/4057\/revisions\/4059"}],"wp:featuredmedia":[{"embeddable":true,"href":"https:\/\/www.amanien.info\/news\/wp-json\/wp\/v2\/media\/4058"}],"wp:attachment":[{"href":"https:\/\/www.amanien.info\/news\/wp-json\/wp\/v2\/media?parent=4057"}],"wp:term":[{"taxonomy":"category","embeddable":true,"href":"https:\/\/www.amanien.info\/news\/wp-json\/wp\/v2\/categories?post=4057"},{"taxonomy":"post_tag","embeddable":true,"href":"https:\/\/www.amanien.info\/news\/wp-json\/wp\/v2\/tags?post=4057"}],"curies":[{"name":"wp","href":"https:\/\/api.w.org\/{rel}","templated":true}]}}