{"id":4052,"date":"2023-02-13T10:31:23","date_gmt":"2023-02-13T10:31:23","guid":{"rendered":"https:\/\/www.https:\/\/zozo.buyee.jp\/\/news\/?p=4052"},"modified":"2023-02-13T10:31:59","modified_gmt":"2023-02-13T10:31:59","slug":"ako-festival-edition-2023-plus-de-15-000-festivaliers-attendus-a-agnibilekrou-du-28-au-30-avril-prochain","status":"publish","type":"post","link":"https:\/\/www.amanien.info\/news\/ako-festival-edition-2023-plus-de-15-000-festivaliers-attendus-a-agnibilekrou-du-28-au-30-avril-prochain\/","title":{"rendered":"AK\u00f4 Festival Edition 2023 : Plus de 15 000 festivaliers attendus \u00e0 Agnibil\u00e9krou du 28 au 30 avril prochain"},"content":{"rendered":"<p>La deuxi\u00e8me \u00e9dition de \u00ab\u00a0AK\u00f4 Festival\u00a0\u00bb(AK\u00f4 qui signifie poulet en Agni) se tiendra les 28, 29 et 30 avril 2023 au stade Pascal Abinan d&rsquo;Agnibil\u00e9krou, dans la r\u00e9gion de l&rsquo;Ind\u00e9ni\u00e9 Djuablin, autour du th\u00e8me principal : \u00ab\u00a0Les d\u00e9fis li\u00e9s \u00e0 l&rsquo;insertion professionnelle de la femme dans le domaine agro-pastoral\u00a0\u00bb. L&rsquo;information a \u00e9t\u00e9 donn\u00e9e par le Commissaire G\u00e9n\u00e9ral, Dr KOUMAN Koffi Fofi\u00e9 Anicet, au cours d&rsquo;une conf\u00e9rence de presse qu&rsquo;il a anim\u00e9e, le mardi 07 f\u00e9vrier, \u00e0 la Maison de la Presse d&rsquo;Abidjan-Plateau.<\/p>\n<p>Plus de 15 000 festivaliers sont attendus \u00e0 ce festival qui est le plus grand festival de poulet dans la r\u00e9gion de l&rsquo;Ind\u00e9ni\u00e9 Djuablin.<\/p>\n<p>Face \u00e0 un parterre de journalistes, Dr KOUMAN Koffi Fofi\u00e9 Anicet a donn\u00e9 les grandes articulations de \u00ab\u00a0AK\u00f4 Festival\u00a0\u00bb qui r\u00e9unira les jeunes, les restaurants, les professionnels, les \u00e9leveurs, etc, dans un cadre festif et professionnel.<\/p>\n<p>Aux dires du Commissaire G\u00e9n\u00e9ral, la premi\u00e8re journ\u00e9e, c&rsquo;est-\u00e0-dire la journ\u00e9e du 28 avril sera meubl\u00e9e par un panel portant sur l&rsquo;insertion professionnelle de la femme \u00e0 travers des \u00e9changes entre les professionnels et les personnes voulant s&rsquo;investir dans le domaine de l&rsquo;aviculture.<\/p>\n<p>La deuxi\u00e8me journ\u00e9e sera une journ\u00e9e \u00e0 caract\u00e8re social. Il s&rsquo;agira, en effet, des dons dans les centres des handicap\u00e9s, dans les orphelinats&#8230; pour marquer, dit-il, \u00ab\u00a0notre pr\u00e9sence dans la ville et aussi associer le caract\u00e8re citoyen \u00e0 l&rsquo;activit\u00e9\u00a0\u00bb.<\/p>\n<p>Quant \u00e0 la troisi\u00e8me et derni\u00e8re journ\u00e9e, elle sera meubl\u00e9e par un concours culinaire autour du poulet, entre les restaurants de la ville d&rsquo;Agnibil\u00e9krou et ceux de la r\u00e9gion de l&rsquo;Ind\u00e9ni\u00e9 Djuablin et un concours sportif. Ce, pour valoriser les restaurants d&rsquo;Agnibil\u00e9krou.<\/p>\n<p>Dr KOUMAN entend \u00e9galement promouvoir le secteur agro-pastoral \u00e0 travers ce grand \u00e9v\u00e9nement. &lt;&lt;Ce festival vient pour promouvoir le secteur agro-pastoral \u00e0 travers l&rsquo;\u00e9levage et attirer l&rsquo;attention de la jeunesse sur le festival\u00a0\u00bba indiqu\u00e9 le Sp\u00e9cialiste en production animale et d\u00e9veloppement rural, souhaitant que cette deuxi\u00e8me \u00e9dition puisse avoir un impact sur les populations d&rsquo;Agnibil\u00e9krou.<\/p>\n<p>Notons que plusieurs artistes en vogue seront \u00e9galement pr\u00e9sents \u00e0 cette deuxi\u00e8me \u00e9dition.<\/p>\n<p>Pour rappel, la premi\u00e8re \u00e9dition de \u00ab\u00a0AK\u00f4 Festival\u00a0\u00bb s&rsquo;est d\u00e9roul\u00e9e \u00e0 la sous-pr\u00e9fecture d&rsquo;Agnibil\u00e9krou et a enregistr\u00e9 la pr\u00e9sence de 10 000 festivaliers.<\/p>\n<p><b>S.A.<\/b><\/p>\n","protected":false},"excerpt":{"rendered":"<p>La deuxi\u00e8me \u00e9dition de \u00ab\u00a0AK\u00f4 Festival\u00a0\u00bb(AK\u00f4 qui signifie poulet en Agni) se tiendra les 28, 29 et 30 avril 2023 au stade Pascal Abinan d&rsquo;Agnibil\u00e9krou, dans la r\u00e9gion de l&rsquo;Ind\u00e9ni\u00e9 Djuablin, autour du th\u00e8me principal : \u00ab\u00a0Les d\u00e9fis li\u00e9s \u00e0 l&rsquo;insertion professionnelle de la femme dans le domaine agro-pastoral\u00a0\u00bb. L&rsquo;information a \u00e9t\u00e9 donn\u00e9e par le [&hellip;]<\/p>\n","protected":false},"author":2,"featured_media":4053,"comment_status":"closed","ping_status":"closed","sticky":true,"template":"","format":"standard","meta":{"_acf_changed":false,"footnotes":""},"categories":[],"tags":[],"class_list":["post-4052","post","type-post","status-publish","format-standard","has-post-thumbnail","hentry"],"acf":[],"yoast_head":"<!-- This site is optimized with the Yoast SEO plugin v27.5 - https:\/\/yoast.com\/product\/yoast-seo-wordpress\/ -->\n<title>AK\u00f4 Festival Edition 2023 : Plus de 15 000 festivaliers attendus \u00e0 Agnibil\u00e9krou du 28 au 30 avril prochain - Amanien| L&#039;actualit\u00e9 Ivoirienne et Internationale<\/title>\n<meta name=\"robots\" content=\"index, follow, max-snippet:-1, max-image-preview:large, max-video-preview:-1\" \/>\n<link rel=\"canonical\" href=\"https:\/\/www.amanien.info\/news\/ako-festival-edition-2023-plus-de-15-000-festivaliers-attendus-a-agnibilekrou-du-28-au-30-avril-prochain\/\" \/>\n<meta property=\"og:locale\" content=\"fr_FR\" \/>\n<meta property=\"og:type\" content=\"article\" \/>\n<meta property=\"og:title\" content=\"AK\u00f4 Festival Edition 2023 : Plus de 15 000 festivaliers attendus \u00e0 Agnibil\u00e9krou du 28 au 30 avril prochain - Amanien| L&#039;actualit\u00e9 Ivoirienne et Internationale\" \/>\n<meta property=\"og:description\" content=\"La deuxi\u00e8me \u00e9dition de \u00ab\u00a0AK\u00f4 Festival\u00a0\u00bb(AK\u00f4 qui signifie poulet en Agni) se tiendra les 28, 29 et 30 avril 2023 au stade Pascal Abinan d&rsquo;Agnibil\u00e9krou, dans la r\u00e9gion de l&rsquo;Ind\u00e9ni\u00e9 Djuablin, autour du th\u00e8me principal : \u00ab\u00a0Les d\u00e9fis li\u00e9s \u00e0 l&rsquo;insertion professionnelle de la femme dans le domaine agro-pastoral\u00a0\u00bb. L&rsquo;information a \u00e9t\u00e9 donn\u00e9e par le [&hellip;]\" \/>\n<meta property=\"og:url\" content=\"https:\/\/www.amanien.info\/news\/ako-festival-edition-2023-plus-de-15-000-festivaliers-attendus-a-agnibilekrou-du-28-au-30-avril-prochain\/\" \/>\n<meta property=\"og:site_name\" content=\"Amanien| L&#039;actualit\u00e9 Ivoirienne et Internationale\" \/>\n<meta property=\"article:published_time\" content=\"2023-02-13T10:31:23+00:00\" \/>\n<meta property=\"article:modified_time\" content=\"2023-02-13T10:31:59+00:00\" \/>\n<meta property=\"og:image\" content=\"https:\/\/www.amanien.info\/news\/wp-content\/uploads\/2023\/02\/thumbnail-6.jpg\" \/>\n\t<meta property=\"og:image:width\" content=\"870\" \/>\n\t<meta property=\"og:image:height\" content=\"580\" \/>\n\t<meta property=\"og:image:type\" content=\"image\/jpeg\" \/>\n<meta name=\"author\" content=\"Germain Ndri\" \/>\n<meta name=\"twitter:card\" content=\"summary_large_image\" \/>\n<meta name=\"twitter:label1\" content=\"\u00c9crit par\" \/>\n\t<meta name=\"twitter:data1\" content=\"Germain Ndri\" \/>\n\t<meta name=\"twitter:label2\" content=\"Dur\u00e9e de lecture estim\u00e9e\" \/>\n\t<meta name=\"twitter:data2\" content=\"2 minutes\" \/>\n<script type=\"application\/ld+json\" class=\"yoast-schema-graph\">{\"@context\":\"https:\\\/\\\/schema.org\",\"@graph\":[{\"@type\":\"Article\",\"@id\":\"https:\\\/\\\/www.amanien.info\\\/news\\\/ako-festival-edition-2023-plus-de-15-000-festivaliers-attendus-a-agnibilekrou-du-28-au-30-avril-prochain\\\/#article\",\"isPartOf\":{\"@id\":\"https:\\\/\\\/www.amanien.info\\\/news\\\/ako-festival-edition-2023-plus-de-15-000-festivaliers-attendus-a-agnibilekrou-du-28-au-30-avril-prochain\\\/\"},\"author\":{\"name\":\"Germain Ndri\",\"@id\":\"https:\\\/\\\/www.amanien.info\\\/news\\\/#\\\/schema\\\/person\\\/b21093345753a1a98242d505bd894f42\"},\"headline\":\"AK\u00f4 Festival Edition 2023 : Plus de 15 000 festivaliers attendus \u00e0 Agnibil\u00e9krou du 28 au 30 avril prochain\",\"datePublished\":\"2023-02-13T10:31:23+00:00\",\"dateModified\":\"2023-02-13T10:31:59+00:00\",\"mainEntityOfPage\":{\"@id\":\"https:\\\/\\\/www.amanien.info\\\/news\\\/ako-festival-edition-2023-plus-de-15-000-festivaliers-attendus-a-agnibilekrou-du-28-au-30-avril-prochain\\\/\"},\"wordCount\":426,\"image\":{\"@id\":\"https:\\\/\\\/www.amanien.info\\\/news\\\/ako-festival-edition-2023-plus-de-15-000-festivaliers-attendus-a-agnibilekrou-du-28-au-30-avril-prochain\\\/#primaryimage\"},\"thumbnailUrl\":\"https:\\\/\\\/www.amanien.info\\\/news\\\/wp-content\\\/uploads\\\/2023\\\/02\\\/thumbnail-6.jpg\",\"inLanguage\":\"fr-FR\"},{\"@type\":\"WebPage\",\"@id\":\"https:\\\/\\\/www.amanien.info\\\/news\\\/ako-festival-edition-2023-plus-de-15-000-festivaliers-attendus-a-agnibilekrou-du-28-au-30-avril-prochain\\\/\",\"url\":\"https:\\\/\\\/www.amanien.info\\\/news\\\/ako-festival-edition-2023-plus-de-15-000-festivaliers-attendus-a-agnibilekrou-du-28-au-30-avril-prochain\\\/\",\"name\":\"AK\u00f4 Festival Edition 2023 : Plus de 15 000 festivaliers attendus \u00e0 Agnibil\u00e9krou du 28 au 30 avril prochain - Amanien| L&#039;actualit\u00e9 Ivoirienne et Internationale\",\"isPartOf\":{\"@id\":\"https:\\\/\\\/www.amanien.info\\\/news\\\/#website\"},\"primaryImageOfPage\":{\"@id\":\"https:\\\/\\\/www.amanien.info\\\/news\\\/ako-festival-edition-2023-plus-de-15-000-festivaliers-attendus-a-agnibilekrou-du-28-au-30-avril-prochain\\\/#primaryimage\"},\"image\":{\"@id\":\"https:\\\/\\\/www.amanien.info\\\/news\\\/ako-festival-edition-2023-plus-de-15-000-festivaliers-attendus-a-agnibilekrou-du-28-au-30-avril-prochain\\\/#primaryimage\"},\"thumbnailUrl\":\"https:\\\/\\\/www.amanien.info\\\/news\\\/wp-content\\\/uploads\\\/2023\\\/02\\\/thumbnail-6.jpg\",\"datePublished\":\"2023-02-13T10:31:23+00:00\",\"dateModified\":\"2023-02-13T10:31:59+00:00\",\"author\":{\"@id\":\"https:\\\/\\\/www.amanien.info\\\/news\\\/#\\\/schema\\\/person\\\/b21093345753a1a98242d505bd894f42\"},\"breadcrumb\":{\"@id\":\"https:\\\/\\\/www.amanien.info\\\/news\\\/ako-festival-edition-2023-plus-de-15-000-festivaliers-attendus-a-agnibilekrou-du-28-au-30-avril-prochain\\\/#breadcrumb\"},\"inLanguage\":\"fr-FR\",\"potentialAction\":[{\"@type\":\"ReadAction\",\"target\":[\"https:\\\/\\\/www.amanien.info\\\/news\\\/ako-festival-edition-2023-plus-de-15-000-festivaliers-attendus-a-agnibilekrou-du-28-au-30-avril-prochain\\\/\"]}]},{\"@type\":\"ImageObject\",\"inLanguage\":\"fr-FR\",\"@id\":\"https:\\\/\\\/www.amanien.info\\\/news\\\/ako-festival-edition-2023-plus-de-15-000-festivaliers-attendus-a-agnibilekrou-du-28-au-30-avril-prochain\\\/#primaryimage\",\"url\":\"https:\\\/\\\/www.amanien.info\\\/news\\\/wp-content\\\/uploads\\\/2023\\\/02\\\/thumbnail-6.jpg\",\"contentUrl\":\"https:\\\/\\\/www.amanien.info\\\/news\\\/wp-content\\\/uploads\\\/2023\\\/02\\\/thumbnail-6.jpg\",\"width\":870,\"height\":580},{\"@type\":\"BreadcrumbList\",\"@id\":\"https:\\\/\\\/www.amanien.info\\\/news\\\/ako-festival-edition-2023-plus-de-15-000-festivaliers-attendus-a-agnibilekrou-du-28-au-30-avril-prochain\\\/#breadcrumb\",\"itemListElement\":[{\"@type\":\"ListItem\",\"position\":1,\"name\":\"Accueil\",\"item\":\"https:\\\/\\\/www.amanien.info\\\/news\\\/\"},{\"@type\":\"ListItem\",\"position\":2,\"name\":\"AK\u00f4 Festival Edition 2023 : Plus de 15 000 festivaliers attendus \u00e0 Agnibil\u00e9krou du 28 au 30 avril prochain\"}]},{\"@type\":\"WebSite\",\"@id\":\"https:\\\/\\\/www.amanien.info\\\/news\\\/#website\",\"url\":\"https:\\\/\\\/www.amanien.info\\\/news\\\/\",\"name\":\"Amanien| L&#039;actualit\u00e9 Ivoirienne et Internationale\",\"description\":\"L&#039;actualit\u00e9 Ivoirienne et Internationale\",\"potentialAction\":[{\"@type\":\"SearchAction\",\"target\":{\"@type\":\"EntryPoint\",\"urlTemplate\":\"https:\\\/\\\/www.amanien.info\\\/news\\\/?s={search_term_string}\"},\"query-input\":{\"@type\":\"PropertyValueSpecification\",\"valueRequired\":true,\"valueName\":\"search_term_string\"}}],\"inLanguage\":\"fr-FR\"},{\"@type\":\"Person\",\"@id\":\"https:\\\/\\\/www.amanien.info\\\/news\\\/#\\\/schema\\\/person\\\/b21093345753a1a98242d505bd894f42\",\"name\":\"Germain Ndri\",\"url\":\"https:\\\/\\\/www.amanien.info\\\/news\\\/author\\\/amanien-infos\\\/\"}]}<\/script>\n<!-- \/ Yoast SEO plugin. -->","yoast_head_json":{"title":"AK\u00f4 Festival Edition 2023 : Plus de 15 000 festivaliers attendus \u00e0 Agnibil\u00e9krou du 28 au 30 avril prochain - Amanien| L&#039;actualit\u00e9 Ivoirienne et Internationale","robots":{"index":"index","follow":"follow","max-snippet":"max-snippet:-1","max-image-preview":"max-image-preview:large","max-video-preview":"max-video-preview:-1"},"canonical":"https:\/\/www.amanien.info\/news\/ako-festival-edition-2023-plus-de-15-000-festivaliers-attendus-a-agnibilekrou-du-28-au-30-avril-prochain\/","og_locale":"fr_FR","og_type":"article","og_title":"AK\u00f4 Festival Edition 2023 : Plus de 15 000 festivaliers attendus \u00e0 Agnibil\u00e9krou du 28 au 30 avril prochain - Amanien| L&#039;actualit\u00e9 Ivoirienne et Internationale","og_description":"La deuxi\u00e8me \u00e9dition de \u00ab\u00a0AK\u00f4 Festival\u00a0\u00bb(AK\u00f4 qui signifie poulet en Agni) se tiendra les 28, 29 et 30 avril 2023 au stade Pascal Abinan d&rsquo;Agnibil\u00e9krou, dans la r\u00e9gion de l&rsquo;Ind\u00e9ni\u00e9 Djuablin, autour du th\u00e8me principal : \u00ab\u00a0Les d\u00e9fis li\u00e9s \u00e0 l&rsquo;insertion professionnelle de la femme dans le domaine agro-pastoral\u00a0\u00bb. L&rsquo;information a \u00e9t\u00e9 donn\u00e9e par le [&hellip;]","og_url":"https:\/\/www.amanien.info\/news\/ako-festival-edition-2023-plus-de-15-000-festivaliers-attendus-a-agnibilekrou-du-28-au-30-avril-prochain\/","og_site_name":"Amanien| L&#039;actualit\u00e9 Ivoirienne et Internationale","article_published_time":"2023-02-13T10:31:23+00:00","article_modified_time":"2023-02-13T10:31:59+00:00","og_image":[{"width":870,"height":580,"url":"https:\/\/www.amanien.info\/news\/wp-content\/uploads\/2023\/02\/thumbnail-6.jpg","type":"image\/jpeg"}],"author":"Germain Ndri","twitter_card":"summary_large_image","twitter_misc":{"\u00c9crit par":"Germain Ndri","Dur\u00e9e de lecture estim\u00e9e":"2 minutes"},"schema":{"@context":"https:\/\/schema.org","@graph":[{"@type":"Article","@id":"https:\/\/www.amanien.info\/news\/ako-festival-edition-2023-plus-de-15-000-festivaliers-attendus-a-agnibilekrou-du-28-au-30-avril-prochain\/#article","isPartOf":{"@id":"https:\/\/www.amanien.info\/news\/ako-festival-edition-2023-plus-de-15-000-festivaliers-attendus-a-agnibilekrou-du-28-au-30-avril-prochain\/"},"author":{"name":"Germain Ndri","@id":"https:\/\/www.amanien.info\/news\/#\/schema\/person\/b21093345753a1a98242d505bd894f42"},"headline":"AK\u00f4 Festival Edition 2023 : Plus de 15 000 festivaliers attendus \u00e0 Agnibil\u00e9krou du 28 au 30 avril prochain","datePublished":"2023-02-13T10:31:23+00:00","dateModified":"2023-02-13T10:31:59+00:00","mainEntityOfPage":{"@id":"https:\/\/www.amanien.info\/news\/ako-festival-edition-2023-plus-de-15-000-festivaliers-attendus-a-agnibilekrou-du-28-au-30-avril-prochain\/"},"wordCount":426,"image":{"@id":"https:\/\/www.amanien.info\/news\/ako-festival-edition-2023-plus-de-15-000-festivaliers-attendus-a-agnibilekrou-du-28-au-30-avril-prochain\/#primaryimage"},"thumbnailUrl":"https:\/\/www.amanien.info\/news\/wp-content\/uploads\/2023\/02\/thumbnail-6.jpg","inLanguage":"fr-FR"},{"@type":"WebPage","@id":"https:\/\/www.amanien.info\/news\/ako-festival-edition-2023-plus-de-15-000-festivaliers-attendus-a-agnibilekrou-du-28-au-30-avril-prochain\/","url":"https:\/\/www.amanien.info\/news\/ako-festival-edition-2023-plus-de-15-000-festivaliers-attendus-a-agnibilekrou-du-28-au-30-avril-prochain\/","name":"AK\u00f4 Festival Edition 2023 : Plus de 15 000 festivaliers attendus \u00e0 Agnibil\u00e9krou du 28 au 30 avril prochain - Amanien| L&#039;actualit\u00e9 Ivoirienne et Internationale","isPartOf":{"@id":"https:\/\/www.amanien.info\/news\/#website"},"primaryImageOfPage":{"@id":"https:\/\/www.amanien.info\/news\/ako-festival-edition-2023-plus-de-15-000-festivaliers-attendus-a-agnibilekrou-du-28-au-30-avril-prochain\/#primaryimage"},"image":{"@id":"https:\/\/www.amanien.info\/news\/ako-festival-edition-2023-plus-de-15-000-festivaliers-attendus-a-agnibilekrou-du-28-au-30-avril-prochain\/#primaryimage"},"thumbnailUrl":"https:\/\/www.amanien.info\/news\/wp-content\/uploads\/2023\/02\/thumbnail-6.jpg","datePublished":"2023-02-13T10:31:23+00:00","dateModified":"2023-02-13T10:31:59+00:00","author":{"@id":"https:\/\/www.amanien.info\/news\/#\/schema\/person\/b21093345753a1a98242d505bd894f42"},"breadcrumb":{"@id":"https:\/\/www.amanien.info\/news\/ako-festival-edition-2023-plus-de-15-000-festivaliers-attendus-a-agnibilekrou-du-28-au-30-avril-prochain\/#breadcrumb"},"inLanguage":"fr-FR","potentialAction":[{"@type":"ReadAction","target":["https:\/\/www.amanien.info\/news\/ako-festival-edition-2023-plus-de-15-000-festivaliers-attendus-a-agnibilekrou-du-28-au-30-avril-prochain\/"]}]},{"@type":"ImageObject","inLanguage":"fr-FR","@id":"https:\/\/www.amanien.info\/news\/ako-festival-edition-2023-plus-de-15-000-festivaliers-attendus-a-agnibilekrou-du-28-au-30-avril-prochain\/#primaryimage","url":"https:\/\/www.amanien.info\/news\/wp-content\/uploads\/2023\/02\/thumbnail-6.jpg","contentUrl":"https:\/\/www.amanien.info\/news\/wp-content\/uploads\/2023\/02\/thumbnail-6.jpg","width":870,"height":580},{"@type":"BreadcrumbList","@id":"https:\/\/www.amanien.info\/news\/ako-festival-edition-2023-plus-de-15-000-festivaliers-attendus-a-agnibilekrou-du-28-au-30-avril-prochain\/#breadcrumb","itemListElement":[{"@type":"ListItem","position":1,"name":"Accueil","item":"https:\/\/www.amanien.info\/news\/"},{"@type":"ListItem","position":2,"name":"AK\u00f4 Festival Edition 2023 : Plus de 15 000 festivaliers attendus \u00e0 Agnibil\u00e9krou du 28 au 30 avril prochain"}]},{"@type":"WebSite","@id":"https:\/\/www.amanien.info\/news\/#website","url":"https:\/\/www.amanien.info\/news\/","name":"Amanien| L&#039;actualit\u00e9 Ivoirienne et Internationale","description":"L&#039;actualit\u00e9 Ivoirienne et Internationale","potentialAction":[{"@type":"SearchAction","target":{"@type":"EntryPoint","urlTemplate":"https:\/\/www.amanien.info\/news\/?s={search_term_string}"},"query-input":{"@type":"PropertyValueSpecification","valueRequired":true,"valueName":"search_term_string"}}],"inLanguage":"fr-FR"},{"@type":"Person","@id":"https:\/\/www.amanien.info\/news\/#\/schema\/person\/b21093345753a1a98242d505bd894f42","name":"Germain Ndri","url":"https:\/\/www.amanien.info\/news\/author\/amanien-infos\/"}]}},"_links":{"self":[{"href":"https:\/\/www.amanien.info\/news\/wp-json\/wp\/v2\/posts\/4052","targetHints":{"allow":["GET"]}}],"collection":[{"href":"https:\/\/www.amanien.info\/news\/wp-json\/wp\/v2\/posts"}],"about":[{"href":"https:\/\/www.amanien.info\/news\/wp-json\/wp\/v2\/types\/post"}],"author":[{"embeddable":true,"href":"https:\/\/www.amanien.info\/news\/wp-json\/wp\/v2\/users\/2"}],"replies":[{"embeddable":true,"href":"https:\/\/www.amanien.info\/news\/wp-json\/wp\/v2\/comments?post=4052"}],"version-history":[{"count":1,"href":"https:\/\/www.amanien.info\/news\/wp-json\/wp\/v2\/posts\/4052\/revisions"}],"predecessor-version":[{"id":4054,"href":"https:\/\/www.amanien.info\/news\/wp-json\/wp\/v2\/posts\/4052\/revisions\/4054"}],"wp:featuredmedia":[{"embeddable":true,"href":"https:\/\/www.amanien.info\/news\/wp-json\/wp\/v2\/media\/4053"}],"wp:attachment":[{"href":"https:\/\/www.amanien.info\/news\/wp-json\/wp\/v2\/media?parent=4052"}],"wp:term":[{"taxonomy":"category","embeddable":true,"href":"https:\/\/www.amanien.info\/news\/wp-json\/wp\/v2\/categories?post=4052"},{"taxonomy":"post_tag","embeddable":true,"href":"https:\/\/www.amanien.info\/news\/wp-json\/wp\/v2\/tags?post=4052"}],"curies":[{"name":"wp","href":"https:\/\/api.w.org\/{rel}","templated":true}]}}