{"id":4049,"date":"2023-02-13T10:26:59","date_gmt":"2023-02-13T10:26:59","guid":{"rendered":"https:\/\/www.https:\/\/zozo.buyee.jp\/\/news\/?p=4049"},"modified":"2023-02-13T10:27:55","modified_gmt":"2023-02-13T10:27:55","slug":"rentree-federale-et-journee-du-merite-sportif-le-ministre-paulin-claude-danho-invite-les-federations-a-placer-la-jeunesse-au-coeur-de-toutes-leurs-activites","status":"publish","type":"post","link":"https:\/\/www.amanien.info\/news\/rentree-federale-et-journee-du-merite-sportif-le-ministre-paulin-claude-danho-invite-les-federations-a-placer-la-jeunesse-au-coeur-de-toutes-leurs-activites\/","title":{"rendered":"Rentr\u00e9e f\u00e9d\u00e9rale et journ\u00e9e du m\u00e9rite sportif : Le Ministre Paulin Claude Danho invite les f\u00e9d\u00e9rations \u00e0 placer la jeunesse au c\u0153ur de toutes leurs activit\u00e9s"},"content":{"rendered":"<div>\u00a0\u00ab Sports, niche d&rsquo;opportunit\u00e9s et facteur d&rsquo;\u00e9panouissement pour une jeunesse responsable au service de la C\u00f4te d&rsquo;Ivoire solidaire \u00bb.Tel est le th\u00e8me de la 3\u00e8 \u00e9dition de la rentr\u00e9e f\u00e9d\u00e9rale coupl\u00e9e avec la Journ\u00e9e du m\u00e9rite sportif qui s&rsquo;est tenue, le jeudi, au Parc des Sports de Treichville, Abidjan.<\/div>\n<div><\/div>\n<div>A cette occasion, le Ministre des Sports, Paulin Claude DANHO a exhort\u00e9 les f\u00e9d\u00e9rations sportives \u00e0 placer la jeunesse ivoirienne au c\u0153ur de toutes leurs activit\u00e9s.<\/div>\n<div>\u00ab Vous avez un grand r\u00f4le \u00e0 jouer : celui d\u2019encadrer et d\u2019orienter les jeunes dans toutes les f\u00e9d\u00e9rations sportives. Organisez des comp\u00e9titions pour les jeunes. Identifiez des talents afin de donner une seconde chance \u00e0 la jeunesse \u00bb, a-t-il encourag\u00e9.<\/div>\n<div><\/div>\n<div>Poursuivant, Paulin Claude DANHO a f\u00e9licit\u00e9 et encourag\u00e9 les 10 Commandeurs, 12 Officiers et 92 Chevaliers dans l\u2019Ordre du m\u00e9rite sportif ivoirien \u00e0 \u00eatre des mod\u00e8les. \u00abJe r\u00e9it\u00e8re mes vives f\u00e9licitations aux r\u00e9cipiendaires et vous assure de la reconnaissance de la Nation pour vos m\u00e9rites. Vous devez inspirer les jeunes g\u00e9n\u00e9rations par votre savoir-faire et par votre savoir-vivre. Donnez des rep\u00e8res \u00e0 la jeunesse qui a besoin d\u2019exp\u00e9rience et d\u2019excellence\u00bb, a-t-il exhort\u00e9.<\/div>\n<div><\/div>\n<div>Non sans manquer d&rsquo;inviter les Pr\u00e9sidents de f\u00e9d\u00e9rations sportives \u00e0 organiser des comp\u00e9titions de d\u00e9tection de talents des jeunes dans toutes les disciplines sportives.<\/div>\n<div><\/div>\n<div><\/div>\n<div>Il a \u00e9galement remis un ch\u00e8que de 150 millions de nos francs aux f\u00e9d\u00e9rations sportives nationales pour l&rsquo;achat d&rsquo;\u00e9quipements.<\/div>\n<div><\/div>\n<div>Cette importante c\u00e9r\u00e9monie, qui a \u00e9t\u00e9 riche en animation, a \u00e9t\u00e9 marqu\u00e9e par des parades des diff\u00e9rentes f\u00e9d\u00e9rations sportives, des distinctions, des pr\u00e9sentations de v\u0153ux au Ministre des Sports et l&rsquo;expos\u00e9 d&rsquo;orientation de la saison sportive 2023 par le Ministre DANHO Paulin.<\/div>\n<div><\/div>\n<div><\/div>\n<div><\/div>\n<div><b>S.A.\u00a0<\/b><\/div>\n<div><\/div>\n","protected":false},"excerpt":{"rendered":"<p>\u00a0\u00ab Sports, niche d&rsquo;opportunit\u00e9s et facteur d&rsquo;\u00e9panouissement pour une jeunesse responsable au service de la C\u00f4te d&rsquo;Ivoire solidaire \u00bb.Tel est le th\u00e8me de la 3\u00e8 \u00e9dition de la rentr\u00e9e f\u00e9d\u00e9rale coupl\u00e9e avec la Journ\u00e9e du m\u00e9rite sportif qui s&rsquo;est tenue, le jeudi, au Parc des Sports de Treichville, Abidjan. A cette occasion, le Ministre des [&hellip;]<\/p>\n","protected":false},"author":2,"featured_media":4050,"comment_status":"closed","ping_status":"closed","sticky":true,"template":"","format":"standard","meta":{"_acf_changed":false,"footnotes":""},"categories":[],"tags":[],"class_list":["post-4049","post","type-post","status-publish","format-standard","has-post-thumbnail","hentry"],"acf":[],"yoast_head":"<!-- This site is optimized with the Yoast SEO plugin v27.5 - https:\/\/yoast.com\/product\/yoast-seo-wordpress\/ -->\n<title>Rentr\u00e9e f\u00e9d\u00e9rale et journ\u00e9e du m\u00e9rite sportif : Le Ministre Paulin Claude Danho invite les f\u00e9d\u00e9rations \u00e0 placer la jeunesse au c\u0153ur de toutes leurs activit\u00e9s - Amanien| L&#039;actualit\u00e9 Ivoirienne et Internationale<\/title>\n<meta name=\"robots\" content=\"index, follow, max-snippet:-1, max-image-preview:large, max-video-preview:-1\" \/>\n<link rel=\"canonical\" href=\"https:\/\/www.amanien.info\/news\/rentree-federale-et-journee-du-merite-sportif-le-ministre-paulin-claude-danho-invite-les-federations-a-placer-la-jeunesse-au-coeur-de-toutes-leurs-activites\/\" \/>\n<meta property=\"og:locale\" content=\"fr_FR\" \/>\n<meta property=\"og:type\" content=\"article\" \/>\n<meta property=\"og:title\" content=\"Rentr\u00e9e f\u00e9d\u00e9rale et journ\u00e9e du m\u00e9rite sportif : Le Ministre Paulin Claude Danho invite les f\u00e9d\u00e9rations \u00e0 placer la jeunesse au c\u0153ur de toutes leurs activit\u00e9s - Amanien| L&#039;actualit\u00e9 Ivoirienne et Internationale\" \/>\n<meta property=\"og:description\" content=\"\u00a0\u00ab Sports, niche d&rsquo;opportunit\u00e9s et facteur d&rsquo;\u00e9panouissement pour une jeunesse responsable au service de la C\u00f4te d&rsquo;Ivoire solidaire \u00bb.Tel est le th\u00e8me de la 3\u00e8 \u00e9dition de la rentr\u00e9e f\u00e9d\u00e9rale coupl\u00e9e avec la Journ\u00e9e du m\u00e9rite sportif qui s&rsquo;est tenue, le jeudi, au Parc des Sports de Treichville, Abidjan. A cette occasion, le Ministre des [&hellip;]\" \/>\n<meta property=\"og:url\" content=\"https:\/\/www.amanien.info\/news\/rentree-federale-et-journee-du-merite-sportif-le-ministre-paulin-claude-danho-invite-les-federations-a-placer-la-jeunesse-au-coeur-de-toutes-leurs-activites\/\" \/>\n<meta property=\"og:site_name\" content=\"Amanien| L&#039;actualit\u00e9 Ivoirienne et Internationale\" \/>\n<meta property=\"article:published_time\" content=\"2023-02-13T10:26:59+00:00\" \/>\n<meta property=\"article:modified_time\" content=\"2023-02-13T10:27:55+00:00\" \/>\n<meta property=\"og:image\" content=\"https:\/\/www.amanien.info\/news\/wp-content\/uploads\/2023\/02\/thumbnail-5.jpg\" \/>\n\t<meta property=\"og:image:width\" content=\"1080\" \/>\n\t<meta property=\"og:image:height\" content=\"720\" \/>\n\t<meta property=\"og:image:type\" content=\"image\/jpeg\" \/>\n<meta name=\"author\" content=\"Germain Ndri\" \/>\n<meta name=\"twitter:card\" content=\"summary_large_image\" \/>\n<meta name=\"twitter:label1\" content=\"\u00c9crit par\" \/>\n\t<meta name=\"twitter:data1\" content=\"Germain Ndri\" \/>\n\t<meta name=\"twitter:label2\" content=\"Dur\u00e9e de lecture estim\u00e9e\" \/>\n\t<meta name=\"twitter:data2\" content=\"2 minutes\" \/>\n<script type=\"application\/ld+json\" class=\"yoast-schema-graph\">{\"@context\":\"https:\\\/\\\/schema.org\",\"@graph\":[{\"@type\":\"Article\",\"@id\":\"https:\\\/\\\/www.amanien.info\\\/news\\\/rentree-federale-et-journee-du-merite-sportif-le-ministre-paulin-claude-danho-invite-les-federations-a-placer-la-jeunesse-au-coeur-de-toutes-leurs-activites\\\/#article\",\"isPartOf\":{\"@id\":\"https:\\\/\\\/www.amanien.info\\\/news\\\/rentree-federale-et-journee-du-merite-sportif-le-ministre-paulin-claude-danho-invite-les-federations-a-placer-la-jeunesse-au-coeur-de-toutes-leurs-activites\\\/\"},\"author\":{\"name\":\"Germain Ndri\",\"@id\":\"https:\\\/\\\/www.amanien.info\\\/news\\\/#\\\/schema\\\/person\\\/b21093345753a1a98242d505bd894f42\"},\"headline\":\"Rentr\u00e9e f\u00e9d\u00e9rale et journ\u00e9e du m\u00e9rite sportif : Le Ministre Paulin Claude Danho invite les f\u00e9d\u00e9rations \u00e0 placer la jeunesse au c\u0153ur de toutes leurs activit\u00e9s\",\"datePublished\":\"2023-02-13T10:26:59+00:00\",\"dateModified\":\"2023-02-13T10:27:55+00:00\",\"mainEntityOfPage\":{\"@id\":\"https:\\\/\\\/www.amanien.info\\\/news\\\/rentree-federale-et-journee-du-merite-sportif-le-ministre-paulin-claude-danho-invite-les-federations-a-placer-la-jeunesse-au-coeur-de-toutes-leurs-activites\\\/\"},\"wordCount\":351,\"image\":{\"@id\":\"https:\\\/\\\/www.amanien.info\\\/news\\\/rentree-federale-et-journee-du-merite-sportif-le-ministre-paulin-claude-danho-invite-les-federations-a-placer-la-jeunesse-au-coeur-de-toutes-leurs-activites\\\/#primaryimage\"},\"thumbnailUrl\":\"https:\\\/\\\/www.amanien.info\\\/news\\\/wp-content\\\/uploads\\\/2023\\\/02\\\/thumbnail-5.jpg\",\"inLanguage\":\"fr-FR\"},{\"@type\":\"WebPage\",\"@id\":\"https:\\\/\\\/www.amanien.info\\\/news\\\/rentree-federale-et-journee-du-merite-sportif-le-ministre-paulin-claude-danho-invite-les-federations-a-placer-la-jeunesse-au-coeur-de-toutes-leurs-activites\\\/\",\"url\":\"https:\\\/\\\/www.amanien.info\\\/news\\\/rentree-federale-et-journee-du-merite-sportif-le-ministre-paulin-claude-danho-invite-les-federations-a-placer-la-jeunesse-au-coeur-de-toutes-leurs-activites\\\/\",\"name\":\"Rentr\u00e9e f\u00e9d\u00e9rale et journ\u00e9e du m\u00e9rite sportif : Le Ministre Paulin Claude Danho invite les f\u00e9d\u00e9rations \u00e0 placer la jeunesse au c\u0153ur de toutes leurs activit\u00e9s - Amanien| L&#039;actualit\u00e9 Ivoirienne et Internationale\",\"isPartOf\":{\"@id\":\"https:\\\/\\\/www.amanien.info\\\/news\\\/#website\"},\"primaryImageOfPage\":{\"@id\":\"https:\\\/\\\/www.amanien.info\\\/news\\\/rentree-federale-et-journee-du-merite-sportif-le-ministre-paulin-claude-danho-invite-les-federations-a-placer-la-jeunesse-au-coeur-de-toutes-leurs-activites\\\/#primaryimage\"},\"image\":{\"@id\":\"https:\\\/\\\/www.amanien.info\\\/news\\\/rentree-federale-et-journee-du-merite-sportif-le-ministre-paulin-claude-danho-invite-les-federations-a-placer-la-jeunesse-au-coeur-de-toutes-leurs-activites\\\/#primaryimage\"},\"thumbnailUrl\":\"https:\\\/\\\/www.amanien.info\\\/news\\\/wp-content\\\/uploads\\\/2023\\\/02\\\/thumbnail-5.jpg\",\"datePublished\":\"2023-02-13T10:26:59+00:00\",\"dateModified\":\"2023-02-13T10:27:55+00:00\",\"author\":{\"@id\":\"https:\\\/\\\/www.amanien.info\\\/news\\\/#\\\/schema\\\/person\\\/b21093345753a1a98242d505bd894f42\"},\"breadcrumb\":{\"@id\":\"https:\\\/\\\/www.amanien.info\\\/news\\\/rentree-federale-et-journee-du-merite-sportif-le-ministre-paulin-claude-danho-invite-les-federations-a-placer-la-jeunesse-au-coeur-de-toutes-leurs-activites\\\/#breadcrumb\"},\"inLanguage\":\"fr-FR\",\"potentialAction\":[{\"@type\":\"ReadAction\",\"target\":[\"https:\\\/\\\/www.amanien.info\\\/news\\\/rentree-federale-et-journee-du-merite-sportif-le-ministre-paulin-claude-danho-invite-les-federations-a-placer-la-jeunesse-au-coeur-de-toutes-leurs-activites\\\/\"]}]},{\"@type\":\"ImageObject\",\"inLanguage\":\"fr-FR\",\"@id\":\"https:\\\/\\\/www.amanien.info\\\/news\\\/rentree-federale-et-journee-du-merite-sportif-le-ministre-paulin-claude-danho-invite-les-federations-a-placer-la-jeunesse-au-coeur-de-toutes-leurs-activites\\\/#primaryimage\",\"url\":\"https:\\\/\\\/www.amanien.info\\\/news\\\/wp-content\\\/uploads\\\/2023\\\/02\\\/thumbnail-5.jpg\",\"contentUrl\":\"https:\\\/\\\/www.amanien.info\\\/news\\\/wp-content\\\/uploads\\\/2023\\\/02\\\/thumbnail-5.jpg\",\"width\":1080,\"height\":720},{\"@type\":\"BreadcrumbList\",\"@id\":\"https:\\\/\\\/www.amanien.info\\\/news\\\/rentree-federale-et-journee-du-merite-sportif-le-ministre-paulin-claude-danho-invite-les-federations-a-placer-la-jeunesse-au-coeur-de-toutes-leurs-activites\\\/#breadcrumb\",\"itemListElement\":[{\"@type\":\"ListItem\",\"position\":1,\"name\":\"Accueil\",\"item\":\"https:\\\/\\\/www.amanien.info\\\/news\\\/\"},{\"@type\":\"ListItem\",\"position\":2,\"name\":\"Rentr\u00e9e f\u00e9d\u00e9rale et journ\u00e9e du m\u00e9rite sportif : Le Ministre Paulin Claude Danho invite les f\u00e9d\u00e9rations \u00e0 placer la jeunesse au c\u0153ur de toutes leurs activit\u00e9s\"}]},{\"@type\":\"WebSite\",\"@id\":\"https:\\\/\\\/www.amanien.info\\\/news\\\/#website\",\"url\":\"https:\\\/\\\/www.amanien.info\\\/news\\\/\",\"name\":\"Amanien| L&#039;actualit\u00e9 Ivoirienne et Internationale\",\"description\":\"L&#039;actualit\u00e9 Ivoirienne et Internationale\",\"potentialAction\":[{\"@type\":\"SearchAction\",\"target\":{\"@type\":\"EntryPoint\",\"urlTemplate\":\"https:\\\/\\\/www.amanien.info\\\/news\\\/?s={search_term_string}\"},\"query-input\":{\"@type\":\"PropertyValueSpecification\",\"valueRequired\":true,\"valueName\":\"search_term_string\"}}],\"inLanguage\":\"fr-FR\"},{\"@type\":\"Person\",\"@id\":\"https:\\\/\\\/www.amanien.info\\\/news\\\/#\\\/schema\\\/person\\\/b21093345753a1a98242d505bd894f42\",\"name\":\"Germain Ndri\",\"url\":\"https:\\\/\\\/www.amanien.info\\\/news\\\/author\\\/amanien-infos\\\/\"}]}<\/script>\n<!-- \/ Yoast SEO plugin. -->","yoast_head_json":{"title":"Rentr\u00e9e f\u00e9d\u00e9rale et journ\u00e9e du m\u00e9rite sportif : Le Ministre Paulin Claude Danho invite les f\u00e9d\u00e9rations \u00e0 placer la jeunesse au c\u0153ur de toutes leurs activit\u00e9s - Amanien| L&#039;actualit\u00e9 Ivoirienne et Internationale","robots":{"index":"index","follow":"follow","max-snippet":"max-snippet:-1","max-image-preview":"max-image-preview:large","max-video-preview":"max-video-preview:-1"},"canonical":"https:\/\/www.amanien.info\/news\/rentree-federale-et-journee-du-merite-sportif-le-ministre-paulin-claude-danho-invite-les-federations-a-placer-la-jeunesse-au-coeur-de-toutes-leurs-activites\/","og_locale":"fr_FR","og_type":"article","og_title":"Rentr\u00e9e f\u00e9d\u00e9rale et journ\u00e9e du m\u00e9rite sportif : Le Ministre Paulin Claude Danho invite les f\u00e9d\u00e9rations \u00e0 placer la jeunesse au c\u0153ur de toutes leurs activit\u00e9s - Amanien| L&#039;actualit\u00e9 Ivoirienne et Internationale","og_description":"\u00a0\u00ab Sports, niche d&rsquo;opportunit\u00e9s et facteur d&rsquo;\u00e9panouissement pour une jeunesse responsable au service de la C\u00f4te d&rsquo;Ivoire solidaire \u00bb.Tel est le th\u00e8me de la 3\u00e8 \u00e9dition de la rentr\u00e9e f\u00e9d\u00e9rale coupl\u00e9e avec la Journ\u00e9e du m\u00e9rite sportif qui s&rsquo;est tenue, le jeudi, au Parc des Sports de Treichville, Abidjan. A cette occasion, le Ministre des [&hellip;]","og_url":"https:\/\/www.amanien.info\/news\/rentree-federale-et-journee-du-merite-sportif-le-ministre-paulin-claude-danho-invite-les-federations-a-placer-la-jeunesse-au-coeur-de-toutes-leurs-activites\/","og_site_name":"Amanien| L&#039;actualit\u00e9 Ivoirienne et Internationale","article_published_time":"2023-02-13T10:26:59+00:00","article_modified_time":"2023-02-13T10:27:55+00:00","og_image":[{"width":1080,"height":720,"url":"https:\/\/www.amanien.info\/news\/wp-content\/uploads\/2023\/02\/thumbnail-5.jpg","type":"image\/jpeg"}],"author":"Germain Ndri","twitter_card":"summary_large_image","twitter_misc":{"\u00c9crit par":"Germain Ndri","Dur\u00e9e de lecture estim\u00e9e":"2 minutes"},"schema":{"@context":"https:\/\/schema.org","@graph":[{"@type":"Article","@id":"https:\/\/www.amanien.info\/news\/rentree-federale-et-journee-du-merite-sportif-le-ministre-paulin-claude-danho-invite-les-federations-a-placer-la-jeunesse-au-coeur-de-toutes-leurs-activites\/#article","isPartOf":{"@id":"https:\/\/www.amanien.info\/news\/rentree-federale-et-journee-du-merite-sportif-le-ministre-paulin-claude-danho-invite-les-federations-a-placer-la-jeunesse-au-coeur-de-toutes-leurs-activites\/"},"author":{"name":"Germain Ndri","@id":"https:\/\/www.amanien.info\/news\/#\/schema\/person\/b21093345753a1a98242d505bd894f42"},"headline":"Rentr\u00e9e f\u00e9d\u00e9rale et journ\u00e9e du m\u00e9rite sportif : Le Ministre Paulin Claude Danho invite les f\u00e9d\u00e9rations \u00e0 placer la jeunesse au c\u0153ur de toutes leurs activit\u00e9s","datePublished":"2023-02-13T10:26:59+00:00","dateModified":"2023-02-13T10:27:55+00:00","mainEntityOfPage":{"@id":"https:\/\/www.amanien.info\/news\/rentree-federale-et-journee-du-merite-sportif-le-ministre-paulin-claude-danho-invite-les-federations-a-placer-la-jeunesse-au-coeur-de-toutes-leurs-activites\/"},"wordCount":351,"image":{"@id":"https:\/\/www.amanien.info\/news\/rentree-federale-et-journee-du-merite-sportif-le-ministre-paulin-claude-danho-invite-les-federations-a-placer-la-jeunesse-au-coeur-de-toutes-leurs-activites\/#primaryimage"},"thumbnailUrl":"https:\/\/www.amanien.info\/news\/wp-content\/uploads\/2023\/02\/thumbnail-5.jpg","inLanguage":"fr-FR"},{"@type":"WebPage","@id":"https:\/\/www.amanien.info\/news\/rentree-federale-et-journee-du-merite-sportif-le-ministre-paulin-claude-danho-invite-les-federations-a-placer-la-jeunesse-au-coeur-de-toutes-leurs-activites\/","url":"https:\/\/www.amanien.info\/news\/rentree-federale-et-journee-du-merite-sportif-le-ministre-paulin-claude-danho-invite-les-federations-a-placer-la-jeunesse-au-coeur-de-toutes-leurs-activites\/","name":"Rentr\u00e9e f\u00e9d\u00e9rale et journ\u00e9e du m\u00e9rite sportif : Le Ministre Paulin Claude Danho invite les f\u00e9d\u00e9rations \u00e0 placer la jeunesse au c\u0153ur de toutes leurs activit\u00e9s - Amanien| L&#039;actualit\u00e9 Ivoirienne et Internationale","isPartOf":{"@id":"https:\/\/www.amanien.info\/news\/#website"},"primaryImageOfPage":{"@id":"https:\/\/www.amanien.info\/news\/rentree-federale-et-journee-du-merite-sportif-le-ministre-paulin-claude-danho-invite-les-federations-a-placer-la-jeunesse-au-coeur-de-toutes-leurs-activites\/#primaryimage"},"image":{"@id":"https:\/\/www.amanien.info\/news\/rentree-federale-et-journee-du-merite-sportif-le-ministre-paulin-claude-danho-invite-les-federations-a-placer-la-jeunesse-au-coeur-de-toutes-leurs-activites\/#primaryimage"},"thumbnailUrl":"https:\/\/www.amanien.info\/news\/wp-content\/uploads\/2023\/02\/thumbnail-5.jpg","datePublished":"2023-02-13T10:26:59+00:00","dateModified":"2023-02-13T10:27:55+00:00","author":{"@id":"https:\/\/www.amanien.info\/news\/#\/schema\/person\/b21093345753a1a98242d505bd894f42"},"breadcrumb":{"@id":"https:\/\/www.amanien.info\/news\/rentree-federale-et-journee-du-merite-sportif-le-ministre-paulin-claude-danho-invite-les-federations-a-placer-la-jeunesse-au-coeur-de-toutes-leurs-activites\/#breadcrumb"},"inLanguage":"fr-FR","potentialAction":[{"@type":"ReadAction","target":["https:\/\/www.amanien.info\/news\/rentree-federale-et-journee-du-merite-sportif-le-ministre-paulin-claude-danho-invite-les-federations-a-placer-la-jeunesse-au-coeur-de-toutes-leurs-activites\/"]}]},{"@type":"ImageObject","inLanguage":"fr-FR","@id":"https:\/\/www.amanien.info\/news\/rentree-federale-et-journee-du-merite-sportif-le-ministre-paulin-claude-danho-invite-les-federations-a-placer-la-jeunesse-au-coeur-de-toutes-leurs-activites\/#primaryimage","url":"https:\/\/www.amanien.info\/news\/wp-content\/uploads\/2023\/02\/thumbnail-5.jpg","contentUrl":"https:\/\/www.amanien.info\/news\/wp-content\/uploads\/2023\/02\/thumbnail-5.jpg","width":1080,"height":720},{"@type":"BreadcrumbList","@id":"https:\/\/www.amanien.info\/news\/rentree-federale-et-journee-du-merite-sportif-le-ministre-paulin-claude-danho-invite-les-federations-a-placer-la-jeunesse-au-coeur-de-toutes-leurs-activites\/#breadcrumb","itemListElement":[{"@type":"ListItem","position":1,"name":"Accueil","item":"https:\/\/www.amanien.info\/news\/"},{"@type":"ListItem","position":2,"name":"Rentr\u00e9e f\u00e9d\u00e9rale et journ\u00e9e du m\u00e9rite sportif : Le Ministre Paulin Claude Danho invite les f\u00e9d\u00e9rations \u00e0 placer la jeunesse au c\u0153ur de toutes leurs activit\u00e9s"}]},{"@type":"WebSite","@id":"https:\/\/www.amanien.info\/news\/#website","url":"https:\/\/www.amanien.info\/news\/","name":"Amanien| L&#039;actualit\u00e9 Ivoirienne et Internationale","description":"L&#039;actualit\u00e9 Ivoirienne et Internationale","potentialAction":[{"@type":"SearchAction","target":{"@type":"EntryPoint","urlTemplate":"https:\/\/www.amanien.info\/news\/?s={search_term_string}"},"query-input":{"@type":"PropertyValueSpecification","valueRequired":true,"valueName":"search_term_string"}}],"inLanguage":"fr-FR"},{"@type":"Person","@id":"https:\/\/www.amanien.info\/news\/#\/schema\/person\/b21093345753a1a98242d505bd894f42","name":"Germain Ndri","url":"https:\/\/www.amanien.info\/news\/author\/amanien-infos\/"}]}},"_links":{"self":[{"href":"https:\/\/www.amanien.info\/news\/wp-json\/wp\/v2\/posts\/4049","targetHints":{"allow":["GET"]}}],"collection":[{"href":"https:\/\/www.amanien.info\/news\/wp-json\/wp\/v2\/posts"}],"about":[{"href":"https:\/\/www.amanien.info\/news\/wp-json\/wp\/v2\/types\/post"}],"author":[{"embeddable":true,"href":"https:\/\/www.amanien.info\/news\/wp-json\/wp\/v2\/users\/2"}],"replies":[{"embeddable":true,"href":"https:\/\/www.amanien.info\/news\/wp-json\/wp\/v2\/comments?post=4049"}],"version-history":[{"count":1,"href":"https:\/\/www.amanien.info\/news\/wp-json\/wp\/v2\/posts\/4049\/revisions"}],"predecessor-version":[{"id":4051,"href":"https:\/\/www.amanien.info\/news\/wp-json\/wp\/v2\/posts\/4049\/revisions\/4051"}],"wp:featuredmedia":[{"embeddable":true,"href":"https:\/\/www.amanien.info\/news\/wp-json\/wp\/v2\/media\/4050"}],"wp:attachment":[{"href":"https:\/\/www.amanien.info\/news\/wp-json\/wp\/v2\/media?parent=4049"}],"wp:term":[{"taxonomy":"category","embeddable":true,"href":"https:\/\/www.amanien.info\/news\/wp-json\/wp\/v2\/categories?post=4049"},{"taxonomy":"post_tag","embeddable":true,"href":"https:\/\/www.amanien.info\/news\/wp-json\/wp\/v2\/tags?post=4049"}],"curies":[{"name":"wp","href":"https:\/\/api.w.org\/{rel}","templated":true}]}}