{"id":4037,"date":"2023-02-04T09:06:35","date_gmt":"2023-02-04T09:06:35","guid":{"rendered":"https:\/\/www.https:\/\/zozo.buyee.jp\/\/news\/?p=4037"},"modified":"2023-02-04T09:08:39","modified_gmt":"2023-02-04T09:08:39","slug":"la-2e-edition-du-cross-joseph-taregue-lancee-a-bouake","status":"publish","type":"post","link":"https:\/\/www.amanien.info\/news\/la-2e-edition-du-cross-joseph-taregue-lancee-a-bouake\/","title":{"rendered":"La 2e \u00e9dition du cross Joseph Tar\u00e8gue lanc\u00e9e \u00e0 Bouak\u00e9"},"content":{"rendered":"<div class=\"I_ZkbNhI D_FY W_6D6F\" data-test-id=\"message-view-body\">\n<div class=\"msg-body P_wpofO mq_AS\" data-test-id=\"message-view-body-content\">\n<div class=\"jb_0 X_6MGW N_6Fd5\">\n<div>\n<div id=\"yiv4034947220\">\n<div>Le comit\u00e9 d&rsquo;organisation du cross Joseph Tar\u00e8gue r\u00e9unit autour du parrain, Jacques Assahor\u00e9, et le secr\u00e9taire g\u00e9n\u00e9ral de la pr\u00e9fecture de Bouak\u00e9, Katou Bony Francis<br \/>\nBouak\u00e9, 28 jan 2023 (AIP)- La 2e \u00e9dition du cross Joseph Tar\u00e8gue, qui se tiendra le 18 mars 2023 \u00e0 Bouak\u00e9, a \u00e9t\u00e9 officiellement lanc\u00e9e samedi 28 janvier, en pr\u00e9sence du directeur g\u00e9n\u00e9ral du tr\u00e9sor et de la comptabilit\u00e9 publique, Jacques Assahor\u00e9, parrain de cette activit\u00e9 sportive.Le cross Joseph Tar\u00e8gue, dont la 1\u00e8re \u00e9dition s\u2019\u00e9tait d\u00e9roul\u00e9e le 28 mai 2022, est organis\u00e9 par YB.com en collaboration avec la ligue r\u00e9gionale d\u2019athl\u00e9tisme de Bouak\u00e9 pour rendre hommage \u00e0 feu Joseph Tar\u00e8gue, ce \u00ab\u00a0journaliste\u00a0mythique de radio Bouak\u00e9 dont les comp\u00e9tences, le professionnalisme et l\u2019humanisme sont connus de tous\u00a0\u00bb.Environ 7 000 personnes sont attendues \u00e0 ce cross populaire qui sera couru sur 5 et 10 km selon les diff\u00e9rentes cat\u00e9gories que sont les minimes (14-15 ans), les cadets (16-17 ans), les juniors (18-19 ans), les s\u00e9niors (20-34 ans), les v\u00e9t\u00e9rans-dames (35-44 ans) let les v\u00e9t\u00e9rans-hommes (44 ans et plus).<\/p>\n<p>Au nom de l\u2019ensemble des membres du comit\u00e9 d\u2019organisation, le directeur g\u00e9n\u00e9ral de YB.com, Bamba Youssouf, a exprim\u00e9 sa gratitude au DG du tr\u00e9sor et de la comptabilit\u00e9 publique pour avoir accord\u00e9 son parrainage \u00e0 cette 2e \u00e9dition du cross Joseph Tar\u00e8gue.<\/p>\n<p>Ce dernier, qui s\u2019est r\u00e9joui pour le choix port\u00e9 sur sa personne, a salu\u00e9 et f\u00e9licit\u00e9 YB.com pour cette \u00ab\u00a0belle initiative\u00a0\u00bb qui vise \u00e0 magnifier \u00ab\u00a0un grand professionnel du journalisme\u00a0\u00bb.<\/p>\n<p>\u00ab\u00a0Vous rendez hommage \u00e0 la comp\u00e9tence. Vous montrez \u00e0 la jeunesse que la comp\u00e9tence et la qualit\u00e9 payent. C\u2019est ce genre d\u2019exemple qu\u2019il convient de montrer \u00e0 la nouvelle g\u00e9n\u00e9ration\u00a0\u00bb, a indiqu\u00e9 M. Assahor\u00e9, prenant l\u2019engagement de contribuer mat\u00e9riellement et financi\u00e8rement \u00e0 la r\u00e9ussite de cette 2e \u00e9dition du cross Joseph Tar\u00e8gue\u00a0\u00bb<\/p>\n<\/div>\n<\/div>\n<\/div>\n<\/div>\n<\/div>\n<div class=\"D_F ab_C en_0 b_Z14vXdP e_3mS2U I_ZkbNhI P_Z1otBpf\">\n<hr class=\"M_0 P_0 cn_0\" \/>\n<\/div>\n<\/div>\n<div class=\"D_F ek_BB r_P P_ZVpSLT I_ZkbNhI m_Z14vXdP\" data-test-id=\"quick-reply\">\n<div class=\"D_F en_0 u_b C_Z1TsNbA U_6VdP\" data-test-id=\"quick-reply-button-group\"><\/div>\n<\/div>\n<div data-test-id=\"compose-toolbar\">\n<div class=\"z_Z14vXdP D_F ab_C I_ZkbNhI W_6D6F p_R B_0 cZW7ROP_n O_od\" data-test-id=\"compose-toolbar-styler\"><\/div>\n<\/div>\n<div data-test-id=\"compose.attach-button\">\n<div data-test-id=\"popover-container\">\n<div class=\"p_R D_F ab_C P_eo6 o_h r_P\"><\/div>\n<\/div>\n<\/div>\n<div data-test-id=\"compose.attach-button\">\n<div data-test-id=\"popover-container\">\n<div class=\"p_R D_F ab_C P_eo6 o_h r_P\"><\/div>\n<\/div>\n<\/div>\n<div data-test-id=\"gif-button\">\n<div data-test-id=\"popover-container\"><\/div>\n<\/div>\n<div>\n<div>\n<div data-test-id=\"popover-container\"><\/div>\n<\/div>\n<\/div>\n<div>\n<div data-test-id=\"popover-container\"><\/div>\n<\/div>\n","protected":false},"excerpt":{"rendered":"<p>Le comit\u00e9 d&rsquo;organisation du cross Joseph Tar\u00e8gue r\u00e9unit autour du parrain, Jacques Assahor\u00e9, et le secr\u00e9taire g\u00e9n\u00e9ral de la pr\u00e9fecture de Bouak\u00e9, Katou Bony Francis Bouak\u00e9, 28 jan 2023 (AIP)- La 2e \u00e9dition du cross Joseph Tar\u00e8gue, qui se tiendra le 18 mars 2023 \u00e0 Bouak\u00e9, a \u00e9t\u00e9 officiellement lanc\u00e9e samedi 28 janvier, en pr\u00e9sence [&hellip;]<\/p>\n","protected":false},"author":2,"featured_media":4038,"comment_status":"closed","ping_status":"closed","sticky":true,"template":"","format":"standard","meta":{"_acf_changed":false,"footnotes":""},"categories":[],"tags":[],"class_list":["post-4037","post","type-post","status-publish","format-standard","has-post-thumbnail","hentry"],"acf":[],"yoast_head":"<!-- This site is optimized with the Yoast SEO plugin v27.5 - https:\/\/yoast.com\/product\/yoast-seo-wordpress\/ -->\n<title>La 2e \u00e9dition du cross Joseph Tar\u00e8gue lanc\u00e9e \u00e0 Bouak\u00e9 - Amanien| L&#039;actualit\u00e9 Ivoirienne et Internationale<\/title>\n<meta name=\"robots\" content=\"index, follow, max-snippet:-1, max-image-preview:large, max-video-preview:-1\" \/>\n<link rel=\"canonical\" href=\"https:\/\/www.amanien.info\/news\/la-2e-edition-du-cross-joseph-taregue-lancee-a-bouake\/\" \/>\n<meta property=\"og:locale\" content=\"fr_FR\" \/>\n<meta property=\"og:type\" content=\"article\" \/>\n<meta property=\"og:title\" content=\"La 2e \u00e9dition du cross Joseph Tar\u00e8gue lanc\u00e9e \u00e0 Bouak\u00e9 - Amanien| L&#039;actualit\u00e9 Ivoirienne et Internationale\" \/>\n<meta property=\"og:description\" content=\"Le comit\u00e9 d&rsquo;organisation du cross Joseph Tar\u00e8gue r\u00e9unit autour du parrain, Jacques Assahor\u00e9, et le secr\u00e9taire g\u00e9n\u00e9ral de la pr\u00e9fecture de Bouak\u00e9, Katou Bony Francis Bouak\u00e9, 28 jan 2023 (AIP)- La 2e \u00e9dition du cross Joseph Tar\u00e8gue, qui se tiendra le 18 mars 2023 \u00e0 Bouak\u00e9, a \u00e9t\u00e9 officiellement lanc\u00e9e samedi 28 janvier, en pr\u00e9sence [&hellip;]\" \/>\n<meta property=\"og:url\" content=\"https:\/\/www.amanien.info\/news\/la-2e-edition-du-cross-joseph-taregue-lancee-a-bouake\/\" \/>\n<meta property=\"og:site_name\" content=\"Amanien| L&#039;actualit\u00e9 Ivoirienne et Internationale\" \/>\n<meta property=\"article:published_time\" content=\"2023-02-04T09:06:35+00:00\" \/>\n<meta property=\"article:modified_time\" content=\"2023-02-04T09:08:39+00:00\" \/>\n<meta property=\"og:image\" content=\"https:\/\/www.amanien.info\/news\/wp-content\/uploads\/2023\/02\/index.jpg\" \/>\n\t<meta property=\"og:image:width\" content=\"724\" \/>\n\t<meta property=\"og:image:height\" content=\"327\" \/>\n\t<meta property=\"og:image:type\" content=\"image\/jpeg\" \/>\n<meta name=\"author\" content=\"Germain Ndri\" \/>\n<meta name=\"twitter:card\" content=\"summary_large_image\" \/>\n<meta name=\"twitter:label1\" content=\"\u00c9crit par\" \/>\n\t<meta name=\"twitter:data1\" content=\"Germain Ndri\" \/>\n\t<meta name=\"twitter:label2\" content=\"Dur\u00e9e de lecture estim\u00e9e\" \/>\n\t<meta name=\"twitter:data2\" content=\"2 minutes\" \/>\n<script type=\"application\/ld+json\" class=\"yoast-schema-graph\">{\"@context\":\"https:\\\/\\\/schema.org\",\"@graph\":[{\"@type\":\"Article\",\"@id\":\"https:\\\/\\\/www.amanien.info\\\/news\\\/la-2e-edition-du-cross-joseph-taregue-lancee-a-bouake\\\/#article\",\"isPartOf\":{\"@id\":\"https:\\\/\\\/www.amanien.info\\\/news\\\/la-2e-edition-du-cross-joseph-taregue-lancee-a-bouake\\\/\"},\"author\":{\"name\":\"Germain Ndri\",\"@id\":\"https:\\\/\\\/www.amanien.info\\\/news\\\/#\\\/schema\\\/person\\\/b21093345753a1a98242d505bd894f42\"},\"headline\":\"La 2e \u00e9dition du cross Joseph Tar\u00e8gue lanc\u00e9e \u00e0 Bouak\u00e9\",\"datePublished\":\"2023-02-04T09:06:35+00:00\",\"dateModified\":\"2023-02-04T09:08:39+00:00\",\"mainEntityOfPage\":{\"@id\":\"https:\\\/\\\/www.amanien.info\\\/news\\\/la-2e-edition-du-cross-joseph-taregue-lancee-a-bouake\\\/\"},\"wordCount\":343,\"image\":{\"@id\":\"https:\\\/\\\/www.amanien.info\\\/news\\\/la-2e-edition-du-cross-joseph-taregue-lancee-a-bouake\\\/#primaryimage\"},\"thumbnailUrl\":\"https:\\\/\\\/www.amanien.info\\\/news\\\/wp-content\\\/uploads\\\/2023\\\/02\\\/index.jpg\",\"inLanguage\":\"fr-FR\"},{\"@type\":\"WebPage\",\"@id\":\"https:\\\/\\\/www.amanien.info\\\/news\\\/la-2e-edition-du-cross-joseph-taregue-lancee-a-bouake\\\/\",\"url\":\"https:\\\/\\\/www.amanien.info\\\/news\\\/la-2e-edition-du-cross-joseph-taregue-lancee-a-bouake\\\/\",\"name\":\"La 2e \u00e9dition du cross Joseph Tar\u00e8gue lanc\u00e9e \u00e0 Bouak\u00e9 - Amanien| L&#039;actualit\u00e9 Ivoirienne et Internationale\",\"isPartOf\":{\"@id\":\"https:\\\/\\\/www.amanien.info\\\/news\\\/#website\"},\"primaryImageOfPage\":{\"@id\":\"https:\\\/\\\/www.amanien.info\\\/news\\\/la-2e-edition-du-cross-joseph-taregue-lancee-a-bouake\\\/#primaryimage\"},\"image\":{\"@id\":\"https:\\\/\\\/www.amanien.info\\\/news\\\/la-2e-edition-du-cross-joseph-taregue-lancee-a-bouake\\\/#primaryimage\"},\"thumbnailUrl\":\"https:\\\/\\\/www.amanien.info\\\/news\\\/wp-content\\\/uploads\\\/2023\\\/02\\\/index.jpg\",\"datePublished\":\"2023-02-04T09:06:35+00:00\",\"dateModified\":\"2023-02-04T09:08:39+00:00\",\"author\":{\"@id\":\"https:\\\/\\\/www.amanien.info\\\/news\\\/#\\\/schema\\\/person\\\/b21093345753a1a98242d505bd894f42\"},\"breadcrumb\":{\"@id\":\"https:\\\/\\\/www.amanien.info\\\/news\\\/la-2e-edition-du-cross-joseph-taregue-lancee-a-bouake\\\/#breadcrumb\"},\"inLanguage\":\"fr-FR\",\"potentialAction\":[{\"@type\":\"ReadAction\",\"target\":[\"https:\\\/\\\/www.amanien.info\\\/news\\\/la-2e-edition-du-cross-joseph-taregue-lancee-a-bouake\\\/\"]}]},{\"@type\":\"ImageObject\",\"inLanguage\":\"fr-FR\",\"@id\":\"https:\\\/\\\/www.amanien.info\\\/news\\\/la-2e-edition-du-cross-joseph-taregue-lancee-a-bouake\\\/#primaryimage\",\"url\":\"https:\\\/\\\/www.amanien.info\\\/news\\\/wp-content\\\/uploads\\\/2023\\\/02\\\/index.jpg\",\"contentUrl\":\"https:\\\/\\\/www.amanien.info\\\/news\\\/wp-content\\\/uploads\\\/2023\\\/02\\\/index.jpg\",\"width\":724,\"height\":327},{\"@type\":\"BreadcrumbList\",\"@id\":\"https:\\\/\\\/www.amanien.info\\\/news\\\/la-2e-edition-du-cross-joseph-taregue-lancee-a-bouake\\\/#breadcrumb\",\"itemListElement\":[{\"@type\":\"ListItem\",\"position\":1,\"name\":\"Accueil\",\"item\":\"https:\\\/\\\/www.amanien.info\\\/news\\\/\"},{\"@type\":\"ListItem\",\"position\":2,\"name\":\"La 2e \u00e9dition du cross Joseph Tar\u00e8gue lanc\u00e9e \u00e0 Bouak\u00e9\"}]},{\"@type\":\"WebSite\",\"@id\":\"https:\\\/\\\/www.amanien.info\\\/news\\\/#website\",\"url\":\"https:\\\/\\\/www.amanien.info\\\/news\\\/\",\"name\":\"Amanien| L&#039;actualit\u00e9 Ivoirienne et Internationale\",\"description\":\"L&#039;actualit\u00e9 Ivoirienne et Internationale\",\"potentialAction\":[{\"@type\":\"SearchAction\",\"target\":{\"@type\":\"EntryPoint\",\"urlTemplate\":\"https:\\\/\\\/www.amanien.info\\\/news\\\/?s={search_term_string}\"},\"query-input\":{\"@type\":\"PropertyValueSpecification\",\"valueRequired\":true,\"valueName\":\"search_term_string\"}}],\"inLanguage\":\"fr-FR\"},{\"@type\":\"Person\",\"@id\":\"https:\\\/\\\/www.amanien.info\\\/news\\\/#\\\/schema\\\/person\\\/b21093345753a1a98242d505bd894f42\",\"name\":\"Germain Ndri\",\"url\":\"https:\\\/\\\/www.amanien.info\\\/news\\\/author\\\/amanien-infos\\\/\"}]}<\/script>\n<!-- \/ Yoast SEO plugin. -->","yoast_head_json":{"title":"La 2e \u00e9dition du cross Joseph Tar\u00e8gue lanc\u00e9e \u00e0 Bouak\u00e9 - Amanien| L&#039;actualit\u00e9 Ivoirienne et Internationale","robots":{"index":"index","follow":"follow","max-snippet":"max-snippet:-1","max-image-preview":"max-image-preview:large","max-video-preview":"max-video-preview:-1"},"canonical":"https:\/\/www.amanien.info\/news\/la-2e-edition-du-cross-joseph-taregue-lancee-a-bouake\/","og_locale":"fr_FR","og_type":"article","og_title":"La 2e \u00e9dition du cross Joseph Tar\u00e8gue lanc\u00e9e \u00e0 Bouak\u00e9 - Amanien| L&#039;actualit\u00e9 Ivoirienne et Internationale","og_description":"Le comit\u00e9 d&rsquo;organisation du cross Joseph Tar\u00e8gue r\u00e9unit autour du parrain, Jacques Assahor\u00e9, et le secr\u00e9taire g\u00e9n\u00e9ral de la pr\u00e9fecture de Bouak\u00e9, Katou Bony Francis Bouak\u00e9, 28 jan 2023 (AIP)- La 2e \u00e9dition du cross Joseph Tar\u00e8gue, qui se tiendra le 18 mars 2023 \u00e0 Bouak\u00e9, a \u00e9t\u00e9 officiellement lanc\u00e9e samedi 28 janvier, en pr\u00e9sence [&hellip;]","og_url":"https:\/\/www.amanien.info\/news\/la-2e-edition-du-cross-joseph-taregue-lancee-a-bouake\/","og_site_name":"Amanien| L&#039;actualit\u00e9 Ivoirienne et Internationale","article_published_time":"2023-02-04T09:06:35+00:00","article_modified_time":"2023-02-04T09:08:39+00:00","og_image":[{"width":724,"height":327,"url":"https:\/\/www.amanien.info\/news\/wp-content\/uploads\/2023\/02\/index.jpg","type":"image\/jpeg"}],"author":"Germain Ndri","twitter_card":"summary_large_image","twitter_misc":{"\u00c9crit par":"Germain Ndri","Dur\u00e9e de lecture estim\u00e9e":"2 minutes"},"schema":{"@context":"https:\/\/schema.org","@graph":[{"@type":"Article","@id":"https:\/\/www.amanien.info\/news\/la-2e-edition-du-cross-joseph-taregue-lancee-a-bouake\/#article","isPartOf":{"@id":"https:\/\/www.amanien.info\/news\/la-2e-edition-du-cross-joseph-taregue-lancee-a-bouake\/"},"author":{"name":"Germain Ndri","@id":"https:\/\/www.amanien.info\/news\/#\/schema\/person\/b21093345753a1a98242d505bd894f42"},"headline":"La 2e \u00e9dition du cross Joseph Tar\u00e8gue lanc\u00e9e \u00e0 Bouak\u00e9","datePublished":"2023-02-04T09:06:35+00:00","dateModified":"2023-02-04T09:08:39+00:00","mainEntityOfPage":{"@id":"https:\/\/www.amanien.info\/news\/la-2e-edition-du-cross-joseph-taregue-lancee-a-bouake\/"},"wordCount":343,"image":{"@id":"https:\/\/www.amanien.info\/news\/la-2e-edition-du-cross-joseph-taregue-lancee-a-bouake\/#primaryimage"},"thumbnailUrl":"https:\/\/www.amanien.info\/news\/wp-content\/uploads\/2023\/02\/index.jpg","inLanguage":"fr-FR"},{"@type":"WebPage","@id":"https:\/\/www.amanien.info\/news\/la-2e-edition-du-cross-joseph-taregue-lancee-a-bouake\/","url":"https:\/\/www.amanien.info\/news\/la-2e-edition-du-cross-joseph-taregue-lancee-a-bouake\/","name":"La 2e \u00e9dition du cross Joseph Tar\u00e8gue lanc\u00e9e \u00e0 Bouak\u00e9 - Amanien| L&#039;actualit\u00e9 Ivoirienne et Internationale","isPartOf":{"@id":"https:\/\/www.amanien.info\/news\/#website"},"primaryImageOfPage":{"@id":"https:\/\/www.amanien.info\/news\/la-2e-edition-du-cross-joseph-taregue-lancee-a-bouake\/#primaryimage"},"image":{"@id":"https:\/\/www.amanien.info\/news\/la-2e-edition-du-cross-joseph-taregue-lancee-a-bouake\/#primaryimage"},"thumbnailUrl":"https:\/\/www.amanien.info\/news\/wp-content\/uploads\/2023\/02\/index.jpg","datePublished":"2023-02-04T09:06:35+00:00","dateModified":"2023-02-04T09:08:39+00:00","author":{"@id":"https:\/\/www.amanien.info\/news\/#\/schema\/person\/b21093345753a1a98242d505bd894f42"},"breadcrumb":{"@id":"https:\/\/www.amanien.info\/news\/la-2e-edition-du-cross-joseph-taregue-lancee-a-bouake\/#breadcrumb"},"inLanguage":"fr-FR","potentialAction":[{"@type":"ReadAction","target":["https:\/\/www.amanien.info\/news\/la-2e-edition-du-cross-joseph-taregue-lancee-a-bouake\/"]}]},{"@type":"ImageObject","inLanguage":"fr-FR","@id":"https:\/\/www.amanien.info\/news\/la-2e-edition-du-cross-joseph-taregue-lancee-a-bouake\/#primaryimage","url":"https:\/\/www.amanien.info\/news\/wp-content\/uploads\/2023\/02\/index.jpg","contentUrl":"https:\/\/www.amanien.info\/news\/wp-content\/uploads\/2023\/02\/index.jpg","width":724,"height":327},{"@type":"BreadcrumbList","@id":"https:\/\/www.amanien.info\/news\/la-2e-edition-du-cross-joseph-taregue-lancee-a-bouake\/#breadcrumb","itemListElement":[{"@type":"ListItem","position":1,"name":"Accueil","item":"https:\/\/www.amanien.info\/news\/"},{"@type":"ListItem","position":2,"name":"La 2e \u00e9dition du cross Joseph Tar\u00e8gue lanc\u00e9e \u00e0 Bouak\u00e9"}]},{"@type":"WebSite","@id":"https:\/\/www.amanien.info\/news\/#website","url":"https:\/\/www.amanien.info\/news\/","name":"Amanien| L&#039;actualit\u00e9 Ivoirienne et Internationale","description":"L&#039;actualit\u00e9 Ivoirienne et Internationale","potentialAction":[{"@type":"SearchAction","target":{"@type":"EntryPoint","urlTemplate":"https:\/\/www.amanien.info\/news\/?s={search_term_string}"},"query-input":{"@type":"PropertyValueSpecification","valueRequired":true,"valueName":"search_term_string"}}],"inLanguage":"fr-FR"},{"@type":"Person","@id":"https:\/\/www.amanien.info\/news\/#\/schema\/person\/b21093345753a1a98242d505bd894f42","name":"Germain Ndri","url":"https:\/\/www.amanien.info\/news\/author\/amanien-infos\/"}]}},"_links":{"self":[{"href":"https:\/\/www.amanien.info\/news\/wp-json\/wp\/v2\/posts\/4037","targetHints":{"allow":["GET"]}}],"collection":[{"href":"https:\/\/www.amanien.info\/news\/wp-json\/wp\/v2\/posts"}],"about":[{"href":"https:\/\/www.amanien.info\/news\/wp-json\/wp\/v2\/types\/post"}],"author":[{"embeddable":true,"href":"https:\/\/www.amanien.info\/news\/wp-json\/wp\/v2\/users\/2"}],"replies":[{"embeddable":true,"href":"https:\/\/www.amanien.info\/news\/wp-json\/wp\/v2\/comments?post=4037"}],"version-history":[{"count":3,"href":"https:\/\/www.amanien.info\/news\/wp-json\/wp\/v2\/posts\/4037\/revisions"}],"predecessor-version":[{"id":4041,"href":"https:\/\/www.amanien.info\/news\/wp-json\/wp\/v2\/posts\/4037\/revisions\/4041"}],"wp:featuredmedia":[{"embeddable":true,"href":"https:\/\/www.amanien.info\/news\/wp-json\/wp\/v2\/media\/4038"}],"wp:attachment":[{"href":"https:\/\/www.amanien.info\/news\/wp-json\/wp\/v2\/media?parent=4037"}],"wp:term":[{"taxonomy":"category","embeddable":true,"href":"https:\/\/www.amanien.info\/news\/wp-json\/wp\/v2\/categories?post=4037"},{"taxonomy":"post_tag","embeddable":true,"href":"https:\/\/www.amanien.info\/news\/wp-json\/wp\/v2\/tags?post=4037"}],"curies":[{"name":"wp","href":"https:\/\/api.w.org\/{rel}","templated":true}]}}