{"id":4014,"date":"2023-01-09T10:24:57","date_gmt":"2023-01-09T10:24:57","guid":{"rendered":"https:\/\/www.https:\/\/zozo.buyee.jp\/\/news\/?p=4014"},"modified":"2023-01-09T10:25:27","modified_gmt":"2023-01-09T10:25:27","slug":"ag-elective-du-gotic-gnon-laurent-elu-nouveau-president-de-lorganisation-patronale-du-numerique-ivoirien","status":"publish","type":"post","link":"https:\/\/www.amanien.info\/news\/ag-elective-du-gotic-gnon-laurent-elu-nouveau-president-de-lorganisation-patronale-du-numerique-ivoirien\/","title":{"rendered":"AG \u00c9lective du GOTIC : GNON Laurent , \u00e9lu nouveau Pr\u00e9sident de l&rsquo;organisation patronale du num\u00e9rique ivoirien"},"content":{"rendered":"<div>\n<div>L&rsquo; Assembl\u00e9e G\u00e9n\u00e9rale \u00e9lective du Groupement des Op\u00e9rateurs du secteur des Technologies de l&rsquo;Information et de la Communication (GOTIC) s&rsquo;est tenue ce jeudi 5 janvier 2023 \u00e0 l&rsquo;h\u00f4tel Palm club, Cocody (Abidjan). Elle a vu la victoire de la liste conduite par le candidat GNON Laurent par l&rsquo;unanimit\u00e9 des votants .<\/p>\n<div>\n<div><\/div>\n<div>D\u00e9but\u00e9 par le discours du Pr\u00e9sident sortant du GOTIC, Patrick MBENGUE et l&rsquo;intervention du Pr\u00e9sident du Comit\u00e9 Technique Elective(CTE), Hyacinthe YAPO, le quorum n\u00e9cessaire \u00e0 la tenue de l&rsquo;\u00e9lection a\u00a0 \u00e9t\u00e9 constat\u00e9 par un huissier de justice.<\/div>\n<div><\/div>\n<div>L&rsquo;\u00e9lection s&rsquo;est d\u00e9roul\u00e9e\u00a0 par un scrutin nominatif.\u00a0 100 % de suffrage favorable \u00e0 la liste conduite par GNON Laurent qui, dans son allocution, a pr\u00e9sent\u00e9 sa vision\u00a0 pour le GOTIC.<\/div>\n<div><\/div>\n<div>\u00a0Pour le nouveau Pr\u00e9sident de l&rsquo;organisation patronale du num\u00e9rique ivoirien, les attentes sont assez \u00ab\u00a0nombreuses de part et d&rsquo;autre\u00a0\u00bb. Il dit \u00eatre conscient des enjeux et d\u00e9fis. <b>&lt;&lt;En tant que fa\u00eeti\u00e8re des acteurs du num\u00e9rique de la C\u00f4te d&rsquo;Ivoire, nous attendons jouer pleinement notre r\u00f4le en essayant de f\u00e9d\u00e9rer les acteurs de l&rsquo;\u00e9conomie num\u00e9rique, de les faire monter en comp\u00e9tences, performances pour que l&rsquo;\u00e9conomie num\u00e9rique devienne un pilier important du d\u00e9veloppement de notre pays et puisse \u00e9galement conna\u00eetre un essor pour le bonheur de tous&gt;&gt;<\/b>\u00a0a indiqu\u00e9 le PDG de SONEC AFRICA.<\/div>\n<div><\/div>\n<div>Appelant \u00e0 l&rsquo;union des entreprises du secteur du num\u00e9rique en C\u00f4te d&rsquo;Ivoire. <b>&lt;&lt;Nous ne sommes pas des concurrents. Nous sommes compl\u00e9mentaires. Nous devons nous mettre ensemble pour aller plus loin&gt;&gt;<\/b>\u00a0a fait savoir le Pr\u00e9sident GNON Laurent.<\/div>\n<div><b>\u00a0<\/b><\/div>\n<div>Aussi a-t-il traduit ses remerciements et sa gratitude aux diff\u00e9rents responsables d&rsquo;entreprises du secteur num\u00e9rique et membres du GOTIC pr\u00e9sents.<\/div>\n<div><b>\u00a0<\/b><\/div>\n<div>Pour sa part, le Pr\u00e9sident sortant de l&rsquo;organisation, Patrick MBENGUE a invit\u00e9 son successeur a travailler de concert avec l&rsquo;Etat de C\u00f4te d&rsquo;Ivoire et le minist\u00e8re de tutelle en l&rsquo;occurrence le Minist\u00e8re de la communication et de l&rsquo;\u00e9conomie num\u00e9rique, car, dira-t-il, le GOTIC est le prolongement du cabinet dudit Minist\u00e8re dans la r\u00e9flexion et la mise en \u0153uvre des projets.<\/div>\n<div><b>\u00a0<\/b><\/div>\n<div>Le PDG du groupe INOVA a \u00e9galement invit\u00e9 le nouveau Pr\u00e9sident du GOTIC \u00e0 travailler avec l&rsquo;ensemble des acteurs participant \u00e0 la construction de l&rsquo;\u00e9conomie num\u00e9rique et \u00e0 s&rsquo;appuyer sur le savoir-faire de ses pr\u00e9d\u00e9cesseurs. Il faut, ajoute-t-il, \u00ab\u00a0qu&rsquo;il s&rsquo;appuie sur la jeunesse cr\u00e9ative ivoirienne, qu&rsquo;il \u00e9coute les populations les plus d\u00e9munies en mati\u00e8re d&rsquo;\u00e9quipements, d&rsquo;utilisation num\u00e9rique de nos cha\u00eenes de valeurs agricoles en milieu rural\u00a0\u00bba-t-il conseill\u00e9.<\/div>\n<div><\/div>\n<div>Il dit \u00eatre disponible \u00e0 accompagner son successeur.<b>&lt;&lt;Nous sommes \u00e0 sa disposition pour l&rsquo;accompagner, pour acc\u00e9l\u00e9rer les actions qu&rsquo;il mettra en \u0153uvre&gt;&gt;<\/b>\u00a0a affirm\u00e9 le Pr\u00e9sident sortant.\u00a0<b>\u00a0<\/b><\/div>\n<div><\/div>\n<div>Notons que le nouveau Pr\u00e9sident, GNON Laurent a \u00e9t\u00e9 \u00e9lu pour un mandat trisannuel.<\/div>\n<div><\/div>\n<div>Cr\u00e9\u00e9 en<b>\u00a02009<\/b>\u00a0par les principaux acteurs priv\u00e9s \u00e9voluant dans le secteur des Technologies de l&rsquo;Information et de la communication, le GOTIC est une organisation apolitique et le repr\u00e9sentant et le garant des entreprises priv\u00e9es ivoiriennes.<\/div>\n<div><\/div>\n<div><\/div>\n<div><\/div>\n<div><b>SUNDAY Alain<\/b><\/div>\n<\/div>\n<\/div>\n<\/div>\n","protected":false},"excerpt":{"rendered":"<p>L&rsquo; Assembl\u00e9e G\u00e9n\u00e9rale \u00e9lective du Groupement des Op\u00e9rateurs du secteur des Technologies de l&rsquo;Information et de la Communication (GOTIC) s&rsquo;est tenue ce jeudi 5 janvier 2023 \u00e0 l&rsquo;h\u00f4tel Palm club, Cocody (Abidjan). Elle a vu la victoire de la liste conduite par le candidat GNON Laurent par l&rsquo;unanimit\u00e9 des votants . D\u00e9but\u00e9 par le discours [&hellip;]<\/p>\n","protected":false},"author":2,"featured_media":4016,"comment_status":"closed","ping_status":"closed","sticky":true,"template":"","format":"standard","meta":{"_acf_changed":false,"footnotes":""},"categories":[],"tags":[],"class_list":["post-4014","post","type-post","status-publish","format-standard","has-post-thumbnail","hentry"],"acf":[],"yoast_head":"<!-- This site is optimized with the Yoast SEO plugin v27.5 - https:\/\/yoast.com\/product\/yoast-seo-wordpress\/ -->\n<title>AG \u00c9lective du GOTIC : GNON Laurent , \u00e9lu nouveau Pr\u00e9sident de l&#039;organisation patronale du num\u00e9rique ivoirien - Amanien| L&#039;actualit\u00e9 Ivoirienne et Internationale<\/title>\n<meta name=\"robots\" content=\"index, follow, max-snippet:-1, max-image-preview:large, max-video-preview:-1\" \/>\n<link rel=\"canonical\" href=\"https:\/\/www.amanien.info\/news\/ag-elective-du-gotic-gnon-laurent-elu-nouveau-president-de-lorganisation-patronale-du-numerique-ivoirien\/\" \/>\n<meta property=\"og:locale\" content=\"fr_FR\" \/>\n<meta property=\"og:type\" content=\"article\" \/>\n<meta property=\"og:title\" content=\"AG \u00c9lective du GOTIC : GNON Laurent , \u00e9lu nouveau Pr\u00e9sident de l&#039;organisation patronale du num\u00e9rique ivoirien - Amanien| L&#039;actualit\u00e9 Ivoirienne et Internationale\" \/>\n<meta property=\"og:description\" content=\"L&rsquo; Assembl\u00e9e G\u00e9n\u00e9rale \u00e9lective du Groupement des Op\u00e9rateurs du secteur des Technologies de l&rsquo;Information et de la Communication (GOTIC) s&rsquo;est tenue ce jeudi 5 janvier 2023 \u00e0 l&rsquo;h\u00f4tel Palm club, Cocody (Abidjan). Elle a vu la victoire de la liste conduite par le candidat GNON Laurent par l&rsquo;unanimit\u00e9 des votants . D\u00e9but\u00e9 par le discours [&hellip;]\" \/>\n<meta property=\"og:url\" content=\"https:\/\/www.amanien.info\/news\/ag-elective-du-gotic-gnon-laurent-elu-nouveau-president-de-lorganisation-patronale-du-numerique-ivoirien\/\" \/>\n<meta property=\"og:site_name\" content=\"Amanien| L&#039;actualit\u00e9 Ivoirienne et Internationale\" \/>\n<meta property=\"article:published_time\" content=\"2023-01-09T10:24:57+00:00\" \/>\n<meta property=\"article:modified_time\" content=\"2023-01-09T10:25:27+00:00\" \/>\n<meta property=\"og:image\" content=\"https:\/\/www.amanien.info\/news\/wp-content\/uploads\/2023\/01\/thumbnail.jpg\" \/>\n\t<meta property=\"og:image:width\" content=\"420\" \/>\n\t<meta property=\"og:image:height\" content=\"602\" \/>\n\t<meta property=\"og:image:type\" content=\"image\/jpeg\" \/>\n<meta name=\"author\" content=\"Germain Ndri\" \/>\n<meta name=\"twitter:card\" content=\"summary_large_image\" \/>\n<meta name=\"twitter:label1\" content=\"\u00c9crit par\" \/>\n\t<meta name=\"twitter:data1\" content=\"Germain Ndri\" \/>\n\t<meta name=\"twitter:label2\" content=\"Dur\u00e9e de lecture estim\u00e9e\" \/>\n\t<meta name=\"twitter:data2\" content=\"3 minutes\" \/>\n<script type=\"application\/ld+json\" class=\"yoast-schema-graph\">{\"@context\":\"https:\\\/\\\/schema.org\",\"@graph\":[{\"@type\":\"Article\",\"@id\":\"https:\\\/\\\/www.amanien.info\\\/news\\\/ag-elective-du-gotic-gnon-laurent-elu-nouveau-president-de-lorganisation-patronale-du-numerique-ivoirien\\\/#article\",\"isPartOf\":{\"@id\":\"https:\\\/\\\/www.amanien.info\\\/news\\\/ag-elective-du-gotic-gnon-laurent-elu-nouveau-president-de-lorganisation-patronale-du-numerique-ivoirien\\\/\"},\"author\":{\"name\":\"Germain Ndri\",\"@id\":\"https:\\\/\\\/www.amanien.info\\\/news\\\/#\\\/schema\\\/person\\\/b21093345753a1a98242d505bd894f42\"},\"headline\":\"AG \u00c9lective du GOTIC : GNON Laurent , \u00e9lu nouveau Pr\u00e9sident de l&rsquo;organisation patronale du num\u00e9rique ivoirien\",\"datePublished\":\"2023-01-09T10:24:57+00:00\",\"dateModified\":\"2023-01-09T10:25:27+00:00\",\"mainEntityOfPage\":{\"@id\":\"https:\\\/\\\/www.amanien.info\\\/news\\\/ag-elective-du-gotic-gnon-laurent-elu-nouveau-president-de-lorganisation-patronale-du-numerique-ivoirien\\\/\"},\"wordCount\":580,\"image\":{\"@id\":\"https:\\\/\\\/www.amanien.info\\\/news\\\/ag-elective-du-gotic-gnon-laurent-elu-nouveau-president-de-lorganisation-patronale-du-numerique-ivoirien\\\/#primaryimage\"},\"thumbnailUrl\":\"https:\\\/\\\/www.amanien.info\\\/news\\\/wp-content\\\/uploads\\\/2023\\\/01\\\/thumbnail.jpg\",\"inLanguage\":\"fr-FR\"},{\"@type\":\"WebPage\",\"@id\":\"https:\\\/\\\/www.amanien.info\\\/news\\\/ag-elective-du-gotic-gnon-laurent-elu-nouveau-president-de-lorganisation-patronale-du-numerique-ivoirien\\\/\",\"url\":\"https:\\\/\\\/www.amanien.info\\\/news\\\/ag-elective-du-gotic-gnon-laurent-elu-nouveau-president-de-lorganisation-patronale-du-numerique-ivoirien\\\/\",\"name\":\"AG \u00c9lective du GOTIC : GNON Laurent , \u00e9lu nouveau Pr\u00e9sident de l'organisation patronale du num\u00e9rique ivoirien - Amanien| L&#039;actualit\u00e9 Ivoirienne et Internationale\",\"isPartOf\":{\"@id\":\"https:\\\/\\\/www.amanien.info\\\/news\\\/#website\"},\"primaryImageOfPage\":{\"@id\":\"https:\\\/\\\/www.amanien.info\\\/news\\\/ag-elective-du-gotic-gnon-laurent-elu-nouveau-president-de-lorganisation-patronale-du-numerique-ivoirien\\\/#primaryimage\"},\"image\":{\"@id\":\"https:\\\/\\\/www.amanien.info\\\/news\\\/ag-elective-du-gotic-gnon-laurent-elu-nouveau-president-de-lorganisation-patronale-du-numerique-ivoirien\\\/#primaryimage\"},\"thumbnailUrl\":\"https:\\\/\\\/www.amanien.info\\\/news\\\/wp-content\\\/uploads\\\/2023\\\/01\\\/thumbnail.jpg\",\"datePublished\":\"2023-01-09T10:24:57+00:00\",\"dateModified\":\"2023-01-09T10:25:27+00:00\",\"author\":{\"@id\":\"https:\\\/\\\/www.amanien.info\\\/news\\\/#\\\/schema\\\/person\\\/b21093345753a1a98242d505bd894f42\"},\"breadcrumb\":{\"@id\":\"https:\\\/\\\/www.amanien.info\\\/news\\\/ag-elective-du-gotic-gnon-laurent-elu-nouveau-president-de-lorganisation-patronale-du-numerique-ivoirien\\\/#breadcrumb\"},\"inLanguage\":\"fr-FR\",\"potentialAction\":[{\"@type\":\"ReadAction\",\"target\":[\"https:\\\/\\\/www.amanien.info\\\/news\\\/ag-elective-du-gotic-gnon-laurent-elu-nouveau-president-de-lorganisation-patronale-du-numerique-ivoirien\\\/\"]}]},{\"@type\":\"ImageObject\",\"inLanguage\":\"fr-FR\",\"@id\":\"https:\\\/\\\/www.amanien.info\\\/news\\\/ag-elective-du-gotic-gnon-laurent-elu-nouveau-president-de-lorganisation-patronale-du-numerique-ivoirien\\\/#primaryimage\",\"url\":\"https:\\\/\\\/www.amanien.info\\\/news\\\/wp-content\\\/uploads\\\/2023\\\/01\\\/thumbnail.jpg\",\"contentUrl\":\"https:\\\/\\\/www.amanien.info\\\/news\\\/wp-content\\\/uploads\\\/2023\\\/01\\\/thumbnail.jpg\",\"width\":420,\"height\":602},{\"@type\":\"BreadcrumbList\",\"@id\":\"https:\\\/\\\/www.amanien.info\\\/news\\\/ag-elective-du-gotic-gnon-laurent-elu-nouveau-president-de-lorganisation-patronale-du-numerique-ivoirien\\\/#breadcrumb\",\"itemListElement\":[{\"@type\":\"ListItem\",\"position\":1,\"name\":\"Accueil\",\"item\":\"https:\\\/\\\/www.amanien.info\\\/news\\\/\"},{\"@type\":\"ListItem\",\"position\":2,\"name\":\"AG \u00c9lective du GOTIC : GNON Laurent , \u00e9lu nouveau Pr\u00e9sident de l&rsquo;organisation patronale du num\u00e9rique ivoirien\"}]},{\"@type\":\"WebSite\",\"@id\":\"https:\\\/\\\/www.amanien.info\\\/news\\\/#website\",\"url\":\"https:\\\/\\\/www.amanien.info\\\/news\\\/\",\"name\":\"Amanien| L&#039;actualit\u00e9 Ivoirienne et Internationale\",\"description\":\"L&#039;actualit\u00e9 Ivoirienne et Internationale\",\"potentialAction\":[{\"@type\":\"SearchAction\",\"target\":{\"@type\":\"EntryPoint\",\"urlTemplate\":\"https:\\\/\\\/www.amanien.info\\\/news\\\/?s={search_term_string}\"},\"query-input\":{\"@type\":\"PropertyValueSpecification\",\"valueRequired\":true,\"valueName\":\"search_term_string\"}}],\"inLanguage\":\"fr-FR\"},{\"@type\":\"Person\",\"@id\":\"https:\\\/\\\/www.amanien.info\\\/news\\\/#\\\/schema\\\/person\\\/b21093345753a1a98242d505bd894f42\",\"name\":\"Germain Ndri\",\"url\":\"https:\\\/\\\/www.amanien.info\\\/news\\\/author\\\/amanien-infos\\\/\"}]}<\/script>\n<!-- \/ Yoast SEO plugin. -->","yoast_head_json":{"title":"AG \u00c9lective du GOTIC : GNON Laurent , \u00e9lu nouveau Pr\u00e9sident de l'organisation patronale du num\u00e9rique ivoirien - Amanien| L&#039;actualit\u00e9 Ivoirienne et Internationale","robots":{"index":"index","follow":"follow","max-snippet":"max-snippet:-1","max-image-preview":"max-image-preview:large","max-video-preview":"max-video-preview:-1"},"canonical":"https:\/\/www.amanien.info\/news\/ag-elective-du-gotic-gnon-laurent-elu-nouveau-president-de-lorganisation-patronale-du-numerique-ivoirien\/","og_locale":"fr_FR","og_type":"article","og_title":"AG \u00c9lective du GOTIC : GNON Laurent , \u00e9lu nouveau Pr\u00e9sident de l'organisation patronale du num\u00e9rique ivoirien - Amanien| L&#039;actualit\u00e9 Ivoirienne et Internationale","og_description":"L&rsquo; Assembl\u00e9e G\u00e9n\u00e9rale \u00e9lective du Groupement des Op\u00e9rateurs du secteur des Technologies de l&rsquo;Information et de la Communication (GOTIC) s&rsquo;est tenue ce jeudi 5 janvier 2023 \u00e0 l&rsquo;h\u00f4tel Palm club, Cocody (Abidjan). Elle a vu la victoire de la liste conduite par le candidat GNON Laurent par l&rsquo;unanimit\u00e9 des votants . D\u00e9but\u00e9 par le discours [&hellip;]","og_url":"https:\/\/www.amanien.info\/news\/ag-elective-du-gotic-gnon-laurent-elu-nouveau-president-de-lorganisation-patronale-du-numerique-ivoirien\/","og_site_name":"Amanien| L&#039;actualit\u00e9 Ivoirienne et Internationale","article_published_time":"2023-01-09T10:24:57+00:00","article_modified_time":"2023-01-09T10:25:27+00:00","og_image":[{"width":420,"height":602,"url":"https:\/\/www.amanien.info\/news\/wp-content\/uploads\/2023\/01\/thumbnail.jpg","type":"image\/jpeg"}],"author":"Germain Ndri","twitter_card":"summary_large_image","twitter_misc":{"\u00c9crit par":"Germain Ndri","Dur\u00e9e de lecture estim\u00e9e":"3 minutes"},"schema":{"@context":"https:\/\/schema.org","@graph":[{"@type":"Article","@id":"https:\/\/www.amanien.info\/news\/ag-elective-du-gotic-gnon-laurent-elu-nouveau-president-de-lorganisation-patronale-du-numerique-ivoirien\/#article","isPartOf":{"@id":"https:\/\/www.amanien.info\/news\/ag-elective-du-gotic-gnon-laurent-elu-nouveau-president-de-lorganisation-patronale-du-numerique-ivoirien\/"},"author":{"name":"Germain Ndri","@id":"https:\/\/www.amanien.info\/news\/#\/schema\/person\/b21093345753a1a98242d505bd894f42"},"headline":"AG \u00c9lective du GOTIC : GNON Laurent , \u00e9lu nouveau Pr\u00e9sident de l&rsquo;organisation patronale du num\u00e9rique ivoirien","datePublished":"2023-01-09T10:24:57+00:00","dateModified":"2023-01-09T10:25:27+00:00","mainEntityOfPage":{"@id":"https:\/\/www.amanien.info\/news\/ag-elective-du-gotic-gnon-laurent-elu-nouveau-president-de-lorganisation-patronale-du-numerique-ivoirien\/"},"wordCount":580,"image":{"@id":"https:\/\/www.amanien.info\/news\/ag-elective-du-gotic-gnon-laurent-elu-nouveau-president-de-lorganisation-patronale-du-numerique-ivoirien\/#primaryimage"},"thumbnailUrl":"https:\/\/www.amanien.info\/news\/wp-content\/uploads\/2023\/01\/thumbnail.jpg","inLanguage":"fr-FR"},{"@type":"WebPage","@id":"https:\/\/www.amanien.info\/news\/ag-elective-du-gotic-gnon-laurent-elu-nouveau-president-de-lorganisation-patronale-du-numerique-ivoirien\/","url":"https:\/\/www.amanien.info\/news\/ag-elective-du-gotic-gnon-laurent-elu-nouveau-president-de-lorganisation-patronale-du-numerique-ivoirien\/","name":"AG \u00c9lective du GOTIC : GNON Laurent , \u00e9lu nouveau Pr\u00e9sident de l'organisation patronale du num\u00e9rique ivoirien - Amanien| L&#039;actualit\u00e9 Ivoirienne et Internationale","isPartOf":{"@id":"https:\/\/www.amanien.info\/news\/#website"},"primaryImageOfPage":{"@id":"https:\/\/www.amanien.info\/news\/ag-elective-du-gotic-gnon-laurent-elu-nouveau-president-de-lorganisation-patronale-du-numerique-ivoirien\/#primaryimage"},"image":{"@id":"https:\/\/www.amanien.info\/news\/ag-elective-du-gotic-gnon-laurent-elu-nouveau-president-de-lorganisation-patronale-du-numerique-ivoirien\/#primaryimage"},"thumbnailUrl":"https:\/\/www.amanien.info\/news\/wp-content\/uploads\/2023\/01\/thumbnail.jpg","datePublished":"2023-01-09T10:24:57+00:00","dateModified":"2023-01-09T10:25:27+00:00","author":{"@id":"https:\/\/www.amanien.info\/news\/#\/schema\/person\/b21093345753a1a98242d505bd894f42"},"breadcrumb":{"@id":"https:\/\/www.amanien.info\/news\/ag-elective-du-gotic-gnon-laurent-elu-nouveau-president-de-lorganisation-patronale-du-numerique-ivoirien\/#breadcrumb"},"inLanguage":"fr-FR","potentialAction":[{"@type":"ReadAction","target":["https:\/\/www.amanien.info\/news\/ag-elective-du-gotic-gnon-laurent-elu-nouveau-president-de-lorganisation-patronale-du-numerique-ivoirien\/"]}]},{"@type":"ImageObject","inLanguage":"fr-FR","@id":"https:\/\/www.amanien.info\/news\/ag-elective-du-gotic-gnon-laurent-elu-nouveau-president-de-lorganisation-patronale-du-numerique-ivoirien\/#primaryimage","url":"https:\/\/www.amanien.info\/news\/wp-content\/uploads\/2023\/01\/thumbnail.jpg","contentUrl":"https:\/\/www.amanien.info\/news\/wp-content\/uploads\/2023\/01\/thumbnail.jpg","width":420,"height":602},{"@type":"BreadcrumbList","@id":"https:\/\/www.amanien.info\/news\/ag-elective-du-gotic-gnon-laurent-elu-nouveau-president-de-lorganisation-patronale-du-numerique-ivoirien\/#breadcrumb","itemListElement":[{"@type":"ListItem","position":1,"name":"Accueil","item":"https:\/\/www.amanien.info\/news\/"},{"@type":"ListItem","position":2,"name":"AG \u00c9lective du GOTIC : GNON Laurent , \u00e9lu nouveau Pr\u00e9sident de l&rsquo;organisation patronale du num\u00e9rique ivoirien"}]},{"@type":"WebSite","@id":"https:\/\/www.amanien.info\/news\/#website","url":"https:\/\/www.amanien.info\/news\/","name":"Amanien| L&#039;actualit\u00e9 Ivoirienne et Internationale","description":"L&#039;actualit\u00e9 Ivoirienne et Internationale","potentialAction":[{"@type":"SearchAction","target":{"@type":"EntryPoint","urlTemplate":"https:\/\/www.amanien.info\/news\/?s={search_term_string}"},"query-input":{"@type":"PropertyValueSpecification","valueRequired":true,"valueName":"search_term_string"}}],"inLanguage":"fr-FR"},{"@type":"Person","@id":"https:\/\/www.amanien.info\/news\/#\/schema\/person\/b21093345753a1a98242d505bd894f42","name":"Germain Ndri","url":"https:\/\/www.amanien.info\/news\/author\/amanien-infos\/"}]}},"_links":{"self":[{"href":"https:\/\/www.amanien.info\/news\/wp-json\/wp\/v2\/posts\/4014","targetHints":{"allow":["GET"]}}],"collection":[{"href":"https:\/\/www.amanien.info\/news\/wp-json\/wp\/v2\/posts"}],"about":[{"href":"https:\/\/www.amanien.info\/news\/wp-json\/wp\/v2\/types\/post"}],"author":[{"embeddable":true,"href":"https:\/\/www.amanien.info\/news\/wp-json\/wp\/v2\/users\/2"}],"replies":[{"embeddable":true,"href":"https:\/\/www.amanien.info\/news\/wp-json\/wp\/v2\/comments?post=4014"}],"version-history":[{"count":1,"href":"https:\/\/www.amanien.info\/news\/wp-json\/wp\/v2\/posts\/4014\/revisions"}],"predecessor-version":[{"id":4017,"href":"https:\/\/www.amanien.info\/news\/wp-json\/wp\/v2\/posts\/4014\/revisions\/4017"}],"wp:featuredmedia":[{"embeddable":true,"href":"https:\/\/www.amanien.info\/news\/wp-json\/wp\/v2\/media\/4016"}],"wp:attachment":[{"href":"https:\/\/www.amanien.info\/news\/wp-json\/wp\/v2\/media?parent=4014"}],"wp:term":[{"taxonomy":"category","embeddable":true,"href":"https:\/\/www.amanien.info\/news\/wp-json\/wp\/v2\/categories?post=4014"},{"taxonomy":"post_tag","embeddable":true,"href":"https:\/\/www.amanien.info\/news\/wp-json\/wp\/v2\/tags?post=4014"}],"curies":[{"name":"wp","href":"https:\/\/api.w.org\/{rel}","templated":true}]}}