{"id":3950,"date":"2022-11-16T13:27:47","date_gmt":"2022-11-16T13:27:47","guid":{"rendered":"https:\/\/www.https:\/\/zozo.buyee.jp\/\/news\/?p=3950"},"modified":"2022-11-16T13:28:22","modified_gmt":"2022-11-16T13:28:22","slug":"la-cote-divoire-annonce-le-retrait-de-ses-troupes-de-la-minusma-au-mali","status":"publish","type":"post","link":"https:\/\/www.amanien.info\/news\/la-cote-divoire-annonce-le-retrait-de-ses-troupes-de-la-minusma-au-mali\/","title":{"rendered":"La C\u00f4te d&rsquo;Ivoire annonce le retrait de ses troupes de la MINUSMA au Mali"},"content":{"rendered":"<p>La C\u00f4te d&rsquo;Ivoire, \u00e0 travers sa mission permanente aupr\u00e8s des Nations-Unies a annonc\u00e9 de source officielle ce mardi, le \u00a0\u00bb retrait progressif \u00a0\u00bb des personnels militaires et de police ivoiriens d\u00e9ploy\u00e9s au sein de la Mission Multidimensionnelle int\u00e9gr\u00e9e des Nations-Unies pour la Stabilisation au Mali (MINUSMA).<\/p>\n<p>\u00a0\u00bb D&rsquo;ordre du gouvernement de la R\u00e9publique de C\u00f4te d&rsquo;Ivoire, la mission permanente confirme la d\u00e9cision du retrait progressif des personnels militaires et de police ivoiriens d\u00e9ploy\u00e9s au sein de la Mission Multidimensionnelle int\u00e9gr\u00e9e des Nations-Unies pour la Stabilisation (MINUSMA) telle qu&rsquo;annonc\u00e9 le 28 octobre 2022 par le ministre d\u00e9l\u00e9gu\u00e9 L\u00e9on Kacou Adom lors de son entretien avec le secr\u00e9taire g\u00e9n\u00e9ral adjoint aux op\u00e9rations de paix, Jean-Pierre Lacroix \u00a0\u00bb, rapporte la Mission permanente de la R\u00e9publique de C\u00f4te d&rsquo;Ivoire aupr\u00e8s des Nations-Unies dans une note d&rsquo;information<\/p>\n","protected":false},"excerpt":{"rendered":"<p>La C\u00f4te d&rsquo;Ivoire, \u00e0 travers sa mission permanente aupr\u00e8s des Nations-Unies a annonc\u00e9 de source officielle ce mardi, le \u00a0\u00bb retrait progressif \u00a0\u00bb des personnels militaires et de police ivoiriens d\u00e9ploy\u00e9s au sein de la Mission Multidimensionnelle int\u00e9gr\u00e9e des Nations-Unies pour la Stabilisation au Mali (MINUSMA). \u00a0\u00bb D&rsquo;ordre du gouvernement de la R\u00e9publique de C\u00f4te [&hellip;]<\/p>\n","protected":false},"author":2,"featured_media":3951,"comment_status":"closed","ping_status":"closed","sticky":true,"template":"","format":"standard","meta":{"_acf_changed":false,"footnotes":""},"categories":[],"tags":[],"class_list":["post-3950","post","type-post","status-publish","format-standard","has-post-thumbnail","hentry"],"acf":[],"yoast_head":"<!-- This site is optimized with the Yoast SEO plugin v27.5 - https:\/\/yoast.com\/product\/yoast-seo-wordpress\/ -->\n<title>La C\u00f4te d&#039;Ivoire annonce le retrait de ses troupes de la MINUSMA au Mali - Amanien| L&#039;actualit\u00e9 Ivoirienne et Internationale<\/title>\n<meta name=\"robots\" content=\"index, follow, max-snippet:-1, max-image-preview:large, max-video-preview:-1\" \/>\n<link rel=\"canonical\" href=\"https:\/\/www.amanien.info\/news\/la-cote-divoire-annonce-le-retrait-de-ses-troupes-de-la-minusma-au-mali\/\" \/>\n<meta property=\"og:locale\" content=\"fr_FR\" \/>\n<meta property=\"og:type\" content=\"article\" \/>\n<meta property=\"og:title\" content=\"La C\u00f4te d&#039;Ivoire annonce le retrait de ses troupes de la MINUSMA au Mali - Amanien| L&#039;actualit\u00e9 Ivoirienne et Internationale\" \/>\n<meta property=\"og:description\" content=\"La C\u00f4te d&rsquo;Ivoire, \u00e0 travers sa mission permanente aupr\u00e8s des Nations-Unies a annonc\u00e9 de source officielle ce mardi, le \u00a0\u00bb retrait progressif \u00a0\u00bb des personnels militaires et de police ivoiriens d\u00e9ploy\u00e9s au sein de la Mission Multidimensionnelle int\u00e9gr\u00e9e des Nations-Unies pour la Stabilisation au Mali (MINUSMA). \u00a0\u00bb D&rsquo;ordre du gouvernement de la R\u00e9publique de C\u00f4te [&hellip;]\" \/>\n<meta property=\"og:url\" content=\"https:\/\/www.amanien.info\/news\/la-cote-divoire-annonce-le-retrait-de-ses-troupes-de-la-minusma-au-mali\/\" \/>\n<meta property=\"og:site_name\" content=\"Amanien| L&#039;actualit\u00e9 Ivoirienne et Internationale\" \/>\n<meta property=\"article:published_time\" content=\"2022-11-16T13:27:47+00:00\" \/>\n<meta property=\"article:modified_time\" content=\"2022-11-16T13:28:22+00:00\" \/>\n<meta property=\"og:image\" content=\"https:\/\/www.amanien.info\/news\/wp-content\/uploads\/2022\/11\/INDEPENDANCE-CIV-59ANS-0056.jpg\" \/>\n\t<meta property=\"og:image:width\" content=\"720\" \/>\n\t<meta property=\"og:image:height\" content=\"480\" \/>\n\t<meta property=\"og:image:type\" content=\"image\/jpeg\" \/>\n<meta name=\"author\" content=\"Germain Ndri\" \/>\n<meta name=\"twitter:card\" content=\"summary_large_image\" \/>\n<meta name=\"twitter:label1\" content=\"\u00c9crit par\" \/>\n\t<meta name=\"twitter:data1\" content=\"Germain Ndri\" \/>\n\t<meta name=\"twitter:label2\" content=\"Dur\u00e9e de lecture estim\u00e9e\" \/>\n\t<meta name=\"twitter:data2\" content=\"1 minute\" \/>\n<script type=\"application\/ld+json\" class=\"yoast-schema-graph\">{\"@context\":\"https:\\\/\\\/schema.org\",\"@graph\":[{\"@type\":\"Article\",\"@id\":\"https:\\\/\\\/www.amanien.info\\\/news\\\/la-cote-divoire-annonce-le-retrait-de-ses-troupes-de-la-minusma-au-mali\\\/#article\",\"isPartOf\":{\"@id\":\"https:\\\/\\\/www.amanien.info\\\/news\\\/la-cote-divoire-annonce-le-retrait-de-ses-troupes-de-la-minusma-au-mali\\\/\"},\"author\":{\"name\":\"Germain Ndri\",\"@id\":\"https:\\\/\\\/www.amanien.info\\\/news\\\/#\\\/schema\\\/person\\\/b21093345753a1a98242d505bd894f42\"},\"headline\":\"La C\u00f4te d&rsquo;Ivoire annonce le retrait de ses troupes de la MINUSMA au Mali\",\"datePublished\":\"2022-11-16T13:27:47+00:00\",\"dateModified\":\"2022-11-16T13:28:22+00:00\",\"mainEntityOfPage\":{\"@id\":\"https:\\\/\\\/www.amanien.info\\\/news\\\/la-cote-divoire-annonce-le-retrait-de-ses-troupes-de-la-minusma-au-mali\\\/\"},\"wordCount\":170,\"image\":{\"@id\":\"https:\\\/\\\/www.amanien.info\\\/news\\\/la-cote-divoire-annonce-le-retrait-de-ses-troupes-de-la-minusma-au-mali\\\/#primaryimage\"},\"thumbnailUrl\":\"https:\\\/\\\/www.amanien.info\\\/news\\\/wp-content\\\/uploads\\\/2022\\\/11\\\/INDEPENDANCE-CIV-59ANS-0056.jpg\",\"inLanguage\":\"fr-FR\"},{\"@type\":\"WebPage\",\"@id\":\"https:\\\/\\\/www.amanien.info\\\/news\\\/la-cote-divoire-annonce-le-retrait-de-ses-troupes-de-la-minusma-au-mali\\\/\",\"url\":\"https:\\\/\\\/www.amanien.info\\\/news\\\/la-cote-divoire-annonce-le-retrait-de-ses-troupes-de-la-minusma-au-mali\\\/\",\"name\":\"La C\u00f4te d'Ivoire annonce le retrait de ses troupes de la MINUSMA au Mali - Amanien| L&#039;actualit\u00e9 Ivoirienne et Internationale\",\"isPartOf\":{\"@id\":\"https:\\\/\\\/www.amanien.info\\\/news\\\/#website\"},\"primaryImageOfPage\":{\"@id\":\"https:\\\/\\\/www.amanien.info\\\/news\\\/la-cote-divoire-annonce-le-retrait-de-ses-troupes-de-la-minusma-au-mali\\\/#primaryimage\"},\"image\":{\"@id\":\"https:\\\/\\\/www.amanien.info\\\/news\\\/la-cote-divoire-annonce-le-retrait-de-ses-troupes-de-la-minusma-au-mali\\\/#primaryimage\"},\"thumbnailUrl\":\"https:\\\/\\\/www.amanien.info\\\/news\\\/wp-content\\\/uploads\\\/2022\\\/11\\\/INDEPENDANCE-CIV-59ANS-0056.jpg\",\"datePublished\":\"2022-11-16T13:27:47+00:00\",\"dateModified\":\"2022-11-16T13:28:22+00:00\",\"author\":{\"@id\":\"https:\\\/\\\/www.amanien.info\\\/news\\\/#\\\/schema\\\/person\\\/b21093345753a1a98242d505bd894f42\"},\"breadcrumb\":{\"@id\":\"https:\\\/\\\/www.amanien.info\\\/news\\\/la-cote-divoire-annonce-le-retrait-de-ses-troupes-de-la-minusma-au-mali\\\/#breadcrumb\"},\"inLanguage\":\"fr-FR\",\"potentialAction\":[{\"@type\":\"ReadAction\",\"target\":[\"https:\\\/\\\/www.amanien.info\\\/news\\\/la-cote-divoire-annonce-le-retrait-de-ses-troupes-de-la-minusma-au-mali\\\/\"]}]},{\"@type\":\"ImageObject\",\"inLanguage\":\"fr-FR\",\"@id\":\"https:\\\/\\\/www.amanien.info\\\/news\\\/la-cote-divoire-annonce-le-retrait-de-ses-troupes-de-la-minusma-au-mali\\\/#primaryimage\",\"url\":\"https:\\\/\\\/www.amanien.info\\\/news\\\/wp-content\\\/uploads\\\/2022\\\/11\\\/INDEPENDANCE-CIV-59ANS-0056.jpg\",\"contentUrl\":\"https:\\\/\\\/www.amanien.info\\\/news\\\/wp-content\\\/uploads\\\/2022\\\/11\\\/INDEPENDANCE-CIV-59ANS-0056.jpg\",\"width\":720,\"height\":480},{\"@type\":\"BreadcrumbList\",\"@id\":\"https:\\\/\\\/www.amanien.info\\\/news\\\/la-cote-divoire-annonce-le-retrait-de-ses-troupes-de-la-minusma-au-mali\\\/#breadcrumb\",\"itemListElement\":[{\"@type\":\"ListItem\",\"position\":1,\"name\":\"Accueil\",\"item\":\"https:\\\/\\\/www.amanien.info\\\/news\\\/\"},{\"@type\":\"ListItem\",\"position\":2,\"name\":\"La C\u00f4te d&rsquo;Ivoire annonce le retrait de ses troupes de la MINUSMA au Mali\"}]},{\"@type\":\"WebSite\",\"@id\":\"https:\\\/\\\/www.amanien.info\\\/news\\\/#website\",\"url\":\"https:\\\/\\\/www.amanien.info\\\/news\\\/\",\"name\":\"Amanien| L&#039;actualit\u00e9 Ivoirienne et Internationale\",\"description\":\"L&#039;actualit\u00e9 Ivoirienne et Internationale\",\"potentialAction\":[{\"@type\":\"SearchAction\",\"target\":{\"@type\":\"EntryPoint\",\"urlTemplate\":\"https:\\\/\\\/www.amanien.info\\\/news\\\/?s={search_term_string}\"},\"query-input\":{\"@type\":\"PropertyValueSpecification\",\"valueRequired\":true,\"valueName\":\"search_term_string\"}}],\"inLanguage\":\"fr-FR\"},{\"@type\":\"Person\",\"@id\":\"https:\\\/\\\/www.amanien.info\\\/news\\\/#\\\/schema\\\/person\\\/b21093345753a1a98242d505bd894f42\",\"name\":\"Germain Ndri\",\"url\":\"https:\\\/\\\/www.amanien.info\\\/news\\\/author\\\/amanien-infos\\\/\"}]}<\/script>\n<!-- \/ Yoast SEO plugin. -->","yoast_head_json":{"title":"La C\u00f4te d'Ivoire annonce le retrait de ses troupes de la MINUSMA au Mali - Amanien| L&#039;actualit\u00e9 Ivoirienne et Internationale","robots":{"index":"index","follow":"follow","max-snippet":"max-snippet:-1","max-image-preview":"max-image-preview:large","max-video-preview":"max-video-preview:-1"},"canonical":"https:\/\/www.amanien.info\/news\/la-cote-divoire-annonce-le-retrait-de-ses-troupes-de-la-minusma-au-mali\/","og_locale":"fr_FR","og_type":"article","og_title":"La C\u00f4te d'Ivoire annonce le retrait de ses troupes de la MINUSMA au Mali - Amanien| L&#039;actualit\u00e9 Ivoirienne et Internationale","og_description":"La C\u00f4te d&rsquo;Ivoire, \u00e0 travers sa mission permanente aupr\u00e8s des Nations-Unies a annonc\u00e9 de source officielle ce mardi, le \u00a0\u00bb retrait progressif \u00a0\u00bb des personnels militaires et de police ivoiriens d\u00e9ploy\u00e9s au sein de la Mission Multidimensionnelle int\u00e9gr\u00e9e des Nations-Unies pour la Stabilisation au Mali (MINUSMA). \u00a0\u00bb D&rsquo;ordre du gouvernement de la R\u00e9publique de C\u00f4te [&hellip;]","og_url":"https:\/\/www.amanien.info\/news\/la-cote-divoire-annonce-le-retrait-de-ses-troupes-de-la-minusma-au-mali\/","og_site_name":"Amanien| L&#039;actualit\u00e9 Ivoirienne et Internationale","article_published_time":"2022-11-16T13:27:47+00:00","article_modified_time":"2022-11-16T13:28:22+00:00","og_image":[{"width":720,"height":480,"url":"https:\/\/www.amanien.info\/news\/wp-content\/uploads\/2022\/11\/INDEPENDANCE-CIV-59ANS-0056.jpg","type":"image\/jpeg"}],"author":"Germain Ndri","twitter_card":"summary_large_image","twitter_misc":{"\u00c9crit par":"Germain Ndri","Dur\u00e9e de lecture estim\u00e9e":"1 minute"},"schema":{"@context":"https:\/\/schema.org","@graph":[{"@type":"Article","@id":"https:\/\/www.amanien.info\/news\/la-cote-divoire-annonce-le-retrait-de-ses-troupes-de-la-minusma-au-mali\/#article","isPartOf":{"@id":"https:\/\/www.amanien.info\/news\/la-cote-divoire-annonce-le-retrait-de-ses-troupes-de-la-minusma-au-mali\/"},"author":{"name":"Germain Ndri","@id":"https:\/\/www.amanien.info\/news\/#\/schema\/person\/b21093345753a1a98242d505bd894f42"},"headline":"La C\u00f4te d&rsquo;Ivoire annonce le retrait de ses troupes de la MINUSMA au Mali","datePublished":"2022-11-16T13:27:47+00:00","dateModified":"2022-11-16T13:28:22+00:00","mainEntityOfPage":{"@id":"https:\/\/www.amanien.info\/news\/la-cote-divoire-annonce-le-retrait-de-ses-troupes-de-la-minusma-au-mali\/"},"wordCount":170,"image":{"@id":"https:\/\/www.amanien.info\/news\/la-cote-divoire-annonce-le-retrait-de-ses-troupes-de-la-minusma-au-mali\/#primaryimage"},"thumbnailUrl":"https:\/\/www.amanien.info\/news\/wp-content\/uploads\/2022\/11\/INDEPENDANCE-CIV-59ANS-0056.jpg","inLanguage":"fr-FR"},{"@type":"WebPage","@id":"https:\/\/www.amanien.info\/news\/la-cote-divoire-annonce-le-retrait-de-ses-troupes-de-la-minusma-au-mali\/","url":"https:\/\/www.amanien.info\/news\/la-cote-divoire-annonce-le-retrait-de-ses-troupes-de-la-minusma-au-mali\/","name":"La C\u00f4te d'Ivoire annonce le retrait de ses troupes de la MINUSMA au Mali - Amanien| L&#039;actualit\u00e9 Ivoirienne et Internationale","isPartOf":{"@id":"https:\/\/www.amanien.info\/news\/#website"},"primaryImageOfPage":{"@id":"https:\/\/www.amanien.info\/news\/la-cote-divoire-annonce-le-retrait-de-ses-troupes-de-la-minusma-au-mali\/#primaryimage"},"image":{"@id":"https:\/\/www.amanien.info\/news\/la-cote-divoire-annonce-le-retrait-de-ses-troupes-de-la-minusma-au-mali\/#primaryimage"},"thumbnailUrl":"https:\/\/www.amanien.info\/news\/wp-content\/uploads\/2022\/11\/INDEPENDANCE-CIV-59ANS-0056.jpg","datePublished":"2022-11-16T13:27:47+00:00","dateModified":"2022-11-16T13:28:22+00:00","author":{"@id":"https:\/\/www.amanien.info\/news\/#\/schema\/person\/b21093345753a1a98242d505bd894f42"},"breadcrumb":{"@id":"https:\/\/www.amanien.info\/news\/la-cote-divoire-annonce-le-retrait-de-ses-troupes-de-la-minusma-au-mali\/#breadcrumb"},"inLanguage":"fr-FR","potentialAction":[{"@type":"ReadAction","target":["https:\/\/www.amanien.info\/news\/la-cote-divoire-annonce-le-retrait-de-ses-troupes-de-la-minusma-au-mali\/"]}]},{"@type":"ImageObject","inLanguage":"fr-FR","@id":"https:\/\/www.amanien.info\/news\/la-cote-divoire-annonce-le-retrait-de-ses-troupes-de-la-minusma-au-mali\/#primaryimage","url":"https:\/\/www.amanien.info\/news\/wp-content\/uploads\/2022\/11\/INDEPENDANCE-CIV-59ANS-0056.jpg","contentUrl":"https:\/\/www.amanien.info\/news\/wp-content\/uploads\/2022\/11\/INDEPENDANCE-CIV-59ANS-0056.jpg","width":720,"height":480},{"@type":"BreadcrumbList","@id":"https:\/\/www.amanien.info\/news\/la-cote-divoire-annonce-le-retrait-de-ses-troupes-de-la-minusma-au-mali\/#breadcrumb","itemListElement":[{"@type":"ListItem","position":1,"name":"Accueil","item":"https:\/\/www.amanien.info\/news\/"},{"@type":"ListItem","position":2,"name":"La C\u00f4te d&rsquo;Ivoire annonce le retrait de ses troupes de la MINUSMA au Mali"}]},{"@type":"WebSite","@id":"https:\/\/www.amanien.info\/news\/#website","url":"https:\/\/www.amanien.info\/news\/","name":"Amanien| L&#039;actualit\u00e9 Ivoirienne et Internationale","description":"L&#039;actualit\u00e9 Ivoirienne et Internationale","potentialAction":[{"@type":"SearchAction","target":{"@type":"EntryPoint","urlTemplate":"https:\/\/www.amanien.info\/news\/?s={search_term_string}"},"query-input":{"@type":"PropertyValueSpecification","valueRequired":true,"valueName":"search_term_string"}}],"inLanguage":"fr-FR"},{"@type":"Person","@id":"https:\/\/www.amanien.info\/news\/#\/schema\/person\/b21093345753a1a98242d505bd894f42","name":"Germain Ndri","url":"https:\/\/www.amanien.info\/news\/author\/amanien-infos\/"}]}},"_links":{"self":[{"href":"https:\/\/www.amanien.info\/news\/wp-json\/wp\/v2\/posts\/3950","targetHints":{"allow":["GET"]}}],"collection":[{"href":"https:\/\/www.amanien.info\/news\/wp-json\/wp\/v2\/posts"}],"about":[{"href":"https:\/\/www.amanien.info\/news\/wp-json\/wp\/v2\/types\/post"}],"author":[{"embeddable":true,"href":"https:\/\/www.amanien.info\/news\/wp-json\/wp\/v2\/users\/2"}],"replies":[{"embeddable":true,"href":"https:\/\/www.amanien.info\/news\/wp-json\/wp\/v2\/comments?post=3950"}],"version-history":[{"count":1,"href":"https:\/\/www.amanien.info\/news\/wp-json\/wp\/v2\/posts\/3950\/revisions"}],"predecessor-version":[{"id":3952,"href":"https:\/\/www.amanien.info\/news\/wp-json\/wp\/v2\/posts\/3950\/revisions\/3952"}],"wp:featuredmedia":[{"embeddable":true,"href":"https:\/\/www.amanien.info\/news\/wp-json\/wp\/v2\/media\/3951"}],"wp:attachment":[{"href":"https:\/\/www.amanien.info\/news\/wp-json\/wp\/v2\/media?parent=3950"}],"wp:term":[{"taxonomy":"category","embeddable":true,"href":"https:\/\/www.amanien.info\/news\/wp-json\/wp\/v2\/categories?post=3950"},{"taxonomy":"post_tag","embeddable":true,"href":"https:\/\/www.amanien.info\/news\/wp-json\/wp\/v2\/tags?post=3950"}],"curies":[{"name":"wp","href":"https:\/\/api.w.org\/{rel}","templated":true}]}}