{"id":3922,"date":"2022-10-24T10:11:28","date_gmt":"2022-10-24T10:11:28","guid":{"rendered":"https:\/\/www.https:\/\/zozo.buyee.jp\/\/news\/?p=3922"},"modified":"2022-10-24T10:16:08","modified_gmt":"2022-10-24T10:16:08","slug":"3922-2","status":"publish","type":"post","link":"https:\/\/www.amanien.info\/news\/3922-2\/","title":{"rendered":""},"content":{"rendered":"<div class=\"I_ZkbNhI D_FY W_6D6F\" data-test-id=\"message-view-body\">\n<div class=\"msg-body P_wpofO mq_AS\" data-test-id=\"message-view-body-content\">\n<div class=\"jb_0 X_6MGW N_6Fd5\">\n<div>\n<div id=\"yiv8266002769\">\n<div>\n<p>F\u00eate anniversaire de l&rsquo;an 01 du PPACI\/ Damana Pikass sans d\u00e9tours :&lt;&lt; Laurent Gbagbo est notre candidat en 2025&gt;&gt;<\/p>\n<div><\/div>\n<div>Le parti de l&rsquo;ancien pr\u00e9sident ivoirien Laurent Gbagbo, le Parti des peuples africains de c\u00f4te d&rsquo;ivoire (PPACI), a c\u00e9l\u00e9br\u00e9 son anniversaire de naissance, ce 17 octobre 2022, \u00e0 la salle Lougah Fran\u00e7ois du palais de la culture d&rsquo;Abidjan-Treichville. 17 octobre 2021 -17 octobre 2022, cel\u00e0 fait exactement 01an que ce parti sorti des entrailles du Front Populaire Ivoirien (FPI)apr\u00e8s la rupture du 09 ao\u00fbt 2021, a pris \u00ab\u00a0sa part de march\u00e9\u00a0\u00bb dans l&rsquo;\u00e9chiquier politique ivoirien.<\/div>\n<div>Cette c\u00e9r\u00e9monie\u00a0 s&rsquo;est voulue solennelle et d\u00e9barrass\u00e9e des artifices artistiques. Elle a \u00e9t\u00e9 marqu\u00e9e par l&rsquo;adresse du pr\u00e9sident du parti Laurent Gbagbo et du discours bilan du secr\u00e9taire g\u00e9n\u00e9ral Damana Pikass.<\/div>\n<div><\/div>\n<div><\/div>\n<div>\u00c9LECTION PR\u00c9SIDENTIELLE DE 2025 ET BILAN D&rsquo;ACTIVIT\u00c9<\/div>\n<div><\/div>\n<div>Dans son intervention Damana Pikass S&rsquo;est voulu tr\u00e8s clair pour les prochaines \u00e9lections pr\u00e9sidentielles de 2025: &lt;&lt; pour les \u00e9lections de 2025, le pr\u00e9sident Laurent Gbagbo est notre candidat naturel.Il n&rsquo;ya pas d&rsquo;alternative \u00e0 Laurent Gbagbo.Ce message doit passer et \u00eatre compris par tous.&gt;&gt; a t&rsquo;il martel\u00e9 plusieurs fois sous les applaudissements nourris\u00a0 de militants et sympathisants visiblement heureux de cette annonce.<\/div>\n<div>Faisant le point des activit\u00e9s d&rsquo;une ann\u00e9e d&rsquo;existence, le secr\u00e9taire g\u00e9n\u00e9ral du PPACI, avec 24 362 comit\u00e9 de base et 131 580 cartes achet\u00e9es,s&rsquo;est dit satisfait de la marche du nouveau \u00a0\u00bb b\u00e9b\u00e9 de lutte\u00a0\u00bb du Woody de Mama, apr\u00e8s seulement une ann\u00e9e de vie.<\/div>\n<div><\/div>\n<div>AFFAIRE 46 MILITAIRES DETENUS AU MALI ET INCARC\u00c9RATION DE PLUCHERIE GBAL\u00c9<\/div>\n<div><\/div>\n<div>Le pr\u00e9sident Laurent Gbagbo a d&rsquo;abord d\u00e9nonc\u00e9 l&rsquo;incarc\u00e9ration de la militante de la soci\u00e9t\u00e9 civile, Mme Plucherie Gbal\u00e9 et\u00a0 se demandant\u00a0 pourquoi elle \u00e9tait encore prisonni\u00e8re ? A l&rsquo;en croire,<\/div>\n<div>\u00a0sa d\u00e9tention est louche car il n&rsquo;y a pas de justification a son arrestation.<\/div>\n<div>Ensuite il a fait l&rsquo;annonce de l&rsquo;envoie de d\u00e9l\u00e9gations au Mali, au Burkina Faso et en Guin\u00e9e a l&rsquo;effet de s&rsquo;informer sur les raisons de l&rsquo;incarc\u00e9ration des\u00a0 46 soldats ivoiriens et faire un plaidoyer en souhaitant &lt;&lt; que celui qui a \u00e9t\u00e9 envoy\u00e9 ne subisse pas un lourd sort que celui qui a envoy\u00e9&gt;&gt;.<\/div>\n<div><\/div>\n<div><\/div>\n<div>COUP D&rsquo;\u00c9TAT EN AFRIQUE<\/div>\n<div><\/div>\n<div>Dans l&rsquo; adresse faite \u00e0 son \u00ab\u00a0peuple\u00a0\u00bb le patron des panafricaniste a demand\u00e9 que tous les coups d&rsquo;\u00c9tat qu&rsquo;ils soient militaires ou civils soient condamn\u00e9s, tout en affirmant que : &lt;&lt; les coups d&rsquo;\u00c9tat militaires sont souvent les r\u00e9ponses aux coups d&rsquo;\u00c9tat civils&gt;&gt; , pr\u00e9venant en outre qu'&lt;&lt;en voulant rester au pouvoir toute notre vie est la dictature.&gt;&gt;<\/div>\n<div><\/div>\n<div>La c\u00e9r\u00e9monie du premier anniversaire du PPACI vient \u00ab\u00a0d&rsquo;adouber\u00a0\u00bb Laurent Gbagbo comme le potentiel candidat du parti \u00e0 l&rsquo;\u00e9lection pr\u00e9sidentielle de 2025. Si cette candidature est accept\u00e9e par le concern\u00e9, on assisterait alors<\/div>\n<div>\u00a0 au remake de l&rsquo;\u00e9lection pr\u00e9sidentielle de 2010, avec les candidatures des deux autres grands de la sc\u00e8ne politique ivoirienne, notamment Allassane Ouattara et Henry Konan B\u00e9di\u00e9.<\/div>\n<div><\/div>\n<div>\u00a0 \u00a0 \u00a0 \u00a0 \u00a0 \u00a0 \u00a0 \u00a0 \u00a0 \u00a0 \u00a0 \u00a0 \u00a0 \u00a0 \u00a0 \u00a0 \u00a0 \u00a0 \u00a0 \u00a0 ST\u00c8VE GUEDE<\/div>\n<\/div>\n<\/div>\n<\/div>\n<\/div>\n<\/div>\n<div class=\"jb_0 X_6MGW N_6Fd5\"><\/div>\n<\/div>\n<div class=\"H_7jIs D_F ab_C Q_69H5 E_36RhU\" data-test-id=\"toolbar-hover-area\">\n<div class=\"D_F W_6D6F r_BN gl_C\" data-test-id=\"card-toolbar\"><\/div>\n<\/div>\n","protected":false},"excerpt":{"rendered":"<p>F\u00eate anniversaire de l&rsquo;an 01 du PPACI\/ Damana Pikass sans d\u00e9tours :&lt;&lt; Laurent Gbagbo est notre candidat en 2025&gt;&gt; Le parti de l&rsquo;ancien pr\u00e9sident ivoirien Laurent Gbagbo, le Parti des peuples africains de c\u00f4te d&rsquo;ivoire (PPACI), a c\u00e9l\u00e9br\u00e9 son anniversaire de naissance, ce 17 octobre 2022, \u00e0 la salle Lougah Fran\u00e7ois du palais de la [&hellip;]<\/p>\n","protected":false},"author":2,"featured_media":3940,"comment_status":"closed","ping_status":"closed","sticky":true,"template":"","format":"standard","meta":{"_acf_changed":false,"footnotes":""},"categories":[],"tags":[],"class_list":["post-3922","post","type-post","status-publish","format-standard","has-post-thumbnail","hentry"],"acf":[],"yoast_head":"<!-- This site is optimized with the Yoast SEO plugin v27.5 - https:\/\/yoast.com\/product\/yoast-seo-wordpress\/ -->\n<title>- Amanien| L&#039;actualit\u00e9 Ivoirienne et Internationale<\/title>\n<meta name=\"robots\" content=\"index, follow, max-snippet:-1, max-image-preview:large, max-video-preview:-1\" \/>\n<link rel=\"canonical\" href=\"https:\/\/www.amanien.info\/news\/3922-2\/\" \/>\n<meta property=\"og:locale\" content=\"fr_FR\" \/>\n<meta property=\"og:type\" content=\"article\" \/>\n<meta property=\"og:title\" content=\"- Amanien| L&#039;actualit\u00e9 Ivoirienne et Internationale\" \/>\n<meta property=\"og:description\" content=\"F\u00eate anniversaire de l&rsquo;an 01 du PPACI\/ Damana Pikass sans d\u00e9tours :&lt;&lt; Laurent Gbagbo est notre candidat en 2025&gt;&gt; Le parti de l&rsquo;ancien pr\u00e9sident ivoirien Laurent Gbagbo, le Parti des peuples africains de c\u00f4te d&rsquo;ivoire (PPACI), a c\u00e9l\u00e9br\u00e9 son anniversaire de naissance, ce 17 octobre 2022, \u00e0 la salle Lougah Fran\u00e7ois du palais de la [&hellip;]\" \/>\n<meta property=\"og:url\" content=\"https:\/\/www.amanien.info\/news\/3922-2\/\" \/>\n<meta property=\"og:site_name\" content=\"Amanien| L&#039;actualit\u00e9 Ivoirienne et Internationale\" \/>\n<meta property=\"article:published_time\" content=\"2022-10-24T10:11:28+00:00\" \/>\n<meta property=\"article:modified_time\" content=\"2022-10-24T10:16:08+00:00\" \/>\n<meta property=\"og:image\" content=\"https:\/\/www.amanien.info\/news\/wp-content\/uploads\/2022\/10\/thumbnail-11.jpg\" \/>\n\t<meta property=\"og:image:width\" content=\"211\" \/>\n\t<meta property=\"og:image:height\" content=\"209\" \/>\n\t<meta property=\"og:image:type\" content=\"image\/jpeg\" \/>\n<meta name=\"author\" content=\"Germain Ndri\" \/>\n<meta name=\"twitter:card\" content=\"summary_large_image\" \/>\n<meta name=\"twitter:label1\" content=\"\u00c9crit par\" \/>\n\t<meta name=\"twitter:data1\" content=\"Germain Ndri\" \/>\n\t<meta name=\"twitter:label2\" content=\"Dur\u00e9e de lecture estim\u00e9e\" \/>\n\t<meta name=\"twitter:data2\" content=\"3 minutes\" \/>\n<script type=\"application\/ld+json\" class=\"yoast-schema-graph\">{\"@context\":\"https:\\\/\\\/schema.org\",\"@graph\":[{\"@type\":\"Article\",\"@id\":\"https:\\\/\\\/www.amanien.info\\\/news\\\/3922-2\\\/#article\",\"isPartOf\":{\"@id\":\"https:\\\/\\\/www.amanien.info\\\/news\\\/3922-2\\\/\"},\"author\":{\"name\":\"Germain Ndri\",\"@id\":\"https:\\\/\\\/www.amanien.info\\\/news\\\/#\\\/schema\\\/person\\\/b21093345753a1a98242d505bd894f42\"},\"headline\":\"Aucun titre\",\"datePublished\":\"2022-10-24T10:11:28+00:00\",\"dateModified\":\"2022-10-24T10:16:08+00:00\",\"mainEntityOfPage\":{\"@id\":\"https:\\\/\\\/www.amanien.info\\\/news\\\/3922-2\\\/\"},\"wordCount\":549,\"image\":{\"@id\":\"https:\\\/\\\/www.amanien.info\\\/news\\\/3922-2\\\/#primaryimage\"},\"thumbnailUrl\":\"https:\\\/\\\/www.amanien.info\\\/news\\\/wp-content\\\/uploads\\\/2022\\\/10\\\/thumbnail-11.jpg\",\"inLanguage\":\"fr-FR\"},{\"@type\":\"WebPage\",\"@id\":\"https:\\\/\\\/www.amanien.info\\\/news\\\/3922-2\\\/\",\"url\":\"https:\\\/\\\/www.amanien.info\\\/news\\\/3922-2\\\/\",\"name\":\"- Amanien| L&#039;actualit\u00e9 Ivoirienne et Internationale\",\"isPartOf\":{\"@id\":\"https:\\\/\\\/www.amanien.info\\\/news\\\/#website\"},\"primaryImageOfPage\":{\"@id\":\"https:\\\/\\\/www.amanien.info\\\/news\\\/3922-2\\\/#primaryimage\"},\"image\":{\"@id\":\"https:\\\/\\\/www.amanien.info\\\/news\\\/3922-2\\\/#primaryimage\"},\"thumbnailUrl\":\"https:\\\/\\\/www.amanien.info\\\/news\\\/wp-content\\\/uploads\\\/2022\\\/10\\\/thumbnail-11.jpg\",\"datePublished\":\"2022-10-24T10:11:28+00:00\",\"dateModified\":\"2022-10-24T10:16:08+00:00\",\"author\":{\"@id\":\"https:\\\/\\\/www.amanien.info\\\/news\\\/#\\\/schema\\\/person\\\/b21093345753a1a98242d505bd894f42\"},\"inLanguage\":\"fr-FR\",\"potentialAction\":[{\"@type\":\"ReadAction\",\"target\":[\"https:\\\/\\\/www.amanien.info\\\/news\\\/3922-2\\\/\"]}]},{\"@type\":\"ImageObject\",\"inLanguage\":\"fr-FR\",\"@id\":\"https:\\\/\\\/www.amanien.info\\\/news\\\/3922-2\\\/#primaryimage\",\"url\":\"https:\\\/\\\/www.amanien.info\\\/news\\\/wp-content\\\/uploads\\\/2022\\\/10\\\/thumbnail-11.jpg\",\"contentUrl\":\"https:\\\/\\\/www.amanien.info\\\/news\\\/wp-content\\\/uploads\\\/2022\\\/10\\\/thumbnail-11.jpg\",\"width\":211,\"height\":209},{\"@type\":\"WebSite\",\"@id\":\"https:\\\/\\\/www.amanien.info\\\/news\\\/#website\",\"url\":\"https:\\\/\\\/www.amanien.info\\\/news\\\/\",\"name\":\"Amanien| L&#039;actualit\u00e9 Ivoirienne et Internationale\",\"description\":\"L&#039;actualit\u00e9 Ivoirienne et Internationale\",\"potentialAction\":[{\"@type\":\"SearchAction\",\"target\":{\"@type\":\"EntryPoint\",\"urlTemplate\":\"https:\\\/\\\/www.amanien.info\\\/news\\\/?s={search_term_string}\"},\"query-input\":{\"@type\":\"PropertyValueSpecification\",\"valueRequired\":true,\"valueName\":\"search_term_string\"}}],\"inLanguage\":\"fr-FR\"},{\"@type\":\"Person\",\"@id\":\"https:\\\/\\\/www.amanien.info\\\/news\\\/#\\\/schema\\\/person\\\/b21093345753a1a98242d505bd894f42\",\"name\":\"Germain Ndri\",\"url\":\"https:\\\/\\\/www.amanien.info\\\/news\\\/author\\\/amanien-infos\\\/\"}]}<\/script>\n<!-- \/ Yoast SEO plugin. -->","yoast_head_json":{"title":"- Amanien| L&#039;actualit\u00e9 Ivoirienne et Internationale","robots":{"index":"index","follow":"follow","max-snippet":"max-snippet:-1","max-image-preview":"max-image-preview:large","max-video-preview":"max-video-preview:-1"},"canonical":"https:\/\/www.amanien.info\/news\/3922-2\/","og_locale":"fr_FR","og_type":"article","og_title":"- Amanien| L&#039;actualit\u00e9 Ivoirienne et Internationale","og_description":"F\u00eate anniversaire de l&rsquo;an 01 du PPACI\/ Damana Pikass sans d\u00e9tours :&lt;&lt; Laurent Gbagbo est notre candidat en 2025&gt;&gt; Le parti de l&rsquo;ancien pr\u00e9sident ivoirien Laurent Gbagbo, le Parti des peuples africains de c\u00f4te d&rsquo;ivoire (PPACI), a c\u00e9l\u00e9br\u00e9 son anniversaire de naissance, ce 17 octobre 2022, \u00e0 la salle Lougah Fran\u00e7ois du palais de la [&hellip;]","og_url":"https:\/\/www.amanien.info\/news\/3922-2\/","og_site_name":"Amanien| L&#039;actualit\u00e9 Ivoirienne et Internationale","article_published_time":"2022-10-24T10:11:28+00:00","article_modified_time":"2022-10-24T10:16:08+00:00","og_image":[{"width":211,"height":209,"url":"https:\/\/www.amanien.info\/news\/wp-content\/uploads\/2022\/10\/thumbnail-11.jpg","type":"image\/jpeg"}],"author":"Germain Ndri","twitter_card":"summary_large_image","twitter_misc":{"\u00c9crit par":"Germain Ndri","Dur\u00e9e de lecture estim\u00e9e":"3 minutes"},"schema":{"@context":"https:\/\/schema.org","@graph":[{"@type":"Article","@id":"https:\/\/www.amanien.info\/news\/3922-2\/#article","isPartOf":{"@id":"https:\/\/www.amanien.info\/news\/3922-2\/"},"author":{"name":"Germain Ndri","@id":"https:\/\/www.amanien.info\/news\/#\/schema\/person\/b21093345753a1a98242d505bd894f42"},"headline":"Aucun titre","datePublished":"2022-10-24T10:11:28+00:00","dateModified":"2022-10-24T10:16:08+00:00","mainEntityOfPage":{"@id":"https:\/\/www.amanien.info\/news\/3922-2\/"},"wordCount":549,"image":{"@id":"https:\/\/www.amanien.info\/news\/3922-2\/#primaryimage"},"thumbnailUrl":"https:\/\/www.amanien.info\/news\/wp-content\/uploads\/2022\/10\/thumbnail-11.jpg","inLanguage":"fr-FR"},{"@type":"WebPage","@id":"https:\/\/www.amanien.info\/news\/3922-2\/","url":"https:\/\/www.amanien.info\/news\/3922-2\/","name":"- Amanien| L&#039;actualit\u00e9 Ivoirienne et Internationale","isPartOf":{"@id":"https:\/\/www.amanien.info\/news\/#website"},"primaryImageOfPage":{"@id":"https:\/\/www.amanien.info\/news\/3922-2\/#primaryimage"},"image":{"@id":"https:\/\/www.amanien.info\/news\/3922-2\/#primaryimage"},"thumbnailUrl":"https:\/\/www.amanien.info\/news\/wp-content\/uploads\/2022\/10\/thumbnail-11.jpg","datePublished":"2022-10-24T10:11:28+00:00","dateModified":"2022-10-24T10:16:08+00:00","author":{"@id":"https:\/\/www.amanien.info\/news\/#\/schema\/person\/b21093345753a1a98242d505bd894f42"},"inLanguage":"fr-FR","potentialAction":[{"@type":"ReadAction","target":["https:\/\/www.amanien.info\/news\/3922-2\/"]}]},{"@type":"ImageObject","inLanguage":"fr-FR","@id":"https:\/\/www.amanien.info\/news\/3922-2\/#primaryimage","url":"https:\/\/www.amanien.info\/news\/wp-content\/uploads\/2022\/10\/thumbnail-11.jpg","contentUrl":"https:\/\/www.amanien.info\/news\/wp-content\/uploads\/2022\/10\/thumbnail-11.jpg","width":211,"height":209},{"@type":"WebSite","@id":"https:\/\/www.amanien.info\/news\/#website","url":"https:\/\/www.amanien.info\/news\/","name":"Amanien| L&#039;actualit\u00e9 Ivoirienne et Internationale","description":"L&#039;actualit\u00e9 Ivoirienne et Internationale","potentialAction":[{"@type":"SearchAction","target":{"@type":"EntryPoint","urlTemplate":"https:\/\/www.amanien.info\/news\/?s={search_term_string}"},"query-input":{"@type":"PropertyValueSpecification","valueRequired":true,"valueName":"search_term_string"}}],"inLanguage":"fr-FR"},{"@type":"Person","@id":"https:\/\/www.amanien.info\/news\/#\/schema\/person\/b21093345753a1a98242d505bd894f42","name":"Germain Ndri","url":"https:\/\/www.amanien.info\/news\/author\/amanien-infos\/"}]}},"_links":{"self":[{"href":"https:\/\/www.amanien.info\/news\/wp-json\/wp\/v2\/posts\/3922","targetHints":{"allow":["GET"]}}],"collection":[{"href":"https:\/\/www.amanien.info\/news\/wp-json\/wp\/v2\/posts"}],"about":[{"href":"https:\/\/www.amanien.info\/news\/wp-json\/wp\/v2\/types\/post"}],"author":[{"embeddable":true,"href":"https:\/\/www.amanien.info\/news\/wp-json\/wp\/v2\/users\/2"}],"replies":[{"embeddable":true,"href":"https:\/\/www.amanien.info\/news\/wp-json\/wp\/v2\/comments?post=3922"}],"version-history":[{"count":1,"href":"https:\/\/www.amanien.info\/news\/wp-json\/wp\/v2\/posts\/3922\/revisions"}],"predecessor-version":[{"id":3941,"href":"https:\/\/www.amanien.info\/news\/wp-json\/wp\/v2\/posts\/3922\/revisions\/3941"}],"wp:featuredmedia":[{"embeddable":true,"href":"https:\/\/www.amanien.info\/news\/wp-json\/wp\/v2\/media\/3940"}],"wp:attachment":[{"href":"https:\/\/www.amanien.info\/news\/wp-json\/wp\/v2\/media?parent=3922"}],"wp:term":[{"taxonomy":"category","embeddable":true,"href":"https:\/\/www.amanien.info\/news\/wp-json\/wp\/v2\/categories?post=3922"},{"taxonomy":"post_tag","embeddable":true,"href":"https:\/\/www.amanien.info\/news\/wp-json\/wp\/v2\/tags?post=3922"}],"curies":[{"name":"wp","href":"https:\/\/api.w.org\/{rel}","templated":true}]}}