{"id":3904,"date":"2022-10-14T10:05:18","date_gmt":"2022-10-14T10:05:18","guid":{"rendered":"https:\/\/www.https:\/\/zozo.buyee.jp\/\/news\/?p=3904"},"modified":"2022-10-14T10:05:56","modified_gmt":"2022-10-14T10:05:56","slug":"sante-ouverture-a-abidjan-de-la-9e-edition-des-journees-de-lordre-national-des-pharmaciens-de-cote-divoire-jonpci","status":"publish","type":"post","link":"https:\/\/www.amanien.info\/news\/sante-ouverture-a-abidjan-de-la-9e-edition-des-journees-de-lordre-national-des-pharmaciens-de-cote-divoire-jonpci\/","title":{"rendered":"SANTE \/ Ouverture \u00e0 Abidjan de la 9\u00e8 \u00e9dition des Journ\u00e9es de l&rsquo;Ordre National des Pharmaciens de C\u00f4te d&rsquo;Ivoire (JONPCI)"},"content":{"rendered":"<div>Le Pr\u00e9sident du Conseil \u00c9conomique Social Environnemental et Culturel (CESEC), Eug\u00e8ne Aka AOUELE, a proc\u00e9d\u00e9, ce jeudi 06 octobre 2022, \u00e0 l&rsquo;h\u00f4tel Radisson Blu Airport, Port-Bouet, Abidjan, \u00e0 l&rsquo;ouverture des travaux de la 9\u00e8me \u00e9dition des Journ\u00e9es de l&rsquo;Ordre National des Pharmaciens de C\u00f4te d&rsquo;Ivoire (JONPCI), autour du th\u00e8me, <b>\u00ab\u00a0L&rsquo;exercice de la pharmacie en C\u00f4te d&rsquo;Ivoire : enjeux, d\u00e9fis et perspectives\u00a0\u00bb.\u00a0<\/b><\/div>\n<div><\/div>\n<div><\/div>\n<div>Dans son allocution, le Pr\u00e9sident du CESEC, Eug\u00e8ne Aka AOUELE, a indiqu\u00e9 que le th\u00e8me choisi rev\u00eat \u00e0 la fois \u00ab\u00a0le souci permanent de notre d\u00e9partement, de faire face aux pr\u00e9occupations r\u00e9elles qui s&rsquo;imposent \u00e0 nous et celles qui nous attendent plus et la mesure que vous avez prise de l&rsquo;\u00e9volution perp\u00e9tuelle de notre profession\u00a0\u00bb, a-t-il dit. \u00ab\u00a0Cette \u00e9volution constante des instances de r\u00e9flexion profondes impose le partage de mutualisation de strat\u00e9gies\u00a0\u00bba-t-il ajout\u00e9.<\/div>\n<div>Avant de f\u00e9liciter les pharmaciens qui, selon lui, constituent \u00ab\u00a0un maillon essentiel dans l&rsquo;ordre de soin et dans le syst\u00e8me de sant\u00e9, en g\u00e9n\u00e9ral, dans notre pays\u00a0\u00bb.<\/div>\n<div><\/div>\n<div>Le Pr\u00e9sident du CESEC a \u00e9galement exhort\u00e9 les pharmaciens \u00e0 faire en sorte qu&rsquo;ils soient \u00e0 la hauteur des exigences des populations. Il a rassur\u00e9 ses pairs que la Chambre consultative qu&rsquo;est le CESEC, continuera d&rsquo;assumer sa responsabilit\u00e9 en accompagnant de telles initiatives de r\u00e9flexion comme ces journ\u00e9es et \u00e0 produire des contributions pour l&rsquo;am\u00e9lioration du syst\u00e8me, qui demeure une priorit\u00e9 pour le Pr\u00e9sident de la R\u00e9publique, Alassane OUATTARA.<\/div>\n<div><\/div>\n<div><\/div>\n<div><\/div>\n<div>Bien avant, le Ministre de la Sant\u00e9, de l&rsquo;Hygi\u00e8ne Publique et de la Couverture Maladie Universelle, Pierre N&rsquo;Gou DIMBA a indiqu\u00e9 que l&rsquo;acc\u00e8s aux m\u00e9dicaments essentiels est une composante de l&rsquo;offre de soins et de toute politique de sant\u00e9. C&rsquo;est pourquoi, affirme-t-il, le Gouvernement ivoirien pr\u00e9voit d&rsquo;accro\u00eetre sa production locale de m\u00e9dicaments de moins de 10% actuellement \u00e0 30% en 2030 pour faire de la C\u00f4te d&rsquo;Ivoire un hub dans la distribution de m\u00e9dicaments dans la sous-r\u00e9gion.<\/div>\n<div><\/div>\n<div><\/div>\n<div>Face \u00e0 l&rsquo;explosion des besoins en sant\u00e9, li\u00e9e notamment au vieillissement de la politique, mais aussi au risque que posent les d\u00e9serts m\u00e9dicaux, les pharmaciens sont une v\u00e9ritable force pour la population en terme de sant\u00e9 publique, a-t-il soulign\u00e9.<\/div>\n<div>Avant de poursuivre : \u00ab\u00a0Le r\u00f4le des professionnels de sant\u00e9 de proximit\u00e9 continue. Dans le domaine de la pr\u00e9vention, le pharmacien assure des t\u00e2ches telles que la vaccination ou le d\u00e9pistage. C&rsquo;est pourquoi, le premier responsable de la sant\u00e9, a soutenu que le th\u00e8me de cette neuvi\u00e8me \u00e9dition est tout \u00e0 fait l\u00e9gitime, surtout dans un contexte o\u00f9 les professionnels de la sant\u00e9 doivent \u00eatre la valeur ajout\u00e9e.<\/div>\n<div><\/div>\n<div><\/div>\n<div>Non sans manquer de rappeler que le Minist\u00e8re dont il a charge compte sur les pharmaciens dans ses projets prioritaires dont la r\u00e9duction de la mortalit\u00e9 maternelle et infantile et la cr\u00e9ation de 10 p\u00f4les r\u00e9gionaux d&rsquo;excellence de sant\u00e9 (PRES) qui permettront d&rsquo;\u00e9viter que chaque ivoirien n&rsquo;ait \u00e0 parcourir plus de 150 km pour b\u00e9n\u00e9ficier de soins de qualit\u00e9, apparaissent comme les priorit\u00e9s du Minist\u00e8re de la sant\u00e9, de l&rsquo;hygi\u00e8ne publique et de la couverture maladie universelle. &lt;&lt;Tous ces grands chantiers seront encadr\u00e9s par la r\u00e9forme hospitali\u00e8re qui assurera une redevabilit\u00e9 du syst\u00e8me de sant\u00e9 vis-\u00e0-vis des populations&gt;&gt; a-t-il conclu.<\/div>\n<div><\/div>\n<div><\/div>\n<div>Le Pr\u00e9sident du Conseil National de l&rsquo;Ordre des Pharmaciens de C\u00f4te d&rsquo;Ivoire (CNOP-CI), Dr Arounan DIARRA, a, pour sa part, indiqu\u00e9 que ces journ\u00e9es sont une occasion pour les pharmaciens de d\u00e9battre des progr\u00e8s mais aussi des difficult\u00e9s qu&rsquo;ils rencontrent dans la pratique quotidienne de leur profession. \u00ab\u00a0En accord et en bonne intelligence avec tous nos partenaires, nous devons r\u00e9fl\u00e9chir sur quelles orientations futures nous devons donner \u00e0 notre exercice pour r\u00e9pondre efficacement aux mutations dans notre soci\u00e9t\u00e9 tout en restant conformes aux valeurs de notre code de d\u00e9ontologie\u00a0\u00bba-t-il exhort\u00e9.<\/div>\n<div><\/div>\n<div><\/div>\n<div>Puis de souligner que deux grands axes doivent soutenir l&rsquo;ambitieux programme scientifique con\u00e7u pour r\u00e9pondre aux pr\u00e9occupations des participants en cette p\u00e9riode post-covid-19.<\/div>\n<div><\/div>\n<div>Avec l&rsquo;av\u00e8nement de l&rsquo;Internet et l&rsquo;ensemble de ses applications dans la vie quotidienne des populations, il faut, pour les pharmaciens trouver des m\u00e9canismes sans d\u00e9naturer leur code de d\u00e9ontologie et sans porter atteinte, leur serment de Galien pour r\u00e9pondre efficacement \u00e0 ces nouvelles pratiques qui les submergent, a recommand\u00e9 le Pr\u00e9sident du CNOP-CI, Dr Arounan DIARRA.<\/div>\n<div><\/div>\n<div>Ces Journ\u00e9es, qui se d\u00e9roulent du 06 au 07 octobre, seront meubl\u00e9es par des conf\u00e9rence-d\u00e9bats, des tables rondes portant sur des sous-th\u00e8mes tr\u00e8s \u00e9difiants. Elles permettront de mettre en place une industrie pharmaceutique performante, lutter efficacement contre le traffic illicite de m\u00e9dicaments, etc. Un prestigieux d\u00eener gala mettra un terme \u00e0 ces JONPCI 2022.<\/div>\n<div><\/div>\n<div><\/div>\n<div><b>S.A.<\/b><\/div>\n<div><\/div>\n","protected":false},"excerpt":{"rendered":"<p>Le Pr\u00e9sident du Conseil \u00c9conomique Social Environnemental et Culturel (CESEC), Eug\u00e8ne Aka AOUELE, a proc\u00e9d\u00e9, ce jeudi 06 octobre 2022, \u00e0 l&rsquo;h\u00f4tel Radisson Blu Airport, Port-Bouet, Abidjan, \u00e0 l&rsquo;ouverture des travaux de la 9\u00e8me \u00e9dition des Journ\u00e9es de l&rsquo;Ordre National des Pharmaciens de C\u00f4te d&rsquo;Ivoire (JONPCI), autour du th\u00e8me, \u00ab\u00a0L&rsquo;exercice de la pharmacie en C\u00f4te [&hellip;]<\/p>\n","protected":false},"author":2,"featured_media":3905,"comment_status":"closed","ping_status":"closed","sticky":true,"template":"","format":"standard","meta":{"_acf_changed":false,"footnotes":""},"categories":[],"tags":[],"class_list":["post-3904","post","type-post","status-publish","format-standard","has-post-thumbnail","hentry"],"acf":[],"yoast_head":"<!-- This site is optimized with the Yoast SEO plugin v27.5 - https:\/\/yoast.com\/product\/yoast-seo-wordpress\/ -->\n<title>SANTE \/ Ouverture \u00e0 Abidjan de la 9\u00e8 \u00e9dition des Journ\u00e9es de l&#039;Ordre National des Pharmaciens de C\u00f4te d&#039;Ivoire (JONPCI) - Amanien| L&#039;actualit\u00e9 Ivoirienne et Internationale<\/title>\n<meta name=\"robots\" content=\"index, follow, max-snippet:-1, max-image-preview:large, max-video-preview:-1\" \/>\n<link rel=\"canonical\" href=\"https:\/\/www.amanien.info\/news\/sante-ouverture-a-abidjan-de-la-9e-edition-des-journees-de-lordre-national-des-pharmaciens-de-cote-divoire-jonpci\/\" \/>\n<meta property=\"og:locale\" content=\"fr_FR\" \/>\n<meta property=\"og:type\" content=\"article\" \/>\n<meta property=\"og:title\" content=\"SANTE \/ Ouverture \u00e0 Abidjan de la 9\u00e8 \u00e9dition des Journ\u00e9es de l&#039;Ordre National des Pharmaciens de C\u00f4te d&#039;Ivoire (JONPCI) - Amanien| L&#039;actualit\u00e9 Ivoirienne et Internationale\" \/>\n<meta property=\"og:description\" content=\"Le Pr\u00e9sident du Conseil \u00c9conomique Social Environnemental et Culturel (CESEC), Eug\u00e8ne Aka AOUELE, a proc\u00e9d\u00e9, ce jeudi 06 octobre 2022, \u00e0 l&rsquo;h\u00f4tel Radisson Blu Airport, Port-Bouet, Abidjan, \u00e0 l&rsquo;ouverture des travaux de la 9\u00e8me \u00e9dition des Journ\u00e9es de l&rsquo;Ordre National des Pharmaciens de C\u00f4te d&rsquo;Ivoire (JONPCI), autour du th\u00e8me, \u00ab\u00a0L&rsquo;exercice de la pharmacie en C\u00f4te [&hellip;]\" \/>\n<meta property=\"og:url\" content=\"https:\/\/www.amanien.info\/news\/sante-ouverture-a-abidjan-de-la-9e-edition-des-journees-de-lordre-national-des-pharmaciens-de-cote-divoire-jonpci\/\" \/>\n<meta property=\"og:site_name\" content=\"Amanien| L&#039;actualit\u00e9 Ivoirienne et Internationale\" \/>\n<meta property=\"article:published_time\" content=\"2022-10-14T10:05:18+00:00\" \/>\n<meta property=\"article:modified_time\" content=\"2022-10-14T10:05:56+00:00\" \/>\n<meta property=\"og:image\" content=\"https:\/\/www.amanien.info\/news\/wp-content\/uploads\/2022\/10\/thumbnail-4.jpg\" \/>\n\t<meta property=\"og:image:width\" content=\"1000\" \/>\n\t<meta property=\"og:image:height\" content=\"667\" \/>\n\t<meta property=\"og:image:type\" content=\"image\/jpeg\" \/>\n<meta name=\"author\" content=\"Germain Ndri\" \/>\n<meta name=\"twitter:card\" content=\"summary_large_image\" \/>\n<meta name=\"twitter:label1\" content=\"\u00c9crit par\" \/>\n\t<meta name=\"twitter:data1\" content=\"Germain Ndri\" \/>\n\t<meta name=\"twitter:label2\" content=\"Dur\u00e9e de lecture estim\u00e9e\" \/>\n\t<meta name=\"twitter:data2\" content=\"4 minutes\" \/>\n<script type=\"application\/ld+json\" class=\"yoast-schema-graph\">{\"@context\":\"https:\\\/\\\/schema.org\",\"@graph\":[{\"@type\":\"Article\",\"@id\":\"https:\\\/\\\/www.amanien.info\\\/news\\\/sante-ouverture-a-abidjan-de-la-9e-edition-des-journees-de-lordre-national-des-pharmaciens-de-cote-divoire-jonpci\\\/#article\",\"isPartOf\":{\"@id\":\"https:\\\/\\\/www.amanien.info\\\/news\\\/sante-ouverture-a-abidjan-de-la-9e-edition-des-journees-de-lordre-national-des-pharmaciens-de-cote-divoire-jonpci\\\/\"},\"author\":{\"name\":\"Germain Ndri\",\"@id\":\"https:\\\/\\\/www.amanien.info\\\/news\\\/#\\\/schema\\\/person\\\/b21093345753a1a98242d505bd894f42\"},\"headline\":\"SANTE \\\/ Ouverture \u00e0 Abidjan de la 9\u00e8 \u00e9dition des Journ\u00e9es de l&rsquo;Ordre National des Pharmaciens de C\u00f4te d&rsquo;Ivoire (JONPCI)\",\"datePublished\":\"2022-10-14T10:05:18+00:00\",\"dateModified\":\"2022-10-14T10:05:56+00:00\",\"mainEntityOfPage\":{\"@id\":\"https:\\\/\\\/www.amanien.info\\\/news\\\/sante-ouverture-a-abidjan-de-la-9e-edition-des-journees-de-lordre-national-des-pharmaciens-de-cote-divoire-jonpci\\\/\"},\"wordCount\":869,\"image\":{\"@id\":\"https:\\\/\\\/www.amanien.info\\\/news\\\/sante-ouverture-a-abidjan-de-la-9e-edition-des-journees-de-lordre-national-des-pharmaciens-de-cote-divoire-jonpci\\\/#primaryimage\"},\"thumbnailUrl\":\"https:\\\/\\\/www.amanien.info\\\/news\\\/wp-content\\\/uploads\\\/2022\\\/10\\\/thumbnail-4.jpg\",\"inLanguage\":\"fr-FR\"},{\"@type\":\"WebPage\",\"@id\":\"https:\\\/\\\/www.amanien.info\\\/news\\\/sante-ouverture-a-abidjan-de-la-9e-edition-des-journees-de-lordre-national-des-pharmaciens-de-cote-divoire-jonpci\\\/\",\"url\":\"https:\\\/\\\/www.amanien.info\\\/news\\\/sante-ouverture-a-abidjan-de-la-9e-edition-des-journees-de-lordre-national-des-pharmaciens-de-cote-divoire-jonpci\\\/\",\"name\":\"SANTE \\\/ Ouverture \u00e0 Abidjan de la 9\u00e8 \u00e9dition des Journ\u00e9es de l'Ordre National des Pharmaciens de C\u00f4te d'Ivoire (JONPCI) - Amanien| L&#039;actualit\u00e9 Ivoirienne et Internationale\",\"isPartOf\":{\"@id\":\"https:\\\/\\\/www.amanien.info\\\/news\\\/#website\"},\"primaryImageOfPage\":{\"@id\":\"https:\\\/\\\/www.amanien.info\\\/news\\\/sante-ouverture-a-abidjan-de-la-9e-edition-des-journees-de-lordre-national-des-pharmaciens-de-cote-divoire-jonpci\\\/#primaryimage\"},\"image\":{\"@id\":\"https:\\\/\\\/www.amanien.info\\\/news\\\/sante-ouverture-a-abidjan-de-la-9e-edition-des-journees-de-lordre-national-des-pharmaciens-de-cote-divoire-jonpci\\\/#primaryimage\"},\"thumbnailUrl\":\"https:\\\/\\\/www.amanien.info\\\/news\\\/wp-content\\\/uploads\\\/2022\\\/10\\\/thumbnail-4.jpg\",\"datePublished\":\"2022-10-14T10:05:18+00:00\",\"dateModified\":\"2022-10-14T10:05:56+00:00\",\"author\":{\"@id\":\"https:\\\/\\\/www.amanien.info\\\/news\\\/#\\\/schema\\\/person\\\/b21093345753a1a98242d505bd894f42\"},\"breadcrumb\":{\"@id\":\"https:\\\/\\\/www.amanien.info\\\/news\\\/sante-ouverture-a-abidjan-de-la-9e-edition-des-journees-de-lordre-national-des-pharmaciens-de-cote-divoire-jonpci\\\/#breadcrumb\"},\"inLanguage\":\"fr-FR\",\"potentialAction\":[{\"@type\":\"ReadAction\",\"target\":[\"https:\\\/\\\/www.amanien.info\\\/news\\\/sante-ouverture-a-abidjan-de-la-9e-edition-des-journees-de-lordre-national-des-pharmaciens-de-cote-divoire-jonpci\\\/\"]}]},{\"@type\":\"ImageObject\",\"inLanguage\":\"fr-FR\",\"@id\":\"https:\\\/\\\/www.amanien.info\\\/news\\\/sante-ouverture-a-abidjan-de-la-9e-edition-des-journees-de-lordre-national-des-pharmaciens-de-cote-divoire-jonpci\\\/#primaryimage\",\"url\":\"https:\\\/\\\/www.amanien.info\\\/news\\\/wp-content\\\/uploads\\\/2022\\\/10\\\/thumbnail-4.jpg\",\"contentUrl\":\"https:\\\/\\\/www.amanien.info\\\/news\\\/wp-content\\\/uploads\\\/2022\\\/10\\\/thumbnail-4.jpg\",\"width\":1000,\"height\":667},{\"@type\":\"BreadcrumbList\",\"@id\":\"https:\\\/\\\/www.amanien.info\\\/news\\\/sante-ouverture-a-abidjan-de-la-9e-edition-des-journees-de-lordre-national-des-pharmaciens-de-cote-divoire-jonpci\\\/#breadcrumb\",\"itemListElement\":[{\"@type\":\"ListItem\",\"position\":1,\"name\":\"Accueil\",\"item\":\"https:\\\/\\\/www.amanien.info\\\/news\\\/\"},{\"@type\":\"ListItem\",\"position\":2,\"name\":\"SANTE \\\/ Ouverture \u00e0 Abidjan de la 9\u00e8 \u00e9dition des Journ\u00e9es de l&rsquo;Ordre National des Pharmaciens de C\u00f4te d&rsquo;Ivoire (JONPCI)\"}]},{\"@type\":\"WebSite\",\"@id\":\"https:\\\/\\\/www.amanien.info\\\/news\\\/#website\",\"url\":\"https:\\\/\\\/www.amanien.info\\\/news\\\/\",\"name\":\"Amanien| L&#039;actualit\u00e9 Ivoirienne et Internationale\",\"description\":\"L&#039;actualit\u00e9 Ivoirienne et Internationale\",\"potentialAction\":[{\"@type\":\"SearchAction\",\"target\":{\"@type\":\"EntryPoint\",\"urlTemplate\":\"https:\\\/\\\/www.amanien.info\\\/news\\\/?s={search_term_string}\"},\"query-input\":{\"@type\":\"PropertyValueSpecification\",\"valueRequired\":true,\"valueName\":\"search_term_string\"}}],\"inLanguage\":\"fr-FR\"},{\"@type\":\"Person\",\"@id\":\"https:\\\/\\\/www.amanien.info\\\/news\\\/#\\\/schema\\\/person\\\/b21093345753a1a98242d505bd894f42\",\"name\":\"Germain Ndri\",\"url\":\"https:\\\/\\\/www.amanien.info\\\/news\\\/author\\\/amanien-infos\\\/\"}]}<\/script>\n<!-- \/ Yoast SEO plugin. -->","yoast_head_json":{"title":"SANTE \/ Ouverture \u00e0 Abidjan de la 9\u00e8 \u00e9dition des Journ\u00e9es de l'Ordre National des Pharmaciens de C\u00f4te d'Ivoire (JONPCI) - Amanien| L&#039;actualit\u00e9 Ivoirienne et Internationale","robots":{"index":"index","follow":"follow","max-snippet":"max-snippet:-1","max-image-preview":"max-image-preview:large","max-video-preview":"max-video-preview:-1"},"canonical":"https:\/\/www.amanien.info\/news\/sante-ouverture-a-abidjan-de-la-9e-edition-des-journees-de-lordre-national-des-pharmaciens-de-cote-divoire-jonpci\/","og_locale":"fr_FR","og_type":"article","og_title":"SANTE \/ Ouverture \u00e0 Abidjan de la 9\u00e8 \u00e9dition des Journ\u00e9es de l'Ordre National des Pharmaciens de C\u00f4te d'Ivoire (JONPCI) - Amanien| L&#039;actualit\u00e9 Ivoirienne et Internationale","og_description":"Le Pr\u00e9sident du Conseil \u00c9conomique Social Environnemental et Culturel (CESEC), Eug\u00e8ne Aka AOUELE, a proc\u00e9d\u00e9, ce jeudi 06 octobre 2022, \u00e0 l&rsquo;h\u00f4tel Radisson Blu Airport, Port-Bouet, Abidjan, \u00e0 l&rsquo;ouverture des travaux de la 9\u00e8me \u00e9dition des Journ\u00e9es de l&rsquo;Ordre National des Pharmaciens de C\u00f4te d&rsquo;Ivoire (JONPCI), autour du th\u00e8me, \u00ab\u00a0L&rsquo;exercice de la pharmacie en C\u00f4te [&hellip;]","og_url":"https:\/\/www.amanien.info\/news\/sante-ouverture-a-abidjan-de-la-9e-edition-des-journees-de-lordre-national-des-pharmaciens-de-cote-divoire-jonpci\/","og_site_name":"Amanien| L&#039;actualit\u00e9 Ivoirienne et Internationale","article_published_time":"2022-10-14T10:05:18+00:00","article_modified_time":"2022-10-14T10:05:56+00:00","og_image":[{"width":1000,"height":667,"url":"https:\/\/www.amanien.info\/news\/wp-content\/uploads\/2022\/10\/thumbnail-4.jpg","type":"image\/jpeg"}],"author":"Germain Ndri","twitter_card":"summary_large_image","twitter_misc":{"\u00c9crit par":"Germain Ndri","Dur\u00e9e de lecture estim\u00e9e":"4 minutes"},"schema":{"@context":"https:\/\/schema.org","@graph":[{"@type":"Article","@id":"https:\/\/www.amanien.info\/news\/sante-ouverture-a-abidjan-de-la-9e-edition-des-journees-de-lordre-national-des-pharmaciens-de-cote-divoire-jonpci\/#article","isPartOf":{"@id":"https:\/\/www.amanien.info\/news\/sante-ouverture-a-abidjan-de-la-9e-edition-des-journees-de-lordre-national-des-pharmaciens-de-cote-divoire-jonpci\/"},"author":{"name":"Germain Ndri","@id":"https:\/\/www.amanien.info\/news\/#\/schema\/person\/b21093345753a1a98242d505bd894f42"},"headline":"SANTE \/ Ouverture \u00e0 Abidjan de la 9\u00e8 \u00e9dition des Journ\u00e9es de l&rsquo;Ordre National des Pharmaciens de C\u00f4te d&rsquo;Ivoire (JONPCI)","datePublished":"2022-10-14T10:05:18+00:00","dateModified":"2022-10-14T10:05:56+00:00","mainEntityOfPage":{"@id":"https:\/\/www.amanien.info\/news\/sante-ouverture-a-abidjan-de-la-9e-edition-des-journees-de-lordre-national-des-pharmaciens-de-cote-divoire-jonpci\/"},"wordCount":869,"image":{"@id":"https:\/\/www.amanien.info\/news\/sante-ouverture-a-abidjan-de-la-9e-edition-des-journees-de-lordre-national-des-pharmaciens-de-cote-divoire-jonpci\/#primaryimage"},"thumbnailUrl":"https:\/\/www.amanien.info\/news\/wp-content\/uploads\/2022\/10\/thumbnail-4.jpg","inLanguage":"fr-FR"},{"@type":"WebPage","@id":"https:\/\/www.amanien.info\/news\/sante-ouverture-a-abidjan-de-la-9e-edition-des-journees-de-lordre-national-des-pharmaciens-de-cote-divoire-jonpci\/","url":"https:\/\/www.amanien.info\/news\/sante-ouverture-a-abidjan-de-la-9e-edition-des-journees-de-lordre-national-des-pharmaciens-de-cote-divoire-jonpci\/","name":"SANTE \/ Ouverture \u00e0 Abidjan de la 9\u00e8 \u00e9dition des Journ\u00e9es de l'Ordre National des Pharmaciens de C\u00f4te d'Ivoire (JONPCI) - Amanien| L&#039;actualit\u00e9 Ivoirienne et Internationale","isPartOf":{"@id":"https:\/\/www.amanien.info\/news\/#website"},"primaryImageOfPage":{"@id":"https:\/\/www.amanien.info\/news\/sante-ouverture-a-abidjan-de-la-9e-edition-des-journees-de-lordre-national-des-pharmaciens-de-cote-divoire-jonpci\/#primaryimage"},"image":{"@id":"https:\/\/www.amanien.info\/news\/sante-ouverture-a-abidjan-de-la-9e-edition-des-journees-de-lordre-national-des-pharmaciens-de-cote-divoire-jonpci\/#primaryimage"},"thumbnailUrl":"https:\/\/www.amanien.info\/news\/wp-content\/uploads\/2022\/10\/thumbnail-4.jpg","datePublished":"2022-10-14T10:05:18+00:00","dateModified":"2022-10-14T10:05:56+00:00","author":{"@id":"https:\/\/www.amanien.info\/news\/#\/schema\/person\/b21093345753a1a98242d505bd894f42"},"breadcrumb":{"@id":"https:\/\/www.amanien.info\/news\/sante-ouverture-a-abidjan-de-la-9e-edition-des-journees-de-lordre-national-des-pharmaciens-de-cote-divoire-jonpci\/#breadcrumb"},"inLanguage":"fr-FR","potentialAction":[{"@type":"ReadAction","target":["https:\/\/www.amanien.info\/news\/sante-ouverture-a-abidjan-de-la-9e-edition-des-journees-de-lordre-national-des-pharmaciens-de-cote-divoire-jonpci\/"]}]},{"@type":"ImageObject","inLanguage":"fr-FR","@id":"https:\/\/www.amanien.info\/news\/sante-ouverture-a-abidjan-de-la-9e-edition-des-journees-de-lordre-national-des-pharmaciens-de-cote-divoire-jonpci\/#primaryimage","url":"https:\/\/www.amanien.info\/news\/wp-content\/uploads\/2022\/10\/thumbnail-4.jpg","contentUrl":"https:\/\/www.amanien.info\/news\/wp-content\/uploads\/2022\/10\/thumbnail-4.jpg","width":1000,"height":667},{"@type":"BreadcrumbList","@id":"https:\/\/www.amanien.info\/news\/sante-ouverture-a-abidjan-de-la-9e-edition-des-journees-de-lordre-national-des-pharmaciens-de-cote-divoire-jonpci\/#breadcrumb","itemListElement":[{"@type":"ListItem","position":1,"name":"Accueil","item":"https:\/\/www.amanien.info\/news\/"},{"@type":"ListItem","position":2,"name":"SANTE \/ Ouverture \u00e0 Abidjan de la 9\u00e8 \u00e9dition des Journ\u00e9es de l&rsquo;Ordre National des Pharmaciens de C\u00f4te d&rsquo;Ivoire (JONPCI)"}]},{"@type":"WebSite","@id":"https:\/\/www.amanien.info\/news\/#website","url":"https:\/\/www.amanien.info\/news\/","name":"Amanien| L&#039;actualit\u00e9 Ivoirienne et Internationale","description":"L&#039;actualit\u00e9 Ivoirienne et Internationale","potentialAction":[{"@type":"SearchAction","target":{"@type":"EntryPoint","urlTemplate":"https:\/\/www.amanien.info\/news\/?s={search_term_string}"},"query-input":{"@type":"PropertyValueSpecification","valueRequired":true,"valueName":"search_term_string"}}],"inLanguage":"fr-FR"},{"@type":"Person","@id":"https:\/\/www.amanien.info\/news\/#\/schema\/person\/b21093345753a1a98242d505bd894f42","name":"Germain Ndri","url":"https:\/\/www.amanien.info\/news\/author\/amanien-infos\/"}]}},"_links":{"self":[{"href":"https:\/\/www.amanien.info\/news\/wp-json\/wp\/v2\/posts\/3904","targetHints":{"allow":["GET"]}}],"collection":[{"href":"https:\/\/www.amanien.info\/news\/wp-json\/wp\/v2\/posts"}],"about":[{"href":"https:\/\/www.amanien.info\/news\/wp-json\/wp\/v2\/types\/post"}],"author":[{"embeddable":true,"href":"https:\/\/www.amanien.info\/news\/wp-json\/wp\/v2\/users\/2"}],"replies":[{"embeddable":true,"href":"https:\/\/www.amanien.info\/news\/wp-json\/wp\/v2\/comments?post=3904"}],"version-history":[{"count":1,"href":"https:\/\/www.amanien.info\/news\/wp-json\/wp\/v2\/posts\/3904\/revisions"}],"predecessor-version":[{"id":3906,"href":"https:\/\/www.amanien.info\/news\/wp-json\/wp\/v2\/posts\/3904\/revisions\/3906"}],"wp:featuredmedia":[{"embeddable":true,"href":"https:\/\/www.amanien.info\/news\/wp-json\/wp\/v2\/media\/3905"}],"wp:attachment":[{"href":"https:\/\/www.amanien.info\/news\/wp-json\/wp\/v2\/media?parent=3904"}],"wp:term":[{"taxonomy":"category","embeddable":true,"href":"https:\/\/www.amanien.info\/news\/wp-json\/wp\/v2\/categories?post=3904"},{"taxonomy":"post_tag","embeddable":true,"href":"https:\/\/www.amanien.info\/news\/wp-json\/wp\/v2\/tags?post=3904"}],"curies":[{"name":"wp","href":"https:\/\/api.w.org\/{rel}","templated":true}]}}