{"id":3883,"date":"2022-10-03T19:14:04","date_gmt":"2022-10-03T19:14:04","guid":{"rendered":"https:\/\/www.https:\/\/zozo.buyee.jp\/\/news\/?p=3883"},"modified":"2022-10-03T19:14:31","modified_gmt":"2022-10-03T19:14:31","slug":"concours-plume-anti-tabac-christelle-kouame-de-radio-abobo-rafle-le-super-prix","status":"publish","type":"post","link":"https:\/\/www.amanien.info\/news\/concours-plume-anti-tabac-christelle-kouame-de-radio-abobo-rafle-le-super-prix\/","title":{"rendered":"Concours \u00ab\u00a0Plume Anti-tabac\u00a0\u00bb : Christelle Kouam\u00e9 de Radio Abobo rafle le super Prix"},"content":{"rendered":"<div>Les lampions se sont \u00e9teints sur la deuxi\u00e8me \u00e9dition du concours \u00a0\u00bbLa Plume Anti-tabac 2022\u00a0\u00bb, ce vendredi 30 septembre 2022, \u00e0 Abidjan-Plateau. Christelle Kouam\u00e9, Journaliste \u00e0 Radio Abobo a remport\u00e9 le Super Prix parrain\u00e9 par le Ministre de la Sant\u00e9, de l&rsquo;Hygi\u00e8ne Publique et de la Couverture Maladie Universelle, Pierre Dimba.<\/div>\n<div><\/div>\n<div>Avec son dossier r sur les dangers li\u00e9s \u00e0 la consommation de la chicha et son interview r\u00e9alis\u00e9e sur la vulgarisation de la loi anti-tabac, Christelle Kouam\u00e9 a surclass\u00e9 ses concurrents dans la cat\u00e9gorie Radio, a indiqu\u00e9 le jury pr\u00e9sid\u00e9 par Zio Moussa.<\/div>\n<div><\/div>\n<div>M\u00e9l\u00e8dje Tr\u00e9sore de Fratmat.info a remport\u00e9 le prix de la meilleure Production presse num\u00e9rique. Dans la cat\u00e9gorie Presse \u00e9crite, Patricia Lyse s&rsquo;est hiss\u00e9e sur la plus haute marche du podium.<\/div>\n<div>Quant \u00e0 Kon\u00e9 Bintou P\u00e9k\u00e9l\u00e9 de RTI2, elle a remport\u00e9 le Prix de la meilleure Production t\u00e9l\u00e9.<\/div>\n<div><\/div>\n<div>Dans son intervention, Dimitri Agoutsi, le Pr\u00e9sident du R\u00e9seau des Communicateurs engag\u00e9s dans le lutte anti-tabac(RECLTASU), initiateur du projet a exprim\u00e9 ses f\u00e9licitations aux laur\u00e9ats, avant d&rsquo;annoncer que la remise officielle des prix se fera en pr\u00e9sence du Ministre Pierre Dimba.<\/div>\n<div><\/div>\n<div>Le Repr\u00e9sentant pays de l&rsquo;OMS, Dr Jean-Marie Vianny Yam\u00e9ogo s&rsquo;est dit heureux de voir ce concours gagner en notori\u00e9t\u00e9 avant de faire cette promesse : \u00a0\u00bb L&rsquo;OMS s&rsquo;engage \u00e0 accro\u00eetre son soutien \u00e0 ce concours d\u00e8s l&rsquo;ann\u00e9e prochaine \u00a0\u00bb a indiqu\u00e9 le Repr\u00e9sentant pays de l&rsquo;Institution onusienne.<\/div>\n<div><\/div>\n<div>Repr\u00e9sentant le Ministre Pierre Dimba,\u00a0 le Directeur de cabinet, Dr Koffi Aka Charles, a invit\u00e9 les laur\u00e9ats \u00e0 \u00eatre de v\u00e9ritables ambassadeurs de la lutte anti-tabac. \u00a0\u00bbNous comptons sur vous pour continuer \u00e0 porter cette lutte. F\u00e9licitations aux laur\u00e9ats\u00a0\u00bb, a-t-il indiqu\u00e9.<\/div>\n<div><\/div>\n<div>Rappelons que le concours \u00a0\u00bbLa Plume Anti-tabac\u00a0\u00bb a \u00e9t\u00e9 initi\u00e9 par le R\u00e9seau des Communicateurs engag\u00e9s dans la lutte contre le tabagisme et l&rsquo;alcoolisme en milieu scolaire et universitaire (RECLTASU), en collaboration avec le Programme National de Lutte contre le Tabagisme, l&rsquo;Alcoolisme et les autres Addictions (PNLTA).<\/div>\n<div><\/div>\n<div><\/div>\n<div><\/div>\n<div><b>S.A. avec Sercom<\/b><\/div>\n<div><\/div>\n","protected":false},"excerpt":{"rendered":"<p>Les lampions se sont \u00e9teints sur la deuxi\u00e8me \u00e9dition du concours \u00a0\u00bbLa Plume Anti-tabac 2022\u00a0\u00bb, ce vendredi 30 septembre 2022, \u00e0 Abidjan-Plateau. Christelle Kouam\u00e9, Journaliste \u00e0 Radio Abobo a remport\u00e9 le Super Prix parrain\u00e9 par le Ministre de la Sant\u00e9, de l&rsquo;Hygi\u00e8ne Publique et de la Couverture Maladie Universelle, Pierre Dimba. Avec son dossier r [&hellip;]<\/p>\n","protected":false},"author":2,"featured_media":3884,"comment_status":"closed","ping_status":"closed","sticky":true,"template":"","format":"standard","meta":{"_acf_changed":false,"footnotes":""},"categories":[],"tags":[],"class_list":["post-3883","post","type-post","status-publish","format-standard","has-post-thumbnail","hentry"],"acf":[],"yoast_head":"<!-- This site is optimized with the Yoast SEO plugin v27.5 - https:\/\/yoast.com\/product\/yoast-seo-wordpress\/ -->\n<title>Concours &quot;Plume Anti-tabac&quot; : Christelle Kouam\u00e9 de Radio Abobo rafle le super Prix - Amanien| L&#039;actualit\u00e9 Ivoirienne et Internationale<\/title>\n<meta name=\"robots\" content=\"index, follow, max-snippet:-1, max-image-preview:large, max-video-preview:-1\" \/>\n<link rel=\"canonical\" href=\"https:\/\/www.amanien.info\/news\/concours-plume-anti-tabac-christelle-kouame-de-radio-abobo-rafle-le-super-prix\/\" \/>\n<meta property=\"og:locale\" content=\"fr_FR\" \/>\n<meta property=\"og:type\" content=\"article\" \/>\n<meta property=\"og:title\" content=\"Concours &quot;Plume Anti-tabac&quot; : Christelle Kouam\u00e9 de Radio Abobo rafle le super Prix - Amanien| L&#039;actualit\u00e9 Ivoirienne et Internationale\" \/>\n<meta property=\"og:description\" content=\"Les lampions se sont \u00e9teints sur la deuxi\u00e8me \u00e9dition du concours \u00a0\u00bbLa Plume Anti-tabac 2022\u00a0\u00bb, ce vendredi 30 septembre 2022, \u00e0 Abidjan-Plateau. Christelle Kouam\u00e9, Journaliste \u00e0 Radio Abobo a remport\u00e9 le Super Prix parrain\u00e9 par le Ministre de la Sant\u00e9, de l&rsquo;Hygi\u00e8ne Publique et de la Couverture Maladie Universelle, Pierre Dimba. Avec son dossier r [&hellip;]\" \/>\n<meta property=\"og:url\" content=\"https:\/\/www.amanien.info\/news\/concours-plume-anti-tabac-christelle-kouame-de-radio-abobo-rafle-le-super-prix\/\" \/>\n<meta property=\"og:site_name\" content=\"Amanien| L&#039;actualit\u00e9 Ivoirienne et Internationale\" \/>\n<meta property=\"article:published_time\" content=\"2022-10-03T19:14:04+00:00\" \/>\n<meta property=\"article:modified_time\" content=\"2022-10-03T19:14:31+00:00\" \/>\n<meta property=\"og:image\" content=\"https:\/\/www.amanien.info\/news\/wp-content\/uploads\/2022\/10\/thumbnail-2.jpg\" \/>\n\t<meta property=\"og:image:width\" content=\"1024\" \/>\n\t<meta property=\"og:image:height\" content=\"460\" \/>\n\t<meta property=\"og:image:type\" content=\"image\/jpeg\" \/>\n<meta name=\"author\" content=\"Germain Ndri\" \/>\n<meta name=\"twitter:card\" content=\"summary_large_image\" \/>\n<meta name=\"twitter:label1\" content=\"\u00c9crit par\" \/>\n\t<meta name=\"twitter:data1\" content=\"Germain Ndri\" \/>\n\t<meta name=\"twitter:label2\" content=\"Dur\u00e9e de lecture estim\u00e9e\" \/>\n\t<meta name=\"twitter:data2\" content=\"2 minutes\" \/>\n<script type=\"application\/ld+json\" class=\"yoast-schema-graph\">{\"@context\":\"https:\\\/\\\/schema.org\",\"@graph\":[{\"@type\":\"Article\",\"@id\":\"https:\\\/\\\/www.amanien.info\\\/news\\\/concours-plume-anti-tabac-christelle-kouame-de-radio-abobo-rafle-le-super-prix\\\/#article\",\"isPartOf\":{\"@id\":\"https:\\\/\\\/www.amanien.info\\\/news\\\/concours-plume-anti-tabac-christelle-kouame-de-radio-abobo-rafle-le-super-prix\\\/\"},\"author\":{\"name\":\"Germain Ndri\",\"@id\":\"https:\\\/\\\/www.amanien.info\\\/news\\\/#\\\/schema\\\/person\\\/b21093345753a1a98242d505bd894f42\"},\"headline\":\"Concours \u00ab\u00a0Plume Anti-tabac\u00a0\u00bb : Christelle Kouam\u00e9 de Radio Abobo rafle le super Prix\",\"datePublished\":\"2022-10-03T19:14:04+00:00\",\"dateModified\":\"2022-10-03T19:14:31+00:00\",\"mainEntityOfPage\":{\"@id\":\"https:\\\/\\\/www.amanien.info\\\/news\\\/concours-plume-anti-tabac-christelle-kouame-de-radio-abobo-rafle-le-super-prix\\\/\"},\"wordCount\":368,\"image\":{\"@id\":\"https:\\\/\\\/www.amanien.info\\\/news\\\/concours-plume-anti-tabac-christelle-kouame-de-radio-abobo-rafle-le-super-prix\\\/#primaryimage\"},\"thumbnailUrl\":\"https:\\\/\\\/www.amanien.info\\\/news\\\/wp-content\\\/uploads\\\/2022\\\/10\\\/thumbnail-2.jpg\",\"inLanguage\":\"fr-FR\"},{\"@type\":\"WebPage\",\"@id\":\"https:\\\/\\\/www.amanien.info\\\/news\\\/concours-plume-anti-tabac-christelle-kouame-de-radio-abobo-rafle-le-super-prix\\\/\",\"url\":\"https:\\\/\\\/www.amanien.info\\\/news\\\/concours-plume-anti-tabac-christelle-kouame-de-radio-abobo-rafle-le-super-prix\\\/\",\"name\":\"Concours \\\"Plume Anti-tabac\\\" : Christelle Kouam\u00e9 de Radio Abobo rafle le super Prix - Amanien| L&#039;actualit\u00e9 Ivoirienne et Internationale\",\"isPartOf\":{\"@id\":\"https:\\\/\\\/www.amanien.info\\\/news\\\/#website\"},\"primaryImageOfPage\":{\"@id\":\"https:\\\/\\\/www.amanien.info\\\/news\\\/concours-plume-anti-tabac-christelle-kouame-de-radio-abobo-rafle-le-super-prix\\\/#primaryimage\"},\"image\":{\"@id\":\"https:\\\/\\\/www.amanien.info\\\/news\\\/concours-plume-anti-tabac-christelle-kouame-de-radio-abobo-rafle-le-super-prix\\\/#primaryimage\"},\"thumbnailUrl\":\"https:\\\/\\\/www.amanien.info\\\/news\\\/wp-content\\\/uploads\\\/2022\\\/10\\\/thumbnail-2.jpg\",\"datePublished\":\"2022-10-03T19:14:04+00:00\",\"dateModified\":\"2022-10-03T19:14:31+00:00\",\"author\":{\"@id\":\"https:\\\/\\\/www.amanien.info\\\/news\\\/#\\\/schema\\\/person\\\/b21093345753a1a98242d505bd894f42\"},\"breadcrumb\":{\"@id\":\"https:\\\/\\\/www.amanien.info\\\/news\\\/concours-plume-anti-tabac-christelle-kouame-de-radio-abobo-rafle-le-super-prix\\\/#breadcrumb\"},\"inLanguage\":\"fr-FR\",\"potentialAction\":[{\"@type\":\"ReadAction\",\"target\":[\"https:\\\/\\\/www.amanien.info\\\/news\\\/concours-plume-anti-tabac-christelle-kouame-de-radio-abobo-rafle-le-super-prix\\\/\"]}]},{\"@type\":\"ImageObject\",\"inLanguage\":\"fr-FR\",\"@id\":\"https:\\\/\\\/www.amanien.info\\\/news\\\/concours-plume-anti-tabac-christelle-kouame-de-radio-abobo-rafle-le-super-prix\\\/#primaryimage\",\"url\":\"https:\\\/\\\/www.amanien.info\\\/news\\\/wp-content\\\/uploads\\\/2022\\\/10\\\/thumbnail-2.jpg\",\"contentUrl\":\"https:\\\/\\\/www.amanien.info\\\/news\\\/wp-content\\\/uploads\\\/2022\\\/10\\\/thumbnail-2.jpg\",\"width\":1024,\"height\":460},{\"@type\":\"BreadcrumbList\",\"@id\":\"https:\\\/\\\/www.amanien.info\\\/news\\\/concours-plume-anti-tabac-christelle-kouame-de-radio-abobo-rafle-le-super-prix\\\/#breadcrumb\",\"itemListElement\":[{\"@type\":\"ListItem\",\"position\":1,\"name\":\"Accueil\",\"item\":\"https:\\\/\\\/www.amanien.info\\\/news\\\/\"},{\"@type\":\"ListItem\",\"position\":2,\"name\":\"Concours \u00ab\u00a0Plume Anti-tabac\u00a0\u00bb : Christelle Kouam\u00e9 de Radio Abobo rafle le super Prix\"}]},{\"@type\":\"WebSite\",\"@id\":\"https:\\\/\\\/www.amanien.info\\\/news\\\/#website\",\"url\":\"https:\\\/\\\/www.amanien.info\\\/news\\\/\",\"name\":\"Amanien| L&#039;actualit\u00e9 Ivoirienne et Internationale\",\"description\":\"L&#039;actualit\u00e9 Ivoirienne et Internationale\",\"potentialAction\":[{\"@type\":\"SearchAction\",\"target\":{\"@type\":\"EntryPoint\",\"urlTemplate\":\"https:\\\/\\\/www.amanien.info\\\/news\\\/?s={search_term_string}\"},\"query-input\":{\"@type\":\"PropertyValueSpecification\",\"valueRequired\":true,\"valueName\":\"search_term_string\"}}],\"inLanguage\":\"fr-FR\"},{\"@type\":\"Person\",\"@id\":\"https:\\\/\\\/www.amanien.info\\\/news\\\/#\\\/schema\\\/person\\\/b21093345753a1a98242d505bd894f42\",\"name\":\"Germain Ndri\",\"url\":\"https:\\\/\\\/www.amanien.info\\\/news\\\/author\\\/amanien-infos\\\/\"}]}<\/script>\n<!-- \/ Yoast SEO plugin. -->","yoast_head_json":{"title":"Concours \"Plume Anti-tabac\" : Christelle Kouam\u00e9 de Radio Abobo rafle le super Prix - Amanien| L&#039;actualit\u00e9 Ivoirienne et Internationale","robots":{"index":"index","follow":"follow","max-snippet":"max-snippet:-1","max-image-preview":"max-image-preview:large","max-video-preview":"max-video-preview:-1"},"canonical":"https:\/\/www.amanien.info\/news\/concours-plume-anti-tabac-christelle-kouame-de-radio-abobo-rafle-le-super-prix\/","og_locale":"fr_FR","og_type":"article","og_title":"Concours \"Plume Anti-tabac\" : Christelle Kouam\u00e9 de Radio Abobo rafle le super Prix - Amanien| L&#039;actualit\u00e9 Ivoirienne et Internationale","og_description":"Les lampions se sont \u00e9teints sur la deuxi\u00e8me \u00e9dition du concours \u00a0\u00bbLa Plume Anti-tabac 2022\u00a0\u00bb, ce vendredi 30 septembre 2022, \u00e0 Abidjan-Plateau. Christelle Kouam\u00e9, Journaliste \u00e0 Radio Abobo a remport\u00e9 le Super Prix parrain\u00e9 par le Ministre de la Sant\u00e9, de l&rsquo;Hygi\u00e8ne Publique et de la Couverture Maladie Universelle, Pierre Dimba. Avec son dossier r [&hellip;]","og_url":"https:\/\/www.amanien.info\/news\/concours-plume-anti-tabac-christelle-kouame-de-radio-abobo-rafle-le-super-prix\/","og_site_name":"Amanien| L&#039;actualit\u00e9 Ivoirienne et Internationale","article_published_time":"2022-10-03T19:14:04+00:00","article_modified_time":"2022-10-03T19:14:31+00:00","og_image":[{"width":1024,"height":460,"url":"https:\/\/www.amanien.info\/news\/wp-content\/uploads\/2022\/10\/thumbnail-2.jpg","type":"image\/jpeg"}],"author":"Germain Ndri","twitter_card":"summary_large_image","twitter_misc":{"\u00c9crit par":"Germain Ndri","Dur\u00e9e de lecture estim\u00e9e":"2 minutes"},"schema":{"@context":"https:\/\/schema.org","@graph":[{"@type":"Article","@id":"https:\/\/www.amanien.info\/news\/concours-plume-anti-tabac-christelle-kouame-de-radio-abobo-rafle-le-super-prix\/#article","isPartOf":{"@id":"https:\/\/www.amanien.info\/news\/concours-plume-anti-tabac-christelle-kouame-de-radio-abobo-rafle-le-super-prix\/"},"author":{"name":"Germain Ndri","@id":"https:\/\/www.amanien.info\/news\/#\/schema\/person\/b21093345753a1a98242d505bd894f42"},"headline":"Concours \u00ab\u00a0Plume Anti-tabac\u00a0\u00bb : Christelle Kouam\u00e9 de Radio Abobo rafle le super Prix","datePublished":"2022-10-03T19:14:04+00:00","dateModified":"2022-10-03T19:14:31+00:00","mainEntityOfPage":{"@id":"https:\/\/www.amanien.info\/news\/concours-plume-anti-tabac-christelle-kouame-de-radio-abobo-rafle-le-super-prix\/"},"wordCount":368,"image":{"@id":"https:\/\/www.amanien.info\/news\/concours-plume-anti-tabac-christelle-kouame-de-radio-abobo-rafle-le-super-prix\/#primaryimage"},"thumbnailUrl":"https:\/\/www.amanien.info\/news\/wp-content\/uploads\/2022\/10\/thumbnail-2.jpg","inLanguage":"fr-FR"},{"@type":"WebPage","@id":"https:\/\/www.amanien.info\/news\/concours-plume-anti-tabac-christelle-kouame-de-radio-abobo-rafle-le-super-prix\/","url":"https:\/\/www.amanien.info\/news\/concours-plume-anti-tabac-christelle-kouame-de-radio-abobo-rafle-le-super-prix\/","name":"Concours \"Plume Anti-tabac\" : Christelle Kouam\u00e9 de Radio Abobo rafle le super Prix - Amanien| L&#039;actualit\u00e9 Ivoirienne et Internationale","isPartOf":{"@id":"https:\/\/www.amanien.info\/news\/#website"},"primaryImageOfPage":{"@id":"https:\/\/www.amanien.info\/news\/concours-plume-anti-tabac-christelle-kouame-de-radio-abobo-rafle-le-super-prix\/#primaryimage"},"image":{"@id":"https:\/\/www.amanien.info\/news\/concours-plume-anti-tabac-christelle-kouame-de-radio-abobo-rafle-le-super-prix\/#primaryimage"},"thumbnailUrl":"https:\/\/www.amanien.info\/news\/wp-content\/uploads\/2022\/10\/thumbnail-2.jpg","datePublished":"2022-10-03T19:14:04+00:00","dateModified":"2022-10-03T19:14:31+00:00","author":{"@id":"https:\/\/www.amanien.info\/news\/#\/schema\/person\/b21093345753a1a98242d505bd894f42"},"breadcrumb":{"@id":"https:\/\/www.amanien.info\/news\/concours-plume-anti-tabac-christelle-kouame-de-radio-abobo-rafle-le-super-prix\/#breadcrumb"},"inLanguage":"fr-FR","potentialAction":[{"@type":"ReadAction","target":["https:\/\/www.amanien.info\/news\/concours-plume-anti-tabac-christelle-kouame-de-radio-abobo-rafle-le-super-prix\/"]}]},{"@type":"ImageObject","inLanguage":"fr-FR","@id":"https:\/\/www.amanien.info\/news\/concours-plume-anti-tabac-christelle-kouame-de-radio-abobo-rafle-le-super-prix\/#primaryimage","url":"https:\/\/www.amanien.info\/news\/wp-content\/uploads\/2022\/10\/thumbnail-2.jpg","contentUrl":"https:\/\/www.amanien.info\/news\/wp-content\/uploads\/2022\/10\/thumbnail-2.jpg","width":1024,"height":460},{"@type":"BreadcrumbList","@id":"https:\/\/www.amanien.info\/news\/concours-plume-anti-tabac-christelle-kouame-de-radio-abobo-rafle-le-super-prix\/#breadcrumb","itemListElement":[{"@type":"ListItem","position":1,"name":"Accueil","item":"https:\/\/www.amanien.info\/news\/"},{"@type":"ListItem","position":2,"name":"Concours \u00ab\u00a0Plume Anti-tabac\u00a0\u00bb : Christelle Kouam\u00e9 de Radio Abobo rafle le super Prix"}]},{"@type":"WebSite","@id":"https:\/\/www.amanien.info\/news\/#website","url":"https:\/\/www.amanien.info\/news\/","name":"Amanien| L&#039;actualit\u00e9 Ivoirienne et Internationale","description":"L&#039;actualit\u00e9 Ivoirienne et Internationale","potentialAction":[{"@type":"SearchAction","target":{"@type":"EntryPoint","urlTemplate":"https:\/\/www.amanien.info\/news\/?s={search_term_string}"},"query-input":{"@type":"PropertyValueSpecification","valueRequired":true,"valueName":"search_term_string"}}],"inLanguage":"fr-FR"},{"@type":"Person","@id":"https:\/\/www.amanien.info\/news\/#\/schema\/person\/b21093345753a1a98242d505bd894f42","name":"Germain Ndri","url":"https:\/\/www.amanien.info\/news\/author\/amanien-infos\/"}]}},"_links":{"self":[{"href":"https:\/\/www.amanien.info\/news\/wp-json\/wp\/v2\/posts\/3883","targetHints":{"allow":["GET"]}}],"collection":[{"href":"https:\/\/www.amanien.info\/news\/wp-json\/wp\/v2\/posts"}],"about":[{"href":"https:\/\/www.amanien.info\/news\/wp-json\/wp\/v2\/types\/post"}],"author":[{"embeddable":true,"href":"https:\/\/www.amanien.info\/news\/wp-json\/wp\/v2\/users\/2"}],"replies":[{"embeddable":true,"href":"https:\/\/www.amanien.info\/news\/wp-json\/wp\/v2\/comments?post=3883"}],"version-history":[{"count":1,"href":"https:\/\/www.amanien.info\/news\/wp-json\/wp\/v2\/posts\/3883\/revisions"}],"predecessor-version":[{"id":3885,"href":"https:\/\/www.amanien.info\/news\/wp-json\/wp\/v2\/posts\/3883\/revisions\/3885"}],"wp:featuredmedia":[{"embeddable":true,"href":"https:\/\/www.amanien.info\/news\/wp-json\/wp\/v2\/media\/3884"}],"wp:attachment":[{"href":"https:\/\/www.amanien.info\/news\/wp-json\/wp\/v2\/media?parent=3883"}],"wp:term":[{"taxonomy":"category","embeddable":true,"href":"https:\/\/www.amanien.info\/news\/wp-json\/wp\/v2\/categories?post=3883"},{"taxonomy":"post_tag","embeddable":true,"href":"https:\/\/www.amanien.info\/news\/wp-json\/wp\/v2\/tags?post=3883"}],"curies":[{"name":"wp","href":"https:\/\/api.w.org\/{rel}","templated":true}]}}