{"id":3880,"date":"2022-10-03T19:11:41","date_gmt":"2022-10-03T19:11:41","guid":{"rendered":"https:\/\/www.https:\/\/zozo.buyee.jp\/\/news\/?p=3880"},"modified":"2022-10-03T19:12:08","modified_gmt":"2022-10-03T19:12:08","slug":"la-1ere-edition-du-sommet-panafricain-du-theatre-et-du-7eme-artsomart-se-tiendra-du-24-au-26-octobre-prochain-a-yamoussoukro","status":"publish","type":"post","link":"https:\/\/www.amanien.info\/news\/la-1ere-edition-du-sommet-panafricain-du-theatre-et-du-7eme-artsomart-se-tiendra-du-24-au-26-octobre-prochain-a-yamoussoukro\/","title":{"rendered":"La 1\u00e8re \u00e9dition du Sommet panafricain du th\u00e9\u00e2tre et du 7\u00e8me art(SOM&rsquo;ART) se tiendra du 24 au 26 octobre prochain \u00e0 Yamoussoukro"},"content":{"rendered":"<div><b>\u00ab\u00a0Les m\u00e9tiers d&rsquo;arts et d&rsquo;audiovisuel, un secteur d&rsquo;espoir pour les jeunes : \u00e9tat des lieux et perspectives\u00a0\u00bb.\u00a0 <\/b>Tel est le th\u00e8me principal de la premi\u00e8re \u00e9dition du Sommet panafricain du th\u00e9\u00e2tre et du 7\u00e8me art(Som&rsquo;art) qui se d\u00e9roulera les 24, 25 et 26 octobre 2022, dans la ville aux ca\u00efmans, Yamoussoukro, pr\u00e9cis\u00e9ment \u00e0 la Fondation FHB.<\/div>\n<div><\/div>\n<div>L&rsquo; annonce a \u00e9t\u00e9 faite par la Pr\u00e9sidente du Comit\u00e9 d&rsquo;Organisation(PCO) du Som&rsquo;art, Mme A\u00efcha Toudonou, lors d&rsquo;une conf\u00e9rence de presse, qu&rsquo;elle a anim\u00e9e, ce vendredi 30 septembre 2022,\u00a0 \u00e0 Cocody, (salle Majestic SOCOCE).<\/div>\n<div><\/div>\n<div><\/div>\n<div>L&rsquo;objectif du Som&rsquo;art est, selon la PCO, d&rsquo;impliquer les jeunes femmes et hommes dans la recherche des strat\u00e9gies de d\u00e9veloppement pour mener \u00e0 bien l&rsquo;expansion et la promotion du th\u00e9\u00e2tre et du cin\u00e9ma en C\u00f4te d&rsquo;Ivoire ainsi qu&rsquo;\u00e0 l&rsquo;international et faciliter leur insertion professionnelle.<\/div>\n<div><\/div>\n<div><\/div>\n<div>A\u00efcha Toudonou a donn\u00e9 les grandes articulations de ce sommet, qui enregistrera la pr\u00e9sence de 1000 participants ( personnalit\u00e9s \u00e9tatiques, sommit\u00e9s institutions, acteurs de d\u00e9veloppement de l&rsquo;industrie des m\u00e9tiers de l&rsquo;art, entreprises exer\u00e7ant dans le domaine de la culture ainsi que les jeunes). &lt;&lt;<i>Dans le cadre de ce sommet, il y aura des panels ax\u00e9s sur le partage de savoir-faire de bonnes pratiques et des \u00e9tudes de cas (r\u00e9alisation, distribution, diffusion et recherche de financement), des conf\u00e9rences pour soutenir des projets futurs et des jeunes talents. Des rencontres face \u00e0 face et de coaching entre professionnels et les jeunes porteurs de projets, et les partenaires potentiels susceptibles de financer et de distribuer ces contenus en devenir afin de perfectionner leur connaissance\u00a0\u00bb <\/i>a indiqu\u00e9 la Pr\u00e9sidente du R\u00e9seau des jeunes cin\u00e9astes actifs d&rsquo;Afrique, A\u00efcha Toudonou.<\/div>\n<div><\/div>\n<div><\/div>\n<div>Le Som&rsquo;art sera \u00e9galement meubl\u00e9 par des Master Class, un d\u00eener gala, la vente aux ench\u00e8res et la remise de certificats de participation aux participants.<\/div>\n<div><\/div>\n<div>Le Minist\u00e8re de tutelle, les experts nationaux, les acteurs, com\u00e9diens, r\u00e9alisateurs, producteurs nationaux et internationaux, les ONG, feront tous, \u00e0 cette occasion, l&rsquo;\u00e9tat des lieux et apporteront des solutions prometteuses li\u00e9es au d\u00e9veloppement de l&rsquo;industrie cin\u00e9matographique en C\u00f4te d&rsquo;Ivoire. Ce, devant plus de 500 jeunes.<\/div>\n<div><\/div>\n<div>Le Som&rsquo;art vise \u00e9galement \u00e0 c\u00e9l\u00e9brer et valoriser les acteurs du cin\u00e9ma et du th\u00e9\u00e2tre, cr\u00e9er de club cin\u00e9 dans les \u00e9tablissements scolaires et de contenus m\u00e9diatiques d\u00e9di\u00e9s au th\u00e9\u00e2tre et au cin\u00e9ma, mettre en place un syst\u00e8me de p\u00e9rennisation des acquis dans le domaine du cin\u00e9ma et du th\u00e9\u00e2tre africain, proposer des activit\u00e9s \u00e9ducatives et faire former 50 jeunes dont 25 femmes et 25 hommes afin de favoriser leur insertion professionnelle, offrir des opportunit\u00e9s de stage, de voyage aux jeunes engag\u00e9s, dynamiques et innovateurs.<\/div>\n<div><\/div>\n<div><\/div>\n<div>Dans son intervention, le parrain et D\u00e9put\u00e9 de Daloa, l&rsquo;Honorable Amaral Fofana s&rsquo;est appesanti sur la formation des jeunes dans ce domaine qu&rsquo;est le cin\u00e9ma. <i>&lt;&lt;Pour que ce secteur puisse avancer, il faut qu&rsquo;il y ait des formations. Que ce sommet mette l&rsquo;accent sur la formation&gt;&gt;<\/i>\u00a0a-t-il exhort\u00e9, appelant \u00e0 l&rsquo;am\u00e9lioration de la promotion du cin\u00e9ma.<\/div>\n<div><\/div>\n<div>Aussi le D\u00e9put\u00e9 de Daloa Commune et Sous-pr\u00e9fectures entend-il accompagner toutes les opportunit\u00e9s et initiatives qui, affirme-t-il, \u00ab\u00a0vont permettre \u00e0 ce que les jeunes cin\u00e9astes puissent s&rsquo;exprimer\u00a0\u00bb.<\/div>\n<div><\/div>\n<div>Non sans manquer d&rsquo;inviter tous les jeunes amoureux du cin\u00e9ma \u00e0 prendre part \u00e0 ce sommet.<\/div>\n<div><\/div>\n<div>Il a, par ailleurs, r\u00e9it\u00e9r\u00e9 ses remerciements \u00e0 l&rsquo;\u00e9quipe de l&rsquo;AVSD( Association des B\u00e9n\u00e9voles pour le d\u00e9veloppement Social) pour cette initiative qui est, selon lui, \u00e0 encourager.<\/div>\n<div><\/div>\n<div><\/div>\n<div>Organis\u00e9 par l&rsquo;AVSD, une association de jeunes cin\u00e9astes innovateurs, dynamiques et engag\u00e9s , en partenariat avec la soci\u00e9t\u00e9 de Distribution Internationale des Films et Fictions d&rsquo;Afrique (DIFFA), le Sommet panafricain du th\u00e9\u00e2tre et du 7\u00e8 Art est une plateforme d&rsquo;interaction entre professionnels et amateurs du monde de la culture.<\/div>\n<div><\/div>\n<div><\/div>\n<div><b>Sunday ALAIN<\/b><\/div>\n<div><b>\u00a0<\/b><\/div>\n<div><b>\u00a0<\/b><\/div>\n<div><\/div>\n","protected":false},"excerpt":{"rendered":"<p>\u00ab\u00a0Les m\u00e9tiers d&rsquo;arts et d&rsquo;audiovisuel, un secteur d&rsquo;espoir pour les jeunes : \u00e9tat des lieux et perspectives\u00a0\u00bb.\u00a0 Tel est le th\u00e8me principal de la premi\u00e8re \u00e9dition du Sommet panafricain du th\u00e9\u00e2tre et du 7\u00e8me art(Som&rsquo;art) qui se d\u00e9roulera les 24, 25 et 26 octobre 2022, dans la ville aux ca\u00efmans, Yamoussoukro, pr\u00e9cis\u00e9ment \u00e0 la Fondation [&hellip;]<\/p>\n","protected":false},"author":2,"featured_media":3881,"comment_status":"closed","ping_status":"closed","sticky":true,"template":"","format":"standard","meta":{"_acf_changed":false,"footnotes":""},"categories":[],"tags":[],"class_list":["post-3880","post","type-post","status-publish","format-standard","has-post-thumbnail","hentry"],"acf":[],"yoast_head":"<!-- This site is optimized with the Yoast SEO plugin v27.5 - https:\/\/yoast.com\/product\/yoast-seo-wordpress\/ -->\n<title>La 1\u00e8re \u00e9dition du Sommet panafricain du th\u00e9\u00e2tre et du 7\u00e8me art(SOM&#039;ART) se tiendra du 24 au 26 octobre prochain \u00e0 Yamoussoukro - Amanien| L&#039;actualit\u00e9 Ivoirienne et Internationale<\/title>\n<meta name=\"robots\" content=\"index, follow, max-snippet:-1, max-image-preview:large, max-video-preview:-1\" \/>\n<link rel=\"canonical\" href=\"https:\/\/www.amanien.info\/news\/la-1ere-edition-du-sommet-panafricain-du-theatre-et-du-7eme-artsomart-se-tiendra-du-24-au-26-octobre-prochain-a-yamoussoukro\/\" \/>\n<meta property=\"og:locale\" content=\"fr_FR\" \/>\n<meta property=\"og:type\" content=\"article\" \/>\n<meta property=\"og:title\" content=\"La 1\u00e8re \u00e9dition du Sommet panafricain du th\u00e9\u00e2tre et du 7\u00e8me art(SOM&#039;ART) se tiendra du 24 au 26 octobre prochain \u00e0 Yamoussoukro - Amanien| L&#039;actualit\u00e9 Ivoirienne et Internationale\" \/>\n<meta property=\"og:description\" content=\"\u00ab\u00a0Les m\u00e9tiers d&rsquo;arts et d&rsquo;audiovisuel, un secteur d&rsquo;espoir pour les jeunes : \u00e9tat des lieux et perspectives\u00a0\u00bb.\u00a0 Tel est le th\u00e8me principal de la premi\u00e8re \u00e9dition du Sommet panafricain du th\u00e9\u00e2tre et du 7\u00e8me art(Som&rsquo;art) qui se d\u00e9roulera les 24, 25 et 26 octobre 2022, dans la ville aux ca\u00efmans, Yamoussoukro, pr\u00e9cis\u00e9ment \u00e0 la Fondation [&hellip;]\" \/>\n<meta property=\"og:url\" content=\"https:\/\/www.amanien.info\/news\/la-1ere-edition-du-sommet-panafricain-du-theatre-et-du-7eme-artsomart-se-tiendra-du-24-au-26-octobre-prochain-a-yamoussoukro\/\" \/>\n<meta property=\"og:site_name\" content=\"Amanien| L&#039;actualit\u00e9 Ivoirienne et Internationale\" \/>\n<meta property=\"article:published_time\" content=\"2022-10-03T19:11:41+00:00\" \/>\n<meta property=\"article:modified_time\" content=\"2022-10-03T19:12:08+00:00\" \/>\n<meta property=\"og:image\" content=\"https:\/\/www.amanien.info\/news\/wp-content\/uploads\/2022\/10\/thumbnail-1.jpg\" \/>\n\t<meta property=\"og:image:width\" content=\"960\" \/>\n\t<meta property=\"og:image:height\" content=\"540\" \/>\n\t<meta property=\"og:image:type\" content=\"image\/jpeg\" \/>\n<meta name=\"author\" content=\"Germain Ndri\" \/>\n<meta name=\"twitter:card\" content=\"summary_large_image\" \/>\n<meta name=\"twitter:label1\" content=\"\u00c9crit par\" \/>\n\t<meta name=\"twitter:data1\" content=\"Germain Ndri\" \/>\n\t<meta name=\"twitter:label2\" content=\"Dur\u00e9e de lecture estim\u00e9e\" \/>\n\t<meta name=\"twitter:data2\" content=\"4 minutes\" \/>\n<script type=\"application\/ld+json\" class=\"yoast-schema-graph\">{\"@context\":\"https:\\\/\\\/schema.org\",\"@graph\":[{\"@type\":\"Article\",\"@id\":\"https:\\\/\\\/www.amanien.info\\\/news\\\/la-1ere-edition-du-sommet-panafricain-du-theatre-et-du-7eme-artsomart-se-tiendra-du-24-au-26-octobre-prochain-a-yamoussoukro\\\/#article\",\"isPartOf\":{\"@id\":\"https:\\\/\\\/www.amanien.info\\\/news\\\/la-1ere-edition-du-sommet-panafricain-du-theatre-et-du-7eme-artsomart-se-tiendra-du-24-au-26-octobre-prochain-a-yamoussoukro\\\/\"},\"author\":{\"name\":\"Germain Ndri\",\"@id\":\"https:\\\/\\\/www.amanien.info\\\/news\\\/#\\\/schema\\\/person\\\/b21093345753a1a98242d505bd894f42\"},\"headline\":\"La 1\u00e8re \u00e9dition du Sommet panafricain du th\u00e9\u00e2tre et du 7\u00e8me art(SOM&rsquo;ART) se tiendra du 24 au 26 octobre prochain \u00e0 Yamoussoukro\",\"datePublished\":\"2022-10-03T19:11:41+00:00\",\"dateModified\":\"2022-10-03T19:12:08+00:00\",\"mainEntityOfPage\":{\"@id\":\"https:\\\/\\\/www.amanien.info\\\/news\\\/la-1ere-edition-du-sommet-panafricain-du-theatre-et-du-7eme-artsomart-se-tiendra-du-24-au-26-octobre-prochain-a-yamoussoukro\\\/\"},\"wordCount\":713,\"image\":{\"@id\":\"https:\\\/\\\/www.amanien.info\\\/news\\\/la-1ere-edition-du-sommet-panafricain-du-theatre-et-du-7eme-artsomart-se-tiendra-du-24-au-26-octobre-prochain-a-yamoussoukro\\\/#primaryimage\"},\"thumbnailUrl\":\"https:\\\/\\\/www.amanien.info\\\/news\\\/wp-content\\\/uploads\\\/2022\\\/10\\\/thumbnail-1.jpg\",\"inLanguage\":\"fr-FR\"},{\"@type\":\"WebPage\",\"@id\":\"https:\\\/\\\/www.amanien.info\\\/news\\\/la-1ere-edition-du-sommet-panafricain-du-theatre-et-du-7eme-artsomart-se-tiendra-du-24-au-26-octobre-prochain-a-yamoussoukro\\\/\",\"url\":\"https:\\\/\\\/www.amanien.info\\\/news\\\/la-1ere-edition-du-sommet-panafricain-du-theatre-et-du-7eme-artsomart-se-tiendra-du-24-au-26-octobre-prochain-a-yamoussoukro\\\/\",\"name\":\"La 1\u00e8re \u00e9dition du Sommet panafricain du th\u00e9\u00e2tre et du 7\u00e8me art(SOM'ART) se tiendra du 24 au 26 octobre prochain \u00e0 Yamoussoukro - Amanien| L&#039;actualit\u00e9 Ivoirienne et Internationale\",\"isPartOf\":{\"@id\":\"https:\\\/\\\/www.amanien.info\\\/news\\\/#website\"},\"primaryImageOfPage\":{\"@id\":\"https:\\\/\\\/www.amanien.info\\\/news\\\/la-1ere-edition-du-sommet-panafricain-du-theatre-et-du-7eme-artsomart-se-tiendra-du-24-au-26-octobre-prochain-a-yamoussoukro\\\/#primaryimage\"},\"image\":{\"@id\":\"https:\\\/\\\/www.amanien.info\\\/news\\\/la-1ere-edition-du-sommet-panafricain-du-theatre-et-du-7eme-artsomart-se-tiendra-du-24-au-26-octobre-prochain-a-yamoussoukro\\\/#primaryimage\"},\"thumbnailUrl\":\"https:\\\/\\\/www.amanien.info\\\/news\\\/wp-content\\\/uploads\\\/2022\\\/10\\\/thumbnail-1.jpg\",\"datePublished\":\"2022-10-03T19:11:41+00:00\",\"dateModified\":\"2022-10-03T19:12:08+00:00\",\"author\":{\"@id\":\"https:\\\/\\\/www.amanien.info\\\/news\\\/#\\\/schema\\\/person\\\/b21093345753a1a98242d505bd894f42\"},\"breadcrumb\":{\"@id\":\"https:\\\/\\\/www.amanien.info\\\/news\\\/la-1ere-edition-du-sommet-panafricain-du-theatre-et-du-7eme-artsomart-se-tiendra-du-24-au-26-octobre-prochain-a-yamoussoukro\\\/#breadcrumb\"},\"inLanguage\":\"fr-FR\",\"potentialAction\":[{\"@type\":\"ReadAction\",\"target\":[\"https:\\\/\\\/www.amanien.info\\\/news\\\/la-1ere-edition-du-sommet-panafricain-du-theatre-et-du-7eme-artsomart-se-tiendra-du-24-au-26-octobre-prochain-a-yamoussoukro\\\/\"]}]},{\"@type\":\"ImageObject\",\"inLanguage\":\"fr-FR\",\"@id\":\"https:\\\/\\\/www.amanien.info\\\/news\\\/la-1ere-edition-du-sommet-panafricain-du-theatre-et-du-7eme-artsomart-se-tiendra-du-24-au-26-octobre-prochain-a-yamoussoukro\\\/#primaryimage\",\"url\":\"https:\\\/\\\/www.amanien.info\\\/news\\\/wp-content\\\/uploads\\\/2022\\\/10\\\/thumbnail-1.jpg\",\"contentUrl\":\"https:\\\/\\\/www.amanien.info\\\/news\\\/wp-content\\\/uploads\\\/2022\\\/10\\\/thumbnail-1.jpg\",\"width\":960,\"height\":540},{\"@type\":\"BreadcrumbList\",\"@id\":\"https:\\\/\\\/www.amanien.info\\\/news\\\/la-1ere-edition-du-sommet-panafricain-du-theatre-et-du-7eme-artsomart-se-tiendra-du-24-au-26-octobre-prochain-a-yamoussoukro\\\/#breadcrumb\",\"itemListElement\":[{\"@type\":\"ListItem\",\"position\":1,\"name\":\"Accueil\",\"item\":\"https:\\\/\\\/www.amanien.info\\\/news\\\/\"},{\"@type\":\"ListItem\",\"position\":2,\"name\":\"La 1\u00e8re \u00e9dition du Sommet panafricain du th\u00e9\u00e2tre et du 7\u00e8me art(SOM&rsquo;ART) se tiendra du 24 au 26 octobre prochain \u00e0 Yamoussoukro\"}]},{\"@type\":\"WebSite\",\"@id\":\"https:\\\/\\\/www.amanien.info\\\/news\\\/#website\",\"url\":\"https:\\\/\\\/www.amanien.info\\\/news\\\/\",\"name\":\"Amanien| L&#039;actualit\u00e9 Ivoirienne et Internationale\",\"description\":\"L&#039;actualit\u00e9 Ivoirienne et Internationale\",\"potentialAction\":[{\"@type\":\"SearchAction\",\"target\":{\"@type\":\"EntryPoint\",\"urlTemplate\":\"https:\\\/\\\/www.amanien.info\\\/news\\\/?s={search_term_string}\"},\"query-input\":{\"@type\":\"PropertyValueSpecification\",\"valueRequired\":true,\"valueName\":\"search_term_string\"}}],\"inLanguage\":\"fr-FR\"},{\"@type\":\"Person\",\"@id\":\"https:\\\/\\\/www.amanien.info\\\/news\\\/#\\\/schema\\\/person\\\/b21093345753a1a98242d505bd894f42\",\"name\":\"Germain Ndri\",\"url\":\"https:\\\/\\\/www.amanien.info\\\/news\\\/author\\\/amanien-infos\\\/\"}]}<\/script>\n<!-- \/ Yoast SEO plugin. -->","yoast_head_json":{"title":"La 1\u00e8re \u00e9dition du Sommet panafricain du th\u00e9\u00e2tre et du 7\u00e8me art(SOM'ART) se tiendra du 24 au 26 octobre prochain \u00e0 Yamoussoukro - Amanien| L&#039;actualit\u00e9 Ivoirienne et Internationale","robots":{"index":"index","follow":"follow","max-snippet":"max-snippet:-1","max-image-preview":"max-image-preview:large","max-video-preview":"max-video-preview:-1"},"canonical":"https:\/\/www.amanien.info\/news\/la-1ere-edition-du-sommet-panafricain-du-theatre-et-du-7eme-artsomart-se-tiendra-du-24-au-26-octobre-prochain-a-yamoussoukro\/","og_locale":"fr_FR","og_type":"article","og_title":"La 1\u00e8re \u00e9dition du Sommet panafricain du th\u00e9\u00e2tre et du 7\u00e8me art(SOM'ART) se tiendra du 24 au 26 octobre prochain \u00e0 Yamoussoukro - Amanien| L&#039;actualit\u00e9 Ivoirienne et Internationale","og_description":"\u00ab\u00a0Les m\u00e9tiers d&rsquo;arts et d&rsquo;audiovisuel, un secteur d&rsquo;espoir pour les jeunes : \u00e9tat des lieux et perspectives\u00a0\u00bb.\u00a0 Tel est le th\u00e8me principal de la premi\u00e8re \u00e9dition du Sommet panafricain du th\u00e9\u00e2tre et du 7\u00e8me art(Som&rsquo;art) qui se d\u00e9roulera les 24, 25 et 26 octobre 2022, dans la ville aux ca\u00efmans, Yamoussoukro, pr\u00e9cis\u00e9ment \u00e0 la Fondation [&hellip;]","og_url":"https:\/\/www.amanien.info\/news\/la-1ere-edition-du-sommet-panafricain-du-theatre-et-du-7eme-artsomart-se-tiendra-du-24-au-26-octobre-prochain-a-yamoussoukro\/","og_site_name":"Amanien| L&#039;actualit\u00e9 Ivoirienne et Internationale","article_published_time":"2022-10-03T19:11:41+00:00","article_modified_time":"2022-10-03T19:12:08+00:00","og_image":[{"width":960,"height":540,"url":"https:\/\/www.amanien.info\/news\/wp-content\/uploads\/2022\/10\/thumbnail-1.jpg","type":"image\/jpeg"}],"author":"Germain Ndri","twitter_card":"summary_large_image","twitter_misc":{"\u00c9crit par":"Germain Ndri","Dur\u00e9e de lecture estim\u00e9e":"4 minutes"},"schema":{"@context":"https:\/\/schema.org","@graph":[{"@type":"Article","@id":"https:\/\/www.amanien.info\/news\/la-1ere-edition-du-sommet-panafricain-du-theatre-et-du-7eme-artsomart-se-tiendra-du-24-au-26-octobre-prochain-a-yamoussoukro\/#article","isPartOf":{"@id":"https:\/\/www.amanien.info\/news\/la-1ere-edition-du-sommet-panafricain-du-theatre-et-du-7eme-artsomart-se-tiendra-du-24-au-26-octobre-prochain-a-yamoussoukro\/"},"author":{"name":"Germain Ndri","@id":"https:\/\/www.amanien.info\/news\/#\/schema\/person\/b21093345753a1a98242d505bd894f42"},"headline":"La 1\u00e8re \u00e9dition du Sommet panafricain du th\u00e9\u00e2tre et du 7\u00e8me art(SOM&rsquo;ART) se tiendra du 24 au 26 octobre prochain \u00e0 Yamoussoukro","datePublished":"2022-10-03T19:11:41+00:00","dateModified":"2022-10-03T19:12:08+00:00","mainEntityOfPage":{"@id":"https:\/\/www.amanien.info\/news\/la-1ere-edition-du-sommet-panafricain-du-theatre-et-du-7eme-artsomart-se-tiendra-du-24-au-26-octobre-prochain-a-yamoussoukro\/"},"wordCount":713,"image":{"@id":"https:\/\/www.amanien.info\/news\/la-1ere-edition-du-sommet-panafricain-du-theatre-et-du-7eme-artsomart-se-tiendra-du-24-au-26-octobre-prochain-a-yamoussoukro\/#primaryimage"},"thumbnailUrl":"https:\/\/www.amanien.info\/news\/wp-content\/uploads\/2022\/10\/thumbnail-1.jpg","inLanguage":"fr-FR"},{"@type":"WebPage","@id":"https:\/\/www.amanien.info\/news\/la-1ere-edition-du-sommet-panafricain-du-theatre-et-du-7eme-artsomart-se-tiendra-du-24-au-26-octobre-prochain-a-yamoussoukro\/","url":"https:\/\/www.amanien.info\/news\/la-1ere-edition-du-sommet-panafricain-du-theatre-et-du-7eme-artsomart-se-tiendra-du-24-au-26-octobre-prochain-a-yamoussoukro\/","name":"La 1\u00e8re \u00e9dition du Sommet panafricain du th\u00e9\u00e2tre et du 7\u00e8me art(SOM'ART) se tiendra du 24 au 26 octobre prochain \u00e0 Yamoussoukro - Amanien| L&#039;actualit\u00e9 Ivoirienne et Internationale","isPartOf":{"@id":"https:\/\/www.amanien.info\/news\/#website"},"primaryImageOfPage":{"@id":"https:\/\/www.amanien.info\/news\/la-1ere-edition-du-sommet-panafricain-du-theatre-et-du-7eme-artsomart-se-tiendra-du-24-au-26-octobre-prochain-a-yamoussoukro\/#primaryimage"},"image":{"@id":"https:\/\/www.amanien.info\/news\/la-1ere-edition-du-sommet-panafricain-du-theatre-et-du-7eme-artsomart-se-tiendra-du-24-au-26-octobre-prochain-a-yamoussoukro\/#primaryimage"},"thumbnailUrl":"https:\/\/www.amanien.info\/news\/wp-content\/uploads\/2022\/10\/thumbnail-1.jpg","datePublished":"2022-10-03T19:11:41+00:00","dateModified":"2022-10-03T19:12:08+00:00","author":{"@id":"https:\/\/www.amanien.info\/news\/#\/schema\/person\/b21093345753a1a98242d505bd894f42"},"breadcrumb":{"@id":"https:\/\/www.amanien.info\/news\/la-1ere-edition-du-sommet-panafricain-du-theatre-et-du-7eme-artsomart-se-tiendra-du-24-au-26-octobre-prochain-a-yamoussoukro\/#breadcrumb"},"inLanguage":"fr-FR","potentialAction":[{"@type":"ReadAction","target":["https:\/\/www.amanien.info\/news\/la-1ere-edition-du-sommet-panafricain-du-theatre-et-du-7eme-artsomart-se-tiendra-du-24-au-26-octobre-prochain-a-yamoussoukro\/"]}]},{"@type":"ImageObject","inLanguage":"fr-FR","@id":"https:\/\/www.amanien.info\/news\/la-1ere-edition-du-sommet-panafricain-du-theatre-et-du-7eme-artsomart-se-tiendra-du-24-au-26-octobre-prochain-a-yamoussoukro\/#primaryimage","url":"https:\/\/www.amanien.info\/news\/wp-content\/uploads\/2022\/10\/thumbnail-1.jpg","contentUrl":"https:\/\/www.amanien.info\/news\/wp-content\/uploads\/2022\/10\/thumbnail-1.jpg","width":960,"height":540},{"@type":"BreadcrumbList","@id":"https:\/\/www.amanien.info\/news\/la-1ere-edition-du-sommet-panafricain-du-theatre-et-du-7eme-artsomart-se-tiendra-du-24-au-26-octobre-prochain-a-yamoussoukro\/#breadcrumb","itemListElement":[{"@type":"ListItem","position":1,"name":"Accueil","item":"https:\/\/www.amanien.info\/news\/"},{"@type":"ListItem","position":2,"name":"La 1\u00e8re \u00e9dition du Sommet panafricain du th\u00e9\u00e2tre et du 7\u00e8me art(SOM&rsquo;ART) se tiendra du 24 au 26 octobre prochain \u00e0 Yamoussoukro"}]},{"@type":"WebSite","@id":"https:\/\/www.amanien.info\/news\/#website","url":"https:\/\/www.amanien.info\/news\/","name":"Amanien| L&#039;actualit\u00e9 Ivoirienne et Internationale","description":"L&#039;actualit\u00e9 Ivoirienne et Internationale","potentialAction":[{"@type":"SearchAction","target":{"@type":"EntryPoint","urlTemplate":"https:\/\/www.amanien.info\/news\/?s={search_term_string}"},"query-input":{"@type":"PropertyValueSpecification","valueRequired":true,"valueName":"search_term_string"}}],"inLanguage":"fr-FR"},{"@type":"Person","@id":"https:\/\/www.amanien.info\/news\/#\/schema\/person\/b21093345753a1a98242d505bd894f42","name":"Germain Ndri","url":"https:\/\/www.amanien.info\/news\/author\/amanien-infos\/"}]}},"_links":{"self":[{"href":"https:\/\/www.amanien.info\/news\/wp-json\/wp\/v2\/posts\/3880","targetHints":{"allow":["GET"]}}],"collection":[{"href":"https:\/\/www.amanien.info\/news\/wp-json\/wp\/v2\/posts"}],"about":[{"href":"https:\/\/www.amanien.info\/news\/wp-json\/wp\/v2\/types\/post"}],"author":[{"embeddable":true,"href":"https:\/\/www.amanien.info\/news\/wp-json\/wp\/v2\/users\/2"}],"replies":[{"embeddable":true,"href":"https:\/\/www.amanien.info\/news\/wp-json\/wp\/v2\/comments?post=3880"}],"version-history":[{"count":1,"href":"https:\/\/www.amanien.info\/news\/wp-json\/wp\/v2\/posts\/3880\/revisions"}],"predecessor-version":[{"id":3882,"href":"https:\/\/www.amanien.info\/news\/wp-json\/wp\/v2\/posts\/3880\/revisions\/3882"}],"wp:featuredmedia":[{"embeddable":true,"href":"https:\/\/www.amanien.info\/news\/wp-json\/wp\/v2\/media\/3881"}],"wp:attachment":[{"href":"https:\/\/www.amanien.info\/news\/wp-json\/wp\/v2\/media?parent=3880"}],"wp:term":[{"taxonomy":"category","embeddable":true,"href":"https:\/\/www.amanien.info\/news\/wp-json\/wp\/v2\/categories?post=3880"},{"taxonomy":"post_tag","embeddable":true,"href":"https:\/\/www.amanien.info\/news\/wp-json\/wp\/v2\/tags?post=3880"}],"curies":[{"name":"wp","href":"https:\/\/api.w.org\/{rel}","templated":true}]}}