{"id":3873,"date":"2022-10-03T18:30:34","date_gmt":"2022-10-03T18:30:34","guid":{"rendered":"https:\/\/www.https:\/\/zozo.buyee.jp\/\/news\/?p=3873"},"modified":"2022-10-03T18:31:09","modified_gmt":"2022-10-03T18:31:09","slug":"journee-internationale-des-personnes-agees-reduire-les-inegalites-en-matiere-de-sante","status":"publish","type":"post","link":"https:\/\/www.amanien.info\/news\/journee-internationale-des-personnes-agees-reduire-les-inegalites-en-matiere-de-sante\/","title":{"rendered":"Journ\u00e9e Internationale des Personnes \u00c2g\u00e9es: R\u00e9duire les in\u00e9galit\u00e9s en mati\u00e8re de sant\u00e9"},"content":{"rendered":"<p>La Journ\u00e9e Internationale des Personnes \u00e2g\u00e9es (JIPA), a \u00e9t\u00e9 c\u00e9l\u00e9br\u00e9e le 1er octobre 2022, sous le th\u00e8me \u00a0\u00bb La r\u00e9silience des personnes \u00e2g\u00e9es dans un monde en mutation\u00a0\u00bb. Le bureau r\u00e9gional de l&rsquo; Organisation Mondiale de la Sant\u00e9 ( OMS), situ\u00e9 \u00e0 Aghien dans la commune du plateau, a abrit\u00e9 la c\u00e9r\u00e9monie officielle. Des personnes retrait\u00e9es, hommes et femmes, issus de plusieurs associations, ont fait le d\u00e9placement, pour vivre cette journ\u00e9e qui leur est d\u00e9di\u00e9e, dans une ambiance de f\u00eate. Lors des allocutions, le repr\u00e9sentant r\u00e9sident de l&rsquo; OMS Dr Jean Marie Vianney Yameogo, a expliqu\u00e9 que d\u00e8s la conception, c&rsquo; est \u00e0 dire bien avant la naissance, l&rsquo; \u00eatre humain entame un processus de vieillissement. Il a ajout\u00e9 que dans la culture africaine, les personnes \u00e2g\u00e9es ont toujours \u00e9t\u00e9 tenues en haute estime et b\u00e9n\u00e9ficient d&rsquo; un statut sp\u00e9cial dans la soci\u00e9t\u00e9. Parce qu&rsquo; elles sont une source de sagesse et garant des valeurs.<\/p>\n<p>\u00a0\u00bb L&rsquo; esp\u00e9rance de vie en bonne sant\u00e9 des africains est d\u00e9sormais de 56 ans. La moyenne mondiale \u00e9tant de 64 ans. En Afrique, l&rsquo; esp\u00e9rance de vie a augment\u00e9 de 10 ans en moyenne entre 2000 et 2019, augmentation sup\u00e9rieure \u00e0 toutes celles qu&rsquo; on a pu observer dans d&rsquo; autres r\u00e9gions du monde\u00a0\u00bb a-t-il dit. D&rsquo; ici 2050, les personnes \u00e2g\u00e9es de 60 ans ou plus seront plus nombreuses que les adolescents et les jeunes \u00e2g\u00e9s de 15 \u00e0 24 ans et environ 65 % de ces personnes \u00e2g\u00e9es vivront dans les pays \u00e0 revenu faible ou interm\u00e9diaires.<\/p>\n<p>Selon Dr Yameogo, l&rsquo; Assembl\u00e9e g\u00e9n\u00e9rale des Nations-Unies a proclam\u00e9 2021- 2030, d\u00e9cennie du vieillissement en bonne sant\u00e9 et a demand\u00e9 \u00e0 l&rsquo; OMS de prendre la t\u00eate de sa mise en \u0153uvre. La c\u00e9r\u00e9monie de la JiPA s&rsquo; inscrit dans cette d\u00e9cennie, qui vise \u00e0 r\u00e9duire les in\u00e9galit\u00e9s en mati\u00e8re de sant\u00e9 et am\u00e9liorer la vie des personnes \u00e2g\u00e9es. L&rsquo; Organisation Mondiale de la Sant\u00e9 recommande quatre domaines d&rsquo; actions que sont la n\u00e9cessit\u00e9 de cr\u00e9er des environnements amis des a\u00een\u00e9s, et dont exempts de barri\u00e8res physiques et sociales, la lutte contre l&rsquo; \u00e2gisme discriminatoire, la garantie de l&rsquo; acc\u00e8s \u00e0 des services de sant\u00e9 essentiels de qualit\u00e9 garantie et la fourniture des ressources aidant \u00e0 la r\u00e9adaptation lorsque cela s&rsquo;av\u00e8re n\u00e9cessaire.<\/p>\n<p>Tanny Emmanuel, repr\u00e9sentant du Ministre de la Sant\u00e9 de l&rsquo; Hygi\u00e8ne Publique et de la Couverture Maladie Universelle a relev\u00e9 le r\u00f4le important des a\u00een\u00e9s dans le d\u00e9veloppement du pays. Selon lui, cette journ\u00e9e permet d&rsquo; attirer l&rsquo; attention des pouvoirs publics sur la probl\u00e9matique du vieillissement. Il a traduit l&rsquo; engagement des autorit\u00e9s sur la mise en \u0153uvre des services de sant\u00e9 de qualit\u00e9. Et salu\u00e9 les partenaires, notamment l&rsquo; OMS pour leurs soutien dans la mise en \u0153uvre des programmes du gouvernement en mati\u00e8re de sant\u00e9. Il a soulign\u00e9 les efforts pour l&rsquo; accessibilit\u00e9 \u00e0 des soins pour tous, y compris les personnes \u00e2g\u00e9es. Quant \u00e0 Assenien Armel, repr\u00e9sentant le Maire de la Commune de Cocody, il a demand\u00e9 le soutien des plus jeunes aux personnes \u00e2g\u00e9es. Il est conseill\u00e9 aux personnes \u00e2g\u00e9es des exercices physiques adapt\u00e9s, une alimentation saine, des loisirs en groupe.<br \/>\nC.W<\/p>\n<p>&nbsp;<\/p>\n","protected":false},"excerpt":{"rendered":"<p>La Journ\u00e9e Internationale des Personnes \u00e2g\u00e9es (JIPA), a \u00e9t\u00e9 c\u00e9l\u00e9br\u00e9e le 1er octobre 2022, sous le th\u00e8me \u00a0\u00bb La r\u00e9silience des personnes \u00e2g\u00e9es dans un monde en mutation\u00a0\u00bb. Le bureau r\u00e9gional de l&rsquo; Organisation Mondiale de la Sant\u00e9 ( OMS), situ\u00e9 \u00e0 Aghien dans la commune du plateau, a abrit\u00e9 la c\u00e9r\u00e9monie officielle. Des personnes [&hellip;]<\/p>\n","protected":false},"author":2,"featured_media":3874,"comment_status":"closed","ping_status":"closed","sticky":true,"template":"","format":"standard","meta":{"_acf_changed":false,"footnotes":""},"categories":[],"tags":[],"class_list":["post-3873","post","type-post","status-publish","format-standard","has-post-thumbnail","hentry"],"acf":[],"yoast_head":"<!-- This site is optimized with the Yoast SEO plugin v27.5 - https:\/\/yoast.com\/product\/yoast-seo-wordpress\/ -->\n<title>Journ\u00e9e Internationale des Personnes \u00c2g\u00e9es: R\u00e9duire les in\u00e9galit\u00e9s en mati\u00e8re de sant\u00e9 - Amanien| L&#039;actualit\u00e9 Ivoirienne et Internationale<\/title>\n<meta name=\"robots\" content=\"index, follow, max-snippet:-1, max-image-preview:large, max-video-preview:-1\" \/>\n<link rel=\"canonical\" href=\"https:\/\/www.amanien.info\/news\/journee-internationale-des-personnes-agees-reduire-les-inegalites-en-matiere-de-sante\/\" \/>\n<meta property=\"og:locale\" content=\"fr_FR\" \/>\n<meta property=\"og:type\" content=\"article\" \/>\n<meta property=\"og:title\" content=\"Journ\u00e9e Internationale des Personnes \u00c2g\u00e9es: R\u00e9duire les in\u00e9galit\u00e9s en mati\u00e8re de sant\u00e9 - Amanien| L&#039;actualit\u00e9 Ivoirienne et Internationale\" \/>\n<meta property=\"og:description\" content=\"La Journ\u00e9e Internationale des Personnes \u00e2g\u00e9es (JIPA), a \u00e9t\u00e9 c\u00e9l\u00e9br\u00e9e le 1er octobre 2022, sous le th\u00e8me \u00a0\u00bb La r\u00e9silience des personnes \u00e2g\u00e9es dans un monde en mutation\u00a0\u00bb. Le bureau r\u00e9gional de l&rsquo; Organisation Mondiale de la Sant\u00e9 ( OMS), situ\u00e9 \u00e0 Aghien dans la commune du plateau, a abrit\u00e9 la c\u00e9r\u00e9monie officielle. Des personnes [&hellip;]\" \/>\n<meta property=\"og:url\" content=\"https:\/\/www.amanien.info\/news\/journee-internationale-des-personnes-agees-reduire-les-inegalites-en-matiere-de-sante\/\" \/>\n<meta property=\"og:site_name\" content=\"Amanien| L&#039;actualit\u00e9 Ivoirienne et Internationale\" \/>\n<meta property=\"article:published_time\" content=\"2022-10-03T18:30:34+00:00\" \/>\n<meta property=\"article:modified_time\" content=\"2022-10-03T18:31:09+00:00\" \/>\n<meta property=\"og:image\" content=\"https:\/\/www.amanien.info\/news\/wp-content\/uploads\/2022\/10\/thumbnail.jpg\" \/>\n\t<meta property=\"og:image:width\" content=\"992\" \/>\n\t<meta property=\"og:image:height\" content=\"744\" \/>\n\t<meta property=\"og:image:type\" content=\"image\/jpeg\" \/>\n<meta name=\"author\" content=\"Germain Ndri\" \/>\n<meta name=\"twitter:card\" content=\"summary_large_image\" \/>\n<meta name=\"twitter:label1\" content=\"\u00c9crit par\" \/>\n\t<meta name=\"twitter:data1\" content=\"Germain Ndri\" \/>\n\t<meta name=\"twitter:label2\" content=\"Dur\u00e9e de lecture estim\u00e9e\" \/>\n\t<meta name=\"twitter:data2\" content=\"3 minutes\" \/>\n<script type=\"application\/ld+json\" class=\"yoast-schema-graph\">{\"@context\":\"https:\\\/\\\/schema.org\",\"@graph\":[{\"@type\":\"Article\",\"@id\":\"https:\\\/\\\/www.amanien.info\\\/news\\\/journee-internationale-des-personnes-agees-reduire-les-inegalites-en-matiere-de-sante\\\/#article\",\"isPartOf\":{\"@id\":\"https:\\\/\\\/www.amanien.info\\\/news\\\/journee-internationale-des-personnes-agees-reduire-les-inegalites-en-matiere-de-sante\\\/\"},\"author\":{\"name\":\"Germain Ndri\",\"@id\":\"https:\\\/\\\/www.amanien.info\\\/news\\\/#\\\/schema\\\/person\\\/b21093345753a1a98242d505bd894f42\"},\"headline\":\"Journ\u00e9e Internationale des Personnes \u00c2g\u00e9es: R\u00e9duire les in\u00e9galit\u00e9s en mati\u00e8re de sant\u00e9\",\"datePublished\":\"2022-10-03T18:30:34+00:00\",\"dateModified\":\"2022-10-03T18:31:09+00:00\",\"mainEntityOfPage\":{\"@id\":\"https:\\\/\\\/www.amanien.info\\\/news\\\/journee-internationale-des-personnes-agees-reduire-les-inegalites-en-matiere-de-sante\\\/\"},\"wordCount\":591,\"image\":{\"@id\":\"https:\\\/\\\/www.amanien.info\\\/news\\\/journee-internationale-des-personnes-agees-reduire-les-inegalites-en-matiere-de-sante\\\/#primaryimage\"},\"thumbnailUrl\":\"https:\\\/\\\/www.amanien.info\\\/news\\\/wp-content\\\/uploads\\\/2022\\\/10\\\/thumbnail.jpg\",\"inLanguage\":\"fr-FR\"},{\"@type\":\"WebPage\",\"@id\":\"https:\\\/\\\/www.amanien.info\\\/news\\\/journee-internationale-des-personnes-agees-reduire-les-inegalites-en-matiere-de-sante\\\/\",\"url\":\"https:\\\/\\\/www.amanien.info\\\/news\\\/journee-internationale-des-personnes-agees-reduire-les-inegalites-en-matiere-de-sante\\\/\",\"name\":\"Journ\u00e9e Internationale des Personnes \u00c2g\u00e9es: R\u00e9duire les in\u00e9galit\u00e9s en mati\u00e8re de sant\u00e9 - Amanien| L&#039;actualit\u00e9 Ivoirienne et Internationale\",\"isPartOf\":{\"@id\":\"https:\\\/\\\/www.amanien.info\\\/news\\\/#website\"},\"primaryImageOfPage\":{\"@id\":\"https:\\\/\\\/www.amanien.info\\\/news\\\/journee-internationale-des-personnes-agees-reduire-les-inegalites-en-matiere-de-sante\\\/#primaryimage\"},\"image\":{\"@id\":\"https:\\\/\\\/www.amanien.info\\\/news\\\/journee-internationale-des-personnes-agees-reduire-les-inegalites-en-matiere-de-sante\\\/#primaryimage\"},\"thumbnailUrl\":\"https:\\\/\\\/www.amanien.info\\\/news\\\/wp-content\\\/uploads\\\/2022\\\/10\\\/thumbnail.jpg\",\"datePublished\":\"2022-10-03T18:30:34+00:00\",\"dateModified\":\"2022-10-03T18:31:09+00:00\",\"author\":{\"@id\":\"https:\\\/\\\/www.amanien.info\\\/news\\\/#\\\/schema\\\/person\\\/b21093345753a1a98242d505bd894f42\"},\"breadcrumb\":{\"@id\":\"https:\\\/\\\/www.amanien.info\\\/news\\\/journee-internationale-des-personnes-agees-reduire-les-inegalites-en-matiere-de-sante\\\/#breadcrumb\"},\"inLanguage\":\"fr-FR\",\"potentialAction\":[{\"@type\":\"ReadAction\",\"target\":[\"https:\\\/\\\/www.amanien.info\\\/news\\\/journee-internationale-des-personnes-agees-reduire-les-inegalites-en-matiere-de-sante\\\/\"]}]},{\"@type\":\"ImageObject\",\"inLanguage\":\"fr-FR\",\"@id\":\"https:\\\/\\\/www.amanien.info\\\/news\\\/journee-internationale-des-personnes-agees-reduire-les-inegalites-en-matiere-de-sante\\\/#primaryimage\",\"url\":\"https:\\\/\\\/www.amanien.info\\\/news\\\/wp-content\\\/uploads\\\/2022\\\/10\\\/thumbnail.jpg\",\"contentUrl\":\"https:\\\/\\\/www.amanien.info\\\/news\\\/wp-content\\\/uploads\\\/2022\\\/10\\\/thumbnail.jpg\",\"width\":992,\"height\":744},{\"@type\":\"BreadcrumbList\",\"@id\":\"https:\\\/\\\/www.amanien.info\\\/news\\\/journee-internationale-des-personnes-agees-reduire-les-inegalites-en-matiere-de-sante\\\/#breadcrumb\",\"itemListElement\":[{\"@type\":\"ListItem\",\"position\":1,\"name\":\"Accueil\",\"item\":\"https:\\\/\\\/www.amanien.info\\\/news\\\/\"},{\"@type\":\"ListItem\",\"position\":2,\"name\":\"Journ\u00e9e Internationale des Personnes \u00c2g\u00e9es: R\u00e9duire les in\u00e9galit\u00e9s en mati\u00e8re de sant\u00e9\"}]},{\"@type\":\"WebSite\",\"@id\":\"https:\\\/\\\/www.amanien.info\\\/news\\\/#website\",\"url\":\"https:\\\/\\\/www.amanien.info\\\/news\\\/\",\"name\":\"Amanien| L&#039;actualit\u00e9 Ivoirienne et Internationale\",\"description\":\"L&#039;actualit\u00e9 Ivoirienne et Internationale\",\"potentialAction\":[{\"@type\":\"SearchAction\",\"target\":{\"@type\":\"EntryPoint\",\"urlTemplate\":\"https:\\\/\\\/www.amanien.info\\\/news\\\/?s={search_term_string}\"},\"query-input\":{\"@type\":\"PropertyValueSpecification\",\"valueRequired\":true,\"valueName\":\"search_term_string\"}}],\"inLanguage\":\"fr-FR\"},{\"@type\":\"Person\",\"@id\":\"https:\\\/\\\/www.amanien.info\\\/news\\\/#\\\/schema\\\/person\\\/b21093345753a1a98242d505bd894f42\",\"name\":\"Germain Ndri\",\"url\":\"https:\\\/\\\/www.amanien.info\\\/news\\\/author\\\/amanien-infos\\\/\"}]}<\/script>\n<!-- \/ Yoast SEO plugin. -->","yoast_head_json":{"title":"Journ\u00e9e Internationale des Personnes \u00c2g\u00e9es: R\u00e9duire les in\u00e9galit\u00e9s en mati\u00e8re de sant\u00e9 - Amanien| L&#039;actualit\u00e9 Ivoirienne et Internationale","robots":{"index":"index","follow":"follow","max-snippet":"max-snippet:-1","max-image-preview":"max-image-preview:large","max-video-preview":"max-video-preview:-1"},"canonical":"https:\/\/www.amanien.info\/news\/journee-internationale-des-personnes-agees-reduire-les-inegalites-en-matiere-de-sante\/","og_locale":"fr_FR","og_type":"article","og_title":"Journ\u00e9e Internationale des Personnes \u00c2g\u00e9es: R\u00e9duire les in\u00e9galit\u00e9s en mati\u00e8re de sant\u00e9 - Amanien| L&#039;actualit\u00e9 Ivoirienne et Internationale","og_description":"La Journ\u00e9e Internationale des Personnes \u00e2g\u00e9es (JIPA), a \u00e9t\u00e9 c\u00e9l\u00e9br\u00e9e le 1er octobre 2022, sous le th\u00e8me \u00a0\u00bb La r\u00e9silience des personnes \u00e2g\u00e9es dans un monde en mutation\u00a0\u00bb. Le bureau r\u00e9gional de l&rsquo; Organisation Mondiale de la Sant\u00e9 ( OMS), situ\u00e9 \u00e0 Aghien dans la commune du plateau, a abrit\u00e9 la c\u00e9r\u00e9monie officielle. Des personnes [&hellip;]","og_url":"https:\/\/www.amanien.info\/news\/journee-internationale-des-personnes-agees-reduire-les-inegalites-en-matiere-de-sante\/","og_site_name":"Amanien| L&#039;actualit\u00e9 Ivoirienne et Internationale","article_published_time":"2022-10-03T18:30:34+00:00","article_modified_time":"2022-10-03T18:31:09+00:00","og_image":[{"width":992,"height":744,"url":"https:\/\/www.amanien.info\/news\/wp-content\/uploads\/2022\/10\/thumbnail.jpg","type":"image\/jpeg"}],"author":"Germain Ndri","twitter_card":"summary_large_image","twitter_misc":{"\u00c9crit par":"Germain Ndri","Dur\u00e9e de lecture estim\u00e9e":"3 minutes"},"schema":{"@context":"https:\/\/schema.org","@graph":[{"@type":"Article","@id":"https:\/\/www.amanien.info\/news\/journee-internationale-des-personnes-agees-reduire-les-inegalites-en-matiere-de-sante\/#article","isPartOf":{"@id":"https:\/\/www.amanien.info\/news\/journee-internationale-des-personnes-agees-reduire-les-inegalites-en-matiere-de-sante\/"},"author":{"name":"Germain Ndri","@id":"https:\/\/www.amanien.info\/news\/#\/schema\/person\/b21093345753a1a98242d505bd894f42"},"headline":"Journ\u00e9e Internationale des Personnes \u00c2g\u00e9es: R\u00e9duire les in\u00e9galit\u00e9s en mati\u00e8re de sant\u00e9","datePublished":"2022-10-03T18:30:34+00:00","dateModified":"2022-10-03T18:31:09+00:00","mainEntityOfPage":{"@id":"https:\/\/www.amanien.info\/news\/journee-internationale-des-personnes-agees-reduire-les-inegalites-en-matiere-de-sante\/"},"wordCount":591,"image":{"@id":"https:\/\/www.amanien.info\/news\/journee-internationale-des-personnes-agees-reduire-les-inegalites-en-matiere-de-sante\/#primaryimage"},"thumbnailUrl":"https:\/\/www.amanien.info\/news\/wp-content\/uploads\/2022\/10\/thumbnail.jpg","inLanguage":"fr-FR"},{"@type":"WebPage","@id":"https:\/\/www.amanien.info\/news\/journee-internationale-des-personnes-agees-reduire-les-inegalites-en-matiere-de-sante\/","url":"https:\/\/www.amanien.info\/news\/journee-internationale-des-personnes-agees-reduire-les-inegalites-en-matiere-de-sante\/","name":"Journ\u00e9e Internationale des Personnes \u00c2g\u00e9es: R\u00e9duire les in\u00e9galit\u00e9s en mati\u00e8re de sant\u00e9 - Amanien| L&#039;actualit\u00e9 Ivoirienne et Internationale","isPartOf":{"@id":"https:\/\/www.amanien.info\/news\/#website"},"primaryImageOfPage":{"@id":"https:\/\/www.amanien.info\/news\/journee-internationale-des-personnes-agees-reduire-les-inegalites-en-matiere-de-sante\/#primaryimage"},"image":{"@id":"https:\/\/www.amanien.info\/news\/journee-internationale-des-personnes-agees-reduire-les-inegalites-en-matiere-de-sante\/#primaryimage"},"thumbnailUrl":"https:\/\/www.amanien.info\/news\/wp-content\/uploads\/2022\/10\/thumbnail.jpg","datePublished":"2022-10-03T18:30:34+00:00","dateModified":"2022-10-03T18:31:09+00:00","author":{"@id":"https:\/\/www.amanien.info\/news\/#\/schema\/person\/b21093345753a1a98242d505bd894f42"},"breadcrumb":{"@id":"https:\/\/www.amanien.info\/news\/journee-internationale-des-personnes-agees-reduire-les-inegalites-en-matiere-de-sante\/#breadcrumb"},"inLanguage":"fr-FR","potentialAction":[{"@type":"ReadAction","target":["https:\/\/www.amanien.info\/news\/journee-internationale-des-personnes-agees-reduire-les-inegalites-en-matiere-de-sante\/"]}]},{"@type":"ImageObject","inLanguage":"fr-FR","@id":"https:\/\/www.amanien.info\/news\/journee-internationale-des-personnes-agees-reduire-les-inegalites-en-matiere-de-sante\/#primaryimage","url":"https:\/\/www.amanien.info\/news\/wp-content\/uploads\/2022\/10\/thumbnail.jpg","contentUrl":"https:\/\/www.amanien.info\/news\/wp-content\/uploads\/2022\/10\/thumbnail.jpg","width":992,"height":744},{"@type":"BreadcrumbList","@id":"https:\/\/www.amanien.info\/news\/journee-internationale-des-personnes-agees-reduire-les-inegalites-en-matiere-de-sante\/#breadcrumb","itemListElement":[{"@type":"ListItem","position":1,"name":"Accueil","item":"https:\/\/www.amanien.info\/news\/"},{"@type":"ListItem","position":2,"name":"Journ\u00e9e Internationale des Personnes \u00c2g\u00e9es: R\u00e9duire les in\u00e9galit\u00e9s en mati\u00e8re de sant\u00e9"}]},{"@type":"WebSite","@id":"https:\/\/www.amanien.info\/news\/#website","url":"https:\/\/www.amanien.info\/news\/","name":"Amanien| L&#039;actualit\u00e9 Ivoirienne et Internationale","description":"L&#039;actualit\u00e9 Ivoirienne et Internationale","potentialAction":[{"@type":"SearchAction","target":{"@type":"EntryPoint","urlTemplate":"https:\/\/www.amanien.info\/news\/?s={search_term_string}"},"query-input":{"@type":"PropertyValueSpecification","valueRequired":true,"valueName":"search_term_string"}}],"inLanguage":"fr-FR"},{"@type":"Person","@id":"https:\/\/www.amanien.info\/news\/#\/schema\/person\/b21093345753a1a98242d505bd894f42","name":"Germain Ndri","url":"https:\/\/www.amanien.info\/news\/author\/amanien-infos\/"}]}},"_links":{"self":[{"href":"https:\/\/www.amanien.info\/news\/wp-json\/wp\/v2\/posts\/3873","targetHints":{"allow":["GET"]}}],"collection":[{"href":"https:\/\/www.amanien.info\/news\/wp-json\/wp\/v2\/posts"}],"about":[{"href":"https:\/\/www.amanien.info\/news\/wp-json\/wp\/v2\/types\/post"}],"author":[{"embeddable":true,"href":"https:\/\/www.amanien.info\/news\/wp-json\/wp\/v2\/users\/2"}],"replies":[{"embeddable":true,"href":"https:\/\/www.amanien.info\/news\/wp-json\/wp\/v2\/comments?post=3873"}],"version-history":[{"count":1,"href":"https:\/\/www.amanien.info\/news\/wp-json\/wp\/v2\/posts\/3873\/revisions"}],"predecessor-version":[{"id":3875,"href":"https:\/\/www.amanien.info\/news\/wp-json\/wp\/v2\/posts\/3873\/revisions\/3875"}],"wp:featuredmedia":[{"embeddable":true,"href":"https:\/\/www.amanien.info\/news\/wp-json\/wp\/v2\/media\/3874"}],"wp:attachment":[{"href":"https:\/\/www.amanien.info\/news\/wp-json\/wp\/v2\/media?parent=3873"}],"wp:term":[{"taxonomy":"category","embeddable":true,"href":"https:\/\/www.amanien.info\/news\/wp-json\/wp\/v2\/categories?post=3873"},{"taxonomy":"post_tag","embeddable":true,"href":"https:\/\/www.amanien.info\/news\/wp-json\/wp\/v2\/tags?post=3873"}],"curies":[{"name":"wp","href":"https:\/\/api.w.org\/{rel}","templated":true}]}}