{"id":3867,"date":"2022-09-28T13:25:20","date_gmt":"2022-09-28T13:25:20","guid":{"rendered":"https:\/\/www.https:\/\/zozo.buyee.jp\/\/news\/?p=3867"},"modified":"2022-09-28T13:25:53","modified_gmt":"2022-09-28T13:25:53","slug":"lauteur-mekapeu-ferdinand-presente-son-ouvrage-6-annees-comme-6-siecles-6-annees-comme-6-heures-au-public","status":"publish","type":"post","link":"https:\/\/www.amanien.info\/news\/lauteur-mekapeu-ferdinand-presente-son-ouvrage-6-annees-comme-6-siecles-6-annees-comme-6-heures-au-public\/","title":{"rendered":"L&rsquo;auteur MEKAPEU Ferdinand pr\u00e9sente son ouvrage, \u00ab\u00a06 ann\u00e9es comme 6 si\u00e8cles&#8230;6 ann\u00e9es comme 6 heures\u00a0\u00bb\u00a0au public"},"content":{"rendered":"<div>L&rsquo; auteur MEKAPEU Ferdinand a, au cours d&rsquo;une c\u00e9r\u00e9monie de d\u00e9dicace tenue, samedi, pr\u00e9sent\u00e9 son tout premier roman intitul\u00e9 <b>\u00ab\u00a06 ann\u00e9es comme 6 si\u00e8cles&#8230;6 ann\u00e9es comme 6 heures\u00a0\u00bb<\/b>\u00a0au grand public.<\/div>\n<div><\/div>\n<div>C&rsquo;est l&rsquo;Universit\u00e9 Catholique d&rsquo;Afrique de l&rsquo;Ouest- Unit\u00e9 Universitaire d&rsquo;Abidjan (UCAO-UUA) sise \u00e0 Cocody, Abidjan, qui a servi de cadre \u00e0 l&rsquo;organisation de cette c\u00e9r\u00e9monie de pr\u00e9sentation et de d\u00e9dicace de ce bel ouvrage, en pr\u00e9sence du Conseiller Technique de la Ministre de l&rsquo;\u00e9ducation nationale et de l&rsquo;alphab\u00e9tisation, Pr Andr\u00e9 B. KAMATE, du Maire de la Commune de Bin-Houy\u00e9, Andr\u00e9 Narcisse MEMAN, etc.<\/div>\n<div><\/div>\n<div><\/div>\n<div><b>\u00ab\u00a06 ann\u00e9es comme 6 si\u00e8cles&#8230;6 ann\u00e9es comme 6 heures. 6 heures, ce n&rsquo;est vraiment pas la distance. Les 6 heures, ce sont les moments de r\u00e9jouissance et de joie avec les uns et les autres\u00a0\u00bb<\/b>\u00a0a pr\u00e9cis\u00e9 l&rsquo;auteur.<\/div>\n<div><\/div>\n<div>\n<div>Ce roman retrace les conditions de vie difficiles des r\u00e9fugi\u00e9s et pr\u00e9sente de fa\u00e7on imag\u00e9e les raisons qui devront susciter un retour ou encore celles qui encouragent \u00e0 \u00e9viter les d\u00e9placements forc\u00e9s.<\/div>\n<div><\/div>\n<div>Cette \u0153uvre a \u00e9galement pour objectif de pr\u00e9senter les impacts des crises sociopolitiques sur cet influx migratoire, contribuer au retour des ivoiriens en C\u00f4te d\u2019Ivoire et enfin amener tous les ivoiriens \u00e0 poser des actions contribuant \u00e0 \u00e9viter d\u2019\u00e9ventuels mouvements du m\u00eame genre. L\u2019auteur, le h\u00e9ros principal, a puis\u00e9 son inspiration de la r\u00e9alit\u00e9.<\/div>\n<div><\/div>\n<div>\u00a0 \u00a0 \u00a0 \u00a0 \u00a0 \u00a0 \u00a0 \u00a0 En plus d\u2019\u00eatre un roman d\u2019aventures, il s\u2019agit d\u2019une autobiographie de l\u2019auteur, LEPERE qui est en m\u00eame temps h\u00e9ros de cette aventure \u00e9pineuse m\u00eal\u00e9e de joies. L\u2019aspect psychologique des personnages d\u00e9montre l\u2019impact de leur v\u00e9cu sur leur quotidien pendant ces moments au cours desquels ils ne re\u00e7oivent pas forc\u00e9ment ce qu\u2019ils veulent mais plut\u00f4t ce qui est disponible.<\/div>\n<div>R\u00e9pondant au genre narratif, la beaut\u00e9 de ce livre r\u00e9side dans le fait que, loin de faire la promotion de l\u2019imagination, il est une peinture r\u00e9elle de la vie.<\/div>\n<div>\u00a0Dans le roman, vous pourriez vous identifier \u00e0 des personnages ou d\u00e9couvrir d\u2019autres gens, d\u2019autres cultures. Il va provoquer en vous des inspirations, des \u00e9lans ou des d\u00e9sirs. C\u2019est un v\u00e9ritable miroir de la vie en exil.<\/div>\n<\/div>\n<div><\/div>\n<div>L&rsquo;auteur incite \u00e9galement, \u00e0 travers cet ouvrage, tout le monde \u00e0 la culture de la paix et la coh\u00e9sion sociale.<\/div>\n<div><\/div>\n<div>\u00c9dit\u00e9e par EQ-CAPALL FRANGES, <b>\u00ab\u00a06 ann\u00e9es comme 6 si\u00e8cles&#8230;6 ann\u00e9es comme 6 heures\u00a0\u00bb<\/b>, est une \u0153uvre qui comporte 162 pages et deux parties scind\u00e9es en 6 chapitres.<\/div>\n<div><\/div>\n<div><\/div>\n<div>Repr\u00e9sentant la Ministre ivoirienne de l&rsquo;\u00e9ducation nationale et de l&rsquo;alphab\u00e9tisation et Marraine de la c\u00e9r\u00e9monie, le Conseiller Technique, Pr Andr\u00e9 B. KAMATE, a f\u00e9licit\u00e9 l&rsquo;auteur. <b>\u00ab\u00a0J&rsquo;ai appr\u00e9ci\u00e9 le r\u00e9cit qui est fait dans cette \u0153uvre.\u00a0<\/b><i><b>C&rsquo;est une \u0153uvre qui interpelle et je f\u00e9licite l&rsquo;auteur\u00a0\u00bb<\/b>\u00a0<\/i>a-t-il dit.<\/div>\n<div><\/div>\n<div>Avant d&rsquo;ajouter : <i>&lt;&lt;Je souhaite bon vent \u00e0 l&rsquo;auteur et qu&rsquo;il produise d&rsquo;autres oeuvres encore&gt;&gt; <\/i>a exhort\u00e9 le Conseiller technique, souhaitant qu&rsquo;il est bon que cette oeuvre soit \u00e9galement partag\u00e9e par tous les autres supports artistiques( cin\u00e9ma, audiovisuel&#8230;).<\/div>\n<div><\/div>\n<div>Pr Andr\u00e9 B. KAMATE a, par ailleurs, encourag\u00e9 les uns et les autres \u00e0 s&rsquo;en procurer et le lire, afin de se cultiver et se former.<\/div>\n<div><\/div>\n<div>Notons que cette belle c\u00e9r\u00e9monie a \u00e9t\u00e9 marqu\u00e9e par la d\u00e9dicace des livres vendus et\u00a0 des t\u00e9moignages \u00e9mouvants de deux r\u00e9fugi\u00e9s ivoiriens retourn\u00e9s et r\u00e9int\u00e9gr\u00e9s.<\/div>\n<div><\/div>\n<div>Le livre sera disponible en librairie \u00e0 partir du 15 octobre prochain.<\/div>\n<div><\/div>\n<div><\/div>\n<div><\/div>\n<div><b>S.A.\u00a0<\/b><\/div>\n<div><b>\u00a0<\/b><\/div>\n<div><\/div>\n","protected":false},"excerpt":{"rendered":"<p>L&rsquo; auteur MEKAPEU Ferdinand a, au cours d&rsquo;une c\u00e9r\u00e9monie de d\u00e9dicace tenue, samedi, pr\u00e9sent\u00e9 son tout premier roman intitul\u00e9 \u00ab\u00a06 ann\u00e9es comme 6 si\u00e8cles&#8230;6 ann\u00e9es comme 6 heures\u00a0\u00bb\u00a0au grand public. C&rsquo;est l&rsquo;Universit\u00e9 Catholique d&rsquo;Afrique de l&rsquo;Ouest- Unit\u00e9 Universitaire d&rsquo;Abidjan (UCAO-UUA) sise \u00e0 Cocody, Abidjan, qui a servi de cadre \u00e0 l&rsquo;organisation de cette c\u00e9r\u00e9monie de [&hellip;]<\/p>\n","protected":false},"author":2,"featured_media":3868,"comment_status":"closed","ping_status":"closed","sticky":true,"template":"","format":"standard","meta":{"_acf_changed":false,"footnotes":""},"categories":[],"tags":[],"class_list":["post-3867","post","type-post","status-publish","format-standard","has-post-thumbnail","hentry"],"acf":[],"yoast_head":"<!-- This site is optimized with the Yoast SEO plugin v27.5 - https:\/\/yoast.com\/product\/yoast-seo-wordpress\/ -->\n<title>L&#039;auteur MEKAPEU Ferdinand pr\u00e9sente son ouvrage, &quot;6 ann\u00e9es comme 6 si\u00e8cles...6 ann\u00e9es comme 6 heures&quot;\u00a0au public - Amanien| L&#039;actualit\u00e9 Ivoirienne et Internationale<\/title>\n<meta name=\"robots\" content=\"index, follow, max-snippet:-1, max-image-preview:large, max-video-preview:-1\" \/>\n<link rel=\"canonical\" href=\"https:\/\/www.amanien.info\/news\/lauteur-mekapeu-ferdinand-presente-son-ouvrage-6-annees-comme-6-siecles-6-annees-comme-6-heures-au-public\/\" \/>\n<meta property=\"og:locale\" content=\"fr_FR\" \/>\n<meta property=\"og:type\" content=\"article\" \/>\n<meta property=\"og:title\" content=\"L&#039;auteur MEKAPEU Ferdinand pr\u00e9sente son ouvrage, &quot;6 ann\u00e9es comme 6 si\u00e8cles...6 ann\u00e9es comme 6 heures&quot;\u00a0au public - Amanien| L&#039;actualit\u00e9 Ivoirienne et Internationale\" \/>\n<meta property=\"og:description\" content=\"L&rsquo; auteur MEKAPEU Ferdinand a, au cours d&rsquo;une c\u00e9r\u00e9monie de d\u00e9dicace tenue, samedi, pr\u00e9sent\u00e9 son tout premier roman intitul\u00e9 \u00ab\u00a06 ann\u00e9es comme 6 si\u00e8cles&#8230;6 ann\u00e9es comme 6 heures\u00a0\u00bb\u00a0au grand public. C&rsquo;est l&rsquo;Universit\u00e9 Catholique d&rsquo;Afrique de l&rsquo;Ouest- Unit\u00e9 Universitaire d&rsquo;Abidjan (UCAO-UUA) sise \u00e0 Cocody, Abidjan, qui a servi de cadre \u00e0 l&rsquo;organisation de cette c\u00e9r\u00e9monie de [&hellip;]\" \/>\n<meta property=\"og:url\" content=\"https:\/\/www.amanien.info\/news\/lauteur-mekapeu-ferdinand-presente-son-ouvrage-6-annees-comme-6-siecles-6-annees-comme-6-heures-au-public\/\" \/>\n<meta property=\"og:site_name\" content=\"Amanien| L&#039;actualit\u00e9 Ivoirienne et Internationale\" \/>\n<meta property=\"article:published_time\" content=\"2022-09-28T13:25:20+00:00\" \/>\n<meta property=\"article:modified_time\" content=\"2022-09-28T13:25:53+00:00\" \/>\n<meta property=\"og:image\" content=\"https:\/\/www.amanien.info\/news\/wp-content\/uploads\/2022\/09\/thumbnail-16.jpg\" \/>\n\t<meta property=\"og:image:width\" content=\"1080\" \/>\n\t<meta property=\"og:image:height\" content=\"720\" \/>\n\t<meta property=\"og:image:type\" content=\"image\/jpeg\" \/>\n<meta name=\"author\" content=\"Germain Ndri\" \/>\n<meta name=\"twitter:card\" content=\"summary_large_image\" \/>\n<meta name=\"twitter:label1\" content=\"\u00c9crit par\" \/>\n\t<meta name=\"twitter:data1\" content=\"Germain Ndri\" \/>\n\t<meta name=\"twitter:label2\" content=\"Dur\u00e9e de lecture estim\u00e9e\" \/>\n\t<meta name=\"twitter:data2\" content=\"3 minutes\" \/>\n<script type=\"application\/ld+json\" class=\"yoast-schema-graph\">{\"@context\":\"https:\\\/\\\/schema.org\",\"@graph\":[{\"@type\":\"Article\",\"@id\":\"https:\\\/\\\/www.amanien.info\\\/news\\\/lauteur-mekapeu-ferdinand-presente-son-ouvrage-6-annees-comme-6-siecles-6-annees-comme-6-heures-au-public\\\/#article\",\"isPartOf\":{\"@id\":\"https:\\\/\\\/www.amanien.info\\\/news\\\/lauteur-mekapeu-ferdinand-presente-son-ouvrage-6-annees-comme-6-siecles-6-annees-comme-6-heures-au-public\\\/\"},\"author\":{\"name\":\"Germain Ndri\",\"@id\":\"https:\\\/\\\/www.amanien.info\\\/news\\\/#\\\/schema\\\/person\\\/b21093345753a1a98242d505bd894f42\"},\"headline\":\"L&rsquo;auteur MEKAPEU Ferdinand pr\u00e9sente son ouvrage, \u00ab\u00a06 ann\u00e9es comme 6 si\u00e8cles&#8230;6 ann\u00e9es comme 6 heures\u00a0\u00bb\u00a0au public\",\"datePublished\":\"2022-09-28T13:25:20+00:00\",\"dateModified\":\"2022-09-28T13:25:53+00:00\",\"mainEntityOfPage\":{\"@id\":\"https:\\\/\\\/www.amanien.info\\\/news\\\/lauteur-mekapeu-ferdinand-presente-son-ouvrage-6-annees-comme-6-siecles-6-annees-comme-6-heures-au-public\\\/\"},\"wordCount\":645,\"image\":{\"@id\":\"https:\\\/\\\/www.amanien.info\\\/news\\\/lauteur-mekapeu-ferdinand-presente-son-ouvrage-6-annees-comme-6-siecles-6-annees-comme-6-heures-au-public\\\/#primaryimage\"},\"thumbnailUrl\":\"https:\\\/\\\/www.amanien.info\\\/news\\\/wp-content\\\/uploads\\\/2022\\\/09\\\/thumbnail-16.jpg\",\"inLanguage\":\"fr-FR\"},{\"@type\":\"WebPage\",\"@id\":\"https:\\\/\\\/www.amanien.info\\\/news\\\/lauteur-mekapeu-ferdinand-presente-son-ouvrage-6-annees-comme-6-siecles-6-annees-comme-6-heures-au-public\\\/\",\"url\":\"https:\\\/\\\/www.amanien.info\\\/news\\\/lauteur-mekapeu-ferdinand-presente-son-ouvrage-6-annees-comme-6-siecles-6-annees-comme-6-heures-au-public\\\/\",\"name\":\"L'auteur MEKAPEU Ferdinand pr\u00e9sente son ouvrage, \\\"6 ann\u00e9es comme 6 si\u00e8cles...6 ann\u00e9es comme 6 heures\\\"\u00a0au public - Amanien| L&#039;actualit\u00e9 Ivoirienne et Internationale\",\"isPartOf\":{\"@id\":\"https:\\\/\\\/www.amanien.info\\\/news\\\/#website\"},\"primaryImageOfPage\":{\"@id\":\"https:\\\/\\\/www.amanien.info\\\/news\\\/lauteur-mekapeu-ferdinand-presente-son-ouvrage-6-annees-comme-6-siecles-6-annees-comme-6-heures-au-public\\\/#primaryimage\"},\"image\":{\"@id\":\"https:\\\/\\\/www.amanien.info\\\/news\\\/lauteur-mekapeu-ferdinand-presente-son-ouvrage-6-annees-comme-6-siecles-6-annees-comme-6-heures-au-public\\\/#primaryimage\"},\"thumbnailUrl\":\"https:\\\/\\\/www.amanien.info\\\/news\\\/wp-content\\\/uploads\\\/2022\\\/09\\\/thumbnail-16.jpg\",\"datePublished\":\"2022-09-28T13:25:20+00:00\",\"dateModified\":\"2022-09-28T13:25:53+00:00\",\"author\":{\"@id\":\"https:\\\/\\\/www.amanien.info\\\/news\\\/#\\\/schema\\\/person\\\/b21093345753a1a98242d505bd894f42\"},\"breadcrumb\":{\"@id\":\"https:\\\/\\\/www.amanien.info\\\/news\\\/lauteur-mekapeu-ferdinand-presente-son-ouvrage-6-annees-comme-6-siecles-6-annees-comme-6-heures-au-public\\\/#breadcrumb\"},\"inLanguage\":\"fr-FR\",\"potentialAction\":[{\"@type\":\"ReadAction\",\"target\":[\"https:\\\/\\\/www.amanien.info\\\/news\\\/lauteur-mekapeu-ferdinand-presente-son-ouvrage-6-annees-comme-6-siecles-6-annees-comme-6-heures-au-public\\\/\"]}]},{\"@type\":\"ImageObject\",\"inLanguage\":\"fr-FR\",\"@id\":\"https:\\\/\\\/www.amanien.info\\\/news\\\/lauteur-mekapeu-ferdinand-presente-son-ouvrage-6-annees-comme-6-siecles-6-annees-comme-6-heures-au-public\\\/#primaryimage\",\"url\":\"https:\\\/\\\/www.amanien.info\\\/news\\\/wp-content\\\/uploads\\\/2022\\\/09\\\/thumbnail-16.jpg\",\"contentUrl\":\"https:\\\/\\\/www.amanien.info\\\/news\\\/wp-content\\\/uploads\\\/2022\\\/09\\\/thumbnail-16.jpg\",\"width\":1080,\"height\":720},{\"@type\":\"BreadcrumbList\",\"@id\":\"https:\\\/\\\/www.amanien.info\\\/news\\\/lauteur-mekapeu-ferdinand-presente-son-ouvrage-6-annees-comme-6-siecles-6-annees-comme-6-heures-au-public\\\/#breadcrumb\",\"itemListElement\":[{\"@type\":\"ListItem\",\"position\":1,\"name\":\"Accueil\",\"item\":\"https:\\\/\\\/www.amanien.info\\\/news\\\/\"},{\"@type\":\"ListItem\",\"position\":2,\"name\":\"L&rsquo;auteur MEKAPEU Ferdinand pr\u00e9sente son ouvrage, \u00ab\u00a06 ann\u00e9es comme 6 si\u00e8cles&#8230;6 ann\u00e9es comme 6 heures\u00a0\u00bb\u00a0au public\"}]},{\"@type\":\"WebSite\",\"@id\":\"https:\\\/\\\/www.amanien.info\\\/news\\\/#website\",\"url\":\"https:\\\/\\\/www.amanien.info\\\/news\\\/\",\"name\":\"Amanien| L&#039;actualit\u00e9 Ivoirienne et Internationale\",\"description\":\"L&#039;actualit\u00e9 Ivoirienne et Internationale\",\"potentialAction\":[{\"@type\":\"SearchAction\",\"target\":{\"@type\":\"EntryPoint\",\"urlTemplate\":\"https:\\\/\\\/www.amanien.info\\\/news\\\/?s={search_term_string}\"},\"query-input\":{\"@type\":\"PropertyValueSpecification\",\"valueRequired\":true,\"valueName\":\"search_term_string\"}}],\"inLanguage\":\"fr-FR\"},{\"@type\":\"Person\",\"@id\":\"https:\\\/\\\/www.amanien.info\\\/news\\\/#\\\/schema\\\/person\\\/b21093345753a1a98242d505bd894f42\",\"name\":\"Germain Ndri\",\"url\":\"https:\\\/\\\/www.amanien.info\\\/news\\\/author\\\/amanien-infos\\\/\"}]}<\/script>\n<!-- \/ Yoast SEO plugin. -->","yoast_head_json":{"title":"L'auteur MEKAPEU Ferdinand pr\u00e9sente son ouvrage, \"6 ann\u00e9es comme 6 si\u00e8cles...6 ann\u00e9es comme 6 heures\"\u00a0au public - Amanien| L&#039;actualit\u00e9 Ivoirienne et Internationale","robots":{"index":"index","follow":"follow","max-snippet":"max-snippet:-1","max-image-preview":"max-image-preview:large","max-video-preview":"max-video-preview:-1"},"canonical":"https:\/\/www.amanien.info\/news\/lauteur-mekapeu-ferdinand-presente-son-ouvrage-6-annees-comme-6-siecles-6-annees-comme-6-heures-au-public\/","og_locale":"fr_FR","og_type":"article","og_title":"L'auteur MEKAPEU Ferdinand pr\u00e9sente son ouvrage, \"6 ann\u00e9es comme 6 si\u00e8cles...6 ann\u00e9es comme 6 heures\"\u00a0au public - Amanien| L&#039;actualit\u00e9 Ivoirienne et Internationale","og_description":"L&rsquo; auteur MEKAPEU Ferdinand a, au cours d&rsquo;une c\u00e9r\u00e9monie de d\u00e9dicace tenue, samedi, pr\u00e9sent\u00e9 son tout premier roman intitul\u00e9 \u00ab\u00a06 ann\u00e9es comme 6 si\u00e8cles&#8230;6 ann\u00e9es comme 6 heures\u00a0\u00bb\u00a0au grand public. C&rsquo;est l&rsquo;Universit\u00e9 Catholique d&rsquo;Afrique de l&rsquo;Ouest- Unit\u00e9 Universitaire d&rsquo;Abidjan (UCAO-UUA) sise \u00e0 Cocody, Abidjan, qui a servi de cadre \u00e0 l&rsquo;organisation de cette c\u00e9r\u00e9monie de [&hellip;]","og_url":"https:\/\/www.amanien.info\/news\/lauteur-mekapeu-ferdinand-presente-son-ouvrage-6-annees-comme-6-siecles-6-annees-comme-6-heures-au-public\/","og_site_name":"Amanien| L&#039;actualit\u00e9 Ivoirienne et Internationale","article_published_time":"2022-09-28T13:25:20+00:00","article_modified_time":"2022-09-28T13:25:53+00:00","og_image":[{"width":1080,"height":720,"url":"https:\/\/www.amanien.info\/news\/wp-content\/uploads\/2022\/09\/thumbnail-16.jpg","type":"image\/jpeg"}],"author":"Germain Ndri","twitter_card":"summary_large_image","twitter_misc":{"\u00c9crit par":"Germain Ndri","Dur\u00e9e de lecture estim\u00e9e":"3 minutes"},"schema":{"@context":"https:\/\/schema.org","@graph":[{"@type":"Article","@id":"https:\/\/www.amanien.info\/news\/lauteur-mekapeu-ferdinand-presente-son-ouvrage-6-annees-comme-6-siecles-6-annees-comme-6-heures-au-public\/#article","isPartOf":{"@id":"https:\/\/www.amanien.info\/news\/lauteur-mekapeu-ferdinand-presente-son-ouvrage-6-annees-comme-6-siecles-6-annees-comme-6-heures-au-public\/"},"author":{"name":"Germain Ndri","@id":"https:\/\/www.amanien.info\/news\/#\/schema\/person\/b21093345753a1a98242d505bd894f42"},"headline":"L&rsquo;auteur MEKAPEU Ferdinand pr\u00e9sente son ouvrage, \u00ab\u00a06 ann\u00e9es comme 6 si\u00e8cles&#8230;6 ann\u00e9es comme 6 heures\u00a0\u00bb\u00a0au public","datePublished":"2022-09-28T13:25:20+00:00","dateModified":"2022-09-28T13:25:53+00:00","mainEntityOfPage":{"@id":"https:\/\/www.amanien.info\/news\/lauteur-mekapeu-ferdinand-presente-son-ouvrage-6-annees-comme-6-siecles-6-annees-comme-6-heures-au-public\/"},"wordCount":645,"image":{"@id":"https:\/\/www.amanien.info\/news\/lauteur-mekapeu-ferdinand-presente-son-ouvrage-6-annees-comme-6-siecles-6-annees-comme-6-heures-au-public\/#primaryimage"},"thumbnailUrl":"https:\/\/www.amanien.info\/news\/wp-content\/uploads\/2022\/09\/thumbnail-16.jpg","inLanguage":"fr-FR"},{"@type":"WebPage","@id":"https:\/\/www.amanien.info\/news\/lauteur-mekapeu-ferdinand-presente-son-ouvrage-6-annees-comme-6-siecles-6-annees-comme-6-heures-au-public\/","url":"https:\/\/www.amanien.info\/news\/lauteur-mekapeu-ferdinand-presente-son-ouvrage-6-annees-comme-6-siecles-6-annees-comme-6-heures-au-public\/","name":"L'auteur MEKAPEU Ferdinand pr\u00e9sente son ouvrage, \"6 ann\u00e9es comme 6 si\u00e8cles...6 ann\u00e9es comme 6 heures\"\u00a0au public - Amanien| L&#039;actualit\u00e9 Ivoirienne et Internationale","isPartOf":{"@id":"https:\/\/www.amanien.info\/news\/#website"},"primaryImageOfPage":{"@id":"https:\/\/www.amanien.info\/news\/lauteur-mekapeu-ferdinand-presente-son-ouvrage-6-annees-comme-6-siecles-6-annees-comme-6-heures-au-public\/#primaryimage"},"image":{"@id":"https:\/\/www.amanien.info\/news\/lauteur-mekapeu-ferdinand-presente-son-ouvrage-6-annees-comme-6-siecles-6-annees-comme-6-heures-au-public\/#primaryimage"},"thumbnailUrl":"https:\/\/www.amanien.info\/news\/wp-content\/uploads\/2022\/09\/thumbnail-16.jpg","datePublished":"2022-09-28T13:25:20+00:00","dateModified":"2022-09-28T13:25:53+00:00","author":{"@id":"https:\/\/www.amanien.info\/news\/#\/schema\/person\/b21093345753a1a98242d505bd894f42"},"breadcrumb":{"@id":"https:\/\/www.amanien.info\/news\/lauteur-mekapeu-ferdinand-presente-son-ouvrage-6-annees-comme-6-siecles-6-annees-comme-6-heures-au-public\/#breadcrumb"},"inLanguage":"fr-FR","potentialAction":[{"@type":"ReadAction","target":["https:\/\/www.amanien.info\/news\/lauteur-mekapeu-ferdinand-presente-son-ouvrage-6-annees-comme-6-siecles-6-annees-comme-6-heures-au-public\/"]}]},{"@type":"ImageObject","inLanguage":"fr-FR","@id":"https:\/\/www.amanien.info\/news\/lauteur-mekapeu-ferdinand-presente-son-ouvrage-6-annees-comme-6-siecles-6-annees-comme-6-heures-au-public\/#primaryimage","url":"https:\/\/www.amanien.info\/news\/wp-content\/uploads\/2022\/09\/thumbnail-16.jpg","contentUrl":"https:\/\/www.amanien.info\/news\/wp-content\/uploads\/2022\/09\/thumbnail-16.jpg","width":1080,"height":720},{"@type":"BreadcrumbList","@id":"https:\/\/www.amanien.info\/news\/lauteur-mekapeu-ferdinand-presente-son-ouvrage-6-annees-comme-6-siecles-6-annees-comme-6-heures-au-public\/#breadcrumb","itemListElement":[{"@type":"ListItem","position":1,"name":"Accueil","item":"https:\/\/www.amanien.info\/news\/"},{"@type":"ListItem","position":2,"name":"L&rsquo;auteur MEKAPEU Ferdinand pr\u00e9sente son ouvrage, \u00ab\u00a06 ann\u00e9es comme 6 si\u00e8cles&#8230;6 ann\u00e9es comme 6 heures\u00a0\u00bb\u00a0au public"}]},{"@type":"WebSite","@id":"https:\/\/www.amanien.info\/news\/#website","url":"https:\/\/www.amanien.info\/news\/","name":"Amanien| L&#039;actualit\u00e9 Ivoirienne et Internationale","description":"L&#039;actualit\u00e9 Ivoirienne et Internationale","potentialAction":[{"@type":"SearchAction","target":{"@type":"EntryPoint","urlTemplate":"https:\/\/www.amanien.info\/news\/?s={search_term_string}"},"query-input":{"@type":"PropertyValueSpecification","valueRequired":true,"valueName":"search_term_string"}}],"inLanguage":"fr-FR"},{"@type":"Person","@id":"https:\/\/www.amanien.info\/news\/#\/schema\/person\/b21093345753a1a98242d505bd894f42","name":"Germain Ndri","url":"https:\/\/www.amanien.info\/news\/author\/amanien-infos\/"}]}},"_links":{"self":[{"href":"https:\/\/www.amanien.info\/news\/wp-json\/wp\/v2\/posts\/3867","targetHints":{"allow":["GET"]}}],"collection":[{"href":"https:\/\/www.amanien.info\/news\/wp-json\/wp\/v2\/posts"}],"about":[{"href":"https:\/\/www.amanien.info\/news\/wp-json\/wp\/v2\/types\/post"}],"author":[{"embeddable":true,"href":"https:\/\/www.amanien.info\/news\/wp-json\/wp\/v2\/users\/2"}],"replies":[{"embeddable":true,"href":"https:\/\/www.amanien.info\/news\/wp-json\/wp\/v2\/comments?post=3867"}],"version-history":[{"count":1,"href":"https:\/\/www.amanien.info\/news\/wp-json\/wp\/v2\/posts\/3867\/revisions"}],"predecessor-version":[{"id":3869,"href":"https:\/\/www.amanien.info\/news\/wp-json\/wp\/v2\/posts\/3867\/revisions\/3869"}],"wp:featuredmedia":[{"embeddable":true,"href":"https:\/\/www.amanien.info\/news\/wp-json\/wp\/v2\/media\/3868"}],"wp:attachment":[{"href":"https:\/\/www.amanien.info\/news\/wp-json\/wp\/v2\/media?parent=3867"}],"wp:term":[{"taxonomy":"category","embeddable":true,"href":"https:\/\/www.amanien.info\/news\/wp-json\/wp\/v2\/categories?post=3867"},{"taxonomy":"post_tag","embeddable":true,"href":"https:\/\/www.amanien.info\/news\/wp-json\/wp\/v2\/tags?post=3867"}],"curies":[{"name":"wp","href":"https:\/\/api.w.org\/{rel}","templated":true}]}}