{"id":3864,"date":"2022-09-28T13:21:51","date_gmt":"2022-09-28T13:21:51","guid":{"rendered":"https:\/\/www.https:\/\/zozo.buyee.jp\/\/news\/?p=3864"},"modified":"2022-09-28T13:22:35","modified_gmt":"2022-09-28T13:22:35","slug":"pr-diabate-aboubacar-sidiki-medecin-radiologue","status":"publish","type":"post","link":"https:\/\/www.amanien.info\/news\/pr-diabate-aboubacar-sidiki-medecin-radiologue\/","title":{"rendered":"Pr DIABATE Aboubacar Sidiki (M\u00e9decin radiologue): <<Le cancer peut toucher tous les organes du corps humain>>"},"content":{"rendered":"<div><b><i>Dans cet entretien, le Pr\u00e9sident de la soci\u00e9t\u00e9 ivoirienne d&rsquo;imagerie m\u00e9dicale (SIIM), \u00e9galement Chef de service radiologie Adjoint au CHU de Treichville, Pr DIABATE Aboubacar Sidiki \u00e9voque les missions de la soci\u00e9t\u00e9 savante dont il a en charge(SIIM) et dresse le bilan de ses activit\u00e9s. Il donne aussi les objectifs et les grandes lignes du prochain congr\u00e8s et lance un appel aux populations et au Gouvernement.\u00a0<\/i><\/b><\/div>\n<div><\/div>\n<div><\/div>\n<div><\/div>\n<div><\/div>\n<div>Bonjour Professeur.<\/div>\n<div><b>Quelles sont les missions de la Soci\u00e9t\u00e9 Ivoirienne d&rsquo;Imagerie M\u00e9dicale (SIIM)?\u00a0<\/b><\/div>\n<div><b>\u00a0<\/b><\/div>\n<div><b>\u00a0<\/b><\/div>\n<div>La Soci\u00e9t\u00e9 Ivoirienne d&rsquo;Imagerie M\u00e9dicale (SIIM) a \u00e9t\u00e9 cr\u00e9\u00e9e par notre Ma\u00eetre, feu Pr DJEDJE, il y a une trentaine d&rsquo;ann\u00e9es. C&rsquo;est une soci\u00e9t\u00e9 savante qui a pour but d&rsquo;assurer la formation continue des radiologues (M\u00e9decins sp\u00e9cialis\u00e9s en imagerie m\u00e9dicale). Sa principale mission est d&rsquo;assurer la formation continue des radiologues dans diff\u00e9rents domaines ( l&rsquo; \u00e9chographie, l&rsquo;Imagerie par R\u00e9sonnance M\u00e9dicale (IRM), le scanner, la radiographie, etc). Le r\u00f4le de la SIIM est de maintenir le niveau de connaissance des radiologues ivoiriens au niveau des standards les plus \u00e9lev\u00e9s au monde.<\/div>\n<div><\/div>\n<div><\/div>\n<div><\/div>\n<div><b>Quel bilan (de vos activit\u00e9s) \u00e0 mi-parcours pouvez-vous dresser depuis que vous avez pris les r\u00eanes de cette soci\u00e9t\u00e9 savante, la SIIM ?\u00a0<\/b><\/div>\n<div><b>\u00a0<\/b><\/div>\n<div><b>\u00a0<\/b><\/div>\n<div><b>\u00a0<\/b><\/div>\n<div>En 2022, nos activit\u00e9s se sont d\u00e9roul\u00e9es en trois (3) phases. Tous les troisi\u00e8mes vendredis de chaque mois, nous organisons les Enseignements post-universitaires (EPU). Et ces EPU ont pour th\u00e8me g\u00e9n\u00e9ral, \u00ab\u00a0<b>L&rsquo;oncologie (canc\u00e9rologie)\u00a0\u00bb. <\/b>Nous avons analys\u00e9 l&rsquo;imagerie en oncologie ; l&rsquo;apport des techniques d&rsquo;imagerie dans l&rsquo;oncologie sur toutes les diff\u00e9rentes sp\u00e9cialit\u00e9s du corps humain, \u00e0 savoir, la neurologie, les seins, la prostate, l&rsquo;appareil digestif, la p\u00e9diatrie, l&rsquo;oncologie thoracique, l&rsquo;appareil musculosquelettique, etc. Le cancer peut toucher tous les organes du corps humain. Il appartient donc aux radiologues d&rsquo;\u00eatre en mesure de faire le d\u00e9pistage de ces cancers le plus t\u00f4t possible pour permettre aux malades d&rsquo;avoir toutes les chances de gu\u00e9rison.<\/div>\n<div>Le deuxi\u00e8me volet de nos activit\u00e9s a concern\u00e9 l&rsquo;organisation des ateliers, qui consistent \u00e0 assurer une formation pratique des radiologues dans les diff\u00e9rents domaines ( l&rsquo;\u00e9chographie, les micro-biopsies, l&rsquo;\u00e9chographie doplaire, le scanner&#8230;).<\/div>\n<div>Le troisi\u00e8me volet va concerner le congr\u00e8s de la SIIM qui se d\u00e9roulera les 23 et 24 septembre prochains.<\/div>\n<div>C&rsquo;est un congr\u00e8s qui r\u00e9unira tous les radiologues de C\u00f4te d&rsquo;Ivoire et m\u00eame certains de nos coll\u00e8gues de l&rsquo;\u00e9tranger et portera sur l&rsquo;imagerie musculosquelettique. Nous nous pr\u00e9parons \u00e0 ce que nos coll\u00e8gues soient en mesure, pendant la CAN 2024, de prendre en charge les athl\u00e8tes.<\/div>\n<div><\/div>\n<div><\/div>\n<div><b>\u00cates-vous satisfait du bilan \u00e0 mi-parcours que vous venez de pr\u00e9senter ?\u00a0<\/b><\/div>\n<div><\/div>\n<div><\/div>\n<div>Nous sommes satisfait du bilan parce que nous nous rendons compte que nos coll\u00e8gues partagent notre vision, celle du partage de savoir, de connaissances.<\/div>\n<div><\/div>\n<div><\/div>\n<div><\/div>\n<div><b>Quel est l&rsquo;int\u00e9r\u00eat pour les sp\u00e9cialistes de la m\u00e9decine (radiologues, oncologues, n\u00e9phrologues, p\u00e9diatres, pneumologues, etc) et \u00e9tudiants en m\u00e9decine, \u00e0 suivre ces ateliers de formation ?\u00a0<\/b><\/div>\n<div><\/div>\n<div><\/div>\n<div><\/div>\n<div>L&rsquo;int\u00e9r\u00eat, pour eux, c&rsquo;est de maintenir leur niveau de connaissance. Car, les connaissances qui ne se renouvellent pas s&rsquo;\u00e9tiolent. Et\u00a0\u00a0ensuite, la science va \u00e0 une vitesse folle. Donc, nous devons rattraper ce train-l\u00e0 pour ne pas \u00eatre d\u00e9phas\u00e9s; parce que nos malades, aujourd&rsquo;hui, avec Internet, sont au m\u00eame niveau que tous les malades de la plan\u00e8te et ils ont l&rsquo;exigence d&rsquo;avoir des soins de sant\u00e9 normaux.<\/div>\n<div><\/div>\n<div><\/div>\n<div><b>Est-ce que vous assurez \u00e9galement la formation des radiologues sur la ma\u00eetrise de l&rsquo;outil informatique et de nouveaux logiciels ?\u00a0<\/b><\/div>\n<div><b>\u00a0<\/b><\/div>\n<div><b>\u00a0<\/b><\/div>\n<div>Bien s\u00fbr ! Notre discipline est fortement li\u00e9e \u00e0 l&rsquo;informatique. Et nous assurons \u00e0 la formation des radiologues \u00e0 la ma\u00eetrise de tous les logiciels. Cela fait partie des ateliers que nous organisons.<\/div>\n<div><\/div>\n<div><\/div>\n<div><\/div>\n<div><b>Dites-nous, quelles sont les r\u00e9elles difficult\u00e9s que rencontrent les m\u00e9decins radiologues aujourd&rsquo;hui en C\u00f4te d&rsquo;Ivoire, aussi bien dans la prise en charge ou le traitement des cancers que dans l&rsquo;exercice de leur fonction ?\u00a0<\/b><\/div>\n<div><b>\u00a0<\/b><\/div>\n<div><b>\u00a0<\/b><\/div>\n<div>La premi\u00e8re difficult\u00e9, c&rsquo;est le probl\u00e8me d&rsquo;acc\u00e8s aux \u00e9quipements. Le premier challenge, c&rsquo;est d&rsquo;acc\u00e9der \u00e0 des \u00e9quipements qui sont du m\u00eame niveau que ceux des meilleurs h\u00f4pitaux au monde.<\/div>\n<div>Ensuite, il faut que ces \u00e9quipements fonctionnent pendant longtemps. En outre, il faut que les populations aient les moyens financiers de payer les examens et que le radiologue ait \u00e9galement les moyens de payer sa propre formation continue.<\/div>\n<div><\/div>\n<div><\/div>\n<div><b>Combien de radiologues y a-t-il aujourd&rsquo;hui sur toute l&rsquo;\u00e9tendue du territoire national ?\u00a0<\/b><\/div>\n<div><b>\u00a0<\/b><\/div>\n<div><b>\u00a0<\/b><\/div>\n<div>Nous sommes, \u00e0 peu pr\u00e8s, 300 radiologues aujourd&rsquo;hui en C\u00f4te d&rsquo;Ivoire. Les statistiques visent 3 000 radiologues en C\u00f4te d&rsquo;Ivoire. Donc, on est encore loin des objectifs vis\u00e9s.<\/div>\n<div><\/div>\n<div><\/div>\n<div><\/div>\n<div><b>Quels sont les objectifs et les enjeux du prochain congr\u00e8s de la SIIM ?\u00a0<\/b><\/div>\n<div><b>\u00a0<\/b><\/div>\n<div><b>\u00a0<\/b><\/div>\n<div>Le prochain congr\u00e8s va porter sur l&rsquo;imagerie musculosquelettique ( l&rsquo;imagerie du traumatisme, des muscles et du squelette), avec un grand focus sur l&rsquo;imagerie sportive.<\/div>\n<div>L&rsquo;objectif est de pr\u00e9parer nos coll\u00e8gues \u00e0 \u00eatre capables de prendre en charge les athl\u00e8tes et toute la population pendant la prochaine CAN en C\u00f4te d&rsquo;Ivoire. On s&rsquo;attend \u00e0 200 participants (les radiologues, traumatologues, rhumatologues et tous les m\u00e9decins, en g\u00e9n\u00e9ral).<\/div>\n<div><\/div>\n<div><\/div>\n<div><\/div>\n<div><b>Quelles sont les grandes articulations de ce 12\u00e8 congr\u00e8s ?\u00a0<\/b><\/div>\n<div><b>\u00a0<\/b><\/div>\n<div><b>\u00a0<\/b><\/div>\n<div>Il y aura des ateliers qui vont porter sur la formation pratique des radiologues en \u00e9chographie et une quarantaine de communications orales.<\/div>\n<div><\/div>\n<div><\/div>\n<div><\/div>\n<div><b>Quel message pouvez-vous laisser au grand public (populations), aux m\u00e9decins radiologues ainsi qu&rsquo;\u00e0 votre Minist\u00e8re de tutelle ?\u00a0<\/b><\/div>\n<div><b>\u00a0<\/b><\/div>\n<div><\/div>\n<div>L&rsquo;imagerie m\u00e9dicale est aujourd&rsquo;hui au c\u0153ur de l&rsquo;activit\u00e9 m\u00e9dicale. L&rsquo;activit\u00e9 m\u00e9dicale moderne, c&rsquo;est d&rsquo;abord le diagnostic et ce diagnostic est port\u00e9 par l&rsquo;imagerie m\u00e9dicale. Cette capacit\u00e9 de l&rsquo;imagerie m\u00e9dicale \u00e0 faire le diagnostic passe par un important investissement des pouvoirs publics dans les \u00e9quipements. Mais \u00e9galement par la formation des hommes ; parce que sans les hommes, ces \u00e9quipements ne peuvent pas fonctionner au mieux.<\/div>\n<div>Ensuite, il appartient \u00e0 la population de comprendre la n\u00e9cessit\u00e9 de s&rsquo;acquitter des co\u00fbts li\u00e9s \u00e0 la mise en \u0153uvre de ces \u00e9quipements. C&rsquo;est \u00e0 ce prix-l\u00e0 que d&rsquo;\u00e9ventuelles pathologies pourraient \u00eatre diagnostiqu\u00e9es \u00e0 une phase initiale et que la population pourra avoir routes les chances de gu\u00e9rison. Que les populations fassent vraiment un effort de s&rsquo;acquitter des prescriptions de l&rsquo;imagerie m\u00eame si elles peuvent leur sembler ch\u00e8res. C&rsquo;est \u00e0 ce prix qu&rsquo;elles seront mieux prises en charge et le plus efficacement possible. Je f\u00e9licite le gouvernement pour l&rsquo;effort important qu&rsquo;il fait. Qu&rsquo;il fasse davantage ces efforts et qu&rsquo;il aille surtout dans le sens de la formation des radiologues.<\/div>\n<div><\/div>\n<div><\/div>\n<div><b>R\u00e9alis\u00e9e par Sunday ALAIN<\/b><\/div>\n","protected":false},"excerpt":{"rendered":"<p>Dans cet entretien, le Pr\u00e9sident de la soci\u00e9t\u00e9 ivoirienne d&rsquo;imagerie m\u00e9dicale (SIIM), \u00e9galement Chef de service radiologie Adjoint au CHU de Treichville, Pr DIABATE Aboubacar Sidiki \u00e9voque les missions de la soci\u00e9t\u00e9 savante dont il a en charge(SIIM) et dresse le bilan de ses activit\u00e9s. Il donne aussi les objectifs et les grandes lignes du [&hellip;]<\/p>\n","protected":false},"author":2,"featured_media":3865,"comment_status":"closed","ping_status":"closed","sticky":true,"template":"","format":"standard","meta":{"_acf_changed":false,"footnotes":""},"categories":[],"tags":[],"class_list":["post-3864","post","type-post","status-publish","format-standard","has-post-thumbnail","hentry"],"acf":[],"yoast_head":"<!-- This site is optimized with the Yoast SEO plugin v27.5 - https:\/\/yoast.com\/product\/yoast-seo-wordpress\/ -->\n<title>Pr DIABATE Aboubacar Sidiki (M\u00e9decin radiologue):  - Amanien| L&#039;actualit\u00e9 Ivoirienne et Internationale<\/title>\n<meta name=\"robots\" content=\"index, follow, max-snippet:-1, max-image-preview:large, max-video-preview:-1\" \/>\n<link rel=\"canonical\" href=\"https:\/\/www.amanien.info\/news\/pr-diabate-aboubacar-sidiki-medecin-radiologue\/\" \/>\n<meta property=\"og:locale\" content=\"fr_FR\" \/>\n<meta property=\"og:type\" content=\"article\" \/>\n<meta property=\"og:title\" content=\"Pr DIABATE Aboubacar Sidiki (M\u00e9decin radiologue):  - Amanien| L&#039;actualit\u00e9 Ivoirienne et Internationale\" \/>\n<meta property=\"og:description\" content=\"Dans cet entretien, le Pr\u00e9sident de la soci\u00e9t\u00e9 ivoirienne d&rsquo;imagerie m\u00e9dicale (SIIM), \u00e9galement Chef de service radiologie Adjoint au CHU de Treichville, Pr DIABATE Aboubacar Sidiki \u00e9voque les missions de la soci\u00e9t\u00e9 savante dont il a en charge(SIIM) et dresse le bilan de ses activit\u00e9s. Il donne aussi les objectifs et les grandes lignes du [&hellip;]\" \/>\n<meta property=\"og:url\" content=\"https:\/\/www.amanien.info\/news\/pr-diabate-aboubacar-sidiki-medecin-radiologue\/\" \/>\n<meta property=\"og:site_name\" content=\"Amanien| L&#039;actualit\u00e9 Ivoirienne et Internationale\" \/>\n<meta property=\"article:published_time\" content=\"2022-09-28T13:21:51+00:00\" \/>\n<meta property=\"article:modified_time\" content=\"2022-09-28T13:22:35+00:00\" \/>\n<meta property=\"og:image\" content=\"https:\/\/www.amanien.info\/news\/wp-content\/uploads\/2022\/09\/thumbnail-15.jpg\" \/>\n\t<meta property=\"og:image:width\" content=\"552\" \/>\n\t<meta property=\"og:image:height\" content=\"546\" \/>\n\t<meta property=\"og:image:type\" content=\"image\/jpeg\" \/>\n<meta name=\"author\" content=\"Germain Ndri\" \/>\n<meta name=\"twitter:card\" content=\"summary_large_image\" \/>\n<meta name=\"twitter:label1\" content=\"\u00c9crit par\" \/>\n\t<meta name=\"twitter:data1\" content=\"Germain Ndri\" \/>\n\t<meta name=\"twitter:label2\" content=\"Dur\u00e9e de lecture estim\u00e9e\" \/>\n\t<meta name=\"twitter:data2\" content=\"6 minutes\" \/>\n<script type=\"application\/ld+json\" class=\"yoast-schema-graph\">{\"@context\":\"https:\\\/\\\/schema.org\",\"@graph\":[{\"@type\":\"Article\",\"@id\":\"https:\\\/\\\/www.amanien.info\\\/news\\\/pr-diabate-aboubacar-sidiki-medecin-radiologue\\\/#article\",\"isPartOf\":{\"@id\":\"https:\\\/\\\/www.amanien.info\\\/news\\\/pr-diabate-aboubacar-sidiki-medecin-radiologue\\\/\"},\"author\":{\"name\":\"Germain Ndri\",\"@id\":\"https:\\\/\\\/www.amanien.info\\\/news\\\/#\\\/schema\\\/person\\\/b21093345753a1a98242d505bd894f42\"},\"headline\":\"Pr DIABATE Aboubacar Sidiki (M\u00e9decin radiologue):\",\"datePublished\":\"2022-09-28T13:21:51+00:00\",\"dateModified\":\"2022-09-28T13:22:35+00:00\",\"mainEntityOfPage\":{\"@id\":\"https:\\\/\\\/www.amanien.info\\\/news\\\/pr-diabate-aboubacar-sidiki-medecin-radiologue\\\/\"},\"wordCount\":1179,\"image\":{\"@id\":\"https:\\\/\\\/www.amanien.info\\\/news\\\/pr-diabate-aboubacar-sidiki-medecin-radiologue\\\/#primaryimage\"},\"thumbnailUrl\":\"https:\\\/\\\/www.amanien.info\\\/news\\\/wp-content\\\/uploads\\\/2022\\\/09\\\/thumbnail-15.jpg\",\"inLanguage\":\"fr-FR\"},{\"@type\":\"WebPage\",\"@id\":\"https:\\\/\\\/www.amanien.info\\\/news\\\/pr-diabate-aboubacar-sidiki-medecin-radiologue\\\/\",\"url\":\"https:\\\/\\\/www.amanien.info\\\/news\\\/pr-diabate-aboubacar-sidiki-medecin-radiologue\\\/\",\"name\":\"Pr DIABATE Aboubacar Sidiki (M\u00e9decin radiologue): - Amanien| L&#039;actualit\u00e9 Ivoirienne et Internationale\",\"isPartOf\":{\"@id\":\"https:\\\/\\\/www.amanien.info\\\/news\\\/#website\"},\"primaryImageOfPage\":{\"@id\":\"https:\\\/\\\/www.amanien.info\\\/news\\\/pr-diabate-aboubacar-sidiki-medecin-radiologue\\\/#primaryimage\"},\"image\":{\"@id\":\"https:\\\/\\\/www.amanien.info\\\/news\\\/pr-diabate-aboubacar-sidiki-medecin-radiologue\\\/#primaryimage\"},\"thumbnailUrl\":\"https:\\\/\\\/www.amanien.info\\\/news\\\/wp-content\\\/uploads\\\/2022\\\/09\\\/thumbnail-15.jpg\",\"datePublished\":\"2022-09-28T13:21:51+00:00\",\"dateModified\":\"2022-09-28T13:22:35+00:00\",\"author\":{\"@id\":\"https:\\\/\\\/www.amanien.info\\\/news\\\/#\\\/schema\\\/person\\\/b21093345753a1a98242d505bd894f42\"},\"breadcrumb\":{\"@id\":\"https:\\\/\\\/www.amanien.info\\\/news\\\/pr-diabate-aboubacar-sidiki-medecin-radiologue\\\/#breadcrumb\"},\"inLanguage\":\"fr-FR\",\"potentialAction\":[{\"@type\":\"ReadAction\",\"target\":[\"https:\\\/\\\/www.amanien.info\\\/news\\\/pr-diabate-aboubacar-sidiki-medecin-radiologue\\\/\"]}]},{\"@type\":\"ImageObject\",\"inLanguage\":\"fr-FR\",\"@id\":\"https:\\\/\\\/www.amanien.info\\\/news\\\/pr-diabate-aboubacar-sidiki-medecin-radiologue\\\/#primaryimage\",\"url\":\"https:\\\/\\\/www.amanien.info\\\/news\\\/wp-content\\\/uploads\\\/2022\\\/09\\\/thumbnail-15.jpg\",\"contentUrl\":\"https:\\\/\\\/www.amanien.info\\\/news\\\/wp-content\\\/uploads\\\/2022\\\/09\\\/thumbnail-15.jpg\",\"width\":552,\"height\":546},{\"@type\":\"BreadcrumbList\",\"@id\":\"https:\\\/\\\/www.amanien.info\\\/news\\\/pr-diabate-aboubacar-sidiki-medecin-radiologue\\\/#breadcrumb\",\"itemListElement\":[{\"@type\":\"ListItem\",\"position\":1,\"name\":\"Accueil\",\"item\":\"https:\\\/\\\/www.amanien.info\\\/news\\\/\"},{\"@type\":\"ListItem\",\"position\":2,\"name\":\"Pr DIABATE Aboubacar Sidiki (M\u00e9decin radiologue):\"}]},{\"@type\":\"WebSite\",\"@id\":\"https:\\\/\\\/www.amanien.info\\\/news\\\/#website\",\"url\":\"https:\\\/\\\/www.amanien.info\\\/news\\\/\",\"name\":\"Amanien| L&#039;actualit\u00e9 Ivoirienne et Internationale\",\"description\":\"L&#039;actualit\u00e9 Ivoirienne et Internationale\",\"potentialAction\":[{\"@type\":\"SearchAction\",\"target\":{\"@type\":\"EntryPoint\",\"urlTemplate\":\"https:\\\/\\\/www.amanien.info\\\/news\\\/?s={search_term_string}\"},\"query-input\":{\"@type\":\"PropertyValueSpecification\",\"valueRequired\":true,\"valueName\":\"search_term_string\"}}],\"inLanguage\":\"fr-FR\"},{\"@type\":\"Person\",\"@id\":\"https:\\\/\\\/www.amanien.info\\\/news\\\/#\\\/schema\\\/person\\\/b21093345753a1a98242d505bd894f42\",\"name\":\"Germain Ndri\",\"url\":\"https:\\\/\\\/www.amanien.info\\\/news\\\/author\\\/amanien-infos\\\/\"}]}<\/script>\n<!-- \/ Yoast SEO plugin. -->","yoast_head_json":{"title":"Pr DIABATE Aboubacar Sidiki (M\u00e9decin radiologue):  - Amanien| L&#039;actualit\u00e9 Ivoirienne et Internationale","robots":{"index":"index","follow":"follow","max-snippet":"max-snippet:-1","max-image-preview":"max-image-preview:large","max-video-preview":"max-video-preview:-1"},"canonical":"https:\/\/www.amanien.info\/news\/pr-diabate-aboubacar-sidiki-medecin-radiologue\/","og_locale":"fr_FR","og_type":"article","og_title":"Pr DIABATE Aboubacar Sidiki (M\u00e9decin radiologue):  - Amanien| L&#039;actualit\u00e9 Ivoirienne et Internationale","og_description":"Dans cet entretien, le Pr\u00e9sident de la soci\u00e9t\u00e9 ivoirienne d&rsquo;imagerie m\u00e9dicale (SIIM), \u00e9galement Chef de service radiologie Adjoint au CHU de Treichville, Pr DIABATE Aboubacar Sidiki \u00e9voque les missions de la soci\u00e9t\u00e9 savante dont il a en charge(SIIM) et dresse le bilan de ses activit\u00e9s. Il donne aussi les objectifs et les grandes lignes du [&hellip;]","og_url":"https:\/\/www.amanien.info\/news\/pr-diabate-aboubacar-sidiki-medecin-radiologue\/","og_site_name":"Amanien| L&#039;actualit\u00e9 Ivoirienne et Internationale","article_published_time":"2022-09-28T13:21:51+00:00","article_modified_time":"2022-09-28T13:22:35+00:00","og_image":[{"width":552,"height":546,"url":"https:\/\/www.amanien.info\/news\/wp-content\/uploads\/2022\/09\/thumbnail-15.jpg","type":"image\/jpeg"}],"author":"Germain Ndri","twitter_card":"summary_large_image","twitter_misc":{"\u00c9crit par":"Germain Ndri","Dur\u00e9e de lecture estim\u00e9e":"6 minutes"},"schema":{"@context":"https:\/\/schema.org","@graph":[{"@type":"Article","@id":"https:\/\/www.amanien.info\/news\/pr-diabate-aboubacar-sidiki-medecin-radiologue\/#article","isPartOf":{"@id":"https:\/\/www.amanien.info\/news\/pr-diabate-aboubacar-sidiki-medecin-radiologue\/"},"author":{"name":"Germain Ndri","@id":"https:\/\/www.amanien.info\/news\/#\/schema\/person\/b21093345753a1a98242d505bd894f42"},"headline":"Pr DIABATE Aboubacar Sidiki (M\u00e9decin radiologue):","datePublished":"2022-09-28T13:21:51+00:00","dateModified":"2022-09-28T13:22:35+00:00","mainEntityOfPage":{"@id":"https:\/\/www.amanien.info\/news\/pr-diabate-aboubacar-sidiki-medecin-radiologue\/"},"wordCount":1179,"image":{"@id":"https:\/\/www.amanien.info\/news\/pr-diabate-aboubacar-sidiki-medecin-radiologue\/#primaryimage"},"thumbnailUrl":"https:\/\/www.amanien.info\/news\/wp-content\/uploads\/2022\/09\/thumbnail-15.jpg","inLanguage":"fr-FR"},{"@type":"WebPage","@id":"https:\/\/www.amanien.info\/news\/pr-diabate-aboubacar-sidiki-medecin-radiologue\/","url":"https:\/\/www.amanien.info\/news\/pr-diabate-aboubacar-sidiki-medecin-radiologue\/","name":"Pr DIABATE Aboubacar Sidiki (M\u00e9decin radiologue): - Amanien| L&#039;actualit\u00e9 Ivoirienne et Internationale","isPartOf":{"@id":"https:\/\/www.amanien.info\/news\/#website"},"primaryImageOfPage":{"@id":"https:\/\/www.amanien.info\/news\/pr-diabate-aboubacar-sidiki-medecin-radiologue\/#primaryimage"},"image":{"@id":"https:\/\/www.amanien.info\/news\/pr-diabate-aboubacar-sidiki-medecin-radiologue\/#primaryimage"},"thumbnailUrl":"https:\/\/www.amanien.info\/news\/wp-content\/uploads\/2022\/09\/thumbnail-15.jpg","datePublished":"2022-09-28T13:21:51+00:00","dateModified":"2022-09-28T13:22:35+00:00","author":{"@id":"https:\/\/www.amanien.info\/news\/#\/schema\/person\/b21093345753a1a98242d505bd894f42"},"breadcrumb":{"@id":"https:\/\/www.amanien.info\/news\/pr-diabate-aboubacar-sidiki-medecin-radiologue\/#breadcrumb"},"inLanguage":"fr-FR","potentialAction":[{"@type":"ReadAction","target":["https:\/\/www.amanien.info\/news\/pr-diabate-aboubacar-sidiki-medecin-radiologue\/"]}]},{"@type":"ImageObject","inLanguage":"fr-FR","@id":"https:\/\/www.amanien.info\/news\/pr-diabate-aboubacar-sidiki-medecin-radiologue\/#primaryimage","url":"https:\/\/www.amanien.info\/news\/wp-content\/uploads\/2022\/09\/thumbnail-15.jpg","contentUrl":"https:\/\/www.amanien.info\/news\/wp-content\/uploads\/2022\/09\/thumbnail-15.jpg","width":552,"height":546},{"@type":"BreadcrumbList","@id":"https:\/\/www.amanien.info\/news\/pr-diabate-aboubacar-sidiki-medecin-radiologue\/#breadcrumb","itemListElement":[{"@type":"ListItem","position":1,"name":"Accueil","item":"https:\/\/www.amanien.info\/news\/"},{"@type":"ListItem","position":2,"name":"Pr DIABATE Aboubacar Sidiki (M\u00e9decin radiologue):"}]},{"@type":"WebSite","@id":"https:\/\/www.amanien.info\/news\/#website","url":"https:\/\/www.amanien.info\/news\/","name":"Amanien| L&#039;actualit\u00e9 Ivoirienne et Internationale","description":"L&#039;actualit\u00e9 Ivoirienne et Internationale","potentialAction":[{"@type":"SearchAction","target":{"@type":"EntryPoint","urlTemplate":"https:\/\/www.amanien.info\/news\/?s={search_term_string}"},"query-input":{"@type":"PropertyValueSpecification","valueRequired":true,"valueName":"search_term_string"}}],"inLanguage":"fr-FR"},{"@type":"Person","@id":"https:\/\/www.amanien.info\/news\/#\/schema\/person\/b21093345753a1a98242d505bd894f42","name":"Germain Ndri","url":"https:\/\/www.amanien.info\/news\/author\/amanien-infos\/"}]}},"_links":{"self":[{"href":"https:\/\/www.amanien.info\/news\/wp-json\/wp\/v2\/posts\/3864","targetHints":{"allow":["GET"]}}],"collection":[{"href":"https:\/\/www.amanien.info\/news\/wp-json\/wp\/v2\/posts"}],"about":[{"href":"https:\/\/www.amanien.info\/news\/wp-json\/wp\/v2\/types\/post"}],"author":[{"embeddable":true,"href":"https:\/\/www.amanien.info\/news\/wp-json\/wp\/v2\/users\/2"}],"replies":[{"embeddable":true,"href":"https:\/\/www.amanien.info\/news\/wp-json\/wp\/v2\/comments?post=3864"}],"version-history":[{"count":1,"href":"https:\/\/www.amanien.info\/news\/wp-json\/wp\/v2\/posts\/3864\/revisions"}],"predecessor-version":[{"id":3866,"href":"https:\/\/www.amanien.info\/news\/wp-json\/wp\/v2\/posts\/3864\/revisions\/3866"}],"wp:featuredmedia":[{"embeddable":true,"href":"https:\/\/www.amanien.info\/news\/wp-json\/wp\/v2\/media\/3865"}],"wp:attachment":[{"href":"https:\/\/www.amanien.info\/news\/wp-json\/wp\/v2\/media?parent=3864"}],"wp:term":[{"taxonomy":"category","embeddable":true,"href":"https:\/\/www.amanien.info\/news\/wp-json\/wp\/v2\/categories?post=3864"},{"taxonomy":"post_tag","embeddable":true,"href":"https:\/\/www.amanien.info\/news\/wp-json\/wp\/v2\/tags?post=3864"}],"curies":[{"name":"wp","href":"https:\/\/api.w.org\/{rel}","templated":true}]}}