{"id":3729,"date":"2022-09-09T08:09:05","date_gmt":"2022-09-09T08:09:05","guid":{"rendered":"https:\/\/www.https:\/\/zozo.buyee.jp\/\/news\/?p=3729"},"modified":"2022-09-09T08:10:14","modified_gmt":"2022-09-09T08:10:14","slug":"formation-et-insertion-professionnelles-des-jeunes-un-seminaire-sur-loperationnalisation-et-le-deploiement-de-lecole-se-tient-a-jacqueline","status":"publish","type":"post","link":"https:\/\/www.amanien.info\/news\/formation-et-insertion-professionnelles-des-jeunes-un-seminaire-sur-loperationnalisation-et-le-deploiement-de-lecole-se-tient-a-jacqueline\/","title":{"rendered":"Formation et insertion professionnelles des jeunes : Un s\u00e9minaire sur l&rsquo;op\u00e9rationnalisation et le d\u00e9ploiement de l&rsquo;Ecole se tient \u00e0 Jacqueline"},"content":{"rendered":"<div>Dans le cadre de la mise en \u0153uvre de l&rsquo;Ecole de la 2\u00e8 Chance (E2C) en C\u00f4te d&rsquo;Ivoire, programme con\u00e7u par le Gouvernement pour offrir un nouveau parcours d&rsquo;acquisition de comp\u00e9tences professionnelles \u00e0 de jeunes adultes (de 16 \u00e0 35 ans) sans qualification ou mal ins\u00e9r\u00e9s professionnellement, et de les aider \u00e0 se projeter dans l&rsquo;avenir, un s\u00e9minaire est organis\u00e9 par le Minist\u00e8re de l&rsquo;Enseignement Technique, de la Formation Professionnelle et de l&rsquo;Apprentissage(METFPA) pour r\u00e9fl\u00e9chir sur l&rsquo;op\u00e9rationnalisation et le d\u00e9ploiement de l&rsquo;Ecole de la deuxi\u00e8me Chance (E2C) \u00e0 partir de l&rsquo;exp\u00e9rience acquise par la France.<\/div>\n<div><\/div>\n<div><\/div>\n<div><\/div>\n<div>Cet important atelier, qui se d\u00e9roule du 06 au 10 septembre 2022, \u00e0 Jacqueville, a pour objectif de rendre op\u00e9rationnelle et d\u00e9ployer l&rsquo;Ecole de la 2\u00e8 Chance en C\u00f4te d&rsquo;Ivoire. Il s&rsquo;agit, au cours des r\u00e9flexions, d&rsquo;expliquer les concepts de l&rsquo;E2C, de mettre en place des groupes de travail et d&rsquo;\u00e9laborer les principes du cadre op\u00e9rationnel de l&rsquo;E2C.<\/div>\n<div><\/div>\n<div><\/div>\n<div>Repr\u00e9sentant le Ministre ivoirien de l&rsquo;Enseignement Technique, de la Formation Professionnelle et de l&rsquo;Apprentissage, \u00e0 l&rsquo;ouverture des travaux, le Directeur de Cabinet Adjoint, Kouakou N&rsquo;Goran Jean-Arnaaud a indiqu\u00e9 que ce s\u00e9minaire constitue un jalon important de r\u00e9ponse au ch\u00f4mage des jeunes.<\/div>\n<div><\/div>\n<div>Aussi a-t-il annonc\u00e9 que les travaux marquent le d\u00e9but d&rsquo;une s\u00e9rie d&rsquo;activit\u00e9s qui devront conduire \u00e0 la prise de d\u00e9crets et textes de lois dans le cadre de l&rsquo;E2C.<\/div>\n<div><\/div>\n<div>Non sans manquer de f\u00e9liciter les diff\u00e9rents partenaires et acteurs, sans lesquels, pr\u00e9cise-t-il, \u00ab\u00a0ce projet n&rsquo;aurait jamais vu le jour pour leur niveau d&rsquo;engagement\u00a0\u00bb. Avant d&rsquo;encourager les participants \u00e0 profiter de ces cinq(5) jours de r\u00e9flexion, pour proposer des solutions durables au d\u00e9fi de l&#8217;emploi.<\/div>\n<div><\/div>\n<div>Ce s\u00e9minaire, qui r\u00e9unit 130 experts issus de la Primature, de plusieurs Minist\u00e8res techniques, organisations patronales, Chambres consulaires ainsi que des partenaires techniques, se d\u00e9roulera en deux phases, avec une s\u00e9ance pl\u00e9ni\u00e8re et travaux en commission et des travaux en groupes et une restitution.<\/div>\n<div><\/div>\n<div>Notons que les b\u00e9n\u00e9ficiaires de l&rsquo;E2C seront recrut\u00e9s selon les projets et les besoins des entreprises, afin de garantir une ad\u00e9quation formation\/emploi. Ils b\u00e9n\u00e9ficieront d&rsquo;un accompagnement pour s\u00e9curiser leur parcours en insertion professionnelle.<\/div>\n<div>Le dispositif de l&rsquo;E2C a trois composantes ( le d\u00e9ploiement de l&rsquo;apprentissage, appui \u00e0 la professionnalisation des m\u00e9tiers et accompagnement \u00e0 la r\u00e9alisation des projets de formation\/insertion \u00e9manant du secteur productif).<\/div>\n<div><\/div>\n<div><\/div>\n<div><b>S.A avec Sercom<\/b><\/div>\n<div><b>\u00a0<\/b><\/div>\n<div><\/div>\n","protected":false},"excerpt":{"rendered":"<p>Dans le cadre de la mise en \u0153uvre de l&rsquo;Ecole de la 2\u00e8 Chance (E2C) en C\u00f4te d&rsquo;Ivoire, programme con\u00e7u par le Gouvernement pour offrir un nouveau parcours d&rsquo;acquisition de comp\u00e9tences professionnelles \u00e0 de jeunes adultes (de 16 \u00e0 35 ans) sans qualification ou mal ins\u00e9r\u00e9s professionnellement, et de les aider \u00e0 se projeter dans [&hellip;]<\/p>\n","protected":false},"author":2,"featured_media":3730,"comment_status":"closed","ping_status":"closed","sticky":true,"template":"","format":"standard","meta":{"_acf_changed":false,"footnotes":""},"categories":[],"tags":[],"class_list":["post-3729","post","type-post","status-publish","format-standard","has-post-thumbnail","hentry"],"acf":[],"yoast_head":"<!-- This site is optimized with the Yoast SEO plugin v27.5 - https:\/\/yoast.com\/product\/yoast-seo-wordpress\/ -->\n<title>Formation et insertion professionnelles des jeunes : Un s\u00e9minaire sur l&#039;op\u00e9rationnalisation et le d\u00e9ploiement de l&#039;Ecole se tient \u00e0 Jacqueline - Amanien| L&#039;actualit\u00e9 Ivoirienne et Internationale<\/title>\n<meta name=\"robots\" content=\"index, follow, max-snippet:-1, max-image-preview:large, max-video-preview:-1\" \/>\n<link rel=\"canonical\" href=\"https:\/\/www.amanien.info\/news\/formation-et-insertion-professionnelles-des-jeunes-un-seminaire-sur-loperationnalisation-et-le-deploiement-de-lecole-se-tient-a-jacqueline\/\" \/>\n<meta property=\"og:locale\" content=\"fr_FR\" \/>\n<meta property=\"og:type\" content=\"article\" \/>\n<meta property=\"og:title\" content=\"Formation et insertion professionnelles des jeunes : Un s\u00e9minaire sur l&#039;op\u00e9rationnalisation et le d\u00e9ploiement de l&#039;Ecole se tient \u00e0 Jacqueline - Amanien| L&#039;actualit\u00e9 Ivoirienne et Internationale\" \/>\n<meta property=\"og:description\" content=\"Dans le cadre de la mise en \u0153uvre de l&rsquo;Ecole de la 2\u00e8 Chance (E2C) en C\u00f4te d&rsquo;Ivoire, programme con\u00e7u par le Gouvernement pour offrir un nouveau parcours d&rsquo;acquisition de comp\u00e9tences professionnelles \u00e0 de jeunes adultes (de 16 \u00e0 35 ans) sans qualification ou mal ins\u00e9r\u00e9s professionnellement, et de les aider \u00e0 se projeter dans [&hellip;]\" \/>\n<meta property=\"og:url\" content=\"https:\/\/www.amanien.info\/news\/formation-et-insertion-professionnelles-des-jeunes-un-seminaire-sur-loperationnalisation-et-le-deploiement-de-lecole-se-tient-a-jacqueline\/\" \/>\n<meta property=\"og:site_name\" content=\"Amanien| L&#039;actualit\u00e9 Ivoirienne et Internationale\" \/>\n<meta property=\"article:published_time\" content=\"2022-09-09T08:09:05+00:00\" \/>\n<meta property=\"article:modified_time\" content=\"2022-09-09T08:10:14+00:00\" \/>\n<meta property=\"og:image\" content=\"https:\/\/www.amanien.info\/news\/wp-content\/uploads\/2022\/09\/thumbnail-5.jpg\" \/>\n\t<meta property=\"og:image:width\" content=\"1080\" \/>\n\t<meta property=\"og:image:height\" content=\"810\" \/>\n\t<meta property=\"og:image:type\" content=\"image\/jpeg\" \/>\n<meta name=\"author\" content=\"Germain Ndri\" \/>\n<meta name=\"twitter:card\" content=\"summary_large_image\" \/>\n<meta name=\"twitter:label1\" content=\"\u00c9crit par\" \/>\n\t<meta name=\"twitter:data1\" content=\"Germain Ndri\" \/>\n\t<meta name=\"twitter:label2\" content=\"Dur\u00e9e de lecture estim\u00e9e\" \/>\n\t<meta name=\"twitter:data2\" content=\"2 minutes\" \/>\n<script type=\"application\/ld+json\" class=\"yoast-schema-graph\">{\"@context\":\"https:\\\/\\\/schema.org\",\"@graph\":[{\"@type\":\"Article\",\"@id\":\"https:\\\/\\\/www.amanien.info\\\/news\\\/formation-et-insertion-professionnelles-des-jeunes-un-seminaire-sur-loperationnalisation-et-le-deploiement-de-lecole-se-tient-a-jacqueline\\\/#article\",\"isPartOf\":{\"@id\":\"https:\\\/\\\/www.amanien.info\\\/news\\\/formation-et-insertion-professionnelles-des-jeunes-un-seminaire-sur-loperationnalisation-et-le-deploiement-de-lecole-se-tient-a-jacqueline\\\/\"},\"author\":{\"name\":\"Germain Ndri\",\"@id\":\"https:\\\/\\\/www.amanien.info\\\/news\\\/#\\\/schema\\\/person\\\/b21093345753a1a98242d505bd894f42\"},\"headline\":\"Formation et insertion professionnelles des jeunes : Un s\u00e9minaire sur l&rsquo;op\u00e9rationnalisation et le d\u00e9ploiement de l&rsquo;Ecole se tient \u00e0 Jacqueline\",\"datePublished\":\"2022-09-09T08:09:05+00:00\",\"dateModified\":\"2022-09-09T08:10:14+00:00\",\"mainEntityOfPage\":{\"@id\":\"https:\\\/\\\/www.amanien.info\\\/news\\\/formation-et-insertion-professionnelles-des-jeunes-un-seminaire-sur-loperationnalisation-et-le-deploiement-de-lecole-se-tient-a-jacqueline\\\/\"},\"wordCount\":474,\"image\":{\"@id\":\"https:\\\/\\\/www.amanien.info\\\/news\\\/formation-et-insertion-professionnelles-des-jeunes-un-seminaire-sur-loperationnalisation-et-le-deploiement-de-lecole-se-tient-a-jacqueline\\\/#primaryimage\"},\"thumbnailUrl\":\"https:\\\/\\\/www.amanien.info\\\/news\\\/wp-content\\\/uploads\\\/2022\\\/09\\\/thumbnail-5.jpg\",\"inLanguage\":\"fr-FR\"},{\"@type\":\"WebPage\",\"@id\":\"https:\\\/\\\/www.amanien.info\\\/news\\\/formation-et-insertion-professionnelles-des-jeunes-un-seminaire-sur-loperationnalisation-et-le-deploiement-de-lecole-se-tient-a-jacqueline\\\/\",\"url\":\"https:\\\/\\\/www.amanien.info\\\/news\\\/formation-et-insertion-professionnelles-des-jeunes-un-seminaire-sur-loperationnalisation-et-le-deploiement-de-lecole-se-tient-a-jacqueline\\\/\",\"name\":\"Formation et insertion professionnelles des jeunes : Un s\u00e9minaire sur l'op\u00e9rationnalisation et le d\u00e9ploiement de l'Ecole se tient \u00e0 Jacqueline - Amanien| L&#039;actualit\u00e9 Ivoirienne et Internationale\",\"isPartOf\":{\"@id\":\"https:\\\/\\\/www.amanien.info\\\/news\\\/#website\"},\"primaryImageOfPage\":{\"@id\":\"https:\\\/\\\/www.amanien.info\\\/news\\\/formation-et-insertion-professionnelles-des-jeunes-un-seminaire-sur-loperationnalisation-et-le-deploiement-de-lecole-se-tient-a-jacqueline\\\/#primaryimage\"},\"image\":{\"@id\":\"https:\\\/\\\/www.amanien.info\\\/news\\\/formation-et-insertion-professionnelles-des-jeunes-un-seminaire-sur-loperationnalisation-et-le-deploiement-de-lecole-se-tient-a-jacqueline\\\/#primaryimage\"},\"thumbnailUrl\":\"https:\\\/\\\/www.amanien.info\\\/news\\\/wp-content\\\/uploads\\\/2022\\\/09\\\/thumbnail-5.jpg\",\"datePublished\":\"2022-09-09T08:09:05+00:00\",\"dateModified\":\"2022-09-09T08:10:14+00:00\",\"author\":{\"@id\":\"https:\\\/\\\/www.amanien.info\\\/news\\\/#\\\/schema\\\/person\\\/b21093345753a1a98242d505bd894f42\"},\"breadcrumb\":{\"@id\":\"https:\\\/\\\/www.amanien.info\\\/news\\\/formation-et-insertion-professionnelles-des-jeunes-un-seminaire-sur-loperationnalisation-et-le-deploiement-de-lecole-se-tient-a-jacqueline\\\/#breadcrumb\"},\"inLanguage\":\"fr-FR\",\"potentialAction\":[{\"@type\":\"ReadAction\",\"target\":[\"https:\\\/\\\/www.amanien.info\\\/news\\\/formation-et-insertion-professionnelles-des-jeunes-un-seminaire-sur-loperationnalisation-et-le-deploiement-de-lecole-se-tient-a-jacqueline\\\/\"]}]},{\"@type\":\"ImageObject\",\"inLanguage\":\"fr-FR\",\"@id\":\"https:\\\/\\\/www.amanien.info\\\/news\\\/formation-et-insertion-professionnelles-des-jeunes-un-seminaire-sur-loperationnalisation-et-le-deploiement-de-lecole-se-tient-a-jacqueline\\\/#primaryimage\",\"url\":\"https:\\\/\\\/www.amanien.info\\\/news\\\/wp-content\\\/uploads\\\/2022\\\/09\\\/thumbnail-5.jpg\",\"contentUrl\":\"https:\\\/\\\/www.amanien.info\\\/news\\\/wp-content\\\/uploads\\\/2022\\\/09\\\/thumbnail-5.jpg\",\"width\":1080,\"height\":810},{\"@type\":\"BreadcrumbList\",\"@id\":\"https:\\\/\\\/www.amanien.info\\\/news\\\/formation-et-insertion-professionnelles-des-jeunes-un-seminaire-sur-loperationnalisation-et-le-deploiement-de-lecole-se-tient-a-jacqueline\\\/#breadcrumb\",\"itemListElement\":[{\"@type\":\"ListItem\",\"position\":1,\"name\":\"Accueil\",\"item\":\"https:\\\/\\\/www.amanien.info\\\/news\\\/\"},{\"@type\":\"ListItem\",\"position\":2,\"name\":\"Formation et insertion professionnelles des jeunes : Un s\u00e9minaire sur l&rsquo;op\u00e9rationnalisation et le d\u00e9ploiement de l&rsquo;Ecole se tient \u00e0 Jacqueline\"}]},{\"@type\":\"WebSite\",\"@id\":\"https:\\\/\\\/www.amanien.info\\\/news\\\/#website\",\"url\":\"https:\\\/\\\/www.amanien.info\\\/news\\\/\",\"name\":\"Amanien| L&#039;actualit\u00e9 Ivoirienne et Internationale\",\"description\":\"L&#039;actualit\u00e9 Ivoirienne et Internationale\",\"potentialAction\":[{\"@type\":\"SearchAction\",\"target\":{\"@type\":\"EntryPoint\",\"urlTemplate\":\"https:\\\/\\\/www.amanien.info\\\/news\\\/?s={search_term_string}\"},\"query-input\":{\"@type\":\"PropertyValueSpecification\",\"valueRequired\":true,\"valueName\":\"search_term_string\"}}],\"inLanguage\":\"fr-FR\"},{\"@type\":\"Person\",\"@id\":\"https:\\\/\\\/www.amanien.info\\\/news\\\/#\\\/schema\\\/person\\\/b21093345753a1a98242d505bd894f42\",\"name\":\"Germain Ndri\",\"url\":\"https:\\\/\\\/www.amanien.info\\\/news\\\/author\\\/amanien-infos\\\/\"}]}<\/script>\n<!-- \/ Yoast SEO plugin. -->","yoast_head_json":{"title":"Formation et insertion professionnelles des jeunes : Un s\u00e9minaire sur l'op\u00e9rationnalisation et le d\u00e9ploiement de l'Ecole se tient \u00e0 Jacqueline - Amanien| L&#039;actualit\u00e9 Ivoirienne et Internationale","robots":{"index":"index","follow":"follow","max-snippet":"max-snippet:-1","max-image-preview":"max-image-preview:large","max-video-preview":"max-video-preview:-1"},"canonical":"https:\/\/www.amanien.info\/news\/formation-et-insertion-professionnelles-des-jeunes-un-seminaire-sur-loperationnalisation-et-le-deploiement-de-lecole-se-tient-a-jacqueline\/","og_locale":"fr_FR","og_type":"article","og_title":"Formation et insertion professionnelles des jeunes : Un s\u00e9minaire sur l'op\u00e9rationnalisation et le d\u00e9ploiement de l'Ecole se tient \u00e0 Jacqueline - Amanien| L&#039;actualit\u00e9 Ivoirienne et Internationale","og_description":"Dans le cadre de la mise en \u0153uvre de l&rsquo;Ecole de la 2\u00e8 Chance (E2C) en C\u00f4te d&rsquo;Ivoire, programme con\u00e7u par le Gouvernement pour offrir un nouveau parcours d&rsquo;acquisition de comp\u00e9tences professionnelles \u00e0 de jeunes adultes (de 16 \u00e0 35 ans) sans qualification ou mal ins\u00e9r\u00e9s professionnellement, et de les aider \u00e0 se projeter dans [&hellip;]","og_url":"https:\/\/www.amanien.info\/news\/formation-et-insertion-professionnelles-des-jeunes-un-seminaire-sur-loperationnalisation-et-le-deploiement-de-lecole-se-tient-a-jacqueline\/","og_site_name":"Amanien| L&#039;actualit\u00e9 Ivoirienne et Internationale","article_published_time":"2022-09-09T08:09:05+00:00","article_modified_time":"2022-09-09T08:10:14+00:00","og_image":[{"width":1080,"height":810,"url":"https:\/\/www.amanien.info\/news\/wp-content\/uploads\/2022\/09\/thumbnail-5.jpg","type":"image\/jpeg"}],"author":"Germain Ndri","twitter_card":"summary_large_image","twitter_misc":{"\u00c9crit par":"Germain Ndri","Dur\u00e9e de lecture estim\u00e9e":"2 minutes"},"schema":{"@context":"https:\/\/schema.org","@graph":[{"@type":"Article","@id":"https:\/\/www.amanien.info\/news\/formation-et-insertion-professionnelles-des-jeunes-un-seminaire-sur-loperationnalisation-et-le-deploiement-de-lecole-se-tient-a-jacqueline\/#article","isPartOf":{"@id":"https:\/\/www.amanien.info\/news\/formation-et-insertion-professionnelles-des-jeunes-un-seminaire-sur-loperationnalisation-et-le-deploiement-de-lecole-se-tient-a-jacqueline\/"},"author":{"name":"Germain Ndri","@id":"https:\/\/www.amanien.info\/news\/#\/schema\/person\/b21093345753a1a98242d505bd894f42"},"headline":"Formation et insertion professionnelles des jeunes : Un s\u00e9minaire sur l&rsquo;op\u00e9rationnalisation et le d\u00e9ploiement de l&rsquo;Ecole se tient \u00e0 Jacqueline","datePublished":"2022-09-09T08:09:05+00:00","dateModified":"2022-09-09T08:10:14+00:00","mainEntityOfPage":{"@id":"https:\/\/www.amanien.info\/news\/formation-et-insertion-professionnelles-des-jeunes-un-seminaire-sur-loperationnalisation-et-le-deploiement-de-lecole-se-tient-a-jacqueline\/"},"wordCount":474,"image":{"@id":"https:\/\/www.amanien.info\/news\/formation-et-insertion-professionnelles-des-jeunes-un-seminaire-sur-loperationnalisation-et-le-deploiement-de-lecole-se-tient-a-jacqueline\/#primaryimage"},"thumbnailUrl":"https:\/\/www.amanien.info\/news\/wp-content\/uploads\/2022\/09\/thumbnail-5.jpg","inLanguage":"fr-FR"},{"@type":"WebPage","@id":"https:\/\/www.amanien.info\/news\/formation-et-insertion-professionnelles-des-jeunes-un-seminaire-sur-loperationnalisation-et-le-deploiement-de-lecole-se-tient-a-jacqueline\/","url":"https:\/\/www.amanien.info\/news\/formation-et-insertion-professionnelles-des-jeunes-un-seminaire-sur-loperationnalisation-et-le-deploiement-de-lecole-se-tient-a-jacqueline\/","name":"Formation et insertion professionnelles des jeunes : Un s\u00e9minaire sur l'op\u00e9rationnalisation et le d\u00e9ploiement de l'Ecole se tient \u00e0 Jacqueline - Amanien| L&#039;actualit\u00e9 Ivoirienne et Internationale","isPartOf":{"@id":"https:\/\/www.amanien.info\/news\/#website"},"primaryImageOfPage":{"@id":"https:\/\/www.amanien.info\/news\/formation-et-insertion-professionnelles-des-jeunes-un-seminaire-sur-loperationnalisation-et-le-deploiement-de-lecole-se-tient-a-jacqueline\/#primaryimage"},"image":{"@id":"https:\/\/www.amanien.info\/news\/formation-et-insertion-professionnelles-des-jeunes-un-seminaire-sur-loperationnalisation-et-le-deploiement-de-lecole-se-tient-a-jacqueline\/#primaryimage"},"thumbnailUrl":"https:\/\/www.amanien.info\/news\/wp-content\/uploads\/2022\/09\/thumbnail-5.jpg","datePublished":"2022-09-09T08:09:05+00:00","dateModified":"2022-09-09T08:10:14+00:00","author":{"@id":"https:\/\/www.amanien.info\/news\/#\/schema\/person\/b21093345753a1a98242d505bd894f42"},"breadcrumb":{"@id":"https:\/\/www.amanien.info\/news\/formation-et-insertion-professionnelles-des-jeunes-un-seminaire-sur-loperationnalisation-et-le-deploiement-de-lecole-se-tient-a-jacqueline\/#breadcrumb"},"inLanguage":"fr-FR","potentialAction":[{"@type":"ReadAction","target":["https:\/\/www.amanien.info\/news\/formation-et-insertion-professionnelles-des-jeunes-un-seminaire-sur-loperationnalisation-et-le-deploiement-de-lecole-se-tient-a-jacqueline\/"]}]},{"@type":"ImageObject","inLanguage":"fr-FR","@id":"https:\/\/www.amanien.info\/news\/formation-et-insertion-professionnelles-des-jeunes-un-seminaire-sur-loperationnalisation-et-le-deploiement-de-lecole-se-tient-a-jacqueline\/#primaryimage","url":"https:\/\/www.amanien.info\/news\/wp-content\/uploads\/2022\/09\/thumbnail-5.jpg","contentUrl":"https:\/\/www.amanien.info\/news\/wp-content\/uploads\/2022\/09\/thumbnail-5.jpg","width":1080,"height":810},{"@type":"BreadcrumbList","@id":"https:\/\/www.amanien.info\/news\/formation-et-insertion-professionnelles-des-jeunes-un-seminaire-sur-loperationnalisation-et-le-deploiement-de-lecole-se-tient-a-jacqueline\/#breadcrumb","itemListElement":[{"@type":"ListItem","position":1,"name":"Accueil","item":"https:\/\/www.amanien.info\/news\/"},{"@type":"ListItem","position":2,"name":"Formation et insertion professionnelles des jeunes : Un s\u00e9minaire sur l&rsquo;op\u00e9rationnalisation et le d\u00e9ploiement de l&rsquo;Ecole se tient \u00e0 Jacqueline"}]},{"@type":"WebSite","@id":"https:\/\/www.amanien.info\/news\/#website","url":"https:\/\/www.amanien.info\/news\/","name":"Amanien| L&#039;actualit\u00e9 Ivoirienne et Internationale","description":"L&#039;actualit\u00e9 Ivoirienne et Internationale","potentialAction":[{"@type":"SearchAction","target":{"@type":"EntryPoint","urlTemplate":"https:\/\/www.amanien.info\/news\/?s={search_term_string}"},"query-input":{"@type":"PropertyValueSpecification","valueRequired":true,"valueName":"search_term_string"}}],"inLanguage":"fr-FR"},{"@type":"Person","@id":"https:\/\/www.amanien.info\/news\/#\/schema\/person\/b21093345753a1a98242d505bd894f42","name":"Germain Ndri","url":"https:\/\/www.amanien.info\/news\/author\/amanien-infos\/"}]}},"_links":{"self":[{"href":"https:\/\/www.amanien.info\/news\/wp-json\/wp\/v2\/posts\/3729","targetHints":{"allow":["GET"]}}],"collection":[{"href":"https:\/\/www.amanien.info\/news\/wp-json\/wp\/v2\/posts"}],"about":[{"href":"https:\/\/www.amanien.info\/news\/wp-json\/wp\/v2\/types\/post"}],"author":[{"embeddable":true,"href":"https:\/\/www.amanien.info\/news\/wp-json\/wp\/v2\/users\/2"}],"replies":[{"embeddable":true,"href":"https:\/\/www.amanien.info\/news\/wp-json\/wp\/v2\/comments?post=3729"}],"version-history":[{"count":1,"href":"https:\/\/www.amanien.info\/news\/wp-json\/wp\/v2\/posts\/3729\/revisions"}],"predecessor-version":[{"id":3731,"href":"https:\/\/www.amanien.info\/news\/wp-json\/wp\/v2\/posts\/3729\/revisions\/3731"}],"wp:featuredmedia":[{"embeddable":true,"href":"https:\/\/www.amanien.info\/news\/wp-json\/wp\/v2\/media\/3730"}],"wp:attachment":[{"href":"https:\/\/www.amanien.info\/news\/wp-json\/wp\/v2\/media?parent=3729"}],"wp:term":[{"taxonomy":"category","embeddable":true,"href":"https:\/\/www.amanien.info\/news\/wp-json\/wp\/v2\/categories?post=3729"},{"taxonomy":"post_tag","embeddable":true,"href":"https:\/\/www.amanien.info\/news\/wp-json\/wp\/v2\/tags?post=3729"}],"curies":[{"name":"wp","href":"https:\/\/api.w.org\/{rel}","templated":true}]}}