{"id":3707,"date":"2022-09-07T08:48:50","date_gmt":"2022-09-07T08:48:50","guid":{"rendered":"https:\/\/www.https:\/\/zozo.buyee.jp\/\/news\/?p=3707"},"modified":"2022-09-07T08:49:18","modified_gmt":"2022-09-07T08:49:18","slug":"unicef-offre-un-minibus-a-la-fondation-children-of-africa","status":"publish","type":"post","link":"https:\/\/www.amanien.info\/news\/unicef-offre-un-minibus-a-la-fondation-children-of-africa\/","title":{"rendered":"UNICEF offre un minibus \u00e0 la Fondation Children Of Africa"},"content":{"rendered":"<p>Le Fonds des Nations Unies pour l\u2019Enfance (UNICEF) a offert un minibus de onze (11) places \u00e0 la Fondation Children Of Africa, le mardi 6 septembre 2022.<\/p>\n<p>La c\u00e9r\u00e9monie de remise de ce bus s\u2019est d\u00e9roul\u00e9e au si\u00e8ge de la Fondation Children Of Africa en pr\u00e9sence de Madame Dominique Ouattara, Pr\u00e9sidente de la Fondation Children Of Africa et de Monsieur Marc Vincent, repr\u00e9sentant r\u00e9sidant d\u2019UNICEF en C\u00f4te d\u2019Ivoire.<\/p>\n<p>&nbsp;<\/p>\n<p>La c\u00e9r\u00e9monie a enregistr\u00e9 \u00e9galement la pr\u00e9sence de Madame Mirkka Mattila, cheffe de la protection de l\u2019Enfant d\u2019UNICEF, Monsieur Soumahoro Gbato, sp\u00e9cialiste de la protection de l\u2019Enfance, Madame Yao Patricia Sylvie, Directrice de Cabinet de la Premi\u00e8re Dame et Madame Nadine Sangar\u00e9, Directrice de la Fondation Children Of Africa.<\/p>\n<p>&nbsp;<\/p>\n<p>Remettant la cl\u00e9 du minibus \u00e0 la Pr\u00e9sidente de Children Of Africa, Monsieur Marc Vincent a tenu \u00e0 pr\u00e9ciser que ce don est fait en hommage aux actions de bienfaisance de Madame Dominique Ouattara pour les enfants. Selon ce dernier, cet autobus sera remis au Centre de R\u00e9insertion pour Mineurs de Bouak\u00e9 et permettra le d\u00e9placement des jeunes pensionnaires de ce centre d\u2019accueil.<\/p>\n<p>L\u2019\u00e9pouse du Chef de l\u2019Etat a en retour, remerci\u00e9 le g\u00e9n\u00e9reux donateurs, et s\u00e9ance tenante, a remis la cl\u00e9 du mini-bus \u00e0 Madame Nadine Sangar\u00e9, Directrice de la Fondation Children Of Africa afin que le bus soit remis au Centre de R\u00e9insertion pour Mineurs de Bouak\u00e9. \u00a0<strong>\u00a0<\/strong><\/p>\n<p>&nbsp;<\/p>\n<p><strong>\u00a0<\/strong><\/p>\n<p><strong>\u00a0<\/strong><\/p>\n","protected":false},"excerpt":{"rendered":"<p>Le Fonds des Nations Unies pour l\u2019Enfance (UNICEF) a offert un minibus de onze (11) places \u00e0 la Fondation Children Of Africa, le mardi 6 septembre 2022. La c\u00e9r\u00e9monie de remise de ce bus s\u2019est d\u00e9roul\u00e9e au si\u00e8ge de la Fondation Children Of Africa en pr\u00e9sence de Madame Dominique Ouattara, Pr\u00e9sidente de la Fondation Children [&hellip;]<\/p>\n","protected":false},"author":2,"featured_media":3708,"comment_status":"closed","ping_status":"closed","sticky":true,"template":"","format":"standard","meta":{"_acf_changed":false,"footnotes":""},"categories":[],"tags":[],"class_list":["post-3707","post","type-post","status-publish","format-standard","has-post-thumbnail","hentry"],"acf":[],"yoast_head":"<!-- This site is optimized with the Yoast SEO plugin v27.5 - https:\/\/yoast.com\/product\/yoast-seo-wordpress\/ -->\n<title>UNICEF offre un minibus \u00e0 la Fondation Children Of Africa - Amanien| L&#039;actualit\u00e9 Ivoirienne et Internationale<\/title>\n<meta name=\"robots\" content=\"index, follow, max-snippet:-1, max-image-preview:large, max-video-preview:-1\" \/>\n<link rel=\"canonical\" href=\"https:\/\/www.amanien.info\/news\/unicef-offre-un-minibus-a-la-fondation-children-of-africa\/\" \/>\n<meta property=\"og:locale\" content=\"fr_FR\" \/>\n<meta property=\"og:type\" content=\"article\" \/>\n<meta property=\"og:title\" content=\"UNICEF offre un minibus \u00e0 la Fondation Children Of Africa - Amanien| L&#039;actualit\u00e9 Ivoirienne et Internationale\" \/>\n<meta property=\"og:description\" content=\"Le Fonds des Nations Unies pour l\u2019Enfance (UNICEF) a offert un minibus de onze (11) places \u00e0 la Fondation Children Of Africa, le mardi 6 septembre 2022. La c\u00e9r\u00e9monie de remise de ce bus s\u2019est d\u00e9roul\u00e9e au si\u00e8ge de la Fondation Children Of Africa en pr\u00e9sence de Madame Dominique Ouattara, Pr\u00e9sidente de la Fondation Children [&hellip;]\" \/>\n<meta property=\"og:url\" content=\"https:\/\/www.amanien.info\/news\/unicef-offre-un-minibus-a-la-fondation-children-of-africa\/\" \/>\n<meta property=\"og:site_name\" content=\"Amanien| L&#039;actualit\u00e9 Ivoirienne et Internationale\" \/>\n<meta property=\"article:published_time\" content=\"2022-09-07T08:48:50+00:00\" \/>\n<meta property=\"article:modified_time\" content=\"2022-09-07T08:49:18+00:00\" \/>\n<meta property=\"og:image\" content=\"https:\/\/www.amanien.info\/news\/wp-content\/uploads\/2022\/09\/thumbnail-4.jpg\" \/>\n\t<meta property=\"og:image:width\" content=\"1080\" \/>\n\t<meta property=\"og:image:height\" content=\"719\" \/>\n\t<meta property=\"og:image:type\" content=\"image\/jpeg\" \/>\n<meta name=\"author\" content=\"Germain Ndri\" \/>\n<meta name=\"twitter:card\" content=\"summary_large_image\" \/>\n<meta name=\"twitter:label1\" content=\"\u00c9crit par\" \/>\n\t<meta name=\"twitter:data1\" content=\"Germain Ndri\" \/>\n\t<meta name=\"twitter:label2\" content=\"Dur\u00e9e de lecture estim\u00e9e\" \/>\n\t<meta name=\"twitter:data2\" content=\"2 minutes\" \/>\n<script type=\"application\/ld+json\" class=\"yoast-schema-graph\">{\"@context\":\"https:\\\/\\\/schema.org\",\"@graph\":[{\"@type\":\"Article\",\"@id\":\"https:\\\/\\\/www.amanien.info\\\/news\\\/unicef-offre-un-minibus-a-la-fondation-children-of-africa\\\/#article\",\"isPartOf\":{\"@id\":\"https:\\\/\\\/www.amanien.info\\\/news\\\/unicef-offre-un-minibus-a-la-fondation-children-of-africa\\\/\"},\"author\":{\"name\":\"Germain Ndri\",\"@id\":\"https:\\\/\\\/www.amanien.info\\\/news\\\/#\\\/schema\\\/person\\\/b21093345753a1a98242d505bd894f42\"},\"headline\":\"UNICEF offre un minibus \u00e0 la Fondation Children Of Africa\",\"datePublished\":\"2022-09-07T08:48:50+00:00\",\"dateModified\":\"2022-09-07T08:49:18+00:00\",\"mainEntityOfPage\":{\"@id\":\"https:\\\/\\\/www.amanien.info\\\/news\\\/unicef-offre-un-minibus-a-la-fondation-children-of-africa\\\/\"},\"wordCount\":264,\"image\":{\"@id\":\"https:\\\/\\\/www.amanien.info\\\/news\\\/unicef-offre-un-minibus-a-la-fondation-children-of-africa\\\/#primaryimage\"},\"thumbnailUrl\":\"https:\\\/\\\/www.amanien.info\\\/news\\\/wp-content\\\/uploads\\\/2022\\\/09\\\/thumbnail-4.jpg\",\"inLanguage\":\"fr-FR\"},{\"@type\":\"WebPage\",\"@id\":\"https:\\\/\\\/www.amanien.info\\\/news\\\/unicef-offre-un-minibus-a-la-fondation-children-of-africa\\\/\",\"url\":\"https:\\\/\\\/www.amanien.info\\\/news\\\/unicef-offre-un-minibus-a-la-fondation-children-of-africa\\\/\",\"name\":\"UNICEF offre un minibus \u00e0 la Fondation Children Of Africa - Amanien| L&#039;actualit\u00e9 Ivoirienne et Internationale\",\"isPartOf\":{\"@id\":\"https:\\\/\\\/www.amanien.info\\\/news\\\/#website\"},\"primaryImageOfPage\":{\"@id\":\"https:\\\/\\\/www.amanien.info\\\/news\\\/unicef-offre-un-minibus-a-la-fondation-children-of-africa\\\/#primaryimage\"},\"image\":{\"@id\":\"https:\\\/\\\/www.amanien.info\\\/news\\\/unicef-offre-un-minibus-a-la-fondation-children-of-africa\\\/#primaryimage\"},\"thumbnailUrl\":\"https:\\\/\\\/www.amanien.info\\\/news\\\/wp-content\\\/uploads\\\/2022\\\/09\\\/thumbnail-4.jpg\",\"datePublished\":\"2022-09-07T08:48:50+00:00\",\"dateModified\":\"2022-09-07T08:49:18+00:00\",\"author\":{\"@id\":\"https:\\\/\\\/www.amanien.info\\\/news\\\/#\\\/schema\\\/person\\\/b21093345753a1a98242d505bd894f42\"},\"breadcrumb\":{\"@id\":\"https:\\\/\\\/www.amanien.info\\\/news\\\/unicef-offre-un-minibus-a-la-fondation-children-of-africa\\\/#breadcrumb\"},\"inLanguage\":\"fr-FR\",\"potentialAction\":[{\"@type\":\"ReadAction\",\"target\":[\"https:\\\/\\\/www.amanien.info\\\/news\\\/unicef-offre-un-minibus-a-la-fondation-children-of-africa\\\/\"]}]},{\"@type\":\"ImageObject\",\"inLanguage\":\"fr-FR\",\"@id\":\"https:\\\/\\\/www.amanien.info\\\/news\\\/unicef-offre-un-minibus-a-la-fondation-children-of-africa\\\/#primaryimage\",\"url\":\"https:\\\/\\\/www.amanien.info\\\/news\\\/wp-content\\\/uploads\\\/2022\\\/09\\\/thumbnail-4.jpg\",\"contentUrl\":\"https:\\\/\\\/www.amanien.info\\\/news\\\/wp-content\\\/uploads\\\/2022\\\/09\\\/thumbnail-4.jpg\",\"width\":1080,\"height\":719},{\"@type\":\"BreadcrumbList\",\"@id\":\"https:\\\/\\\/www.amanien.info\\\/news\\\/unicef-offre-un-minibus-a-la-fondation-children-of-africa\\\/#breadcrumb\",\"itemListElement\":[{\"@type\":\"ListItem\",\"position\":1,\"name\":\"Accueil\",\"item\":\"https:\\\/\\\/www.amanien.info\\\/news\\\/\"},{\"@type\":\"ListItem\",\"position\":2,\"name\":\"UNICEF offre un minibus \u00e0 la Fondation Children Of Africa\"}]},{\"@type\":\"WebSite\",\"@id\":\"https:\\\/\\\/www.amanien.info\\\/news\\\/#website\",\"url\":\"https:\\\/\\\/www.amanien.info\\\/news\\\/\",\"name\":\"Amanien| L&#039;actualit\u00e9 Ivoirienne et Internationale\",\"description\":\"L&#039;actualit\u00e9 Ivoirienne et Internationale\",\"potentialAction\":[{\"@type\":\"SearchAction\",\"target\":{\"@type\":\"EntryPoint\",\"urlTemplate\":\"https:\\\/\\\/www.amanien.info\\\/news\\\/?s={search_term_string}\"},\"query-input\":{\"@type\":\"PropertyValueSpecification\",\"valueRequired\":true,\"valueName\":\"search_term_string\"}}],\"inLanguage\":\"fr-FR\"},{\"@type\":\"Person\",\"@id\":\"https:\\\/\\\/www.amanien.info\\\/news\\\/#\\\/schema\\\/person\\\/b21093345753a1a98242d505bd894f42\",\"name\":\"Germain Ndri\",\"url\":\"https:\\\/\\\/www.amanien.info\\\/news\\\/author\\\/amanien-infos\\\/\"}]}<\/script>\n<!-- \/ Yoast SEO plugin. -->","yoast_head_json":{"title":"UNICEF offre un minibus \u00e0 la Fondation Children Of Africa - Amanien| L&#039;actualit\u00e9 Ivoirienne et Internationale","robots":{"index":"index","follow":"follow","max-snippet":"max-snippet:-1","max-image-preview":"max-image-preview:large","max-video-preview":"max-video-preview:-1"},"canonical":"https:\/\/www.amanien.info\/news\/unicef-offre-un-minibus-a-la-fondation-children-of-africa\/","og_locale":"fr_FR","og_type":"article","og_title":"UNICEF offre un minibus \u00e0 la Fondation Children Of Africa - Amanien| L&#039;actualit\u00e9 Ivoirienne et Internationale","og_description":"Le Fonds des Nations Unies pour l\u2019Enfance (UNICEF) a offert un minibus de onze (11) places \u00e0 la Fondation Children Of Africa, le mardi 6 septembre 2022. La c\u00e9r\u00e9monie de remise de ce bus s\u2019est d\u00e9roul\u00e9e au si\u00e8ge de la Fondation Children Of Africa en pr\u00e9sence de Madame Dominique Ouattara, Pr\u00e9sidente de la Fondation Children [&hellip;]","og_url":"https:\/\/www.amanien.info\/news\/unicef-offre-un-minibus-a-la-fondation-children-of-africa\/","og_site_name":"Amanien| L&#039;actualit\u00e9 Ivoirienne et Internationale","article_published_time":"2022-09-07T08:48:50+00:00","article_modified_time":"2022-09-07T08:49:18+00:00","og_image":[{"width":1080,"height":719,"url":"https:\/\/www.amanien.info\/news\/wp-content\/uploads\/2022\/09\/thumbnail-4.jpg","type":"image\/jpeg"}],"author":"Germain Ndri","twitter_card":"summary_large_image","twitter_misc":{"\u00c9crit par":"Germain Ndri","Dur\u00e9e de lecture estim\u00e9e":"2 minutes"},"schema":{"@context":"https:\/\/schema.org","@graph":[{"@type":"Article","@id":"https:\/\/www.amanien.info\/news\/unicef-offre-un-minibus-a-la-fondation-children-of-africa\/#article","isPartOf":{"@id":"https:\/\/www.amanien.info\/news\/unicef-offre-un-minibus-a-la-fondation-children-of-africa\/"},"author":{"name":"Germain Ndri","@id":"https:\/\/www.amanien.info\/news\/#\/schema\/person\/b21093345753a1a98242d505bd894f42"},"headline":"UNICEF offre un minibus \u00e0 la Fondation Children Of Africa","datePublished":"2022-09-07T08:48:50+00:00","dateModified":"2022-09-07T08:49:18+00:00","mainEntityOfPage":{"@id":"https:\/\/www.amanien.info\/news\/unicef-offre-un-minibus-a-la-fondation-children-of-africa\/"},"wordCount":264,"image":{"@id":"https:\/\/www.amanien.info\/news\/unicef-offre-un-minibus-a-la-fondation-children-of-africa\/#primaryimage"},"thumbnailUrl":"https:\/\/www.amanien.info\/news\/wp-content\/uploads\/2022\/09\/thumbnail-4.jpg","inLanguage":"fr-FR"},{"@type":"WebPage","@id":"https:\/\/www.amanien.info\/news\/unicef-offre-un-minibus-a-la-fondation-children-of-africa\/","url":"https:\/\/www.amanien.info\/news\/unicef-offre-un-minibus-a-la-fondation-children-of-africa\/","name":"UNICEF offre un minibus \u00e0 la Fondation Children Of Africa - Amanien| L&#039;actualit\u00e9 Ivoirienne et Internationale","isPartOf":{"@id":"https:\/\/www.amanien.info\/news\/#website"},"primaryImageOfPage":{"@id":"https:\/\/www.amanien.info\/news\/unicef-offre-un-minibus-a-la-fondation-children-of-africa\/#primaryimage"},"image":{"@id":"https:\/\/www.amanien.info\/news\/unicef-offre-un-minibus-a-la-fondation-children-of-africa\/#primaryimage"},"thumbnailUrl":"https:\/\/www.amanien.info\/news\/wp-content\/uploads\/2022\/09\/thumbnail-4.jpg","datePublished":"2022-09-07T08:48:50+00:00","dateModified":"2022-09-07T08:49:18+00:00","author":{"@id":"https:\/\/www.amanien.info\/news\/#\/schema\/person\/b21093345753a1a98242d505bd894f42"},"breadcrumb":{"@id":"https:\/\/www.amanien.info\/news\/unicef-offre-un-minibus-a-la-fondation-children-of-africa\/#breadcrumb"},"inLanguage":"fr-FR","potentialAction":[{"@type":"ReadAction","target":["https:\/\/www.amanien.info\/news\/unicef-offre-un-minibus-a-la-fondation-children-of-africa\/"]}]},{"@type":"ImageObject","inLanguage":"fr-FR","@id":"https:\/\/www.amanien.info\/news\/unicef-offre-un-minibus-a-la-fondation-children-of-africa\/#primaryimage","url":"https:\/\/www.amanien.info\/news\/wp-content\/uploads\/2022\/09\/thumbnail-4.jpg","contentUrl":"https:\/\/www.amanien.info\/news\/wp-content\/uploads\/2022\/09\/thumbnail-4.jpg","width":1080,"height":719},{"@type":"BreadcrumbList","@id":"https:\/\/www.amanien.info\/news\/unicef-offre-un-minibus-a-la-fondation-children-of-africa\/#breadcrumb","itemListElement":[{"@type":"ListItem","position":1,"name":"Accueil","item":"https:\/\/www.amanien.info\/news\/"},{"@type":"ListItem","position":2,"name":"UNICEF offre un minibus \u00e0 la Fondation Children Of Africa"}]},{"@type":"WebSite","@id":"https:\/\/www.amanien.info\/news\/#website","url":"https:\/\/www.amanien.info\/news\/","name":"Amanien| L&#039;actualit\u00e9 Ivoirienne et Internationale","description":"L&#039;actualit\u00e9 Ivoirienne et Internationale","potentialAction":[{"@type":"SearchAction","target":{"@type":"EntryPoint","urlTemplate":"https:\/\/www.amanien.info\/news\/?s={search_term_string}"},"query-input":{"@type":"PropertyValueSpecification","valueRequired":true,"valueName":"search_term_string"}}],"inLanguage":"fr-FR"},{"@type":"Person","@id":"https:\/\/www.amanien.info\/news\/#\/schema\/person\/b21093345753a1a98242d505bd894f42","name":"Germain Ndri","url":"https:\/\/www.amanien.info\/news\/author\/amanien-infos\/"}]}},"_links":{"self":[{"href":"https:\/\/www.amanien.info\/news\/wp-json\/wp\/v2\/posts\/3707","targetHints":{"allow":["GET"]}}],"collection":[{"href":"https:\/\/www.amanien.info\/news\/wp-json\/wp\/v2\/posts"}],"about":[{"href":"https:\/\/www.amanien.info\/news\/wp-json\/wp\/v2\/types\/post"}],"author":[{"embeddable":true,"href":"https:\/\/www.amanien.info\/news\/wp-json\/wp\/v2\/users\/2"}],"replies":[{"embeddable":true,"href":"https:\/\/www.amanien.info\/news\/wp-json\/wp\/v2\/comments?post=3707"}],"version-history":[{"count":1,"href":"https:\/\/www.amanien.info\/news\/wp-json\/wp\/v2\/posts\/3707\/revisions"}],"predecessor-version":[{"id":3709,"href":"https:\/\/www.amanien.info\/news\/wp-json\/wp\/v2\/posts\/3707\/revisions\/3709"}],"wp:featuredmedia":[{"embeddable":true,"href":"https:\/\/www.amanien.info\/news\/wp-json\/wp\/v2\/media\/3708"}],"wp:attachment":[{"href":"https:\/\/www.amanien.info\/news\/wp-json\/wp\/v2\/media?parent=3707"}],"wp:term":[{"taxonomy":"category","embeddable":true,"href":"https:\/\/www.amanien.info\/news\/wp-json\/wp\/v2\/categories?post=3707"},{"taxonomy":"post_tag","embeddable":true,"href":"https:\/\/www.amanien.info\/news\/wp-json\/wp\/v2\/tags?post=3707"}],"curies":[{"name":"wp","href":"https:\/\/api.w.org\/{rel}","templated":true}]}}