{"id":3700,"date":"2022-09-07T08:39:55","date_gmt":"2022-09-07T08:39:55","guid":{"rendered":"https:\/\/www.https:\/\/zozo.buyee.jp\/\/news\/?p=3700"},"modified":"2022-09-07T08:40:25","modified_gmt":"2022-09-07T08:40:25","slug":"fete-de-la-federation-atchado-de-yopougon-koutele-chef-de-village-apiti-a-clement","status":"publish","type":"post","link":"https:\/\/www.amanien.info\/news\/fete-de-la-federation-atchado-de-yopougon-koutele-chef-de-village-apiti-a-clement\/","title":{"rendered":"F\u00eate de la F\u00e9d\u00e9ration \u00ab\u00a0ATCHADO\u00a0\u00bb de Yopougon-Kout\u00e9:Le Chef de village, APITI A. Cl\u00e9ment :<<C'est l'unit\u00e9 qui fait la force du d\u00e9veloppement>>"},"content":{"rendered":"<div>La F\u00e9d\u00e9ration des 10 lign\u00e9es de Yopougon-Kout\u00e9 (F\u00e9d\u00e9ration ATCHADO) a organis\u00e9, ce samedi 03 septembre 2022, au foyer du village Kout\u00e9, sa f\u00eate de l&rsquo;Unit\u00e9, de la Fraternit\u00e9 et de la Paix, baptis\u00e9e \u00ab\u00a0N&rsquo;MINBRH\u00c8-LI YABLH\u00c8\u00a0\u00bb( F\u00eate de l&rsquo;Unit\u00e9).<\/div>\n<div><\/div>\n<div>C&rsquo;\u00e9tait en pr\u00e9sence du Ministre ivoirien des Eaux et For\u00eats, Laurent TCHAGBA, de l&rsquo;ex-maire de la commune de Yopougon, Jean F\u00e9licien GBAMNAN Djidan, des Honorables DIA HOUPHOUET et Marie AKE AK\u00e9bi\u00e9, des Cadres, des Membres de la Grande Famille ATCHADO, des Chefs de villages, de nombreuses d\u00e9l\u00e9gations de f\u00e9d\u00e9rations, etc.<\/div>\n<div><\/div>\n<div>A cette c\u00e9l\u00e9bration, le Chef du village Yopougon-Kout\u00e9, \u00e9galement Membre de la grande famille ATCHADO, APITI APITI Cl\u00e9ment a pr\u00f4n\u00e9 l&rsquo;union, la coh\u00e9sion sociale et la paix, gage du d\u00e9veloppement. <i>&lt;&lt;Dans les perspectives d&rsquo;un futur d\u00e9veloppement, c&rsquo;est l&rsquo;unit\u00e9 qui fait la force du d\u00e9veloppement. C&rsquo;est pourquoi, nous avons jug\u00e9 utile d&rsquo;unifier ces 10 lign\u00e9es en une seule famille matrilin\u00e9aire, la grande famille ATCHADO&gt;&gt; <\/i>a-t-il indiqu\u00e9<i>.\u00a0<\/i><\/div>\n<div><i>\u00a0<\/i><\/div>\n<div>A l&rsquo;en croire, cette f\u00eate, qui est un moment de retrouvailles et de la c\u00e9l\u00e9bration de l&rsquo;unit\u00e9, va permettre \u00ab\u00a0d&rsquo;assurer la coh\u00e9sion sociale au sein du village afin que la paix y r\u00e8gne et que le d\u00e9veloppement puisse \u00eatre amorc\u00e9\u00a0\u00bba-t-il dit.<\/div>\n<div><\/div>\n<div>Et de poursuivre : <i>&lt;&lt;Si la coh\u00e9sion sociale est assur\u00e9e, la paix va, certainement, demeurer en notre sein pour que nous puissions penser projet et d\u00e9veloppement et p\u00e9renniser cela aupr\u00e8s de la jeunesse, les ATCHADO de demain&gt;&gt; <\/i>a ajout\u00e9 le garant des us et coutumes.<\/div>\n<div><\/div>\n<div>Abondant dans le m\u00eame sens, le Ministre des Eaux et For\u00eats, Parrain de la c\u00e9r\u00e9monie, Laurent TCHAGBA a indiqu\u00e9 que l&rsquo;unit\u00e9 et la fraternit\u00e9 doivent \u00eatre \u00ab\u00a0au-dessus de nos divergences\u00a0\u00bb.<\/div>\n<div><\/div>\n<div>Le Ministre a \u00e9galement soulign\u00e9 que cette f\u00eate \u00ab\u00a0magnifie et valorise notre tradition; elle est l&rsquo;un des d\u00e9fis qui se pr\u00e9sentent au peuple ATCHAN.<\/div>\n<div><i>&lt;&lt;C&rsquo;est l&rsquo;unit\u00e9 qui fait la force d&rsquo;un peuple. Le fait d&rsquo;\u00eatre ensemble aujourd&rsquo;hui, nous sommes en train de prendre le chemin du rassemblement&gt;&gt;\u00a0<\/i>a fait savoir le D\u00e9put\u00e9 d&rsquo;Att\u00e9coub\u00e9.<\/div>\n<div><\/div>\n<div><\/div>\n<div>En tant que Membre de la famille ATCHADO, Laurent TCHAGBA a rassur\u00e9 qu&rsquo;il sera toujours \u00e0 l&rsquo;\u00e9coute de la grande famille et a invit\u00e9 les autres membres de la f\u00e9d\u00e9ration ATCHADO \u00e0 sensibiliser les autres familles sur l&rsquo;Union.<\/div>\n<div><i>&lt;&lt;Si nous sommes unis, beaucoup de choses peuvent \u00eatre r\u00e9alis\u00e9es&gt;&gt; <\/i>a-t-il dit<i>.\u00a0<\/i><\/div>\n<div><i>\u00a0<\/i><\/div>\n<div><\/div>\n<div><i>\u00a0<\/i><\/div>\n<div>Pour sa part, le Pr\u00e9sident du Comit\u00e9 d&rsquo;organisation, par ailleurs Membre de la famille ATCHADO, AGBASSI Timoth\u00e9e a exhort\u00e9 les populations au maintien de cette union. <i>&lt;&lt;Aujourd&rsquo;hui, il faut qu&rsquo;on aille dans le sens de l&rsquo;union pour que nous soyons plus forts. Le socle de notre union va d\u00e9terminer la place de la jeunesse&gt;&gt; a-t-il d\u00e9clar\u00e9, <\/i>estimant que l&rsquo;exemple de la famille ATCHADO sera suivi par d&rsquo;autres familles, \u00e0 travers des \u00ab\u00a0actes que n<i>ous poserons dans l&rsquo;avenir\u00a0\u00bb.\u00a0<\/i><\/div>\n<div><i>\u00a0<\/i><\/div>\n<div><\/div>\n<div>\u00a0Le Pr\u00e9sident du Comit\u00e9 d&rsquo;organisation a, par ailleurs, souhait\u00e9 que cette f\u00eate soit annuelle afin que, justifie-t-il, nous puissions effectivement trouver l&rsquo;occasion, chaque ann\u00e9e, de r\u00e9gler certaines crises qui pourraient avoir lieu au sein de la famille, de telle sorte que l&rsquo;id\u00e9e de f\u00e9d\u00e9ration et d&rsquo;unit\u00e9 puisse rester pour de bon.<\/div>\n<div><\/div>\n<div><\/div>\n<div>Cette belle f\u00eate de l&rsquo;unit\u00e9 a \u00e9t\u00e9 marqu\u00e9e par une procession en fanfare, des b\u00e9n\u00e9dictions et des pri\u00e8res, la pr\u00e9sentation de dons, des interventions des Hommes et cadres ATCHADO, etc.<\/div>\n<div><\/div>\n<div>Cette c\u00e9r\u00e9monie a \u00e9t\u00e9 une occasion de rassembler les 10 lign\u00e9es ATCHADO de Yopougon-Kout\u00e9 avec 10 Chefs de famille.<\/div>\n<div><\/div>\n<div><b>\u00a0<\/b><\/div>\n<div><b>Sunday ALAIN<\/b><\/div>\n<div><\/div>\n","protected":false},"excerpt":{"rendered":"<p>La F\u00e9d\u00e9ration des 10 lign\u00e9es de Yopougon-Kout\u00e9 (F\u00e9d\u00e9ration ATCHADO) a organis\u00e9, ce samedi 03 septembre 2022, au foyer du village Kout\u00e9, sa f\u00eate de l&rsquo;Unit\u00e9, de la Fraternit\u00e9 et de la Paix, baptis\u00e9e \u00ab\u00a0N&rsquo;MINBRH\u00c8-LI YABLH\u00c8\u00a0\u00bb( F\u00eate de l&rsquo;Unit\u00e9). C&rsquo;\u00e9tait en pr\u00e9sence du Ministre ivoirien des Eaux et For\u00eats, Laurent TCHAGBA, de l&rsquo;ex-maire de la commune [&hellip;]<\/p>\n","protected":false},"author":2,"featured_media":3701,"comment_status":"closed","ping_status":"closed","sticky":true,"template":"","format":"standard","meta":{"_acf_changed":false,"footnotes":""},"categories":[],"tags":[],"class_list":["post-3700","post","type-post","status-publish","format-standard","has-post-thumbnail","hentry"],"acf":[],"yoast_head":"<!-- This site is optimized with the Yoast SEO plugin v27.5 - https:\/\/yoast.com\/product\/yoast-seo-wordpress\/ -->\n<title>F\u00eate de la F\u00e9d\u00e9ration &quot;ATCHADO&quot; de Yopougon-Kout\u00e9:Le Chef de village, APITI A. Cl\u00e9ment : - Amanien| L&#039;actualit\u00e9 Ivoirienne et Internationale<\/title>\n<meta name=\"robots\" content=\"index, follow, max-snippet:-1, max-image-preview:large, max-video-preview:-1\" \/>\n<link rel=\"canonical\" href=\"https:\/\/www.amanien.info\/news\/fete-de-la-federation-atchado-de-yopougon-koutele-chef-de-village-apiti-a-clement\/\" \/>\n<meta property=\"og:locale\" content=\"fr_FR\" \/>\n<meta property=\"og:type\" content=\"article\" \/>\n<meta property=\"og:title\" content=\"F\u00eate de la F\u00e9d\u00e9ration &quot;ATCHADO&quot; de Yopougon-Kout\u00e9:Le Chef de village, APITI A. Cl\u00e9ment : - Amanien| L&#039;actualit\u00e9 Ivoirienne et Internationale\" \/>\n<meta property=\"og:description\" content=\"La F\u00e9d\u00e9ration des 10 lign\u00e9es de Yopougon-Kout\u00e9 (F\u00e9d\u00e9ration ATCHADO) a organis\u00e9, ce samedi 03 septembre 2022, au foyer du village Kout\u00e9, sa f\u00eate de l&rsquo;Unit\u00e9, de la Fraternit\u00e9 et de la Paix, baptis\u00e9e \u00ab\u00a0N&rsquo;MINBRH\u00c8-LI YABLH\u00c8\u00a0\u00bb( F\u00eate de l&rsquo;Unit\u00e9). C&rsquo;\u00e9tait en pr\u00e9sence du Ministre ivoirien des Eaux et For\u00eats, Laurent TCHAGBA, de l&rsquo;ex-maire de la commune [&hellip;]\" \/>\n<meta property=\"og:url\" content=\"https:\/\/www.amanien.info\/news\/fete-de-la-federation-atchado-de-yopougon-koutele-chef-de-village-apiti-a-clement\/\" \/>\n<meta property=\"og:site_name\" content=\"Amanien| L&#039;actualit\u00e9 Ivoirienne et Internationale\" \/>\n<meta property=\"article:published_time\" content=\"2022-09-07T08:39:55+00:00\" \/>\n<meta property=\"article:modified_time\" content=\"2022-09-07T08:40:25+00:00\" \/>\n<meta property=\"og:image\" content=\"https:\/\/www.amanien.info\/news\/wp-content\/uploads\/2022\/09\/thumbnail-2.jpg\" \/>\n\t<meta property=\"og:image:width\" content=\"1024\" \/>\n\t<meta property=\"og:image:height\" content=\"576\" \/>\n\t<meta property=\"og:image:type\" content=\"image\/jpeg\" \/>\n<meta name=\"author\" content=\"Germain Ndri\" \/>\n<meta name=\"twitter:card\" content=\"summary_large_image\" \/>\n<meta name=\"twitter:label1\" content=\"\u00c9crit par\" \/>\n\t<meta name=\"twitter:data1\" content=\"Germain Ndri\" \/>\n\t<meta name=\"twitter:label2\" content=\"Dur\u00e9e de lecture estim\u00e9e\" \/>\n\t<meta name=\"twitter:data2\" content=\"3 minutes\" \/>\n<script type=\"application\/ld+json\" class=\"yoast-schema-graph\">{\"@context\":\"https:\\\/\\\/schema.org\",\"@graph\":[{\"@type\":\"Article\",\"@id\":\"https:\\\/\\\/www.amanien.info\\\/news\\\/fete-de-la-federation-atchado-de-yopougon-koutele-chef-de-village-apiti-a-clement\\\/#article\",\"isPartOf\":{\"@id\":\"https:\\\/\\\/www.amanien.info\\\/news\\\/fete-de-la-federation-atchado-de-yopougon-koutele-chef-de-village-apiti-a-clement\\\/\"},\"author\":{\"name\":\"Germain Ndri\",\"@id\":\"https:\\\/\\\/www.amanien.info\\\/news\\\/#\\\/schema\\\/person\\\/b21093345753a1a98242d505bd894f42\"},\"headline\":\"F\u00eate de la F\u00e9d\u00e9ration \u00ab\u00a0ATCHADO\u00a0\u00bb de Yopougon-Kout\u00e9:Le Chef de village, APITI A. Cl\u00e9ment :\",\"datePublished\":\"2022-09-07T08:39:55+00:00\",\"dateModified\":\"2022-09-07T08:40:25+00:00\",\"mainEntityOfPage\":{\"@id\":\"https:\\\/\\\/www.amanien.info\\\/news\\\/fete-de-la-federation-atchado-de-yopougon-koutele-chef-de-village-apiti-a-clement\\\/\"},\"wordCount\":688,\"image\":{\"@id\":\"https:\\\/\\\/www.amanien.info\\\/news\\\/fete-de-la-federation-atchado-de-yopougon-koutele-chef-de-village-apiti-a-clement\\\/#primaryimage\"},\"thumbnailUrl\":\"https:\\\/\\\/www.amanien.info\\\/news\\\/wp-content\\\/uploads\\\/2022\\\/09\\\/thumbnail-2.jpg\",\"inLanguage\":\"fr-FR\"},{\"@type\":\"WebPage\",\"@id\":\"https:\\\/\\\/www.amanien.info\\\/news\\\/fete-de-la-federation-atchado-de-yopougon-koutele-chef-de-village-apiti-a-clement\\\/\",\"url\":\"https:\\\/\\\/www.amanien.info\\\/news\\\/fete-de-la-federation-atchado-de-yopougon-koutele-chef-de-village-apiti-a-clement\\\/\",\"name\":\"F\u00eate de la F\u00e9d\u00e9ration \\\"ATCHADO\\\" de Yopougon-Kout\u00e9:Le Chef de village, APITI A. Cl\u00e9ment : - Amanien| L&#039;actualit\u00e9 Ivoirienne et Internationale\",\"isPartOf\":{\"@id\":\"https:\\\/\\\/www.amanien.info\\\/news\\\/#website\"},\"primaryImageOfPage\":{\"@id\":\"https:\\\/\\\/www.amanien.info\\\/news\\\/fete-de-la-federation-atchado-de-yopougon-koutele-chef-de-village-apiti-a-clement\\\/#primaryimage\"},\"image\":{\"@id\":\"https:\\\/\\\/www.amanien.info\\\/news\\\/fete-de-la-federation-atchado-de-yopougon-koutele-chef-de-village-apiti-a-clement\\\/#primaryimage\"},\"thumbnailUrl\":\"https:\\\/\\\/www.amanien.info\\\/news\\\/wp-content\\\/uploads\\\/2022\\\/09\\\/thumbnail-2.jpg\",\"datePublished\":\"2022-09-07T08:39:55+00:00\",\"dateModified\":\"2022-09-07T08:40:25+00:00\",\"author\":{\"@id\":\"https:\\\/\\\/www.amanien.info\\\/news\\\/#\\\/schema\\\/person\\\/b21093345753a1a98242d505bd894f42\"},\"breadcrumb\":{\"@id\":\"https:\\\/\\\/www.amanien.info\\\/news\\\/fete-de-la-federation-atchado-de-yopougon-koutele-chef-de-village-apiti-a-clement\\\/#breadcrumb\"},\"inLanguage\":\"fr-FR\",\"potentialAction\":[{\"@type\":\"ReadAction\",\"target\":[\"https:\\\/\\\/www.amanien.info\\\/news\\\/fete-de-la-federation-atchado-de-yopougon-koutele-chef-de-village-apiti-a-clement\\\/\"]}]},{\"@type\":\"ImageObject\",\"inLanguage\":\"fr-FR\",\"@id\":\"https:\\\/\\\/www.amanien.info\\\/news\\\/fete-de-la-federation-atchado-de-yopougon-koutele-chef-de-village-apiti-a-clement\\\/#primaryimage\",\"url\":\"https:\\\/\\\/www.amanien.info\\\/news\\\/wp-content\\\/uploads\\\/2022\\\/09\\\/thumbnail-2.jpg\",\"contentUrl\":\"https:\\\/\\\/www.amanien.info\\\/news\\\/wp-content\\\/uploads\\\/2022\\\/09\\\/thumbnail-2.jpg\",\"width\":1024,\"height\":576},{\"@type\":\"BreadcrumbList\",\"@id\":\"https:\\\/\\\/www.amanien.info\\\/news\\\/fete-de-la-federation-atchado-de-yopougon-koutele-chef-de-village-apiti-a-clement\\\/#breadcrumb\",\"itemListElement\":[{\"@type\":\"ListItem\",\"position\":1,\"name\":\"Accueil\",\"item\":\"https:\\\/\\\/www.amanien.info\\\/news\\\/\"},{\"@type\":\"ListItem\",\"position\":2,\"name\":\"F\u00eate de la F\u00e9d\u00e9ration \u00ab\u00a0ATCHADO\u00a0\u00bb de Yopougon-Kout\u00e9:Le Chef de village, APITI A. Cl\u00e9ment :\"}]},{\"@type\":\"WebSite\",\"@id\":\"https:\\\/\\\/www.amanien.info\\\/news\\\/#website\",\"url\":\"https:\\\/\\\/www.amanien.info\\\/news\\\/\",\"name\":\"Amanien| L&#039;actualit\u00e9 Ivoirienne et Internationale\",\"description\":\"L&#039;actualit\u00e9 Ivoirienne et Internationale\",\"potentialAction\":[{\"@type\":\"SearchAction\",\"target\":{\"@type\":\"EntryPoint\",\"urlTemplate\":\"https:\\\/\\\/www.amanien.info\\\/news\\\/?s={search_term_string}\"},\"query-input\":{\"@type\":\"PropertyValueSpecification\",\"valueRequired\":true,\"valueName\":\"search_term_string\"}}],\"inLanguage\":\"fr-FR\"},{\"@type\":\"Person\",\"@id\":\"https:\\\/\\\/www.amanien.info\\\/news\\\/#\\\/schema\\\/person\\\/b21093345753a1a98242d505bd894f42\",\"name\":\"Germain Ndri\",\"url\":\"https:\\\/\\\/www.amanien.info\\\/news\\\/author\\\/amanien-infos\\\/\"}]}<\/script>\n<!-- \/ Yoast SEO plugin. -->","yoast_head_json":{"title":"F\u00eate de la F\u00e9d\u00e9ration \"ATCHADO\" de Yopougon-Kout\u00e9:Le Chef de village, APITI A. Cl\u00e9ment : - Amanien| L&#039;actualit\u00e9 Ivoirienne et Internationale","robots":{"index":"index","follow":"follow","max-snippet":"max-snippet:-1","max-image-preview":"max-image-preview:large","max-video-preview":"max-video-preview:-1"},"canonical":"https:\/\/www.amanien.info\/news\/fete-de-la-federation-atchado-de-yopougon-koutele-chef-de-village-apiti-a-clement\/","og_locale":"fr_FR","og_type":"article","og_title":"F\u00eate de la F\u00e9d\u00e9ration \"ATCHADO\" de Yopougon-Kout\u00e9:Le Chef de village, APITI A. Cl\u00e9ment : - Amanien| L&#039;actualit\u00e9 Ivoirienne et Internationale","og_description":"La F\u00e9d\u00e9ration des 10 lign\u00e9es de Yopougon-Kout\u00e9 (F\u00e9d\u00e9ration ATCHADO) a organis\u00e9, ce samedi 03 septembre 2022, au foyer du village Kout\u00e9, sa f\u00eate de l&rsquo;Unit\u00e9, de la Fraternit\u00e9 et de la Paix, baptis\u00e9e \u00ab\u00a0N&rsquo;MINBRH\u00c8-LI YABLH\u00c8\u00a0\u00bb( F\u00eate de l&rsquo;Unit\u00e9). C&rsquo;\u00e9tait en pr\u00e9sence du Ministre ivoirien des Eaux et For\u00eats, Laurent TCHAGBA, de l&rsquo;ex-maire de la commune [&hellip;]","og_url":"https:\/\/www.amanien.info\/news\/fete-de-la-federation-atchado-de-yopougon-koutele-chef-de-village-apiti-a-clement\/","og_site_name":"Amanien| L&#039;actualit\u00e9 Ivoirienne et Internationale","article_published_time":"2022-09-07T08:39:55+00:00","article_modified_time":"2022-09-07T08:40:25+00:00","og_image":[{"width":1024,"height":576,"url":"https:\/\/www.amanien.info\/news\/wp-content\/uploads\/2022\/09\/thumbnail-2.jpg","type":"image\/jpeg"}],"author":"Germain Ndri","twitter_card":"summary_large_image","twitter_misc":{"\u00c9crit par":"Germain Ndri","Dur\u00e9e de lecture estim\u00e9e":"3 minutes"},"schema":{"@context":"https:\/\/schema.org","@graph":[{"@type":"Article","@id":"https:\/\/www.amanien.info\/news\/fete-de-la-federation-atchado-de-yopougon-koutele-chef-de-village-apiti-a-clement\/#article","isPartOf":{"@id":"https:\/\/www.amanien.info\/news\/fete-de-la-federation-atchado-de-yopougon-koutele-chef-de-village-apiti-a-clement\/"},"author":{"name":"Germain Ndri","@id":"https:\/\/www.amanien.info\/news\/#\/schema\/person\/b21093345753a1a98242d505bd894f42"},"headline":"F\u00eate de la F\u00e9d\u00e9ration \u00ab\u00a0ATCHADO\u00a0\u00bb de Yopougon-Kout\u00e9:Le Chef de village, APITI A. Cl\u00e9ment :","datePublished":"2022-09-07T08:39:55+00:00","dateModified":"2022-09-07T08:40:25+00:00","mainEntityOfPage":{"@id":"https:\/\/www.amanien.info\/news\/fete-de-la-federation-atchado-de-yopougon-koutele-chef-de-village-apiti-a-clement\/"},"wordCount":688,"image":{"@id":"https:\/\/www.amanien.info\/news\/fete-de-la-federation-atchado-de-yopougon-koutele-chef-de-village-apiti-a-clement\/#primaryimage"},"thumbnailUrl":"https:\/\/www.amanien.info\/news\/wp-content\/uploads\/2022\/09\/thumbnail-2.jpg","inLanguage":"fr-FR"},{"@type":"WebPage","@id":"https:\/\/www.amanien.info\/news\/fete-de-la-federation-atchado-de-yopougon-koutele-chef-de-village-apiti-a-clement\/","url":"https:\/\/www.amanien.info\/news\/fete-de-la-federation-atchado-de-yopougon-koutele-chef-de-village-apiti-a-clement\/","name":"F\u00eate de la F\u00e9d\u00e9ration \"ATCHADO\" de Yopougon-Kout\u00e9:Le Chef de village, APITI A. Cl\u00e9ment : - Amanien| L&#039;actualit\u00e9 Ivoirienne et Internationale","isPartOf":{"@id":"https:\/\/www.amanien.info\/news\/#website"},"primaryImageOfPage":{"@id":"https:\/\/www.amanien.info\/news\/fete-de-la-federation-atchado-de-yopougon-koutele-chef-de-village-apiti-a-clement\/#primaryimage"},"image":{"@id":"https:\/\/www.amanien.info\/news\/fete-de-la-federation-atchado-de-yopougon-koutele-chef-de-village-apiti-a-clement\/#primaryimage"},"thumbnailUrl":"https:\/\/www.amanien.info\/news\/wp-content\/uploads\/2022\/09\/thumbnail-2.jpg","datePublished":"2022-09-07T08:39:55+00:00","dateModified":"2022-09-07T08:40:25+00:00","author":{"@id":"https:\/\/www.amanien.info\/news\/#\/schema\/person\/b21093345753a1a98242d505bd894f42"},"breadcrumb":{"@id":"https:\/\/www.amanien.info\/news\/fete-de-la-federation-atchado-de-yopougon-koutele-chef-de-village-apiti-a-clement\/#breadcrumb"},"inLanguage":"fr-FR","potentialAction":[{"@type":"ReadAction","target":["https:\/\/www.amanien.info\/news\/fete-de-la-federation-atchado-de-yopougon-koutele-chef-de-village-apiti-a-clement\/"]}]},{"@type":"ImageObject","inLanguage":"fr-FR","@id":"https:\/\/www.amanien.info\/news\/fete-de-la-federation-atchado-de-yopougon-koutele-chef-de-village-apiti-a-clement\/#primaryimage","url":"https:\/\/www.amanien.info\/news\/wp-content\/uploads\/2022\/09\/thumbnail-2.jpg","contentUrl":"https:\/\/www.amanien.info\/news\/wp-content\/uploads\/2022\/09\/thumbnail-2.jpg","width":1024,"height":576},{"@type":"BreadcrumbList","@id":"https:\/\/www.amanien.info\/news\/fete-de-la-federation-atchado-de-yopougon-koutele-chef-de-village-apiti-a-clement\/#breadcrumb","itemListElement":[{"@type":"ListItem","position":1,"name":"Accueil","item":"https:\/\/www.amanien.info\/news\/"},{"@type":"ListItem","position":2,"name":"F\u00eate de la F\u00e9d\u00e9ration \u00ab\u00a0ATCHADO\u00a0\u00bb de Yopougon-Kout\u00e9:Le Chef de village, APITI A. Cl\u00e9ment :"}]},{"@type":"WebSite","@id":"https:\/\/www.amanien.info\/news\/#website","url":"https:\/\/www.amanien.info\/news\/","name":"Amanien| L&#039;actualit\u00e9 Ivoirienne et Internationale","description":"L&#039;actualit\u00e9 Ivoirienne et Internationale","potentialAction":[{"@type":"SearchAction","target":{"@type":"EntryPoint","urlTemplate":"https:\/\/www.amanien.info\/news\/?s={search_term_string}"},"query-input":{"@type":"PropertyValueSpecification","valueRequired":true,"valueName":"search_term_string"}}],"inLanguage":"fr-FR"},{"@type":"Person","@id":"https:\/\/www.amanien.info\/news\/#\/schema\/person\/b21093345753a1a98242d505bd894f42","name":"Germain Ndri","url":"https:\/\/www.amanien.info\/news\/author\/amanien-infos\/"}]}},"_links":{"self":[{"href":"https:\/\/www.amanien.info\/news\/wp-json\/wp\/v2\/posts\/3700","targetHints":{"allow":["GET"]}}],"collection":[{"href":"https:\/\/www.amanien.info\/news\/wp-json\/wp\/v2\/posts"}],"about":[{"href":"https:\/\/www.amanien.info\/news\/wp-json\/wp\/v2\/types\/post"}],"author":[{"embeddable":true,"href":"https:\/\/www.amanien.info\/news\/wp-json\/wp\/v2\/users\/2"}],"replies":[{"embeddable":true,"href":"https:\/\/www.amanien.info\/news\/wp-json\/wp\/v2\/comments?post=3700"}],"version-history":[{"count":1,"href":"https:\/\/www.amanien.info\/news\/wp-json\/wp\/v2\/posts\/3700\/revisions"}],"predecessor-version":[{"id":3702,"href":"https:\/\/www.amanien.info\/news\/wp-json\/wp\/v2\/posts\/3700\/revisions\/3702"}],"wp:featuredmedia":[{"embeddable":true,"href":"https:\/\/www.amanien.info\/news\/wp-json\/wp\/v2\/media\/3701"}],"wp:attachment":[{"href":"https:\/\/www.amanien.info\/news\/wp-json\/wp\/v2\/media?parent=3700"}],"wp:term":[{"taxonomy":"category","embeddable":true,"href":"https:\/\/www.amanien.info\/news\/wp-json\/wp\/v2\/categories?post=3700"},{"taxonomy":"post_tag","embeddable":true,"href":"https:\/\/www.amanien.info\/news\/wp-json\/wp\/v2\/tags?post=3700"}],"curies":[{"name":"wp","href":"https:\/\/api.w.org\/{rel}","templated":true}]}}