{"id":3652,"date":"2022-08-30T08:16:00","date_gmt":"2022-08-30T08:16:00","guid":{"rendered":"https:\/\/www.https:\/\/zozo.buyee.jp\/\/news\/?p=3652"},"modified":"2022-08-30T08:16:29","modified_gmt":"2022-08-30T08:16:29","slug":"concert-40-ans-de-carriere-de-luckson-padaud-son-orchestre-en-repetitions","status":"publish","type":"post","link":"https:\/\/www.amanien.info\/news\/concert-40-ans-de-carriere-de-luckson-padaud-son-orchestre-en-repetitions\/","title":{"rendered":"Concert: 40 ans de carri\u00e8re de Luckson PADAUD, son orchestre en r\u00e9p\u00e9titions"},"content":{"rendered":"<p>c\u00e9l\u00e9bration des 40 ans de carri\u00e8re de l&rsquo;une des ic\u00f4nes de la musique ivoirienne, Luckson PADAUD.<br \/>\nPr\u00e9paration minutieuse de ce grand rendez-vous. Son orchestre, \u00ab\u00a0&lsquo; les fr\u00e8res Sehia\u00a0\u00bb&lsquo; p\u00e8tent la grande forme.<\/p>\n<p>Les musiciens \u00a0\u00bb d\u00e9cha\u00een\u00e9s\u00a0\u00bb par l&rsquo;id\u00e9e de participer \u00e0 cette grande messe rivalisent d&rsquo;ardeur, distillant des sonorit\u00e9s musicales du riche r\u00e9pertoire du p\u00e8re du \u00ab\u00a0Laba- Laba\u00a0\u00bb ,avec une belle orchestration, sous sous la supervision du chef d&rsquo;orchestre Eli Bass, qui ne peut que promettre de grands spectacles : &lt;&lt; On va mettre le feu, non pas pour br\u00fbler le Sofitel H\u00f4tel ivoire et le palais de la culture, mais plut\u00f4t mettre l&rsquo;ambiance dans le c\u0153ur des spectateurs \u00e0 qui nous montrerons une autre couleur de la musique tradi- moderne&gt;&gt;.<\/p>\n<p>Les chanteurs eux aussi ne sont pas en reste de cette ambiance surchauff\u00e9e. La doublure et fils de PADAUD, Sehia junior \u00e9gr\u00e8ne avec un timbre vocal semblable \u00e0 son p\u00e8re ses chansons, telle la c\u00e9l\u00e8bre chanson kalgbeu.<\/p>\n<p>Pendant que les danseurs et danseuses dans des chor\u00e9graphies \u00e0 couper le souffle et g\u00e9n\u00e9reusement belles, font montre de leur dext\u00e9rit\u00e9, souplesse et charme, \u00e0 l&rsquo;image de la danseuse attir\u00e9e Sehia&rsquo; Zokou. Celle-ci \u00e0 promis de nouveaux pas de danse et rassur\u00e9 qu&rsquo;on pouvait compter sur eux, car pr\u00eats pour les diff\u00e9rents spectacles.<\/p>\n<p>Ainsi rassur\u00e9e par toutes ses professions de foi, Mlle Sabine KOUAM\u00c9 l&rsquo;assistante de ic\u00f4ne et charg\u00e9e des finances de la fondation Luckson PADAUD ne peut qu&rsquo;inviter toute la population et particuli\u00e8rement la gente f\u00e9minine, premi\u00e8re fan de l&rsquo;artiste de venir le soutenir et le c\u00e9l\u00e8brer, lors des concerts du 27 Ao\u00fbt au Sofitel H\u00f4tel ivoire et celui du palais de la culture de Treichville, le 03 septembre de cette ann\u00e9e 2022.<\/p>\n<p>ST\u00c8VE GUEDE<\/p>\n","protected":false},"excerpt":{"rendered":"<p>c\u00e9l\u00e9bration des 40 ans de carri\u00e8re de l&rsquo;une des ic\u00f4nes de la musique ivoirienne, Luckson PADAUD. Pr\u00e9paration minutieuse de ce grand rendez-vous. Son orchestre, \u00ab\u00a0&lsquo; les fr\u00e8res Sehia\u00a0\u00bb&lsquo; p\u00e8tent la grande forme. Les musiciens \u00a0\u00bb d\u00e9cha\u00een\u00e9s\u00a0\u00bb par l&rsquo;id\u00e9e de participer \u00e0 cette grande messe rivalisent d&rsquo;ardeur, distillant des sonorit\u00e9s musicales du riche r\u00e9pertoire du p\u00e8re [&hellip;]<\/p>\n","protected":false},"author":2,"featured_media":3653,"comment_status":"closed","ping_status":"closed","sticky":true,"template":"","format":"standard","meta":{"_acf_changed":false,"footnotes":""},"categories":[],"tags":[],"class_list":["post-3652","post","type-post","status-publish","format-standard","has-post-thumbnail","hentry"],"acf":[],"yoast_head":"<!-- This site is optimized with the Yoast SEO plugin v27.5 - https:\/\/yoast.com\/product\/yoast-seo-wordpress\/ -->\n<title>Concert: 40 ans de carri\u00e8re de Luckson PADAUD, son orchestre en r\u00e9p\u00e9titions - Amanien| L&#039;actualit\u00e9 Ivoirienne et Internationale<\/title>\n<meta name=\"robots\" content=\"index, follow, max-snippet:-1, max-image-preview:large, max-video-preview:-1\" \/>\n<link rel=\"canonical\" href=\"https:\/\/www.amanien.info\/news\/concert-40-ans-de-carriere-de-luckson-padaud-son-orchestre-en-repetitions\/\" \/>\n<meta property=\"og:locale\" content=\"fr_FR\" \/>\n<meta property=\"og:type\" content=\"article\" \/>\n<meta property=\"og:title\" content=\"Concert: 40 ans de carri\u00e8re de Luckson PADAUD, son orchestre en r\u00e9p\u00e9titions - Amanien| L&#039;actualit\u00e9 Ivoirienne et Internationale\" \/>\n<meta property=\"og:description\" content=\"c\u00e9l\u00e9bration des 40 ans de carri\u00e8re de l&rsquo;une des ic\u00f4nes de la musique ivoirienne, Luckson PADAUD. Pr\u00e9paration minutieuse de ce grand rendez-vous. Son orchestre, \u00ab\u00a0&lsquo; les fr\u00e8res Sehia\u00a0\u00bb&lsquo; p\u00e8tent la grande forme. Les musiciens \u00a0\u00bb d\u00e9cha\u00een\u00e9s\u00a0\u00bb par l&rsquo;id\u00e9e de participer \u00e0 cette grande messe rivalisent d&rsquo;ardeur, distillant des sonorit\u00e9s musicales du riche r\u00e9pertoire du p\u00e8re [&hellip;]\" \/>\n<meta property=\"og:url\" content=\"https:\/\/www.amanien.info\/news\/concert-40-ans-de-carriere-de-luckson-padaud-son-orchestre-en-repetitions\/\" \/>\n<meta property=\"og:site_name\" content=\"Amanien| L&#039;actualit\u00e9 Ivoirienne et Internationale\" \/>\n<meta property=\"article:published_time\" content=\"2022-08-30T08:16:00+00:00\" \/>\n<meta property=\"article:modified_time\" content=\"2022-08-30T08:16:29+00:00\" \/>\n<meta property=\"og:image\" content=\"https:\/\/www.amanien.info\/news\/wp-content\/uploads\/2022\/08\/thumbnail-13.jpg\" \/>\n\t<meta property=\"og:image:width\" content=\"1080\" \/>\n\t<meta property=\"og:image:height\" content=\"810\" \/>\n\t<meta property=\"og:image:type\" content=\"image\/jpeg\" \/>\n<meta name=\"author\" content=\"Germain Ndri\" \/>\n<meta name=\"twitter:card\" content=\"summary_large_image\" \/>\n<meta name=\"twitter:label1\" content=\"\u00c9crit par\" \/>\n\t<meta name=\"twitter:data1\" content=\"Germain Ndri\" \/>\n\t<meta name=\"twitter:label2\" content=\"Dur\u00e9e de lecture estim\u00e9e\" \/>\n\t<meta name=\"twitter:data2\" content=\"2 minutes\" \/>\n<script type=\"application\/ld+json\" class=\"yoast-schema-graph\">{\"@context\":\"https:\\\/\\\/schema.org\",\"@graph\":[{\"@type\":\"Article\",\"@id\":\"https:\\\/\\\/www.amanien.info\\\/news\\\/concert-40-ans-de-carriere-de-luckson-padaud-son-orchestre-en-repetitions\\\/#article\",\"isPartOf\":{\"@id\":\"https:\\\/\\\/www.amanien.info\\\/news\\\/concert-40-ans-de-carriere-de-luckson-padaud-son-orchestre-en-repetitions\\\/\"},\"author\":{\"name\":\"Germain Ndri\",\"@id\":\"https:\\\/\\\/www.amanien.info\\\/news\\\/#\\\/schema\\\/person\\\/b21093345753a1a98242d505bd894f42\"},\"headline\":\"Concert: 40 ans de carri\u00e8re de Luckson PADAUD, son orchestre en r\u00e9p\u00e9titions\",\"datePublished\":\"2022-08-30T08:16:00+00:00\",\"dateModified\":\"2022-08-30T08:16:29+00:00\",\"mainEntityOfPage\":{\"@id\":\"https:\\\/\\\/www.amanien.info\\\/news\\\/concert-40-ans-de-carriere-de-luckson-padaud-son-orchestre-en-repetitions\\\/\"},\"wordCount\":340,\"image\":{\"@id\":\"https:\\\/\\\/www.amanien.info\\\/news\\\/concert-40-ans-de-carriere-de-luckson-padaud-son-orchestre-en-repetitions\\\/#primaryimage\"},\"thumbnailUrl\":\"https:\\\/\\\/www.amanien.info\\\/news\\\/wp-content\\\/uploads\\\/2022\\\/08\\\/thumbnail-13.jpg\",\"inLanguage\":\"fr-FR\"},{\"@type\":\"WebPage\",\"@id\":\"https:\\\/\\\/www.amanien.info\\\/news\\\/concert-40-ans-de-carriere-de-luckson-padaud-son-orchestre-en-repetitions\\\/\",\"url\":\"https:\\\/\\\/www.amanien.info\\\/news\\\/concert-40-ans-de-carriere-de-luckson-padaud-son-orchestre-en-repetitions\\\/\",\"name\":\"Concert: 40 ans de carri\u00e8re de Luckson PADAUD, son orchestre en r\u00e9p\u00e9titions - Amanien| L&#039;actualit\u00e9 Ivoirienne et Internationale\",\"isPartOf\":{\"@id\":\"https:\\\/\\\/www.amanien.info\\\/news\\\/#website\"},\"primaryImageOfPage\":{\"@id\":\"https:\\\/\\\/www.amanien.info\\\/news\\\/concert-40-ans-de-carriere-de-luckson-padaud-son-orchestre-en-repetitions\\\/#primaryimage\"},\"image\":{\"@id\":\"https:\\\/\\\/www.amanien.info\\\/news\\\/concert-40-ans-de-carriere-de-luckson-padaud-son-orchestre-en-repetitions\\\/#primaryimage\"},\"thumbnailUrl\":\"https:\\\/\\\/www.amanien.info\\\/news\\\/wp-content\\\/uploads\\\/2022\\\/08\\\/thumbnail-13.jpg\",\"datePublished\":\"2022-08-30T08:16:00+00:00\",\"dateModified\":\"2022-08-30T08:16:29+00:00\",\"author\":{\"@id\":\"https:\\\/\\\/www.amanien.info\\\/news\\\/#\\\/schema\\\/person\\\/b21093345753a1a98242d505bd894f42\"},\"breadcrumb\":{\"@id\":\"https:\\\/\\\/www.amanien.info\\\/news\\\/concert-40-ans-de-carriere-de-luckson-padaud-son-orchestre-en-repetitions\\\/#breadcrumb\"},\"inLanguage\":\"fr-FR\",\"potentialAction\":[{\"@type\":\"ReadAction\",\"target\":[\"https:\\\/\\\/www.amanien.info\\\/news\\\/concert-40-ans-de-carriere-de-luckson-padaud-son-orchestre-en-repetitions\\\/\"]}]},{\"@type\":\"ImageObject\",\"inLanguage\":\"fr-FR\",\"@id\":\"https:\\\/\\\/www.amanien.info\\\/news\\\/concert-40-ans-de-carriere-de-luckson-padaud-son-orchestre-en-repetitions\\\/#primaryimage\",\"url\":\"https:\\\/\\\/www.amanien.info\\\/news\\\/wp-content\\\/uploads\\\/2022\\\/08\\\/thumbnail-13.jpg\",\"contentUrl\":\"https:\\\/\\\/www.amanien.info\\\/news\\\/wp-content\\\/uploads\\\/2022\\\/08\\\/thumbnail-13.jpg\",\"width\":1080,\"height\":810},{\"@type\":\"BreadcrumbList\",\"@id\":\"https:\\\/\\\/www.amanien.info\\\/news\\\/concert-40-ans-de-carriere-de-luckson-padaud-son-orchestre-en-repetitions\\\/#breadcrumb\",\"itemListElement\":[{\"@type\":\"ListItem\",\"position\":1,\"name\":\"Accueil\",\"item\":\"https:\\\/\\\/www.amanien.info\\\/news\\\/\"},{\"@type\":\"ListItem\",\"position\":2,\"name\":\"Concert: 40 ans de carri\u00e8re de Luckson PADAUD, son orchestre en r\u00e9p\u00e9titions\"}]},{\"@type\":\"WebSite\",\"@id\":\"https:\\\/\\\/www.amanien.info\\\/news\\\/#website\",\"url\":\"https:\\\/\\\/www.amanien.info\\\/news\\\/\",\"name\":\"Amanien| L&#039;actualit\u00e9 Ivoirienne et Internationale\",\"description\":\"L&#039;actualit\u00e9 Ivoirienne et Internationale\",\"potentialAction\":[{\"@type\":\"SearchAction\",\"target\":{\"@type\":\"EntryPoint\",\"urlTemplate\":\"https:\\\/\\\/www.amanien.info\\\/news\\\/?s={search_term_string}\"},\"query-input\":{\"@type\":\"PropertyValueSpecification\",\"valueRequired\":true,\"valueName\":\"search_term_string\"}}],\"inLanguage\":\"fr-FR\"},{\"@type\":\"Person\",\"@id\":\"https:\\\/\\\/www.amanien.info\\\/news\\\/#\\\/schema\\\/person\\\/b21093345753a1a98242d505bd894f42\",\"name\":\"Germain Ndri\",\"url\":\"https:\\\/\\\/www.amanien.info\\\/news\\\/author\\\/amanien-infos\\\/\"}]}<\/script>\n<!-- \/ Yoast SEO plugin. -->","yoast_head_json":{"title":"Concert: 40 ans de carri\u00e8re de Luckson PADAUD, son orchestre en r\u00e9p\u00e9titions - Amanien| L&#039;actualit\u00e9 Ivoirienne et Internationale","robots":{"index":"index","follow":"follow","max-snippet":"max-snippet:-1","max-image-preview":"max-image-preview:large","max-video-preview":"max-video-preview:-1"},"canonical":"https:\/\/www.amanien.info\/news\/concert-40-ans-de-carriere-de-luckson-padaud-son-orchestre-en-repetitions\/","og_locale":"fr_FR","og_type":"article","og_title":"Concert: 40 ans de carri\u00e8re de Luckson PADAUD, son orchestre en r\u00e9p\u00e9titions - Amanien| L&#039;actualit\u00e9 Ivoirienne et Internationale","og_description":"c\u00e9l\u00e9bration des 40 ans de carri\u00e8re de l&rsquo;une des ic\u00f4nes de la musique ivoirienne, Luckson PADAUD. Pr\u00e9paration minutieuse de ce grand rendez-vous. Son orchestre, \u00ab\u00a0&lsquo; les fr\u00e8res Sehia\u00a0\u00bb&lsquo; p\u00e8tent la grande forme. Les musiciens \u00a0\u00bb d\u00e9cha\u00een\u00e9s\u00a0\u00bb par l&rsquo;id\u00e9e de participer \u00e0 cette grande messe rivalisent d&rsquo;ardeur, distillant des sonorit\u00e9s musicales du riche r\u00e9pertoire du p\u00e8re [&hellip;]","og_url":"https:\/\/www.amanien.info\/news\/concert-40-ans-de-carriere-de-luckson-padaud-son-orchestre-en-repetitions\/","og_site_name":"Amanien| L&#039;actualit\u00e9 Ivoirienne et Internationale","article_published_time":"2022-08-30T08:16:00+00:00","article_modified_time":"2022-08-30T08:16:29+00:00","og_image":[{"width":1080,"height":810,"url":"https:\/\/www.amanien.info\/news\/wp-content\/uploads\/2022\/08\/thumbnail-13.jpg","type":"image\/jpeg"}],"author":"Germain Ndri","twitter_card":"summary_large_image","twitter_misc":{"\u00c9crit par":"Germain Ndri","Dur\u00e9e de lecture estim\u00e9e":"2 minutes"},"schema":{"@context":"https:\/\/schema.org","@graph":[{"@type":"Article","@id":"https:\/\/www.amanien.info\/news\/concert-40-ans-de-carriere-de-luckson-padaud-son-orchestre-en-repetitions\/#article","isPartOf":{"@id":"https:\/\/www.amanien.info\/news\/concert-40-ans-de-carriere-de-luckson-padaud-son-orchestre-en-repetitions\/"},"author":{"name":"Germain Ndri","@id":"https:\/\/www.amanien.info\/news\/#\/schema\/person\/b21093345753a1a98242d505bd894f42"},"headline":"Concert: 40 ans de carri\u00e8re de Luckson PADAUD, son orchestre en r\u00e9p\u00e9titions","datePublished":"2022-08-30T08:16:00+00:00","dateModified":"2022-08-30T08:16:29+00:00","mainEntityOfPage":{"@id":"https:\/\/www.amanien.info\/news\/concert-40-ans-de-carriere-de-luckson-padaud-son-orchestre-en-repetitions\/"},"wordCount":340,"image":{"@id":"https:\/\/www.amanien.info\/news\/concert-40-ans-de-carriere-de-luckson-padaud-son-orchestre-en-repetitions\/#primaryimage"},"thumbnailUrl":"https:\/\/www.amanien.info\/news\/wp-content\/uploads\/2022\/08\/thumbnail-13.jpg","inLanguage":"fr-FR"},{"@type":"WebPage","@id":"https:\/\/www.amanien.info\/news\/concert-40-ans-de-carriere-de-luckson-padaud-son-orchestre-en-repetitions\/","url":"https:\/\/www.amanien.info\/news\/concert-40-ans-de-carriere-de-luckson-padaud-son-orchestre-en-repetitions\/","name":"Concert: 40 ans de carri\u00e8re de Luckson PADAUD, son orchestre en r\u00e9p\u00e9titions - Amanien| L&#039;actualit\u00e9 Ivoirienne et Internationale","isPartOf":{"@id":"https:\/\/www.amanien.info\/news\/#website"},"primaryImageOfPage":{"@id":"https:\/\/www.amanien.info\/news\/concert-40-ans-de-carriere-de-luckson-padaud-son-orchestre-en-repetitions\/#primaryimage"},"image":{"@id":"https:\/\/www.amanien.info\/news\/concert-40-ans-de-carriere-de-luckson-padaud-son-orchestre-en-repetitions\/#primaryimage"},"thumbnailUrl":"https:\/\/www.amanien.info\/news\/wp-content\/uploads\/2022\/08\/thumbnail-13.jpg","datePublished":"2022-08-30T08:16:00+00:00","dateModified":"2022-08-30T08:16:29+00:00","author":{"@id":"https:\/\/www.amanien.info\/news\/#\/schema\/person\/b21093345753a1a98242d505bd894f42"},"breadcrumb":{"@id":"https:\/\/www.amanien.info\/news\/concert-40-ans-de-carriere-de-luckson-padaud-son-orchestre-en-repetitions\/#breadcrumb"},"inLanguage":"fr-FR","potentialAction":[{"@type":"ReadAction","target":["https:\/\/www.amanien.info\/news\/concert-40-ans-de-carriere-de-luckson-padaud-son-orchestre-en-repetitions\/"]}]},{"@type":"ImageObject","inLanguage":"fr-FR","@id":"https:\/\/www.amanien.info\/news\/concert-40-ans-de-carriere-de-luckson-padaud-son-orchestre-en-repetitions\/#primaryimage","url":"https:\/\/www.amanien.info\/news\/wp-content\/uploads\/2022\/08\/thumbnail-13.jpg","contentUrl":"https:\/\/www.amanien.info\/news\/wp-content\/uploads\/2022\/08\/thumbnail-13.jpg","width":1080,"height":810},{"@type":"BreadcrumbList","@id":"https:\/\/www.amanien.info\/news\/concert-40-ans-de-carriere-de-luckson-padaud-son-orchestre-en-repetitions\/#breadcrumb","itemListElement":[{"@type":"ListItem","position":1,"name":"Accueil","item":"https:\/\/www.amanien.info\/news\/"},{"@type":"ListItem","position":2,"name":"Concert: 40 ans de carri\u00e8re de Luckson PADAUD, son orchestre en r\u00e9p\u00e9titions"}]},{"@type":"WebSite","@id":"https:\/\/www.amanien.info\/news\/#website","url":"https:\/\/www.amanien.info\/news\/","name":"Amanien| L&#039;actualit\u00e9 Ivoirienne et Internationale","description":"L&#039;actualit\u00e9 Ivoirienne et Internationale","potentialAction":[{"@type":"SearchAction","target":{"@type":"EntryPoint","urlTemplate":"https:\/\/www.amanien.info\/news\/?s={search_term_string}"},"query-input":{"@type":"PropertyValueSpecification","valueRequired":true,"valueName":"search_term_string"}}],"inLanguage":"fr-FR"},{"@type":"Person","@id":"https:\/\/www.amanien.info\/news\/#\/schema\/person\/b21093345753a1a98242d505bd894f42","name":"Germain Ndri","url":"https:\/\/www.amanien.info\/news\/author\/amanien-infos\/"}]}},"_links":{"self":[{"href":"https:\/\/www.amanien.info\/news\/wp-json\/wp\/v2\/posts\/3652","targetHints":{"allow":["GET"]}}],"collection":[{"href":"https:\/\/www.amanien.info\/news\/wp-json\/wp\/v2\/posts"}],"about":[{"href":"https:\/\/www.amanien.info\/news\/wp-json\/wp\/v2\/types\/post"}],"author":[{"embeddable":true,"href":"https:\/\/www.amanien.info\/news\/wp-json\/wp\/v2\/users\/2"}],"replies":[{"embeddable":true,"href":"https:\/\/www.amanien.info\/news\/wp-json\/wp\/v2\/comments?post=3652"}],"version-history":[{"count":1,"href":"https:\/\/www.amanien.info\/news\/wp-json\/wp\/v2\/posts\/3652\/revisions"}],"predecessor-version":[{"id":3654,"href":"https:\/\/www.amanien.info\/news\/wp-json\/wp\/v2\/posts\/3652\/revisions\/3654"}],"wp:featuredmedia":[{"embeddable":true,"href":"https:\/\/www.amanien.info\/news\/wp-json\/wp\/v2\/media\/3653"}],"wp:attachment":[{"href":"https:\/\/www.amanien.info\/news\/wp-json\/wp\/v2\/media?parent=3652"}],"wp:term":[{"taxonomy":"category","embeddable":true,"href":"https:\/\/www.amanien.info\/news\/wp-json\/wp\/v2\/categories?post=3652"},{"taxonomy":"post_tag","embeddable":true,"href":"https:\/\/www.amanien.info\/news\/wp-json\/wp\/v2\/tags?post=3652"}],"curies":[{"name":"wp","href":"https:\/\/api.w.org\/{rel}","templated":true}]}}